
{"id":99001,"date":"2026-09-02T20:36:28","date_gmt":"2026-09-02T23:36:28","guid":{"rendered":"https:\/\/jornalbeirario.com.br\/portal\/?p=99001"},"modified":"2026-09-02T20:36:30","modified_gmt":"2026-09-02T23:36:30","slug":"governo-federal-apresenta-acoes-de-prevencao-aos-efeitos-do-el-nino","status":"publish","type":"post","link":"https:\/\/jornalbeirario.com.br\/portal\/?p=99001","title":{"rendered":"Governo Federal apresenta a\u00e7\u00f5es de preven\u00e7\u00e3o aos efeitos do El Ni\u00f1o"},"content":{"rendered":"\n<p class=\"wp-block-paragraph\">Os diferentes cen\u00e1rios de prepara\u00e7\u00e3o para os poss\u00edveis efeitos do El Ni\u00f1o em cada regi\u00e3o do pa\u00eds foram detalhados nesta quarta-feira, dia 2 de setembro, pelo Governo Federal, durante entrevista coletiva com ve\u00edculos de imprensa regionais. A agenda ocorre na sequ\u00eancia das reuni\u00f5es dos &#8220;Di\u00e1logos Federativos \u2013 Emerg\u00eancias Clim\u00e1ticas 2026\/2027&#8221;, realizadas com gestores estaduais e municipais para apresentar as medidas de prepara\u00e7\u00e3o e resposta adotadas pela Uni\u00e3o e os instrumentos dispon\u00edveis para a atua\u00e7\u00e3o conjunta entre os diferentes entes federados.<br><br>As quest\u00f5es de jornalistas de diferentes estados foram respondidas pela ministra da Casa Civil, Miriam Belchior; pelo ministro do Meio Ambiente e Mudan\u00e7a do Clima, Jo\u00e3o Paulo Capobianco; e pelo ministro da Integra\u00e7\u00e3o e do Desenvolvimento Regional em exerc\u00edcio, Valder Ribeiro de Moura.<br><br>A ministra da Casa Civil destacou o papel da imprensa na orienta\u00e7\u00e3o da sociedade sobre os riscos e as medidas de preven\u00e7\u00e3o relacionados aos eventos do El Ni\u00f1o e aos efeitos da mudan\u00e7a clim\u00e1tica. Segundo ela, o Governo Federal conta com o apoio dos meios de comunica\u00e7\u00e3o para disseminar informa\u00e7\u00f5es de utilidade p\u00fablica e orientar a popula\u00e7\u00e3o sobre como se preparar e reagir a esses fen\u00f4menos. A ministra ressaltou ainda que o enfrentamento aos impactos clim\u00e1ticos envolve a\u00e7\u00f5es baseadas em ci\u00eancia, planejamento e coordena\u00e7\u00e3o, al\u00e9m de exigir esfor\u00e7o conjunto da sociedade.<br><br>Miriam Belchior tamb\u00e9m apontou que os poss\u00edveis impactos do fen\u00f4meno variam de acordo com as caracter\u00edsticas de cada regi\u00e3o, uma vez que o El Ni\u00f1o n\u00e3o afeta todo o territ\u00f3rio brasileiro de maneira semelhante. Como exemplo, salientou, que na Amaz\u00f4nia, h\u00e1 risco de seca e inc\u00eandios; no Nordeste o atraso das chuvas pode ter impacto sobre a produ\u00e7\u00e3o agr\u00edcola do &#8220;Matopiba&#8221;, na \u00e1rea do Cerrado; no Centro-Oeste tamb\u00e9m h\u00e1 poss\u00edvel amea\u00e7a \u00e0s lavouras com queimadas; no Sudeste, com ondas de calor e inc\u00eandios; e no Sul, com excesso de chuvas.<br><br><strong>CENTRO-OESTE<\/strong>\u00a0\u2014 O ministro Jo\u00e3o Paulo Capobianco respondeu aos jornalistas sobre as a\u00e7\u00f5es de preven\u00e7\u00e3o aos inc\u00eandios no Centro-Oeste. Uma das medidas centrais para a regi\u00e3o foi o apoio fi nanceiro para prepara\u00e7\u00e3o de equipes estaduais como os Corpos de Bombeiros. O ministro afi rmou que foram realizadas reuni\u00f5es com os comandantes das Pol\u00edcias Militares, uma estrat\u00e9gia muito importante para que eles auxiliem na orienta\u00e7\u00e3o e tamb\u00e9m na a\u00e7\u00e3o coercitiva, ao identifi car pessoas usando fogo de forma irregular.<br><br>Com recursos do Fundo Amaz\u00f4nia, foram destinados R$ 521 milh\u00f5es para a\u00e7\u00f5es de preven\u00e7\u00e3o e combate a inc\u00eandios na Amaz\u00f4nia, no Cerrado e no Pantanal. Os recursos permitiram a aquisi\u00e7\u00e3o de 500 ve\u00edculos e 33.800 equipamentos de uso individual, al\u00e9m da reforma de 30 bases operacionais.<br><br>Na seguran\u00e7a h\u00eddrica, est\u00e3o previstos R$ 50,5 milh\u00f5es para o Centro-Oeste. Para a preven\u00e7\u00e3o de desastres provocados por chuvas intensas, est\u00e3o previstos R$ 248,4 milh\u00f5es para obras estruturantes.<br><br><strong>SUL<\/strong>\u00a0\u2014 Na Regi\u00e3o Sul, os poss\u00edveis impactos associados ao El Ni\u00f1o incluem excesso de chuvas, com risco de enchentes e deslizamentos. O ministro Valder Ribeiro de Moura apresentou as a\u00e7\u00f5es de acompanhamento e prepara\u00e7\u00e3o realizadas junto aos \u00f3rg\u00e3os estaduais de Defesa Civil. De acordo com ele, o Governo Federal atua, tamb\u00e9m, no \u00e2mbito da resposta, por meio de ajuda humanit\u00e1ria, socorro imediato e recupera\u00e7\u00e3o e reconstru\u00e7\u00e3o de obras. Foram destinados recursos da ordem de R$ 30 milh\u00f5es para planos de combate \u00e0s inunda\u00e7\u00f5es ao longo do tempo.<br><br>Ainda est\u00e3o previstos R$ 8,8 bilh\u00f5es para obras de preven\u00e7\u00e3o de desastres nos tr\u00eas estados da regi\u00e3o, incluindo interven\u00e7\u00f5es de conten\u00e7\u00e3o de encostas e drenagem urbana.<br><br><strong>NORDESTE<\/strong>\u00a0\u2014 No Nordeste, entre os pontos de aten\u00e7\u00e3o est\u00e3o a disponibilidade de \u00e1gua e os poss\u00edveis impactos sobre a produ\u00e7\u00e3o e o abastecimento de alimentos. Segundo Miriam Belchior, os monitoramentos indicam que os principais reservat\u00f3rios da regi\u00e3o se encontram em situa\u00e7\u00e3o confort\u00e1vel, em compara\u00e7\u00e3o com outros per\u00edodos. A ministra citou ainda empreendimentos voltados \u00e0 seguran\u00e7a h\u00eddrica, como o Projeto de Integra\u00e7\u00e3o do Rio S\u00e3o Francisco (PISF).<br><br>O Nordeste ter\u00e1 cerca de R$ 10 bilh\u00f5es voltados \u00e0 constru\u00e7\u00e3o de 2.800 quil\u00f4metros de canais e adutoras; novos reservat\u00f3rios que v\u00e3o acrescer 2,2 milh\u00f5es de metros c\u00fabicos de \u00e1gua; al\u00e9m da recupera\u00e7\u00e3o de 162 barragens e de 172 mil cisternas.<br><br>As interven\u00e7\u00f5es de integra\u00e7\u00e3o e expans\u00e3o do PISF incluem os ramais do Apodi e do Salgado, o Cintur\u00e3o das \u00c1guas, a amplia\u00e7\u00e3o do bombeamento do Eixo Norte e a Adutora do Agreste. O conjunto prev\u00ea R$ 4,8 bilh\u00f5es em investimentos e alcan\u00e7a cerca de 12 milh\u00f5es de pessoas. Em situa\u00e7\u00f5es emergenciais de escassez de \u00e1gua, a Opera\u00e7\u00e3o Carro-Pipa \u00e9 utilizada para o abastecimento de comunidades atendidas pelo programa. A opera\u00e7\u00e3o j\u00e1 recebeu R$ 2,1 bilh\u00f5es e atende, em m\u00e9dia, 1,6 milh\u00e3o de pessoas por m\u00eas.<br><br><strong>NORTE<\/strong>\u00a0\u2014 Durante entrevista, foi destacado que, para a Regi\u00e3o Norte, est\u00e1 sendo antecipado a entrega de \u00e1gua e alimento nos munic\u00edpios em que se encontram comunidades isoladas, para que esse material j\u00e1 esteja mais pr\u00f3ximo das \u00e1reas onde h\u00e1 maior risco e para que os estados e munic\u00edpios fa\u00e7am essa distribui\u00e7\u00e3o para as fam\u00edlias mais vulner\u00e1veis. Al\u00e9m disso, o Governo Federal possui um conjunto de aeronaves j\u00e1 pr\u00e9-contratadas, que podem ser acionadas para complementar esse atendimento j\u00e1 previsto at\u00e9 esse momento.<br><br>Al\u00e9m das 160 mil cestas de alimentos j\u00e1 antecipadas, outras 350 mil cestas devem ser destinadas a povos ind\u00edgenas, quilombolas, ribeirinhos, extrativistas, pescadores artesanais e agricultores familiares.<br><br>Na seguran\u00e7a h\u00eddrica, o Novo PAC e o Fundo Amaz\u00f4nia preveem R$ 582 milh\u00f5es para a Regi\u00e3o Norte, sendo R$ 181 milh\u00f5es para a\u00e7\u00f5es de \u00e1gua rural, R$ 330 milh\u00f5es para a implanta\u00e7\u00e3o de 10.671 sistemas sanit\u00e1rios e R$ 55 milh\u00f5es para solu\u00e7\u00f5es de acesso \u00e0 \u00e1gua em aldeias ind\u00edgenas.<br><br><strong>SUDESTE<\/strong>\u00a0\u2014 No Sudeste, os impactos previstos incluem a ocorr\u00eancia de ondas de calor e atraso nas chuvas. Na \u00e1rea da sa\u00fade, o Governo Federal prev\u00ea a descentraliza\u00e7\u00e3o da For\u00e7a Nacional do SUS (ForSUS), com a cria\u00e7\u00e3o de uma base regional no Rio de Janeiro. A estrutura dever\u00e1 apoiar o atendimento em situa\u00e7\u00f5es de emerg\u00eancia e desastres.<br><br>Tamb\u00e9m est\u00e1 prevista a cria\u00e7\u00e3o do Centro de Informa\u00e7\u00e3o em Sa\u00fade e Clima (CISC) em Belo Horizonte (MG). A estrutura re\u00fane dados e an\u00e1lises sobre impactos epidemiol\u00f3gicos e monitora eventos como ondas de calor, chuvas intensas, inunda\u00e7\u00f5es, estiagens, secas e inc\u00eandios florestais, para subsidiar a atua\u00e7\u00e3o do SUS.<br><br>Para a preven\u00e7\u00e3o de desastres, o Novo PAC prev\u00ea R$ 8,7 bilh\u00f5es para a regi\u00e3o, sendo R$6,7 bilh\u00f5es para drenagem urbana e R$ 2 bilh\u00f5es para conten\u00e7\u00e3o de encostas.<\/p>\n\n\n\n<p class=\"wp-block-paragraph\">Fonte: Secom<\/p>\n\n\n\n<p class=\"wp-block-paragraph\"><\/p>\n","protected":false},"excerpt":{"rendered":"<p>Os diferentes cen\u00e1rios de prepara\u00e7\u00e3o para os poss\u00edveis efeitos do El Ni\u00f1o em cada regi\u00e3o do pa\u00eds foram detalhados nesta quarta-feira, dia 2 de<\/p>\n","protected":false},"author":1,"featured_media":99003,"comment_status":"open","ping_status":"open","sticky":false,"template":"","format":"standard","meta":{"pmpro_default_level":"","footnotes":"","_members_access_role":[],"_members_access_error":""},"categories":[193,227,27],"tags":[],"class_list":["post-99001","post","type-post","status-publish","format-standard","has-post-thumbnail","hentry","category-brasilinternacional","category-manchete","category-meioambiente","pmpro-has-access"],"yoast_head":"<!-- This site is optimized with the Yoast SEO plugin v28.4 - https:\/\/yoast.com\/product\/yoast-seo-wordpress\/ -->\n<title>Governo Federal apresenta a\u00e7\u00f5es de preven\u00e7\u00e3o aos efeitos do El Ni\u00f1o - JORNAL BEIRA RIO<\/title>\n<meta name=\"robots\" content=\"index, follow, max-snippet:-1, max-image-preview:large, max-video-preview:-1\" \/>\n<link rel=\"canonical\" href=\"https:\/\/jornalbeirario.com.br\/portal\/?p=99001\" \/>\n<meta property=\"og:locale\" content=\"pt_BR\" \/>\n<meta property=\"og:type\" content=\"article\" \/>\n<meta property=\"og:title\" content=\"Governo Federal apresenta a\u00e7\u00f5es de preven\u00e7\u00e3o aos efeitos do El Ni\u00f1o - JORNAL BEIRA RIO\" \/>\n<meta property=\"og:description\" content=\"Os diferentes cen\u00e1rios de prepara\u00e7\u00e3o para os poss\u00edveis efeitos do El Ni\u00f1o em cada regi\u00e3o do pa\u00eds foram detalhados nesta quarta-feira, dia 2 de\" \/>\n<meta property=\"og:url\" content=\"https:\/\/jornalbeirario.com.br\/portal\/?p=99001\" \/>\n<meta property=\"og:site_name\" content=\"JORNAL BEIRA RIO\" \/>\n<meta property=\"article:published_time\" content=\"2026-09-02T23:36:28+00:00\" \/>\n<meta property=\"article:modified_time\" content=\"2026-09-02T23:36:30+00:00\" \/>\n<meta property=\"og:image\" content=\"https:\/\/jornalbeirario.com.br\/portal\/wp-content\/uploads\/2026\/09\/el-nino-1.jpg\" \/>\n\t<meta property=\"og:image:width\" content=\"1100\" \/>\n\t<meta property=\"og:image:height\" content=\"732\" \/>\n\t<meta property=\"og:image:type\" content=\"image\/jpeg\" \/>\n<meta name=\"author\" content=\"Jornal BEIRA-RIO\" \/>\n<meta name=\"twitter:card\" content=\"summary_large_image\" \/>\n<meta name=\"twitter:label1\" content=\"Escrito por\" \/>\n\t<meta name=\"twitter:data1\" content=\"Jornal BEIRA-RIO\" \/>\n\t<meta name=\"twitter:label2\" content=\"Est. tempo de leitura\" \/>\n\t<meta name=\"twitter:data2\" content=\"7 minutos\" \/>\n<script type=\"application\/ld+json\" class=\"yoast-schema-graph\">{\"@context\":\"https:\\\/\\\/schema.org\",\"@graph\":[{\"@type\":\"Article\",\"@id\":\"https:\\\/\\\/jornalbeirario.com.br\\\/portal\\\/?p=99001#article\",\"isPartOf\":{\"@id\":\"https:\\\/\\\/jornalbeirario.com.br\\\/portal\\\/?p=99001\"},\"author\":{\"name\":\"Jornal BEIRA-RIO\",\"@id\":\"https:\\\/\\\/jornalbeirario.com.br\\\/portal\\\/#\\\/schema\\\/person\\\/c6c423e4c2465d2a9233f6539173e7c1\"},\"headline\":\"Governo Federal apresenta a\u00e7\u00f5es de preven\u00e7\u00e3o aos efeitos do El Ni\u00f1o\",\"datePublished\":\"2026-09-02T23:36:28+00:00\",\"dateModified\":\"2026-09-02T23:36:30+00:00\",\"mainEntityOfPage\":{\"@id\":\"https:\\\/\\\/jornalbeirario.com.br\\\/portal\\\/?p=99001\"},\"wordCount\":1221,\"commentCount\":0,\"publisher\":{\"@id\":\"https:\\\/\\\/jornalbeirario.com.br\\\/portal\\\/#organization\"},\"image\":{\"@id\":\"https:\\\/\\\/jornalbeirario.com.br\\\/portal\\\/?p=99001#primaryimage\"},\"thumbnailUrl\":\"https:\\\/\\\/jornalbeirario.com.br\\\/portal\\\/wp-content\\\/uploads\\\/2026\\\/09\\\/el-nino-1.jpg\",\"articleSection\":[\"Brasil\",\"Manchete\",\"Meio Ambiente\"],\"inLanguage\":\"pt-BR\",\"potentialAction\":[{\"@type\":\"CommentAction\",\"name\":\"Comment\",\"target\":[\"https:\\\/\\\/jornalbeirario.com.br\\\/portal\\\/?p=99001#respond\"]}]},{\"@type\":\"WebPage\",\"@id\":\"https:\\\/\\\/jornalbeirario.com.br\\\/portal\\\/?p=99001\",\"url\":\"https:\\\/\\\/jornalbeirario.com.br\\\/portal\\\/?p=99001\",\"name\":\"Governo Federal apresenta a\u00e7\u00f5es de preven\u00e7\u00e3o aos efeitos do El Ni\u00f1o - JORNAL BEIRA RIO\",\"isPartOf\":{\"@id\":\"https:\\\/\\\/jornalbeirario.com.br\\\/portal\\\/#website\"},\"primaryImageOfPage\":{\"@id\":\"https:\\\/\\\/jornalbeirario.com.br\\\/portal\\\/?p=99001#primaryimage\"},\"image\":{\"@id\":\"https:\\\/\\\/jornalbeirario.com.br\\\/portal\\\/?p=99001#primaryimage\"},\"thumbnailUrl\":\"https:\\\/\\\/jornalbeirario.com.br\\\/portal\\\/wp-content\\\/uploads\\\/2026\\\/09\\\/el-nino-1.jpg\",\"datePublished\":\"2026-09-02T23:36:28+00:00\",\"dateModified\":\"2026-09-02T23:36:30+00:00\",\"breadcrumb\":{\"@id\":\"https:\\\/\\\/jornalbeirario.com.br\\\/portal\\\/?p=99001#breadcrumb\"},\"inLanguage\":\"pt-BR\",\"potentialAction\":[{\"@type\":\"ReadAction\",\"target\":[\"https:\\\/\\\/jornalbeirario.com.br\\\/portal\\\/?p=99001\"]}]},{\"@type\":\"ImageObject\",\"inLanguage\":\"pt-BR\",\"@id\":\"https:\\\/\\\/jornalbeirario.com.br\\\/portal\\\/?p=99001#primaryimage\",\"url\":\"https:\\\/\\\/jornalbeirario.com.br\\\/portal\\\/wp-content\\\/uploads\\\/2026\\\/09\\\/el-nino-1.jpg\",\"contentUrl\":\"https:\\\/\\\/jornalbeirario.com.br\\\/portal\\\/wp-content\\\/uploads\\\/2026\\\/09\\\/el-nino-1.jpg\",\"width\":1100,\"height\":732},{\"@type\":\"BreadcrumbList\",\"@id\":\"https:\\\/\\\/jornalbeirario.com.br\\\/portal\\\/?p=99001#breadcrumb\",\"itemListElement\":[{\"@type\":\"ListItem\",\"position\":1,\"name\":\"Home\",\"item\":\"https:\\\/\\\/jornalbeirario.com.br\\\/portal\"},{\"@type\":\"ListItem\",\"position\":2,\"name\":\"Governo Federal apresenta a\u00e7\u00f5es de preven\u00e7\u00e3o aos efeitos do El Ni\u00f1o\"}]},{\"@type\":\"WebSite\",\"@id\":\"https:\\\/\\\/jornalbeirario.com.br\\\/portal\\\/#website\",\"url\":\"https:\\\/\\\/jornalbeirario.com.br\\\/portal\\\/\",\"name\":\"JORNAL BEIRA RIO\",\"description\":\"\",\"publisher\":{\"@id\":\"https:\\\/\\\/jornalbeirario.com.br\\\/portal\\\/#organization\"},\"potentialAction\":[{\"@type\":\"SearchAction\",\"target\":{\"@type\":\"EntryPoint\",\"urlTemplate\":\"https:\\\/\\\/jornalbeirario.com.br\\\/portal\\\/?s={search_term_string}\"},\"query-input\":{\"@type\":\"PropertyValueSpecification\",\"valueRequired\":true,\"valueName\":\"search_term_string\"}}],\"inLanguage\":\"pt-BR\"},{\"@type\":\"Organization\",\"@id\":\"https:\\\/\\\/jornalbeirario.com.br\\\/portal\\\/#organization\",\"name\":\"JORNAL BEIRA RIO\",\"url\":\"https:\\\/\\\/jornalbeirario.com.br\\\/portal\\\/\",\"logo\":{\"@type\":\"ImageObject\",\"inLanguage\":\"pt-BR\",\"@id\":\"https:\\\/\\\/jornalbeirario.com.br\\\/portal\\\/#\\\/schema\\\/logo\\\/image\\\/\",\"url\":\"https:\\\/\\\/jornalbeirario.com.br\\\/portal\\\/wp-content\\\/uploads\\\/2017\\\/09\\\/BEIRA-RIO_logo600.png\",\"contentUrl\":\"https:\\\/\\\/jornalbeirario.com.br\\\/portal\\\/wp-content\\\/uploads\\\/2017\\\/09\\\/BEIRA-RIO_logo600.png\",\"width\":650,\"height\":108,\"caption\":\"JORNAL BEIRA RIO\"},\"image\":{\"@id\":\"https:\\\/\\\/jornalbeirario.com.br\\\/portal\\\/#\\\/schema\\\/logo\\\/image\\\/\"}},{\"@type\":\"Person\",\"@id\":\"https:\\\/\\\/jornalbeirario.com.br\\\/portal\\\/#\\\/schema\\\/person\\\/c6c423e4c2465d2a9233f6539173e7c1\",\"name\":\"Jornal BEIRA-RIO\",\"image\":{\"@type\":\"ImageObject\",\"inLanguage\":\"pt-BR\",\"@id\":\"https:\\\/\\\/jornalbeirario.com.br\\\/portal\\\/wp-content\\\/uploads\\\/2023\\\/10\\\/logojbr1.jpg\",\"url\":\"https:\\\/\\\/jornalbeirario.com.br\\\/portal\\\/wp-content\\\/uploads\\\/2023\\\/10\\\/logojbr1.jpg\",\"contentUrl\":\"https:\\\/\\\/jornalbeirario.com.br\\\/portal\\\/wp-content\\\/uploads\\\/2023\\\/10\\\/logojbr1.jpg\",\"caption\":\"Jornal BEIRA-RIO\"},\"url\":\"https:\\\/\\\/jornalbeirario.com.br\\\/portal\\\/?author=1\"}]}<\/script>\n<!-- \/ Yoast SEO plugin. -->","yoast_head_json":{"title":"Governo Federal apresenta a\u00e7\u00f5es de preven\u00e7\u00e3o aos efeitos do El Ni\u00f1o - JORNAL BEIRA RIO","robots":{"index":"index","follow":"follow","max-snippet":"max-snippet:-1","max-image-preview":"max-image-preview:large","max-video-preview":"max-video-preview:-1"},"canonical":"https:\/\/jornalbeirario.com.br\/portal\/?p=99001","og_locale":"pt_BR","og_type":"article","og_title":"Governo Federal apresenta a\u00e7\u00f5es de preven\u00e7\u00e3o aos efeitos do El Ni\u00f1o - JORNAL BEIRA RIO","og_description":"Os diferentes cen\u00e1rios de prepara\u00e7\u00e3o para os poss\u00edveis efeitos do El Ni\u00f1o em cada regi\u00e3o do pa\u00eds foram detalhados nesta quarta-feira, dia 2 de","og_url":"https:\/\/jornalbeirario.com.br\/portal\/?p=99001","og_site_name":"JORNAL BEIRA RIO","article_published_time":"2026-09-02T23:36:28+00:00","article_modified_time":"2026-09-02T23:36:30+00:00","og_image":[{"width":1100,"height":732,"url":"https:\/\/jornalbeirario.com.br\/portal\/wp-content\/uploads\/2026\/09\/el-nino-1.jpg","type":"image\/jpeg"}],"author":"Jornal BEIRA-RIO","twitter_card":"summary_large_image","twitter_misc":{"Escrito por":"Jornal BEIRA-RIO","Est. tempo de leitura":"7 minutos"},"schema":{"@context":"https:\/\/schema.org","@graph":[{"@type":"Article","@id":"https:\/\/jornalbeirario.com.br\/portal\/?p=99001#article","isPartOf":{"@id":"https:\/\/jornalbeirario.com.br\/portal\/?p=99001"},"author":{"name":"Jornal BEIRA-RIO","@id":"https:\/\/jornalbeirario.com.br\/portal\/#\/schema\/person\/c6c423e4c2465d2a9233f6539173e7c1"},"headline":"Governo Federal apresenta a\u00e7\u00f5es de preven\u00e7\u00e3o aos efeitos do El Ni\u00f1o","datePublished":"2026-09-02T23:36:28+00:00","dateModified":"2026-09-02T23:36:30+00:00","mainEntityOfPage":{"@id":"https:\/\/jornalbeirario.com.br\/portal\/?p=99001"},"wordCount":1221,"commentCount":0,"publisher":{"@id":"https:\/\/jornalbeirario.com.br\/portal\/#organization"},"image":{"@id":"https:\/\/jornalbeirario.com.br\/portal\/?p=99001#primaryimage"},"thumbnailUrl":"https:\/\/jornalbeirario.com.br\/portal\/wp-content\/uploads\/2026\/09\/el-nino-1.jpg","articleSection":["Brasil","Manchete","Meio Ambiente"],"inLanguage":"pt-BR","potentialAction":[{"@type":"CommentAction","name":"Comment","target":["https:\/\/jornalbeirario.com.br\/portal\/?p=99001#respond"]}]},{"@type":"WebPage","@id":"https:\/\/jornalbeirario.com.br\/portal\/?p=99001","url":"https:\/\/jornalbeirario.com.br\/portal\/?p=99001","name":"Governo Federal apresenta a\u00e7\u00f5es de preven\u00e7\u00e3o aos efeitos do El Ni\u00f1o - JORNAL BEIRA RIO","isPartOf":{"@id":"https:\/\/jornalbeirario.com.br\/portal\/#website"},"primaryImageOfPage":{"@id":"https:\/\/jornalbeirario.com.br\/portal\/?p=99001#primaryimage"},"image":{"@id":"https:\/\/jornalbeirario.com.br\/portal\/?p=99001#primaryimage"},"thumbnailUrl":"https:\/\/jornalbeirario.com.br\/portal\/wp-content\/uploads\/2026\/09\/el-nino-1.jpg","datePublished":"2026-09-02T23:36:28+00:00","dateModified":"2026-09-02T23:36:30+00:00","breadcrumb":{"@id":"https:\/\/jornalbeirario.com.br\/portal\/?p=99001#breadcrumb"},"inLanguage":"pt-BR","potentialAction":[{"@type":"ReadAction","target":["https:\/\/jornalbeirario.com.br\/portal\/?p=99001"]}]},{"@type":"ImageObject","inLanguage":"pt-BR","@id":"https:\/\/jornalbeirario.com.br\/portal\/?p=99001#primaryimage","url":"https:\/\/jornalbeirario.com.br\/portal\/wp-content\/uploads\/2026\/09\/el-nino-1.jpg","contentUrl":"https:\/\/jornalbeirario.com.br\/portal\/wp-content\/uploads\/2026\/09\/el-nino-1.jpg","width":1100,"height":732},{"@type":"BreadcrumbList","@id":"https:\/\/jornalbeirario.com.br\/portal\/?p=99001#breadcrumb","itemListElement":[{"@type":"ListItem","position":1,"name":"Home","item":"https:\/\/jornalbeirario.com.br\/portal"},{"@type":"ListItem","position":2,"name":"Governo Federal apresenta a\u00e7\u00f5es de preven\u00e7\u00e3o aos efeitos do El Ni\u00f1o"}]},{"@type":"WebSite","@id":"https:\/\/jornalbeirario.com.br\/portal\/#website","url":"https:\/\/jornalbeirario.com.br\/portal\/","name":"JORNAL BEIRA RIO","description":"","publisher":{"@id":"https:\/\/jornalbeirario.com.br\/portal\/#organization"},"potentialAction":[{"@type":"SearchAction","target":{"@type":"EntryPoint","urlTemplate":"https:\/\/jornalbeirario.com.br\/portal\/?s={search_term_string}"},"query-input":{"@type":"PropertyValueSpecification","valueRequired":true,"valueName":"search_term_string"}}],"inLanguage":"pt-BR"},{"@type":"Organization","@id":"https:\/\/jornalbeirario.com.br\/portal\/#organization","name":"JORNAL BEIRA RIO","url":"https:\/\/jornalbeirario.com.br\/portal\/","logo":{"@type":"ImageObject","inLanguage":"pt-BR","@id":"https:\/\/jornalbeirario.com.br\/portal\/#\/schema\/logo\/image\/","url":"https:\/\/jornalbeirario.com.br\/portal\/wp-content\/uploads\/2017\/09\/BEIRA-RIO_logo600.png","contentUrl":"https:\/\/jornalbeirario.com.br\/portal\/wp-content\/uploads\/2017\/09\/BEIRA-RIO_logo600.png","width":650,"height":108,"caption":"JORNAL BEIRA RIO"},"image":{"@id":"https:\/\/jornalbeirario.com.br\/portal\/#\/schema\/logo\/image\/"}},{"@type":"Person","@id":"https:\/\/jornalbeirario.com.br\/portal\/#\/schema\/person\/c6c423e4c2465d2a9233f6539173e7c1","name":"Jornal BEIRA-RIO","image":{"@type":"ImageObject","inLanguage":"pt-BR","@id":"https:\/\/jornalbeirario.com.br\/portal\/wp-content\/uploads\/2023\/10\/logojbr1.jpg","url":"https:\/\/jornalbeirario.com.br\/portal\/wp-content\/uploads\/2023\/10\/logojbr1.jpg","contentUrl":"https:\/\/jornalbeirario.com.br\/portal\/wp-content\/uploads\/2023\/10\/logojbr1.jpg","caption":"Jornal BEIRA-RIO"},"url":"https:\/\/jornalbeirario.com.br\/portal\/?author=1"}]}},"_links":{"self":[{"href":"https:\/\/jornalbeirario.com.br\/portal\/index.php?rest_route=\/wp\/v2\/posts\/99001","targetHints":{"allow":["GET"]}}],"collection":[{"href":"https:\/\/jornalbeirario.com.br\/portal\/index.php?rest_route=\/wp\/v2\/posts"}],"about":[{"href":"https:\/\/jornalbeirario.com.br\/portal\/index.php?rest_route=\/wp\/v2\/types\/post"}],"author":[{"embeddable":true,"href":"https:\/\/jornalbeirario.com.br\/portal\/index.php?rest_route=\/wp\/v2\/users\/1"}],"replies":[{"embeddable":true,"href":"https:\/\/jornalbeirario.com.br\/portal\/index.php?rest_route=%2Fwp%2Fv2%2Fcomments&post=99001"}],"version-history":[{"count":1,"href":"https:\/\/jornalbeirario.com.br\/portal\/index.php?rest_route=\/wp\/v2\/posts\/99001\/revisions"}],"predecessor-version":[{"id":99004,"href":"https:\/\/jornalbeirario.com.br\/portal\/index.php?rest_route=\/wp\/v2\/posts\/99001\/revisions\/99004"}],"wp:featuredmedia":[{"embeddable":true,"href":"https:\/\/jornalbeirario.com.br\/portal\/index.php?rest_route=\/wp\/v2\/media\/99003"}],"wp:attachment":[{"href":"https:\/\/jornalbeirario.com.br\/portal\/index.php?rest_route=%2Fwp%2Fv2%2Fmedia&parent=99001"}],"wp:term":[{"taxonomy":"category","embeddable":true,"href":"https:\/\/jornalbeirario.com.br\/portal\/index.php?rest_route=%2Fwp%2Fv2%2Fcategories&post=99001"},{"taxonomy":"post_tag","embeddable":true,"href":"https:\/\/jornalbeirario.com.br\/portal\/index.php?rest_route=%2Fwp%2Fv2%2Ftags&post=99001"}],"curies":[{"name":"wp","href":"https:\/\/api.w.org\/{rel}","templated":true}]}}