
{"id":98628,"date":"2025-01-21T12:45:46","date_gmt":"2025-01-21T15:45:46","guid":{"rendered":"https:\/\/jornalbeirario.com.br\/portal\/?p=98628"},"modified":"2025-01-21T12:46:43","modified_gmt":"2025-01-21T15:46:43","slug":"ouvidoria-do-ministerio-publico-de-cara-nova","status":"publish","type":"post","link":"https:\/\/jornalbeirario.com.br\/portal\/?p=98628","title":{"rendered":"Ouvidoria do Minist\u00e9rio P\u00fablico de cara nova"},"content":{"rendered":"<p>O novo sistema de formul\u00e1rio da Ouvidoria\/MPRJ entrou no ar nesta sexta-feira (03\/01) para dar mais efetividade no tratamento das den\u00fancias apresentadas pela popula\u00e7\u00e3o ao Minist\u00e9rio P\u00fablico do Estado do Rio de Janeiro (MPRJ). A mudan\u00e7a torna os registros mais completos, incluindo elementos importantes para aumentar a resolutividade das apura\u00e7\u00f5es.\u00a0<a id=\"OWAd477a364-6b1a-fe00-6aa3-66deac5c03c3\" class=\"x_OWAAutoLink\" href=\"https:\/\/h-internet.mprj.mp.br\/comunicacao\/ouvidoria\/formulario\" target=\"_blank\" rel=\"noopener noreferrer\">Acesse AQUI o novo formul\u00e1rio.<\/a><\/p>\n<p>A partir de agora, as comunica\u00e7\u00f5es passam a ser feitas em formul\u00e1rios pr\u00f3prios por \u00e1rea (criminal, meio ambiente, idoso etc), com espa\u00e7o para inclus\u00e3o de informa\u00e7\u00f5es consideradas essenciais para que a investiga\u00e7\u00e3o tenha sucesso. Para se ter uma ideia, quase metade das 90 mil comunica\u00e7\u00f5es recebidas pelo MPRJ em 2023 foram finalizadas sem sequer serem remetidas para promotorias de Justi\u00e7a, grande parte por falta de informa\u00e7\u00f5es.<\/p>\n<p>\u2014 A ideia \u00e9 dar mais consist\u00eancia e resolutividade aos relatos feitos pela popula\u00e7\u00e3o&#8221;, explica o procurador-geral de Justi\u00e7a, Luciano Mattos. &#8220;Muitas comunica\u00e7\u00f5es acabam arquivadas por falta de informa\u00e7\u00f5es importantes para iniciar uma investiga\u00e7\u00e3o. S\u00e3o dados b\u00e1sicos, mas que eventualmente o comunicante n\u00e3o se d\u00e1 conta de colocar, \u00e0s vezes inviabilizando a apura\u00e7\u00e3o&#8221;, completou.<\/p>\n<p>Na viol\u00eancia dom\u00e9stica, por exemplo, o formul\u00e1rio ter\u00e1 espa\u00e7o para colocar dados sobre o agressor, o v\u00ednculo com a v\u00edtima, local do fato. Se for um caso da \u00e1rea do consumidor, h\u00e1 o campo para informar o nome da empresa e pessoas lesadas. Alguns campos ser\u00e3o de preenchimento obrigat\u00f3rio, outros s\u00f3 precisam ser inclu\u00eddos se o denunciante possuir a informa\u00e7\u00e3o. N\u00e3o h\u00e1 mudan\u00e7a em rela\u00e7\u00e3o ao anonimato nas comunica\u00e7\u00f5es feitas pela Ouvidoria, que permanecem podendo ser feitas sem se identificar.<\/p>\n<p>O formul\u00e1rio foi feito a partir do Plano Racionalizar e levou em considera\u00e7\u00e3o sugest\u00f5es feitas pelas diversas \u00e1reas de atribui\u00e7\u00e3o. Ele foi desenvolvido pela Ger\u00eancia de Projetos de Tecnologia da Informa\u00e7\u00e3o da Diretoria de Gest\u00e3o Estrat\u00e9gica (DGE\/GPTI), com apoio da Secretaria de Tecnologia da informa\u00e7\u00e3o e de Comunica\u00e7\u00e3o (STIC\/MPRJ).<\/p>\n<p>Augusto Vianna explica que o novo modelo n\u00e3o \u00e9 engessado, podendo ser alterado conforme o planejamento estrat\u00e9gico da institui\u00e7\u00e3o ou demandas moment\u00e2neas. &#8220;Em uma situa\u00e7\u00e3o de crise, como essa recente envolvendo problemas de abastecimento de \u00e1gua, criamos um formul\u00e1rio espec\u00edfico, com perguntas pertinentes, agilizando o direcionamento das den\u00fancias&#8221;, antecipa o Ouvidor do MPRJ.<\/p>\n<p>Outro benef\u00edcio esperado \u00e9 que esses dados mais qualificados poder\u00e3o ser tratados para a formula\u00e7\u00e3o de pol\u00edticas institucionais e, eventualmente, subsidiar pol\u00edticas p\u00fablicas mais assertivas. &#8220;O membro vai receber mais informa\u00e7\u00f5es para dar um retorno melhor para a sociedade. E, para o cidad\u00e3o, um formul\u00e1rio mais claro, limpo, responsivo, compat\u00edvel com preenchimento por celular&#8221;, descreve Augusto Vianna.<\/p>\n<p>Os aprimoramentos s\u00e3o resultado do entendimento da chefia institucional de que a Ouvidoria \u00e9 a principal porta de entrada da institui\u00e7\u00e3o. Somente este ano, de janeiro a outubro, foram recebidas 61.300 comunica\u00e7\u00f5es, a maior parte nas \u00e1reas de Investiga\u00e7\u00e3o Penal, Cidadania, Eleitoral, Educa\u00e7\u00e3o e Sa\u00fade. Nos \u00faltimos quatro anos, o MPRJ recebeu mais de 250 mil comunica\u00e7\u00f5es por meio da Ouvidoria.<\/p>\n<p>Al\u00e9m do novo formul\u00e1rio, na atual gest\u00e3o foi inaugurada a Ouvidoria da Mulher, um canal voltado para o atendimento especial a mulheres v\u00edtimas de todas as formas de viol\u00eancia e que oferece atendimento presencial em uma \u00e1rea reservada. Tamb\u00e9m foram realizadas capacita\u00e7\u00f5es constantes da equipe. At\u00e9 o final do ano, ser\u00e1 inaugurada uma nova sede da Ouvidoria\/MPRJ, com acesso exclusivo para o p\u00fablico externo.<\/p>\n<p>Fonte: MPRJ<\/p>\n","protected":false},"excerpt":{"rendered":"<p>O novo sistema de formul\u00e1rio da Ouvidoria\/MPRJ entrou no ar nesta sexta-feira (03\/01) para dar mais efetividade no tratamento das den\u00fancias apresentadas pela popula\u00e7\u00e3o<\/p>\n","protected":false},"author":1,"featured_media":98629,"comment_status":"open","ping_status":"open","sticky":false,"template":"","format":"standard","meta":{"pmpro_default_level":"","footnotes":""},"categories":[175,227],"tags":[],"class_list":["post-98628","post","type-post","status-publish","format-standard","has-post-thumbnail","hentry","category-justica","category-manchete","pmpro-has-access"],"yoast_head":"<!-- This site is optimized with the Yoast SEO plugin v27.4 - https:\/\/yoast.com\/product\/yoast-seo-wordpress\/ -->\n<title>Ouvidoria do Minist\u00e9rio P\u00fablico de cara nova - JORNAL BEIRA RIO<\/title>\n<meta name=\"robots\" content=\"index, follow, max-snippet:-1, max-image-preview:large, max-video-preview:-1\" \/>\n<link rel=\"canonical\" href=\"https:\/\/jornalbeirario.com.br\/portal\/?p=98628\" \/>\n<meta property=\"og:locale\" content=\"pt_BR\" \/>\n<meta property=\"og:type\" content=\"article\" \/>\n<meta property=\"og:title\" content=\"Ouvidoria do Minist\u00e9rio P\u00fablico de cara nova - JORNAL BEIRA RIO\" \/>\n<meta property=\"og:description\" content=\"O novo sistema de formul\u00e1rio da Ouvidoria\/MPRJ entrou no ar nesta sexta-feira (03\/01) para dar mais efetividade no tratamento das den\u00fancias apresentadas pela popula\u00e7\u00e3o\" \/>\n<meta property=\"og:url\" content=\"https:\/\/jornalbeirario.com.br\/portal\/?p=98628\" \/>\n<meta property=\"og:site_name\" content=\"JORNAL BEIRA RIO\" \/>\n<meta property=\"article:published_time\" content=\"2025-01-21T15:45:46+00:00\" \/>\n<meta property=\"article:modified_time\" content=\"2025-01-21T15:46:43+00:00\" \/>\n<meta property=\"og:image\" content=\"https:\/\/jornalbeirario.com.br\/portal\/wp-content\/uploads\/2025\/01\/mp-ouvidoria.jpg\" \/>\n\t<meta property=\"og:image:width\" content=\"1100\" \/>\n\t<meta property=\"og:image:height\" content=\"567\" \/>\n\t<meta property=\"og:image:type\" content=\"image\/jpeg\" \/>\n<meta name=\"author\" content=\"Jornal BEIRA-RIO\" \/>\n<meta name=\"twitter:card\" content=\"summary_large_image\" \/>\n<meta name=\"twitter:label1\" content=\"Escrito por\" \/>\n\t<meta name=\"twitter:data1\" content=\"Jornal BEIRA-RIO\" \/>\n\t<meta name=\"twitter:label2\" content=\"Est. tempo de leitura\" \/>\n\t<meta name=\"twitter:data2\" content=\"3 minutos\" \/>\n<script type=\"application\/ld+json\" class=\"yoast-schema-graph\">{\"@context\":\"https:\\\/\\\/schema.org\",\"@graph\":[{\"@type\":\"Article\",\"@id\":\"https:\\\/\\\/jornalbeirario.com.br\\\/portal\\\/?p=98628#article\",\"isPartOf\":{\"@id\":\"https:\\\/\\\/jornalbeirario.com.br\\\/portal\\\/?p=98628\"},\"author\":{\"name\":\"Jornal BEIRA-RIO\",\"@id\":\"https:\\\/\\\/jornalbeirario.com.br\\\/portal\\\/#\\\/schema\\\/person\\\/c6c423e4c2465d2a9233f6539173e7c1\"},\"headline\":\"Ouvidoria do Minist\u00e9rio P\u00fablico de cara nova\",\"datePublished\":\"2025-01-21T15:45:46+00:00\",\"dateModified\":\"2025-01-21T15:46:43+00:00\",\"mainEntityOfPage\":{\"@id\":\"https:\\\/\\\/jornalbeirario.com.br\\\/portal\\\/?p=98628\"},\"wordCount\":629,\"commentCount\":0,\"publisher\":{\"@id\":\"https:\\\/\\\/jornalbeirario.com.br\\\/portal\\\/#organization\"},\"image\":{\"@id\":\"https:\\\/\\\/jornalbeirario.com.br\\\/portal\\\/?p=98628#primaryimage\"},\"thumbnailUrl\":\"https:\\\/\\\/jornalbeirario.com.br\\\/portal\\\/wp-content\\\/uploads\\\/2025\\\/01\\\/mp-ouvidoria.jpg\",\"articleSection\":[\"Justi\u00e7a\",\"Manchete\"],\"inLanguage\":\"pt-BR\",\"potentialAction\":[{\"@type\":\"CommentAction\",\"name\":\"Comment\",\"target\":[\"https:\\\/\\\/jornalbeirario.com.br\\\/portal\\\/?p=98628#respond\"]}]},{\"@type\":\"WebPage\",\"@id\":\"https:\\\/\\\/jornalbeirario.com.br\\\/portal\\\/?p=98628\",\"url\":\"https:\\\/\\\/jornalbeirario.com.br\\\/portal\\\/?p=98628\",\"name\":\"Ouvidoria do Minist\u00e9rio P\u00fablico de cara nova - JORNAL BEIRA RIO\",\"isPartOf\":{\"@id\":\"https:\\\/\\\/jornalbeirario.com.br\\\/portal\\\/#website\"},\"primaryImageOfPage\":{\"@id\":\"https:\\\/\\\/jornalbeirario.com.br\\\/portal\\\/?p=98628#primaryimage\"},\"image\":{\"@id\":\"https:\\\/\\\/jornalbeirario.com.br\\\/portal\\\/?p=98628#primaryimage\"},\"thumbnailUrl\":\"https:\\\/\\\/jornalbeirario.com.br\\\/portal\\\/wp-content\\\/uploads\\\/2025\\\/01\\\/mp-ouvidoria.jpg\",\"datePublished\":\"2025-01-21T15:45:46+00:00\",\"dateModified\":\"2025-01-21T15:46:43+00:00\",\"breadcrumb\":{\"@id\":\"https:\\\/\\\/jornalbeirario.com.br\\\/portal\\\/?p=98628#breadcrumb\"},\"inLanguage\":\"pt-BR\",\"potentialAction\":[{\"@type\":\"ReadAction\",\"target\":[\"https:\\\/\\\/jornalbeirario.com.br\\\/portal\\\/?p=98628\"]}]},{\"@type\":\"ImageObject\",\"inLanguage\":\"pt-BR\",\"@id\":\"https:\\\/\\\/jornalbeirario.com.br\\\/portal\\\/?p=98628#primaryimage\",\"url\":\"https:\\\/\\\/jornalbeirario.com.br\\\/portal\\\/wp-content\\\/uploads\\\/2025\\\/01\\\/mp-ouvidoria.jpg\",\"contentUrl\":\"https:\\\/\\\/jornalbeirario.com.br\\\/portal\\\/wp-content\\\/uploads\\\/2025\\\/01\\\/mp-ouvidoria.jpg\",\"width\":1100,\"height\":567},{\"@type\":\"BreadcrumbList\",\"@id\":\"https:\\\/\\\/jornalbeirario.com.br\\\/portal\\\/?p=98628#breadcrumb\",\"itemListElement\":[{\"@type\":\"ListItem\",\"position\":1,\"name\":\"Home\",\"item\":\"https:\\\/\\\/jornalbeirario.com.br\\\/portal\"},{\"@type\":\"ListItem\",\"position\":2,\"name\":\"Ouvidoria do Minist\u00e9rio P\u00fablico de cara nova\"}]},{\"@type\":\"WebSite\",\"@id\":\"https:\\\/\\\/jornalbeirario.com.br\\\/portal\\\/#website\",\"url\":\"https:\\\/\\\/jornalbeirario.com.br\\\/portal\\\/\",\"name\":\"JORNAL BEIRA RIO\",\"description\":\"\",\"publisher\":{\"@id\":\"https:\\\/\\\/jornalbeirario.com.br\\\/portal\\\/#organization\"},\"potentialAction\":[{\"@type\":\"SearchAction\",\"target\":{\"@type\":\"EntryPoint\",\"urlTemplate\":\"https:\\\/\\\/jornalbeirario.com.br\\\/portal\\\/?s={search_term_string}\"},\"query-input\":{\"@type\":\"PropertyValueSpecification\",\"valueRequired\":true,\"valueName\":\"search_term_string\"}}],\"inLanguage\":\"pt-BR\"},{\"@type\":\"Organization\",\"@id\":\"https:\\\/\\\/jornalbeirario.com.br\\\/portal\\\/#organization\",\"name\":\"JORNAL BEIRA RIO\",\"url\":\"https:\\\/\\\/jornalbeirario.com.br\\\/portal\\\/\",\"logo\":{\"@type\":\"ImageObject\",\"inLanguage\":\"pt-BR\",\"@id\":\"https:\\\/\\\/jornalbeirario.com.br\\\/portal\\\/#\\\/schema\\\/logo\\\/image\\\/\",\"url\":\"https:\\\/\\\/jornalbeirario.com.br\\\/portal\\\/wp-content\\\/uploads\\\/2017\\\/09\\\/BEIRA-RIO_logo600.png\",\"contentUrl\":\"https:\\\/\\\/jornalbeirario.com.br\\\/portal\\\/wp-content\\\/uploads\\\/2017\\\/09\\\/BEIRA-RIO_logo600.png\",\"width\":650,\"height\":108,\"caption\":\"JORNAL BEIRA RIO\"},\"image\":{\"@id\":\"https:\\\/\\\/jornalbeirario.com.br\\\/portal\\\/#\\\/schema\\\/logo\\\/image\\\/\"}},{\"@type\":\"Person\",\"@id\":\"https:\\\/\\\/jornalbeirario.com.br\\\/portal\\\/#\\\/schema\\\/person\\\/c6c423e4c2465d2a9233f6539173e7c1\",\"name\":\"Jornal BEIRA-RIO\",\"image\":{\"@type\":\"ImageObject\",\"inLanguage\":\"pt-BR\",\"@id\":\"https:\\\/\\\/jornalbeirario.com.br\\\/portal\\\/wp-content\\\/uploads\\\/2023\\\/10\\\/logojbr1.jpg\",\"url\":\"https:\\\/\\\/jornalbeirario.com.br\\\/portal\\\/wp-content\\\/uploads\\\/2023\\\/10\\\/logojbr1.jpg\",\"contentUrl\":\"https:\\\/\\\/jornalbeirario.com.br\\\/portal\\\/wp-content\\\/uploads\\\/2023\\\/10\\\/logojbr1.jpg\",\"caption\":\"Jornal BEIRA-RIO\"},\"url\":\"https:\\\/\\\/jornalbeirario.com.br\\\/portal\\\/?author=1\"}]}<\/script>\n<!-- \/ Yoast SEO plugin. -->","yoast_head_json":{"title":"Ouvidoria do Minist\u00e9rio P\u00fablico de cara nova - JORNAL BEIRA RIO","robots":{"index":"index","follow":"follow","max-snippet":"max-snippet:-1","max-image-preview":"max-image-preview:large","max-video-preview":"max-video-preview:-1"},"canonical":"https:\/\/jornalbeirario.com.br\/portal\/?p=98628","og_locale":"pt_BR","og_type":"article","og_title":"Ouvidoria do Minist\u00e9rio P\u00fablico de cara nova - JORNAL BEIRA RIO","og_description":"O novo sistema de formul\u00e1rio da Ouvidoria\/MPRJ entrou no ar nesta sexta-feira (03\/01) para dar mais efetividade no tratamento das den\u00fancias apresentadas pela popula\u00e7\u00e3o","og_url":"https:\/\/jornalbeirario.com.br\/portal\/?p=98628","og_site_name":"JORNAL BEIRA RIO","article_published_time":"2025-01-21T15:45:46+00:00","article_modified_time":"2025-01-21T15:46:43+00:00","og_image":[{"width":1100,"height":567,"url":"https:\/\/jornalbeirario.com.br\/portal\/wp-content\/uploads\/2025\/01\/mp-ouvidoria.jpg","type":"image\/jpeg"}],"author":"Jornal BEIRA-RIO","twitter_card":"summary_large_image","twitter_misc":{"Escrito por":"Jornal BEIRA-RIO","Est. tempo de leitura":"3 minutos"},"schema":{"@context":"https:\/\/schema.org","@graph":[{"@type":"Article","@id":"https:\/\/jornalbeirario.com.br\/portal\/?p=98628#article","isPartOf":{"@id":"https:\/\/jornalbeirario.com.br\/portal\/?p=98628"},"author":{"name":"Jornal BEIRA-RIO","@id":"https:\/\/jornalbeirario.com.br\/portal\/#\/schema\/person\/c6c423e4c2465d2a9233f6539173e7c1"},"headline":"Ouvidoria do Minist\u00e9rio P\u00fablico de cara nova","datePublished":"2025-01-21T15:45:46+00:00","dateModified":"2025-01-21T15:46:43+00:00","mainEntityOfPage":{"@id":"https:\/\/jornalbeirario.com.br\/portal\/?p=98628"},"wordCount":629,"commentCount":0,"publisher":{"@id":"https:\/\/jornalbeirario.com.br\/portal\/#organization"},"image":{"@id":"https:\/\/jornalbeirario.com.br\/portal\/?p=98628#primaryimage"},"thumbnailUrl":"https:\/\/jornalbeirario.com.br\/portal\/wp-content\/uploads\/2025\/01\/mp-ouvidoria.jpg","articleSection":["Justi\u00e7a","Manchete"],"inLanguage":"pt-BR","potentialAction":[{"@type":"CommentAction","name":"Comment","target":["https:\/\/jornalbeirario.com.br\/portal\/?p=98628#respond"]}]},{"@type":"WebPage","@id":"https:\/\/jornalbeirario.com.br\/portal\/?p=98628","url":"https:\/\/jornalbeirario.com.br\/portal\/?p=98628","name":"Ouvidoria do Minist\u00e9rio P\u00fablico de cara nova - JORNAL BEIRA RIO","isPartOf":{"@id":"https:\/\/jornalbeirario.com.br\/portal\/#website"},"primaryImageOfPage":{"@id":"https:\/\/jornalbeirario.com.br\/portal\/?p=98628#primaryimage"},"image":{"@id":"https:\/\/jornalbeirario.com.br\/portal\/?p=98628#primaryimage"},"thumbnailUrl":"https:\/\/jornalbeirario.com.br\/portal\/wp-content\/uploads\/2025\/01\/mp-ouvidoria.jpg","datePublished":"2025-01-21T15:45:46+00:00","dateModified":"2025-01-21T15:46:43+00:00","breadcrumb":{"@id":"https:\/\/jornalbeirario.com.br\/portal\/?p=98628#breadcrumb"},"inLanguage":"pt-BR","potentialAction":[{"@type":"ReadAction","target":["https:\/\/jornalbeirario.com.br\/portal\/?p=98628"]}]},{"@type":"ImageObject","inLanguage":"pt-BR","@id":"https:\/\/jornalbeirario.com.br\/portal\/?p=98628#primaryimage","url":"https:\/\/jornalbeirario.com.br\/portal\/wp-content\/uploads\/2025\/01\/mp-ouvidoria.jpg","contentUrl":"https:\/\/jornalbeirario.com.br\/portal\/wp-content\/uploads\/2025\/01\/mp-ouvidoria.jpg","width":1100,"height":567},{"@type":"BreadcrumbList","@id":"https:\/\/jornalbeirario.com.br\/portal\/?p=98628#breadcrumb","itemListElement":[{"@type":"ListItem","position":1,"name":"Home","item":"https:\/\/jornalbeirario.com.br\/portal"},{"@type":"ListItem","position":2,"name":"Ouvidoria do Minist\u00e9rio P\u00fablico de cara nova"}]},{"@type":"WebSite","@id":"https:\/\/jornalbeirario.com.br\/portal\/#website","url":"https:\/\/jornalbeirario.com.br\/portal\/","name":"JORNAL BEIRA RIO","description":"","publisher":{"@id":"https:\/\/jornalbeirario.com.br\/portal\/#organization"},"potentialAction":[{"@type":"SearchAction","target":{"@type":"EntryPoint","urlTemplate":"https:\/\/jornalbeirario.com.br\/portal\/?s={search_term_string}"},"query-input":{"@type":"PropertyValueSpecification","valueRequired":true,"valueName":"search_term_string"}}],"inLanguage":"pt-BR"},{"@type":"Organization","@id":"https:\/\/jornalbeirario.com.br\/portal\/#organization","name":"JORNAL BEIRA RIO","url":"https:\/\/jornalbeirario.com.br\/portal\/","logo":{"@type":"ImageObject","inLanguage":"pt-BR","@id":"https:\/\/jornalbeirario.com.br\/portal\/#\/schema\/logo\/image\/","url":"https:\/\/jornalbeirario.com.br\/portal\/wp-content\/uploads\/2017\/09\/BEIRA-RIO_logo600.png","contentUrl":"https:\/\/jornalbeirario.com.br\/portal\/wp-content\/uploads\/2017\/09\/BEIRA-RIO_logo600.png","width":650,"height":108,"caption":"JORNAL BEIRA RIO"},"image":{"@id":"https:\/\/jornalbeirario.com.br\/portal\/#\/schema\/logo\/image\/"}},{"@type":"Person","@id":"https:\/\/jornalbeirario.com.br\/portal\/#\/schema\/person\/c6c423e4c2465d2a9233f6539173e7c1","name":"Jornal BEIRA-RIO","image":{"@type":"ImageObject","inLanguage":"pt-BR","@id":"https:\/\/jornalbeirario.com.br\/portal\/wp-content\/uploads\/2023\/10\/logojbr1.jpg","url":"https:\/\/jornalbeirario.com.br\/portal\/wp-content\/uploads\/2023\/10\/logojbr1.jpg","contentUrl":"https:\/\/jornalbeirario.com.br\/portal\/wp-content\/uploads\/2023\/10\/logojbr1.jpg","caption":"Jornal BEIRA-RIO"},"url":"https:\/\/jornalbeirario.com.br\/portal\/?author=1"}]}},"_links":{"self":[{"href":"https:\/\/jornalbeirario.com.br\/portal\/index.php?rest_route=\/wp\/v2\/posts\/98628","targetHints":{"allow":["GET"]}}],"collection":[{"href":"https:\/\/jornalbeirario.com.br\/portal\/index.php?rest_route=\/wp\/v2\/posts"}],"about":[{"href":"https:\/\/jornalbeirario.com.br\/portal\/index.php?rest_route=\/wp\/v2\/types\/post"}],"author":[{"embeddable":true,"href":"https:\/\/jornalbeirario.com.br\/portal\/index.php?rest_route=\/wp\/v2\/users\/1"}],"replies":[{"embeddable":true,"href":"https:\/\/jornalbeirario.com.br\/portal\/index.php?rest_route=%2Fwp%2Fv2%2Fcomments&post=98628"}],"version-history":[{"count":2,"href":"https:\/\/jornalbeirario.com.br\/portal\/index.php?rest_route=\/wp\/v2\/posts\/98628\/revisions"}],"predecessor-version":[{"id":98631,"href":"https:\/\/jornalbeirario.com.br\/portal\/index.php?rest_route=\/wp\/v2\/posts\/98628\/revisions\/98631"}],"wp:featuredmedia":[{"embeddable":true,"href":"https:\/\/jornalbeirario.com.br\/portal\/index.php?rest_route=\/wp\/v2\/media\/98629"}],"wp:attachment":[{"href":"https:\/\/jornalbeirario.com.br\/portal\/index.php?rest_route=%2Fwp%2Fv2%2Fmedia&parent=98628"}],"wp:term":[{"taxonomy":"category","embeddable":true,"href":"https:\/\/jornalbeirario.com.br\/portal\/index.php?rest_route=%2Fwp%2Fv2%2Fcategories&post=98628"},{"taxonomy":"post_tag","embeddable":true,"href":"https:\/\/jornalbeirario.com.br\/portal\/index.php?rest_route=%2Fwp%2Fv2%2Ftags&post=98628"}],"curies":[{"name":"wp","href":"https:\/\/api.w.org\/{rel}","templated":true}]}}