
{"id":98615,"date":"2024-12-09T11:52:16","date_gmt":"2024-12-09T14:52:16","guid":{"rendered":"https:\/\/jornalbeirario.com.br\/portal\/?p=98615"},"modified":"2024-12-09T11:52:16","modified_gmt":"2024-12-09T14:52:16","slug":"o-papel-das-forcas-armadas-na-democracia","status":"publish","type":"post","link":"https:\/\/jornalbeirario.com.br\/portal\/?p=98615","title":{"rendered":"O papel das For\u00e7as Armadas na democracia"},"content":{"rendered":"<div>O F\u00f3rum Permanente de Sociologia Jur\u00eddica da Escola da Magistratura do Estado do Rio de Janeiro (EMERJ) promover\u00e1 sua 26\u00aa reuni\u00e3o no dia 13 de dezembro, \u00e0s 9h, com o tema &#8220;For\u00e7as Armadas, Rep\u00fablica e Democracia&#8221;. O evento acontecer\u00e1 presencialmente no Audit\u00f3rio Desembargador Ant\u00f4nio de Vizeu Penalva Santos. Haver\u00e1 transmiss\u00e3o via plataforma Zoom com tradu\u00e7\u00e3o simult\u00e2nea para a L\u00edngua Brasileira de Sinais (Libras).<\/div>\n<div><\/div>\n<div>A abertura da reuni\u00e3o ser\u00e1 conduzida pelo presidente do F\u00f3rum, desembargador Jo\u00e3o Batista Damasceno, doutor em Ci\u00eancia Pol\u00edtica (Teoria Pol\u00edtica) pela Universidade Federal Fluminense (UFF). O encontro receber\u00e1 o professor titular aposentado do Instituto de Estudos Estrat\u00e9gicos da Universidade Federal Fluminense (Inest\/UFF) Eurico de Lima Figueiredo, professor em\u00e9rito da UFF; o historiador Lincoln de Abreu Penna, professor aposentado da Universidade Federal do Rio de Janeiro (UFRJ) e da Universidade do Estado do Rio de Janeiro (Uerj) e o capit\u00e3o de mar e guerra cassado e anistiado Milton Temer, ex-deputado constituinte estadual (1988) e ex-deputado federal, para a palestra sobre o tema.<\/div>\n<div><\/div>\n<div>As For\u00e7as Armadas brasileiras \u2013 constitu\u00eddas pela Marinha, pelo Ex\u00e9rcito e pela Aeron\u00e1utica \u2013 s\u00e3o institui\u00e7\u00f5es integrantes do arcabou\u00e7o constitucional de promo\u00e7\u00e3o e prote\u00e7\u00e3o do Estado Democr\u00e1tico de Direito. Subordinadas \u00e0 autoridade suprema do Presidente da Rep\u00fablica, receberam da Constitui\u00e7\u00e3o Federal a fun\u00e7\u00e3o de defesa da P\u00e1tria, garantia dos poderes constitucionais e, por iniciativa de qualquer destes, da lei e da ordem.<\/div>\n<div><\/div>\n<div class=\"elementToProof\">Al\u00e9m dessas tr\u00eas fun\u00e7\u00f5es constitucionais, as For\u00e7as Armadas receberam da Lei Complementar n\u00ba 97, de 1999, a atribui\u00e7\u00e3o de miss\u00f5es subsidi\u00e1rias, compat\u00edveis com a sua miss\u00e3o constitucional e respectivas capacidades t\u00e9cnicas, tais como participa\u00e7\u00e3o em opera\u00e7\u00f5es de paz, coopera\u00e7\u00e3o com o desenvolvimento nacional e a defesa civil, refor\u00e7o \u00e0 pol\u00edcia de fronteira, promo\u00e7\u00e3o da seguran\u00e7a pessoal das autoridades nacionais e estrangeiras em miss\u00f5es oficiais, ordena\u00e7\u00e3o da seguran\u00e7a mar\u00edtima e do espa\u00e7o a\u00e9reo, dentre outras.<\/div>\n<div><\/div>\n<div>As For\u00e7as Armadas, em qualquer caso, s\u00e3o integral e plenamente subordinadas ao Poder Civil, e seu emprego na defesa internacional da P\u00e1tria ou em opera\u00e7\u00f5es de paz, assim como em atua\u00e7\u00f5es internas de garantia dos poderes constitu\u00eddos ou da lei e da ordem, depende sempre de decis\u00e3o do Presidente da Rep\u00fablica, que a adota por iniciativa pr\u00f3pria ou em atendimento a pedido dos Presidentes do Supremo Tribunal Federal, do Senado Federal ou da C\u00e2mara dos Deputados (Lei Complementar n\u00ba 97\/1999, art. 15, caput e \u00a7 1\u00ba).<\/div>\n<div><\/div>\n<div>N\u00e3o h\u00e1 no ordenamento jur\u00eddico brasileiro hip\u00f3tese de interven\u00e7\u00e3o aut\u00f4noma das For\u00e7as Armadas, em situa\u00e7\u00e3o externa ou interna, independentemente de sua gravidade. Nem mesmo em situa\u00e7\u00f5es de exce\u00e7\u00e3o constitucional, como o Estado de S\u00edtio ou o Estado de Defesa, as For\u00e7as Armadas podem assumir um papel fora de seus limites constitucionais. A postula\u00e7\u00e3o de exist\u00eancia de um poder de interven\u00e7\u00e3o militar por iniciativa pr\u00f3pria, em qualquer circunst\u00e2ncia, afrontaria a Constitui\u00e7\u00e3o, que definiu essa iniciativa como crime inafian\u00e7\u00e1vel e imprescrit\u00edvel contra a ordem constitucional e o Estado Democr\u00e1tico (artigo 5\u00ba, XLIV).<\/div>\n<div><\/div>\n<div>A EMERJ informou que poder\u00e3o ser concedidas horas de atividade de capacita\u00e7\u00e3o pela Escola de Administra\u00e7\u00e3o Judici\u00e1ria (ESAJ) aos serventu\u00e1rios que participarem do evento. Ser\u00e3o concedidas horas de est\u00e1gio pela Ordem dos Advogados do Brasil (OAB\/RJ) para estudantes de Direito participantes do evento.<\/div>\n<div>Para se inscrever, acesse:\u00a0<u><a id=\"OWAb73005ab-ae71-5e59-1b6e-d350ea815b04\" class=\"OWAAutoLink\" href=\"https:\/\/emerj.tjrj.jus.br\/evento\/8593\" target=\"_blank\" rel=\"noopener noreferrer\">https:\/\/emerj.tjrj.jus.br\/evento\/8593<\/a><\/u><\/div>\n<div><\/div>\n<div>Fonte: Departamento de Comunica\u00e7\u00e3o Institucional da EMERJ<\/div>\n","protected":false},"excerpt":{"rendered":"<p>O F\u00f3rum Permanente de Sociologia Jur\u00eddica da Escola da Magistratura do Estado do Rio de Janeiro (EMERJ) promover\u00e1 sua 26\u00aa reuni\u00e3o no dia 13<\/p>\n","protected":false},"author":1,"featured_media":98616,"comment_status":"open","ping_status":"open","sticky":false,"template":"","format":"standard","meta":{"pmpro_default_level":"","footnotes":""},"categories":[193,168,28,227],"tags":[],"class_list":["post-98615","post","type-post","status-publish","format-standard","has-post-thumbnail","hentry","category-brasilinternacional","category-cursos","category-educacao","category-manchete","pmpro-has-access"],"yoast_head":"<!-- This site is optimized with the Yoast SEO plugin v27.4 - https:\/\/yoast.com\/product\/yoast-seo-wordpress\/ -->\n<title>O papel das For\u00e7as Armadas na democracia - JORNAL BEIRA RIO<\/title>\n<meta name=\"robots\" content=\"index, follow, max-snippet:-1, max-image-preview:large, max-video-preview:-1\" \/>\n<link rel=\"canonical\" href=\"https:\/\/jornalbeirario.com.br\/portal\/?p=98615\" \/>\n<meta property=\"og:locale\" content=\"pt_BR\" \/>\n<meta property=\"og:type\" content=\"article\" \/>\n<meta property=\"og:title\" content=\"O papel das For\u00e7as Armadas na democracia - JORNAL BEIRA RIO\" \/>\n<meta property=\"og:description\" content=\"O F\u00f3rum Permanente de Sociologia Jur\u00eddica da Escola da Magistratura do Estado do Rio de Janeiro (EMERJ) promover\u00e1 sua 26\u00aa reuni\u00e3o no dia 13\" \/>\n<meta property=\"og:url\" content=\"https:\/\/jornalbeirario.com.br\/portal\/?p=98615\" \/>\n<meta property=\"og:site_name\" content=\"JORNAL BEIRA RIO\" \/>\n<meta property=\"article:published_time\" content=\"2024-12-09T14:52:16+00:00\" \/>\n<meta property=\"og:image\" content=\"https:\/\/jornalbeirario.com.br\/portal\/wp-content\/uploads\/2024\/12\/palestra.jpg\" \/>\n\t<meta property=\"og:image:width\" content=\"1100\" \/>\n\t<meta property=\"og:image:height\" content=\"573\" \/>\n\t<meta property=\"og:image:type\" content=\"image\/jpeg\" \/>\n<meta name=\"author\" content=\"Jornal BEIRA-RIO\" \/>\n<meta name=\"twitter:card\" content=\"summary_large_image\" \/>\n<meta name=\"twitter:label1\" content=\"Escrito por\" \/>\n\t<meta name=\"twitter:data1\" content=\"Jornal BEIRA-RIO\" \/>\n\t<meta name=\"twitter:label2\" content=\"Est. tempo de leitura\" \/>\n\t<meta name=\"twitter:data2\" content=\"3 minutos\" \/>\n<script type=\"application\/ld+json\" class=\"yoast-schema-graph\">{\"@context\":\"https:\\\/\\\/schema.org\",\"@graph\":[{\"@type\":\"Article\",\"@id\":\"https:\\\/\\\/jornalbeirario.com.br\\\/portal\\\/?p=98615#article\",\"isPartOf\":{\"@id\":\"https:\\\/\\\/jornalbeirario.com.br\\\/portal\\\/?p=98615\"},\"author\":{\"name\":\"Jornal BEIRA-RIO\",\"@id\":\"https:\\\/\\\/jornalbeirario.com.br\\\/portal\\\/#\\\/schema\\\/person\\\/c6c423e4c2465d2a9233f6539173e7c1\"},\"headline\":\"O papel das For\u00e7as Armadas na democracia\",\"datePublished\":\"2024-12-09T14:52:16+00:00\",\"mainEntityOfPage\":{\"@id\":\"https:\\\/\\\/jornalbeirario.com.br\\\/portal\\\/?p=98615\"},\"wordCount\":627,\"commentCount\":0,\"publisher\":{\"@id\":\"https:\\\/\\\/jornalbeirario.com.br\\\/portal\\\/#organization\"},\"image\":{\"@id\":\"https:\\\/\\\/jornalbeirario.com.br\\\/portal\\\/?p=98615#primaryimage\"},\"thumbnailUrl\":\"https:\\\/\\\/jornalbeirario.com.br\\\/portal\\\/wp-content\\\/uploads\\\/2024\\\/12\\\/palestra.jpg\",\"articleSection\":[\"Brasil\",\"Cursos\",\"Educa\u00e7\u00e3o\",\"Manchete\"],\"inLanguage\":\"pt-BR\",\"potentialAction\":[{\"@type\":\"CommentAction\",\"name\":\"Comment\",\"target\":[\"https:\\\/\\\/jornalbeirario.com.br\\\/portal\\\/?p=98615#respond\"]}]},{\"@type\":\"WebPage\",\"@id\":\"https:\\\/\\\/jornalbeirario.com.br\\\/portal\\\/?p=98615\",\"url\":\"https:\\\/\\\/jornalbeirario.com.br\\\/portal\\\/?p=98615\",\"name\":\"O papel das For\u00e7as Armadas na democracia - JORNAL BEIRA RIO\",\"isPartOf\":{\"@id\":\"https:\\\/\\\/jornalbeirario.com.br\\\/portal\\\/#website\"},\"primaryImageOfPage\":{\"@id\":\"https:\\\/\\\/jornalbeirario.com.br\\\/portal\\\/?p=98615#primaryimage\"},\"image\":{\"@id\":\"https:\\\/\\\/jornalbeirario.com.br\\\/portal\\\/?p=98615#primaryimage\"},\"thumbnailUrl\":\"https:\\\/\\\/jornalbeirario.com.br\\\/portal\\\/wp-content\\\/uploads\\\/2024\\\/12\\\/palestra.jpg\",\"datePublished\":\"2024-12-09T14:52:16+00:00\",\"breadcrumb\":{\"@id\":\"https:\\\/\\\/jornalbeirario.com.br\\\/portal\\\/?p=98615#breadcrumb\"},\"inLanguage\":\"pt-BR\",\"potentialAction\":[{\"@type\":\"ReadAction\",\"target\":[\"https:\\\/\\\/jornalbeirario.com.br\\\/portal\\\/?p=98615\"]}]},{\"@type\":\"ImageObject\",\"inLanguage\":\"pt-BR\",\"@id\":\"https:\\\/\\\/jornalbeirario.com.br\\\/portal\\\/?p=98615#primaryimage\",\"url\":\"https:\\\/\\\/jornalbeirario.com.br\\\/portal\\\/wp-content\\\/uploads\\\/2024\\\/12\\\/palestra.jpg\",\"contentUrl\":\"https:\\\/\\\/jornalbeirario.com.br\\\/portal\\\/wp-content\\\/uploads\\\/2024\\\/12\\\/palestra.jpg\",\"width\":1100,\"height\":573},{\"@type\":\"BreadcrumbList\",\"@id\":\"https:\\\/\\\/jornalbeirario.com.br\\\/portal\\\/?p=98615#breadcrumb\",\"itemListElement\":[{\"@type\":\"ListItem\",\"position\":1,\"name\":\"Home\",\"item\":\"https:\\\/\\\/jornalbeirario.com.br\\\/portal\"},{\"@type\":\"ListItem\",\"position\":2,\"name\":\"O papel das For\u00e7as Armadas na democracia\"}]},{\"@type\":\"WebSite\",\"@id\":\"https:\\\/\\\/jornalbeirario.com.br\\\/portal\\\/#website\",\"url\":\"https:\\\/\\\/jornalbeirario.com.br\\\/portal\\\/\",\"name\":\"JORNAL BEIRA RIO\",\"description\":\"\",\"publisher\":{\"@id\":\"https:\\\/\\\/jornalbeirario.com.br\\\/portal\\\/#organization\"},\"potentialAction\":[{\"@type\":\"SearchAction\",\"target\":{\"@type\":\"EntryPoint\",\"urlTemplate\":\"https:\\\/\\\/jornalbeirario.com.br\\\/portal\\\/?s={search_term_string}\"},\"query-input\":{\"@type\":\"PropertyValueSpecification\",\"valueRequired\":true,\"valueName\":\"search_term_string\"}}],\"inLanguage\":\"pt-BR\"},{\"@type\":\"Organization\",\"@id\":\"https:\\\/\\\/jornalbeirario.com.br\\\/portal\\\/#organization\",\"name\":\"JORNAL BEIRA RIO\",\"url\":\"https:\\\/\\\/jornalbeirario.com.br\\\/portal\\\/\",\"logo\":{\"@type\":\"ImageObject\",\"inLanguage\":\"pt-BR\",\"@id\":\"https:\\\/\\\/jornalbeirario.com.br\\\/portal\\\/#\\\/schema\\\/logo\\\/image\\\/\",\"url\":\"https:\\\/\\\/jornalbeirario.com.br\\\/portal\\\/wp-content\\\/uploads\\\/2017\\\/09\\\/BEIRA-RIO_logo600.png\",\"contentUrl\":\"https:\\\/\\\/jornalbeirario.com.br\\\/portal\\\/wp-content\\\/uploads\\\/2017\\\/09\\\/BEIRA-RIO_logo600.png\",\"width\":650,\"height\":108,\"caption\":\"JORNAL BEIRA RIO\"},\"image\":{\"@id\":\"https:\\\/\\\/jornalbeirario.com.br\\\/portal\\\/#\\\/schema\\\/logo\\\/image\\\/\"}},{\"@type\":\"Person\",\"@id\":\"https:\\\/\\\/jornalbeirario.com.br\\\/portal\\\/#\\\/schema\\\/person\\\/c6c423e4c2465d2a9233f6539173e7c1\",\"name\":\"Jornal BEIRA-RIO\",\"image\":{\"@type\":\"ImageObject\",\"inLanguage\":\"pt-BR\",\"@id\":\"https:\\\/\\\/jornalbeirario.com.br\\\/portal\\\/wp-content\\\/uploads\\\/2023\\\/10\\\/logojbr1.jpg\",\"url\":\"https:\\\/\\\/jornalbeirario.com.br\\\/portal\\\/wp-content\\\/uploads\\\/2023\\\/10\\\/logojbr1.jpg\",\"contentUrl\":\"https:\\\/\\\/jornalbeirario.com.br\\\/portal\\\/wp-content\\\/uploads\\\/2023\\\/10\\\/logojbr1.jpg\",\"caption\":\"Jornal BEIRA-RIO\"},\"url\":\"https:\\\/\\\/jornalbeirario.com.br\\\/portal\\\/?author=1\"}]}<\/script>\n<!-- \/ Yoast SEO plugin. -->","yoast_head_json":{"title":"O papel das For\u00e7as Armadas na democracia - JORNAL BEIRA RIO","robots":{"index":"index","follow":"follow","max-snippet":"max-snippet:-1","max-image-preview":"max-image-preview:large","max-video-preview":"max-video-preview:-1"},"canonical":"https:\/\/jornalbeirario.com.br\/portal\/?p=98615","og_locale":"pt_BR","og_type":"article","og_title":"O papel das For\u00e7as Armadas na democracia - JORNAL BEIRA RIO","og_description":"O F\u00f3rum Permanente de Sociologia Jur\u00eddica da Escola da Magistratura do Estado do Rio de Janeiro (EMERJ) promover\u00e1 sua 26\u00aa reuni\u00e3o no dia 13","og_url":"https:\/\/jornalbeirario.com.br\/portal\/?p=98615","og_site_name":"JORNAL BEIRA RIO","article_published_time":"2024-12-09T14:52:16+00:00","og_image":[{"width":1100,"height":573,"url":"https:\/\/jornalbeirario.com.br\/portal\/wp-content\/uploads\/2024\/12\/palestra.jpg","type":"image\/jpeg"}],"author":"Jornal BEIRA-RIO","twitter_card":"summary_large_image","twitter_misc":{"Escrito por":"Jornal BEIRA-RIO","Est. tempo de leitura":"3 minutos"},"schema":{"@context":"https:\/\/schema.org","@graph":[{"@type":"Article","@id":"https:\/\/jornalbeirario.com.br\/portal\/?p=98615#article","isPartOf":{"@id":"https:\/\/jornalbeirario.com.br\/portal\/?p=98615"},"author":{"name":"Jornal BEIRA-RIO","@id":"https:\/\/jornalbeirario.com.br\/portal\/#\/schema\/person\/c6c423e4c2465d2a9233f6539173e7c1"},"headline":"O papel das For\u00e7as Armadas na democracia","datePublished":"2024-12-09T14:52:16+00:00","mainEntityOfPage":{"@id":"https:\/\/jornalbeirario.com.br\/portal\/?p=98615"},"wordCount":627,"commentCount":0,"publisher":{"@id":"https:\/\/jornalbeirario.com.br\/portal\/#organization"},"image":{"@id":"https:\/\/jornalbeirario.com.br\/portal\/?p=98615#primaryimage"},"thumbnailUrl":"https:\/\/jornalbeirario.com.br\/portal\/wp-content\/uploads\/2024\/12\/palestra.jpg","articleSection":["Brasil","Cursos","Educa\u00e7\u00e3o","Manchete"],"inLanguage":"pt-BR","potentialAction":[{"@type":"CommentAction","name":"Comment","target":["https:\/\/jornalbeirario.com.br\/portal\/?p=98615#respond"]}]},{"@type":"WebPage","@id":"https:\/\/jornalbeirario.com.br\/portal\/?p=98615","url":"https:\/\/jornalbeirario.com.br\/portal\/?p=98615","name":"O papel das For\u00e7as Armadas na democracia - JORNAL BEIRA RIO","isPartOf":{"@id":"https:\/\/jornalbeirario.com.br\/portal\/#website"},"primaryImageOfPage":{"@id":"https:\/\/jornalbeirario.com.br\/portal\/?p=98615#primaryimage"},"image":{"@id":"https:\/\/jornalbeirario.com.br\/portal\/?p=98615#primaryimage"},"thumbnailUrl":"https:\/\/jornalbeirario.com.br\/portal\/wp-content\/uploads\/2024\/12\/palestra.jpg","datePublished":"2024-12-09T14:52:16+00:00","breadcrumb":{"@id":"https:\/\/jornalbeirario.com.br\/portal\/?p=98615#breadcrumb"},"inLanguage":"pt-BR","potentialAction":[{"@type":"ReadAction","target":["https:\/\/jornalbeirario.com.br\/portal\/?p=98615"]}]},{"@type":"ImageObject","inLanguage":"pt-BR","@id":"https:\/\/jornalbeirario.com.br\/portal\/?p=98615#primaryimage","url":"https:\/\/jornalbeirario.com.br\/portal\/wp-content\/uploads\/2024\/12\/palestra.jpg","contentUrl":"https:\/\/jornalbeirario.com.br\/portal\/wp-content\/uploads\/2024\/12\/palestra.jpg","width":1100,"height":573},{"@type":"BreadcrumbList","@id":"https:\/\/jornalbeirario.com.br\/portal\/?p=98615#breadcrumb","itemListElement":[{"@type":"ListItem","position":1,"name":"Home","item":"https:\/\/jornalbeirario.com.br\/portal"},{"@type":"ListItem","position":2,"name":"O papel das For\u00e7as Armadas na democracia"}]},{"@type":"WebSite","@id":"https:\/\/jornalbeirario.com.br\/portal\/#website","url":"https:\/\/jornalbeirario.com.br\/portal\/","name":"JORNAL BEIRA RIO","description":"","publisher":{"@id":"https:\/\/jornalbeirario.com.br\/portal\/#organization"},"potentialAction":[{"@type":"SearchAction","target":{"@type":"EntryPoint","urlTemplate":"https:\/\/jornalbeirario.com.br\/portal\/?s={search_term_string}"},"query-input":{"@type":"PropertyValueSpecification","valueRequired":true,"valueName":"search_term_string"}}],"inLanguage":"pt-BR"},{"@type":"Organization","@id":"https:\/\/jornalbeirario.com.br\/portal\/#organization","name":"JORNAL BEIRA RIO","url":"https:\/\/jornalbeirario.com.br\/portal\/","logo":{"@type":"ImageObject","inLanguage":"pt-BR","@id":"https:\/\/jornalbeirario.com.br\/portal\/#\/schema\/logo\/image\/","url":"https:\/\/jornalbeirario.com.br\/portal\/wp-content\/uploads\/2017\/09\/BEIRA-RIO_logo600.png","contentUrl":"https:\/\/jornalbeirario.com.br\/portal\/wp-content\/uploads\/2017\/09\/BEIRA-RIO_logo600.png","width":650,"height":108,"caption":"JORNAL BEIRA RIO"},"image":{"@id":"https:\/\/jornalbeirario.com.br\/portal\/#\/schema\/logo\/image\/"}},{"@type":"Person","@id":"https:\/\/jornalbeirario.com.br\/portal\/#\/schema\/person\/c6c423e4c2465d2a9233f6539173e7c1","name":"Jornal BEIRA-RIO","image":{"@type":"ImageObject","inLanguage":"pt-BR","@id":"https:\/\/jornalbeirario.com.br\/portal\/wp-content\/uploads\/2023\/10\/logojbr1.jpg","url":"https:\/\/jornalbeirario.com.br\/portal\/wp-content\/uploads\/2023\/10\/logojbr1.jpg","contentUrl":"https:\/\/jornalbeirario.com.br\/portal\/wp-content\/uploads\/2023\/10\/logojbr1.jpg","caption":"Jornal BEIRA-RIO"},"url":"https:\/\/jornalbeirario.com.br\/portal\/?author=1"}]}},"_links":{"self":[{"href":"https:\/\/jornalbeirario.com.br\/portal\/index.php?rest_route=\/wp\/v2\/posts\/98615","targetHints":{"allow":["GET"]}}],"collection":[{"href":"https:\/\/jornalbeirario.com.br\/portal\/index.php?rest_route=\/wp\/v2\/posts"}],"about":[{"href":"https:\/\/jornalbeirario.com.br\/portal\/index.php?rest_route=\/wp\/v2\/types\/post"}],"author":[{"embeddable":true,"href":"https:\/\/jornalbeirario.com.br\/portal\/index.php?rest_route=\/wp\/v2\/users\/1"}],"replies":[{"embeddable":true,"href":"https:\/\/jornalbeirario.com.br\/portal\/index.php?rest_route=%2Fwp%2Fv2%2Fcomments&post=98615"}],"version-history":[{"count":1,"href":"https:\/\/jornalbeirario.com.br\/portal\/index.php?rest_route=\/wp\/v2\/posts\/98615\/revisions"}],"predecessor-version":[{"id":98617,"href":"https:\/\/jornalbeirario.com.br\/portal\/index.php?rest_route=\/wp\/v2\/posts\/98615\/revisions\/98617"}],"wp:featuredmedia":[{"embeddable":true,"href":"https:\/\/jornalbeirario.com.br\/portal\/index.php?rest_route=\/wp\/v2\/media\/98616"}],"wp:attachment":[{"href":"https:\/\/jornalbeirario.com.br\/portal\/index.php?rest_route=%2Fwp%2Fv2%2Fmedia&parent=98615"}],"wp:term":[{"taxonomy":"category","embeddable":true,"href":"https:\/\/jornalbeirario.com.br\/portal\/index.php?rest_route=%2Fwp%2Fv2%2Fcategories&post=98615"},{"taxonomy":"post_tag","embeddable":true,"href":"https:\/\/jornalbeirario.com.br\/portal\/index.php?rest_route=%2Fwp%2Fv2%2Ftags&post=98615"}],"curies":[{"name":"wp","href":"https:\/\/api.w.org\/{rel}","templated":true}]}}