
{"id":98360,"date":"2023-11-24T09:54:06","date_gmt":"2023-11-24T12:54:06","guid":{"rendered":"https:\/\/jornalbeirario.com.br\/portal\/?p=98360"},"modified":"2023-11-24T09:54:06","modified_gmt":"2023-11-24T12:54:06","slug":"o-passado-tambem-importa-nada-de-nome-de-rua-ou-homenagens-aos-racistas","status":"publish","type":"post","link":"https:\/\/jornalbeirario.com.br\/portal\/?p=98360","title":{"rendered":"O passado tamb\u00e9m importa. Nada de nome de rua ou homenagens aos racistas"},"content":{"rendered":"<div>O Minist\u00e9rio P\u00fablico Federal, por meio da Procuradoria Regional dos Direitos do Cidad\u00e3o no Rio de Janeiro, enviou um of\u00edcio ao prefeito do Rio de Janeiro, Eduardo Paes, enfatizando a import\u00e2ncia da san\u00e7\u00e3o do projeto de lei que pro\u00edbe homenagem a escravocratas, eugenistas e violadores dos direitos humanos na capital carioca. O documento destaca a import\u00e2ncia do PL n\u00ba 608-A\/2021 para garantir a constru\u00e7\u00e3o de pol\u00edticas de mem\u00f3ria, verdade, justi\u00e7a e repara\u00e7\u00e3o em favor da popula\u00e7\u00e3o negra.<\/p>\n<p>O projeto de lei foi aprovado pela C\u00e2mara Municipal do Rio de Janeiro em 25 de outubro deste ano e veda que o munic\u00edpio mantenha ou instale monumentos, est\u00e1tuas, placas e quaisquer homenagens que fa\u00e7am men\u00e7\u00f5es positivas ou elogiosas a escravocratas, eugenistas e pessoas que violaram os direitos humanos. O objetivo principal da nova lei \u00e9 impossibilitar que sejam feitas homenagens \u00e0s pessoas que tenham cometido atos lesivos aos direitos humanos, aos valores democr\u00e1ticos, ao respeito \u00e0 liberdade religiosa e \u00e0s pessoas que tenham praticado atos de natureza racista.<\/p>\n<p>De acordo com o projeto aprovado, as homenagens j\u00e1 existentes em espa\u00e7o p\u00fablico dever\u00e3o ser transferidas para ambiente de perfil museol\u00f3gico, fechado ou a c\u00e9u aberto, e dever\u00e3o estar acompanhadas de informa\u00e7\u00f5es que contextualizam e informem sobre a obra e seu personagem.<\/p>\n<p>Objetivos semelhantes \u2013 O of\u00edcio enviado pelo MPF ao prefeito destaca a proximidade entre os objetivos do PL aprovado e do inqu\u00e9rito civil que tramita na PRDC\/RJ para apurar as responsabilidades e a participa\u00e7\u00e3o do Banco do Brasil na escravid\u00e3o e no tr\u00e1fico de pessoas negras no s\u00e9culo 19. A atua\u00e7\u00e3o do MPF busca promover a reflex\u00e3o sobre o tema para garantir que crimes contra a humanidade como esse jamais se repitam, al\u00e9m de garantir mecanismos de repara\u00e7\u00e3o com um olhar voltado para o presente e o futuro, em uma discuss\u00e3o sobre mem\u00f3ria, verdade e justi\u00e7a.<\/p>\n<p>Para o procurador regional dos Direitos do Cidad\u00e3o adjunto, Julio Jos\u00e9 Araujo Junior, respons\u00e1vel pelo inqu\u00e9rito, \u00e9 n\u00edtida a coincid\u00eancia de prop\u00f3sitos entre as duas inciativas, de modo que a san\u00e7\u00e3o do projeto de lei ser\u00e1 imprescind\u00edvel para o avan\u00e7o da luta antirracista e da constru\u00e7\u00e3o de formas de repara\u00e7\u00e3o da escravid\u00e3o no pa\u00eds.<\/p>\n<p>Repara\u00e7\u00e3o \u2013 O MPF promoveu, no \u00faltimo dia 18, a audi\u00eancia p\u00fablica &#8220;Consci\u00eancia negra e repara\u00e7\u00e3o da escravid\u00e3o&#8221; na quadra do Gr\u00eamio Recreativo Escola de Samba Portela. O evento foi mais um dos desdobramentos do inqu\u00e9rito civil e teve o objetivo de ampliar a escuta da sociedade civil e dos movimentos negros e aprofundar o debate sobre as formas de repara\u00e7\u00e3o.<\/p>\n<p>Na oportunidade, representante do Banco do Brasil apresentou um pedido de perd\u00e3o ao povo negro pela atua\u00e7\u00e3o da institui\u00e7\u00e3o financeira durante o per\u00edodo da escravid\u00e3o e anunciou medidas a serem implementadas pelo banco para promover a igualdade e combater o racismo estrutural no pa\u00eds. Ao final do encontro, o procurador Julio Araujo ressaltou o car\u00e1ter hist\u00f3rico da audi\u00eancia e informou que o MPF ir\u00e1 se debru\u00e7ar sobre as sugest\u00f5es colhidas e sobre as medidas apresentadas pelo banco.<\/p><\/div>\n<div><\/div>\n<div>Fonte: MPF<\/div>\n","protected":false},"excerpt":{"rendered":"<p>O Minist\u00e9rio P\u00fablico Federal, por meio da Procuradoria Regional dos Direitos do Cidad\u00e3o no Rio de Janeiro, enviou um of\u00edcio ao prefeito do Rio<\/p>\n","protected":false},"author":1,"featured_media":98361,"comment_status":"open","ping_status":"open","sticky":false,"template":"","format":"standard","meta":{"pmpro_default_level":"","footnotes":""},"categories":[193,175,227],"tags":[],"class_list":["post-98360","post","type-post","status-publish","format-standard","has-post-thumbnail","hentry","category-brasilinternacional","category-justica","category-manchete","pmpro-has-access"],"yoast_head":"<!-- This site is optimized with the Yoast SEO plugin v27.4 - https:\/\/yoast.com\/product\/yoast-seo-wordpress\/ -->\n<title>O passado tamb\u00e9m importa. Nada de nome de rua ou homenagens aos racistas - JORNAL BEIRA RIO<\/title>\n<meta name=\"robots\" content=\"index, follow, max-snippet:-1, max-image-preview:large, max-video-preview:-1\" \/>\n<link rel=\"canonical\" href=\"https:\/\/jornalbeirario.com.br\/portal\/?p=98360\" \/>\n<meta property=\"og:locale\" content=\"pt_BR\" \/>\n<meta property=\"og:type\" content=\"article\" \/>\n<meta property=\"og:title\" content=\"O passado tamb\u00e9m importa. Nada de nome de rua ou homenagens aos racistas - JORNAL BEIRA RIO\" \/>\n<meta property=\"og:description\" content=\"O Minist\u00e9rio P\u00fablico Federal, por meio da Procuradoria Regional dos Direitos do Cidad\u00e3o no Rio de Janeiro, enviou um of\u00edcio ao prefeito do Rio\" \/>\n<meta property=\"og:url\" content=\"https:\/\/jornalbeirario.com.br\/portal\/?p=98360\" \/>\n<meta property=\"og:site_name\" content=\"JORNAL BEIRA RIO\" \/>\n<meta property=\"article:published_time\" content=\"2023-11-24T12:54:06+00:00\" \/>\n<meta property=\"og:image\" content=\"https:\/\/jornalbeirario.com.br\/portal\/wp-content\/uploads\/2023\/11\/MPF.jpg\" \/>\n\t<meta property=\"og:image:width\" content=\"1000\" \/>\n\t<meta property=\"og:image:height\" content=\"640\" \/>\n\t<meta property=\"og:image:type\" content=\"image\/jpeg\" \/>\n<meta name=\"author\" content=\"Jornal BEIRA-RIO\" \/>\n<meta name=\"twitter:card\" content=\"summary_large_image\" \/>\n<meta name=\"twitter:label1\" content=\"Escrito por\" \/>\n\t<meta name=\"twitter:data1\" content=\"Jornal BEIRA-RIO\" \/>\n\t<meta name=\"twitter:label2\" content=\"Est. tempo de leitura\" \/>\n\t<meta name=\"twitter:data2\" content=\"3 minutos\" \/>\n<script type=\"application\/ld+json\" class=\"yoast-schema-graph\">{\"@context\":\"https:\\\/\\\/schema.org\",\"@graph\":[{\"@type\":\"Article\",\"@id\":\"https:\\\/\\\/jornalbeirario.com.br\\\/portal\\\/?p=98360#article\",\"isPartOf\":{\"@id\":\"https:\\\/\\\/jornalbeirario.com.br\\\/portal\\\/?p=98360\"},\"author\":{\"name\":\"Jornal BEIRA-RIO\",\"@id\":\"https:\\\/\\\/jornalbeirario.com.br\\\/portal\\\/#\\\/schema\\\/person\\\/c6c423e4c2465d2a9233f6539173e7c1\"},\"headline\":\"O passado tamb\u00e9m importa. Nada de nome de rua ou homenagens aos racistas\",\"datePublished\":\"2023-11-24T12:54:06+00:00\",\"mainEntityOfPage\":{\"@id\":\"https:\\\/\\\/jornalbeirario.com.br\\\/portal\\\/?p=98360\"},\"wordCount\":578,\"commentCount\":0,\"publisher\":{\"@id\":\"https:\\\/\\\/jornalbeirario.com.br\\\/portal\\\/#organization\"},\"image\":{\"@id\":\"https:\\\/\\\/jornalbeirario.com.br\\\/portal\\\/?p=98360#primaryimage\"},\"thumbnailUrl\":\"https:\\\/\\\/jornalbeirario.com.br\\\/portal\\\/wp-content\\\/uploads\\\/2023\\\/11\\\/MPF.jpg\",\"articleSection\":[\"Brasil\",\"Justi\u00e7a\",\"Manchete\"],\"inLanguage\":\"pt-BR\",\"potentialAction\":[{\"@type\":\"CommentAction\",\"name\":\"Comment\",\"target\":[\"https:\\\/\\\/jornalbeirario.com.br\\\/portal\\\/?p=98360#respond\"]}]},{\"@type\":\"WebPage\",\"@id\":\"https:\\\/\\\/jornalbeirario.com.br\\\/portal\\\/?p=98360\",\"url\":\"https:\\\/\\\/jornalbeirario.com.br\\\/portal\\\/?p=98360\",\"name\":\"O passado tamb\u00e9m importa. Nada de nome de rua ou homenagens aos racistas - JORNAL BEIRA RIO\",\"isPartOf\":{\"@id\":\"https:\\\/\\\/jornalbeirario.com.br\\\/portal\\\/#website\"},\"primaryImageOfPage\":{\"@id\":\"https:\\\/\\\/jornalbeirario.com.br\\\/portal\\\/?p=98360#primaryimage\"},\"image\":{\"@id\":\"https:\\\/\\\/jornalbeirario.com.br\\\/portal\\\/?p=98360#primaryimage\"},\"thumbnailUrl\":\"https:\\\/\\\/jornalbeirario.com.br\\\/portal\\\/wp-content\\\/uploads\\\/2023\\\/11\\\/MPF.jpg\",\"datePublished\":\"2023-11-24T12:54:06+00:00\",\"breadcrumb\":{\"@id\":\"https:\\\/\\\/jornalbeirario.com.br\\\/portal\\\/?p=98360#breadcrumb\"},\"inLanguage\":\"pt-BR\",\"potentialAction\":[{\"@type\":\"ReadAction\",\"target\":[\"https:\\\/\\\/jornalbeirario.com.br\\\/portal\\\/?p=98360\"]}]},{\"@type\":\"ImageObject\",\"inLanguage\":\"pt-BR\",\"@id\":\"https:\\\/\\\/jornalbeirario.com.br\\\/portal\\\/?p=98360#primaryimage\",\"url\":\"https:\\\/\\\/jornalbeirario.com.br\\\/portal\\\/wp-content\\\/uploads\\\/2023\\\/11\\\/MPF.jpg\",\"contentUrl\":\"https:\\\/\\\/jornalbeirario.com.br\\\/portal\\\/wp-content\\\/uploads\\\/2023\\\/11\\\/MPF.jpg\",\"width\":1000,\"height\":640},{\"@type\":\"BreadcrumbList\",\"@id\":\"https:\\\/\\\/jornalbeirario.com.br\\\/portal\\\/?p=98360#breadcrumb\",\"itemListElement\":[{\"@type\":\"ListItem\",\"position\":1,\"name\":\"Home\",\"item\":\"https:\\\/\\\/jornalbeirario.com.br\\\/portal\"},{\"@type\":\"ListItem\",\"position\":2,\"name\":\"O passado tamb\u00e9m importa. Nada de nome de rua ou homenagens aos racistas\"}]},{\"@type\":\"WebSite\",\"@id\":\"https:\\\/\\\/jornalbeirario.com.br\\\/portal\\\/#website\",\"url\":\"https:\\\/\\\/jornalbeirario.com.br\\\/portal\\\/\",\"name\":\"JORNAL BEIRA RIO\",\"description\":\"\",\"publisher\":{\"@id\":\"https:\\\/\\\/jornalbeirario.com.br\\\/portal\\\/#organization\"},\"potentialAction\":[{\"@type\":\"SearchAction\",\"target\":{\"@type\":\"EntryPoint\",\"urlTemplate\":\"https:\\\/\\\/jornalbeirario.com.br\\\/portal\\\/?s={search_term_string}\"},\"query-input\":{\"@type\":\"PropertyValueSpecification\",\"valueRequired\":true,\"valueName\":\"search_term_string\"}}],\"inLanguage\":\"pt-BR\"},{\"@type\":\"Organization\",\"@id\":\"https:\\\/\\\/jornalbeirario.com.br\\\/portal\\\/#organization\",\"name\":\"JORNAL BEIRA RIO\",\"url\":\"https:\\\/\\\/jornalbeirario.com.br\\\/portal\\\/\",\"logo\":{\"@type\":\"ImageObject\",\"inLanguage\":\"pt-BR\",\"@id\":\"https:\\\/\\\/jornalbeirario.com.br\\\/portal\\\/#\\\/schema\\\/logo\\\/image\\\/\",\"url\":\"https:\\\/\\\/jornalbeirario.com.br\\\/portal\\\/wp-content\\\/uploads\\\/2017\\\/09\\\/BEIRA-RIO_logo600.png\",\"contentUrl\":\"https:\\\/\\\/jornalbeirario.com.br\\\/portal\\\/wp-content\\\/uploads\\\/2017\\\/09\\\/BEIRA-RIO_logo600.png\",\"width\":650,\"height\":108,\"caption\":\"JORNAL BEIRA RIO\"},\"image\":{\"@id\":\"https:\\\/\\\/jornalbeirario.com.br\\\/portal\\\/#\\\/schema\\\/logo\\\/image\\\/\"}},{\"@type\":\"Person\",\"@id\":\"https:\\\/\\\/jornalbeirario.com.br\\\/portal\\\/#\\\/schema\\\/person\\\/c6c423e4c2465d2a9233f6539173e7c1\",\"name\":\"Jornal BEIRA-RIO\",\"image\":{\"@type\":\"ImageObject\",\"inLanguage\":\"pt-BR\",\"@id\":\"https:\\\/\\\/jornalbeirario.com.br\\\/portal\\\/wp-content\\\/uploads\\\/2023\\\/10\\\/logojbr1.jpg\",\"url\":\"https:\\\/\\\/jornalbeirario.com.br\\\/portal\\\/wp-content\\\/uploads\\\/2023\\\/10\\\/logojbr1.jpg\",\"contentUrl\":\"https:\\\/\\\/jornalbeirario.com.br\\\/portal\\\/wp-content\\\/uploads\\\/2023\\\/10\\\/logojbr1.jpg\",\"caption\":\"Jornal BEIRA-RIO\"},\"url\":\"https:\\\/\\\/jornalbeirario.com.br\\\/portal\\\/?author=1\"}]}<\/script>\n<!-- \/ Yoast SEO plugin. -->","yoast_head_json":{"title":"O passado tamb\u00e9m importa. Nada de nome de rua ou homenagens aos racistas - JORNAL BEIRA RIO","robots":{"index":"index","follow":"follow","max-snippet":"max-snippet:-1","max-image-preview":"max-image-preview:large","max-video-preview":"max-video-preview:-1"},"canonical":"https:\/\/jornalbeirario.com.br\/portal\/?p=98360","og_locale":"pt_BR","og_type":"article","og_title":"O passado tamb\u00e9m importa. Nada de nome de rua ou homenagens aos racistas - JORNAL BEIRA RIO","og_description":"O Minist\u00e9rio P\u00fablico Federal, por meio da Procuradoria Regional dos Direitos do Cidad\u00e3o no Rio de Janeiro, enviou um of\u00edcio ao prefeito do Rio","og_url":"https:\/\/jornalbeirario.com.br\/portal\/?p=98360","og_site_name":"JORNAL BEIRA RIO","article_published_time":"2023-11-24T12:54:06+00:00","og_image":[{"width":1000,"height":640,"url":"https:\/\/jornalbeirario.com.br\/portal\/wp-content\/uploads\/2023\/11\/MPF.jpg","type":"image\/jpeg"}],"author":"Jornal BEIRA-RIO","twitter_card":"summary_large_image","twitter_misc":{"Escrito por":"Jornal BEIRA-RIO","Est. tempo de leitura":"3 minutos"},"schema":{"@context":"https:\/\/schema.org","@graph":[{"@type":"Article","@id":"https:\/\/jornalbeirario.com.br\/portal\/?p=98360#article","isPartOf":{"@id":"https:\/\/jornalbeirario.com.br\/portal\/?p=98360"},"author":{"name":"Jornal BEIRA-RIO","@id":"https:\/\/jornalbeirario.com.br\/portal\/#\/schema\/person\/c6c423e4c2465d2a9233f6539173e7c1"},"headline":"O passado tamb\u00e9m importa. Nada de nome de rua ou homenagens aos racistas","datePublished":"2023-11-24T12:54:06+00:00","mainEntityOfPage":{"@id":"https:\/\/jornalbeirario.com.br\/portal\/?p=98360"},"wordCount":578,"commentCount":0,"publisher":{"@id":"https:\/\/jornalbeirario.com.br\/portal\/#organization"},"image":{"@id":"https:\/\/jornalbeirario.com.br\/portal\/?p=98360#primaryimage"},"thumbnailUrl":"https:\/\/jornalbeirario.com.br\/portal\/wp-content\/uploads\/2023\/11\/MPF.jpg","articleSection":["Brasil","Justi\u00e7a","Manchete"],"inLanguage":"pt-BR","potentialAction":[{"@type":"CommentAction","name":"Comment","target":["https:\/\/jornalbeirario.com.br\/portal\/?p=98360#respond"]}]},{"@type":"WebPage","@id":"https:\/\/jornalbeirario.com.br\/portal\/?p=98360","url":"https:\/\/jornalbeirario.com.br\/portal\/?p=98360","name":"O passado tamb\u00e9m importa. Nada de nome de rua ou homenagens aos racistas - JORNAL BEIRA RIO","isPartOf":{"@id":"https:\/\/jornalbeirario.com.br\/portal\/#website"},"primaryImageOfPage":{"@id":"https:\/\/jornalbeirario.com.br\/portal\/?p=98360#primaryimage"},"image":{"@id":"https:\/\/jornalbeirario.com.br\/portal\/?p=98360#primaryimage"},"thumbnailUrl":"https:\/\/jornalbeirario.com.br\/portal\/wp-content\/uploads\/2023\/11\/MPF.jpg","datePublished":"2023-11-24T12:54:06+00:00","breadcrumb":{"@id":"https:\/\/jornalbeirario.com.br\/portal\/?p=98360#breadcrumb"},"inLanguage":"pt-BR","potentialAction":[{"@type":"ReadAction","target":["https:\/\/jornalbeirario.com.br\/portal\/?p=98360"]}]},{"@type":"ImageObject","inLanguage":"pt-BR","@id":"https:\/\/jornalbeirario.com.br\/portal\/?p=98360#primaryimage","url":"https:\/\/jornalbeirario.com.br\/portal\/wp-content\/uploads\/2023\/11\/MPF.jpg","contentUrl":"https:\/\/jornalbeirario.com.br\/portal\/wp-content\/uploads\/2023\/11\/MPF.jpg","width":1000,"height":640},{"@type":"BreadcrumbList","@id":"https:\/\/jornalbeirario.com.br\/portal\/?p=98360#breadcrumb","itemListElement":[{"@type":"ListItem","position":1,"name":"Home","item":"https:\/\/jornalbeirario.com.br\/portal"},{"@type":"ListItem","position":2,"name":"O passado tamb\u00e9m importa. Nada de nome de rua ou homenagens aos racistas"}]},{"@type":"WebSite","@id":"https:\/\/jornalbeirario.com.br\/portal\/#website","url":"https:\/\/jornalbeirario.com.br\/portal\/","name":"JORNAL BEIRA RIO","description":"","publisher":{"@id":"https:\/\/jornalbeirario.com.br\/portal\/#organization"},"potentialAction":[{"@type":"SearchAction","target":{"@type":"EntryPoint","urlTemplate":"https:\/\/jornalbeirario.com.br\/portal\/?s={search_term_string}"},"query-input":{"@type":"PropertyValueSpecification","valueRequired":true,"valueName":"search_term_string"}}],"inLanguage":"pt-BR"},{"@type":"Organization","@id":"https:\/\/jornalbeirario.com.br\/portal\/#organization","name":"JORNAL BEIRA RIO","url":"https:\/\/jornalbeirario.com.br\/portal\/","logo":{"@type":"ImageObject","inLanguage":"pt-BR","@id":"https:\/\/jornalbeirario.com.br\/portal\/#\/schema\/logo\/image\/","url":"https:\/\/jornalbeirario.com.br\/portal\/wp-content\/uploads\/2017\/09\/BEIRA-RIO_logo600.png","contentUrl":"https:\/\/jornalbeirario.com.br\/portal\/wp-content\/uploads\/2017\/09\/BEIRA-RIO_logo600.png","width":650,"height":108,"caption":"JORNAL BEIRA RIO"},"image":{"@id":"https:\/\/jornalbeirario.com.br\/portal\/#\/schema\/logo\/image\/"}},{"@type":"Person","@id":"https:\/\/jornalbeirario.com.br\/portal\/#\/schema\/person\/c6c423e4c2465d2a9233f6539173e7c1","name":"Jornal BEIRA-RIO","image":{"@type":"ImageObject","inLanguage":"pt-BR","@id":"https:\/\/jornalbeirario.com.br\/portal\/wp-content\/uploads\/2023\/10\/logojbr1.jpg","url":"https:\/\/jornalbeirario.com.br\/portal\/wp-content\/uploads\/2023\/10\/logojbr1.jpg","contentUrl":"https:\/\/jornalbeirario.com.br\/portal\/wp-content\/uploads\/2023\/10\/logojbr1.jpg","caption":"Jornal BEIRA-RIO"},"url":"https:\/\/jornalbeirario.com.br\/portal\/?author=1"}]}},"_links":{"self":[{"href":"https:\/\/jornalbeirario.com.br\/portal\/index.php?rest_route=\/wp\/v2\/posts\/98360","targetHints":{"allow":["GET"]}}],"collection":[{"href":"https:\/\/jornalbeirario.com.br\/portal\/index.php?rest_route=\/wp\/v2\/posts"}],"about":[{"href":"https:\/\/jornalbeirario.com.br\/portal\/index.php?rest_route=\/wp\/v2\/types\/post"}],"author":[{"embeddable":true,"href":"https:\/\/jornalbeirario.com.br\/portal\/index.php?rest_route=\/wp\/v2\/users\/1"}],"replies":[{"embeddable":true,"href":"https:\/\/jornalbeirario.com.br\/portal\/index.php?rest_route=%2Fwp%2Fv2%2Fcomments&post=98360"}],"version-history":[{"count":1,"href":"https:\/\/jornalbeirario.com.br\/portal\/index.php?rest_route=\/wp\/v2\/posts\/98360\/revisions"}],"predecessor-version":[{"id":98362,"href":"https:\/\/jornalbeirario.com.br\/portal\/index.php?rest_route=\/wp\/v2\/posts\/98360\/revisions\/98362"}],"wp:featuredmedia":[{"embeddable":true,"href":"https:\/\/jornalbeirario.com.br\/portal\/index.php?rest_route=\/wp\/v2\/media\/98361"}],"wp:attachment":[{"href":"https:\/\/jornalbeirario.com.br\/portal\/index.php?rest_route=%2Fwp%2Fv2%2Fmedia&parent=98360"}],"wp:term":[{"taxonomy":"category","embeddable":true,"href":"https:\/\/jornalbeirario.com.br\/portal\/index.php?rest_route=%2Fwp%2Fv2%2Fcategories&post=98360"},{"taxonomy":"post_tag","embeddable":true,"href":"https:\/\/jornalbeirario.com.br\/portal\/index.php?rest_route=%2Fwp%2Fv2%2Ftags&post=98360"}],"curies":[{"name":"wp","href":"https:\/\/api.w.org\/{rel}","templated":true}]}}