
{"id":98139,"date":"2023-08-02T16:19:33","date_gmt":"2023-08-02T19:19:33","guid":{"rendered":"https:\/\/jornalbeirario.com.br\/portal\/?p=98139"},"modified":"2023-08-02T16:30:41","modified_gmt":"2023-08-02T19:30:41","slug":"fotografa-resendense-participa-do-mecainhotim","status":"publish","type":"post","link":"https:\/\/jornalbeirario.com.br\/portal\/?p=98139","title":{"rendered":"Fot\u00f3grafa resendense participa do MECAInhotim"},"content":{"rendered":"<p><img loading=\"lazy\" decoding=\"async\" class=\"alignright size-medium wp-image-98142\" src=\"https:\/\/jornalbeirario.com.br\/portal\/wp-content\/uploads\/2023\/08\/inhotim-300x225.jpg\" alt=\"\" width=\"300\" height=\"225\" srcset=\"https:\/\/jornalbeirario.com.br\/portal\/wp-content\/uploads\/2023\/08\/inhotim-300x225.jpg 300w, https:\/\/jornalbeirario.com.br\/portal\/wp-content\/uploads\/2023\/08\/inhotim.jpg 640w\" sizes=\"auto, (max-width: 300px) 100vw, 300px\" \/>O \u00a0MECAInhotim \u00e9 um festival de m\u00fasica, cultura e arte, que acontece no maior museu a c\u00e9u aberto do mundo, o Instituto Inhotim, em Brumadinho, MG, e esse ano acontecer\u00e1 entre os dias 4 a 6 de agosto. Inova\u00e7\u00e3o \u00e9 uma das caracter\u00edsticas do Festival que esse ano pela primeira vez no Brasil, anunciou o <em>line-up<\/em> do Meca Inhotim 2023 atrav\u00e9s de uma <em>playlist<\/em> exclusiva no <em>Spotify<\/em>. Essa abordagem inovadora permitiu que o p\u00fablico em geral tivesse acesso antecipado aos artistas que se apresentar\u00e3o nos tr\u00eas dias do festival.<\/p>\n<p>Entre os talentosos artistas confirmados para o evento, destacam-se nomes como Daniela Mercury, Adriana Calcanhotto, Luedji Luna, Rodrigo Amarante, Tuyo, e diversos outros. A diversidade musical promete oferecer uma experi\u00eancia enriquecedora e memor\u00e1vel para os espectadores. Com essa iniciativa, o Meca quebra paradigmas ao utilizar uma plataforma de streaming como meio de anunciar o <em>line-up<\/em>, proporcionando aos f\u00e3s a oportunidade de conhecerem previamente os artistas que estar\u00e3o presentes no aguardado festival.<\/p>\n<p>Rodrigo Santana, diretor criativo do festival itinerante, j\u00e1 est\u00e1 na s\u00e9tima edi\u00e7\u00e3o do MECA (Inhotim),\u00a0 hoje o mais consagrado dos festivais do MECA e o \u201cMaior menor Festival de m\u00fasica, arte e entretenimento do mundo\u201d. Outra novidade ser\u00e1 a mesa de debates sobre Arte e Psicanalise, com convidados que ir\u00e3o trazer reflex\u00f5es importantes e necess\u00e1rias sobre a comunidade LGBTQIAPN+.<\/p>\n<p>O Infamiliar de Freud, a quest\u00e3o do G\u00eanero na obra Orlando de Virginia Woolf e na obra de Victor Arruda s\u00e3o temas dos di\u00e1logos entre o pr\u00f3prio artista, a escritora Claudia Sehbe, a Psicanalista Gilda Pitombo e Beta Maria, Gerente de Contas na SOKO que faz parte de projetos que apoiam a diversidade, abrangendo quest\u00f5es de g\u00eanero, ra\u00e7a e comunidade LGBTQIAPN+.<\/p>\n<p><img loading=\"lazy\" decoding=\"async\" class=\"alignright size-medium wp-image-98143\" src=\"https:\/\/jornalbeirario.com.br\/portal\/wp-content\/uploads\/2023\/08\/Gilda-200x300.jpg\" alt=\"\" width=\"200\" height=\"300\" srcset=\"https:\/\/jornalbeirario.com.br\/portal\/wp-content\/uploads\/2023\/08\/Gilda-200x300.jpg 200w, https:\/\/jornalbeirario.com.br\/portal\/wp-content\/uploads\/2023\/08\/Gilda-681x1024.jpg 681w, https:\/\/jornalbeirario.com.br\/portal\/wp-content\/uploads\/2023\/08\/Gilda-768x1155.jpg 768w, https:\/\/jornalbeirario.com.br\/portal\/wp-content\/uploads\/2023\/08\/Gilda-1021x1536.jpg 1021w, https:\/\/jornalbeirario.com.br\/portal\/wp-content\/uploads\/2023\/08\/Gilda.jpg 1064w\" sizes=\"auto, (max-width: 200px) 100vw, 200px\" \/>A doutoranda em Artes e Psicanalista Gilda Pitombo, ir\u00e1 compartilhar ideias que foram defendidas em sua tese de doutorado, trazendo para os espectadores uma vis\u00e3o sobre o Infamiliar na Obra de Victor Arruda e Virginia Woof.\u00a0 Para Gilda, a obra de Arruda aborda o feminino amorda\u00e7ado e submetido completamente \u00e0 ordem patriarcal e ilustra a quest\u00e3o do feminino de forma a gerar o mal estar. Como um artista pol\u00edtico, ele, com sua obra, questiona as posi\u00e7\u00f5es econ\u00f4micas, afetivas, sexual e emocional, nas quais os sujeitos est\u00e3o aprisionados sem possibilidade.<\/p>\n<p>Victor Arruda foi pioneiro do movimento LGBTQIAPN+.\u00a0 na d\u00e9cada de 70, no auge da ditadura militar e hoje nos convida a refletir sobre a dor de existir e a import\u00e2ncia do enfrentamento de quest\u00e3o inconsciente e a necessidade de apostar no desejo e com essa ferramenta encarar a si pr\u00f3prio e o mundo l\u00e1 fora. \u201cAfinal, ningu\u00e9m autoriza a sexualidade de ningu\u00e9m\u201d como diz Marco Ant\u00f4nio Coutinho Jorge.<\/p>\n<p>J\u00e1 a artista resendense, Bia Peace, criadora do Phototerapia no Brasil, autora do longa metragem Dualidades Docentes, que aborda a sa\u00fade mental do professor e fot\u00f3grafa de mulheres, estar\u00e1 no Festival, acompanhando a psicanalista Gilda Pitombo, cobrindo os di\u00e1logos sobre\u00a0 O Infamiliar de Freud, a quest\u00e3o do G\u00eanero na obra Orlando de Virginia Woolf e na obra de Victor Arruda. A proposta da artista \u00e9 dar mais visibilidade ao tema dentro da psicologia e da psicanalise na regi\u00e3o Sul Fluminense, j\u00e1 que tamb\u00e9m \u00e9 acad\u00eamica do decimo per\u00edodo do curso de psicologia no UBM em Barra Mansa. \u201cAcho importante que estudantes e pesquisadores que n\u00e3o puderem ir prestigiar o evento de perto, tenham acesso a todos os debates e di\u00e1logos, pois s\u00e3o temas atuais e que precisam cada vez mais de visibilidade, os organizadores do evento, foram impec\u00e1veis na escolha dos temas e dos convidados, mais do que nunca, a psicologia precisa estar inserida nesses festivais, \u00e9 um ganho enorme para a sociedade essa mesa de debates e esse festival\u201d, afirma Bia.<\/p>\n<p>Programa\u00e7\u00e3o do evento e como adquirir o passaporte no site <a href=\"https:\/\/meca.love\/\">https:\/\/meca.love\/<\/a><\/p>\n","protected":false},"excerpt":{"rendered":"<p>O \u00a0MECAInhotim \u00e9 um festival de m\u00fasica, cultura e arte, que acontece no maior museu a c\u00e9u aberto do mundo, o Instituto Inhotim, em<\/p>\n","protected":false},"author":1,"featured_media":98145,"comment_status":"open","ping_status":"open","sticky":false,"template":"","format":"standard","meta":{"pmpro_default_level":"","footnotes":""},"categories":[5,166,180],"tags":[],"class_list":["post-98139","post","type-post","status-publish","format-standard","has-post-thumbnail","hentry","category-cultura","category-evento","category-geral","pmpro-has-access"],"yoast_head":"<!-- This site is optimized with the Yoast SEO plugin v27.4 - https:\/\/yoast.com\/product\/yoast-seo-wordpress\/ -->\n<title>Fot\u00f3grafa resendense participa do MECAInhotim - JORNAL BEIRA RIO<\/title>\n<meta name=\"robots\" content=\"index, follow, max-snippet:-1, max-image-preview:large, max-video-preview:-1\" \/>\n<link rel=\"canonical\" href=\"https:\/\/jornalbeirario.com.br\/portal\/?p=98139\" \/>\n<meta property=\"og:locale\" content=\"pt_BR\" \/>\n<meta property=\"og:type\" content=\"article\" \/>\n<meta property=\"og:title\" content=\"Fot\u00f3grafa resendense participa do MECAInhotim - JORNAL BEIRA RIO\" \/>\n<meta property=\"og:description\" content=\"O \u00a0MECAInhotim \u00e9 um festival de m\u00fasica, cultura e arte, que acontece no maior museu a c\u00e9u aberto do mundo, o Instituto Inhotim, em\" \/>\n<meta property=\"og:url\" content=\"https:\/\/jornalbeirario.com.br\/portal\/?p=98139\" \/>\n<meta property=\"og:site_name\" content=\"JORNAL BEIRA RIO\" \/>\n<meta property=\"article:published_time\" content=\"2023-08-02T19:19:33+00:00\" \/>\n<meta property=\"article:modified_time\" content=\"2023-08-02T19:30:41+00:00\" \/>\n<meta property=\"og:image\" content=\"https:\/\/jornalbeirario.com.br\/portal\/wp-content\/uploads\/2023\/08\/Bia-1.jpg\" \/>\n\t<meta property=\"og:image:width\" content=\"679\" \/>\n\t<meta property=\"og:image:height\" content=\"559\" \/>\n\t<meta property=\"og:image:type\" content=\"image\/jpeg\" \/>\n<meta name=\"author\" content=\"Jornal BEIRA-RIO\" \/>\n<meta name=\"twitter:card\" content=\"summary_large_image\" \/>\n<meta name=\"twitter:label1\" content=\"Escrito por\" \/>\n\t<meta name=\"twitter:data1\" content=\"Jornal BEIRA-RIO\" \/>\n\t<meta name=\"twitter:label2\" content=\"Est. tempo de leitura\" \/>\n\t<meta name=\"twitter:data2\" content=\"4 minutos\" \/>\n<script type=\"application\/ld+json\" class=\"yoast-schema-graph\">{\"@context\":\"https:\\\/\\\/schema.org\",\"@graph\":[{\"@type\":\"Article\",\"@id\":\"https:\\\/\\\/jornalbeirario.com.br\\\/portal\\\/?p=98139#article\",\"isPartOf\":{\"@id\":\"https:\\\/\\\/jornalbeirario.com.br\\\/portal\\\/?p=98139\"},\"author\":{\"name\":\"Jornal BEIRA-RIO\",\"@id\":\"https:\\\/\\\/jornalbeirario.com.br\\\/portal\\\/#\\\/schema\\\/person\\\/c6c423e4c2465d2a9233f6539173e7c1\"},\"headline\":\"Fot\u00f3grafa resendense participa do MECAInhotim\",\"datePublished\":\"2023-08-02T19:19:33+00:00\",\"dateModified\":\"2023-08-02T19:30:41+00:00\",\"mainEntityOfPage\":{\"@id\":\"https:\\\/\\\/jornalbeirario.com.br\\\/portal\\\/?p=98139\"},\"wordCount\":672,\"commentCount\":0,\"publisher\":{\"@id\":\"https:\\\/\\\/jornalbeirario.com.br\\\/portal\\\/#organization\"},\"image\":{\"@id\":\"https:\\\/\\\/jornalbeirario.com.br\\\/portal\\\/?p=98139#primaryimage\"},\"thumbnailUrl\":\"https:\\\/\\\/jornalbeirario.com.br\\\/portal\\\/wp-content\\\/uploads\\\/2023\\\/08\\\/Bia-1.jpg\",\"articleSection\":[\"Cultura\",\"Evento\",\"Geral\"],\"inLanguage\":\"pt-BR\",\"potentialAction\":[{\"@type\":\"CommentAction\",\"name\":\"Comment\",\"target\":[\"https:\\\/\\\/jornalbeirario.com.br\\\/portal\\\/?p=98139#respond\"]}]},{\"@type\":\"WebPage\",\"@id\":\"https:\\\/\\\/jornalbeirario.com.br\\\/portal\\\/?p=98139\",\"url\":\"https:\\\/\\\/jornalbeirario.com.br\\\/portal\\\/?p=98139\",\"name\":\"Fot\u00f3grafa resendense participa do MECAInhotim - JORNAL BEIRA RIO\",\"isPartOf\":{\"@id\":\"https:\\\/\\\/jornalbeirario.com.br\\\/portal\\\/#website\"},\"primaryImageOfPage\":{\"@id\":\"https:\\\/\\\/jornalbeirario.com.br\\\/portal\\\/?p=98139#primaryimage\"},\"image\":{\"@id\":\"https:\\\/\\\/jornalbeirario.com.br\\\/portal\\\/?p=98139#primaryimage\"},\"thumbnailUrl\":\"https:\\\/\\\/jornalbeirario.com.br\\\/portal\\\/wp-content\\\/uploads\\\/2023\\\/08\\\/Bia-1.jpg\",\"datePublished\":\"2023-08-02T19:19:33+00:00\",\"dateModified\":\"2023-08-02T19:30:41+00:00\",\"breadcrumb\":{\"@id\":\"https:\\\/\\\/jornalbeirario.com.br\\\/portal\\\/?p=98139#breadcrumb\"},\"inLanguage\":\"pt-BR\",\"potentialAction\":[{\"@type\":\"ReadAction\",\"target\":[\"https:\\\/\\\/jornalbeirario.com.br\\\/portal\\\/?p=98139\"]}]},{\"@type\":\"ImageObject\",\"inLanguage\":\"pt-BR\",\"@id\":\"https:\\\/\\\/jornalbeirario.com.br\\\/portal\\\/?p=98139#primaryimage\",\"url\":\"https:\\\/\\\/jornalbeirario.com.br\\\/portal\\\/wp-content\\\/uploads\\\/2023\\\/08\\\/Bia-1.jpg\",\"contentUrl\":\"https:\\\/\\\/jornalbeirario.com.br\\\/portal\\\/wp-content\\\/uploads\\\/2023\\\/08\\\/Bia-1.jpg\",\"width\":679,\"height\":559},{\"@type\":\"BreadcrumbList\",\"@id\":\"https:\\\/\\\/jornalbeirario.com.br\\\/portal\\\/?p=98139#breadcrumb\",\"itemListElement\":[{\"@type\":\"ListItem\",\"position\":1,\"name\":\"Home\",\"item\":\"https:\\\/\\\/jornalbeirario.com.br\\\/portal\"},{\"@type\":\"ListItem\",\"position\":2,\"name\":\"Fot\u00f3grafa resendense participa do MECAInhotim\"}]},{\"@type\":\"WebSite\",\"@id\":\"https:\\\/\\\/jornalbeirario.com.br\\\/portal\\\/#website\",\"url\":\"https:\\\/\\\/jornalbeirario.com.br\\\/portal\\\/\",\"name\":\"JORNAL BEIRA RIO\",\"description\":\"\",\"publisher\":{\"@id\":\"https:\\\/\\\/jornalbeirario.com.br\\\/portal\\\/#organization\"},\"potentialAction\":[{\"@type\":\"SearchAction\",\"target\":{\"@type\":\"EntryPoint\",\"urlTemplate\":\"https:\\\/\\\/jornalbeirario.com.br\\\/portal\\\/?s={search_term_string}\"},\"query-input\":{\"@type\":\"PropertyValueSpecification\",\"valueRequired\":true,\"valueName\":\"search_term_string\"}}],\"inLanguage\":\"pt-BR\"},{\"@type\":\"Organization\",\"@id\":\"https:\\\/\\\/jornalbeirario.com.br\\\/portal\\\/#organization\",\"name\":\"JORNAL BEIRA RIO\",\"url\":\"https:\\\/\\\/jornalbeirario.com.br\\\/portal\\\/\",\"logo\":{\"@type\":\"ImageObject\",\"inLanguage\":\"pt-BR\",\"@id\":\"https:\\\/\\\/jornalbeirario.com.br\\\/portal\\\/#\\\/schema\\\/logo\\\/image\\\/\",\"url\":\"https:\\\/\\\/jornalbeirario.com.br\\\/portal\\\/wp-content\\\/uploads\\\/2017\\\/09\\\/BEIRA-RIO_logo600.png\",\"contentUrl\":\"https:\\\/\\\/jornalbeirario.com.br\\\/portal\\\/wp-content\\\/uploads\\\/2017\\\/09\\\/BEIRA-RIO_logo600.png\",\"width\":650,\"height\":108,\"caption\":\"JORNAL BEIRA RIO\"},\"image\":{\"@id\":\"https:\\\/\\\/jornalbeirario.com.br\\\/portal\\\/#\\\/schema\\\/logo\\\/image\\\/\"}},{\"@type\":\"Person\",\"@id\":\"https:\\\/\\\/jornalbeirario.com.br\\\/portal\\\/#\\\/schema\\\/person\\\/c6c423e4c2465d2a9233f6539173e7c1\",\"name\":\"Jornal BEIRA-RIO\",\"image\":{\"@type\":\"ImageObject\",\"inLanguage\":\"pt-BR\",\"@id\":\"https:\\\/\\\/jornalbeirario.com.br\\\/portal\\\/wp-content\\\/uploads\\\/2023\\\/10\\\/logojbr1.jpg\",\"url\":\"https:\\\/\\\/jornalbeirario.com.br\\\/portal\\\/wp-content\\\/uploads\\\/2023\\\/10\\\/logojbr1.jpg\",\"contentUrl\":\"https:\\\/\\\/jornalbeirario.com.br\\\/portal\\\/wp-content\\\/uploads\\\/2023\\\/10\\\/logojbr1.jpg\",\"caption\":\"Jornal BEIRA-RIO\"},\"url\":\"https:\\\/\\\/jornalbeirario.com.br\\\/portal\\\/?author=1\"}]}<\/script>\n<!-- \/ Yoast SEO plugin. -->","yoast_head_json":{"title":"Fot\u00f3grafa resendense participa do MECAInhotim - JORNAL BEIRA RIO","robots":{"index":"index","follow":"follow","max-snippet":"max-snippet:-1","max-image-preview":"max-image-preview:large","max-video-preview":"max-video-preview:-1"},"canonical":"https:\/\/jornalbeirario.com.br\/portal\/?p=98139","og_locale":"pt_BR","og_type":"article","og_title":"Fot\u00f3grafa resendense participa do MECAInhotim - JORNAL BEIRA RIO","og_description":"O \u00a0MECAInhotim \u00e9 um festival de m\u00fasica, cultura e arte, que acontece no maior museu a c\u00e9u aberto do mundo, o Instituto Inhotim, em","og_url":"https:\/\/jornalbeirario.com.br\/portal\/?p=98139","og_site_name":"JORNAL BEIRA RIO","article_published_time":"2023-08-02T19:19:33+00:00","article_modified_time":"2023-08-02T19:30:41+00:00","og_image":[{"width":679,"height":559,"url":"https:\/\/jornalbeirario.com.br\/portal\/wp-content\/uploads\/2023\/08\/Bia-1.jpg","type":"image\/jpeg"}],"author":"Jornal BEIRA-RIO","twitter_card":"summary_large_image","twitter_misc":{"Escrito por":"Jornal BEIRA-RIO","Est. tempo de leitura":"4 minutos"},"schema":{"@context":"https:\/\/schema.org","@graph":[{"@type":"Article","@id":"https:\/\/jornalbeirario.com.br\/portal\/?p=98139#article","isPartOf":{"@id":"https:\/\/jornalbeirario.com.br\/portal\/?p=98139"},"author":{"name":"Jornal BEIRA-RIO","@id":"https:\/\/jornalbeirario.com.br\/portal\/#\/schema\/person\/c6c423e4c2465d2a9233f6539173e7c1"},"headline":"Fot\u00f3grafa resendense participa do MECAInhotim","datePublished":"2023-08-02T19:19:33+00:00","dateModified":"2023-08-02T19:30:41+00:00","mainEntityOfPage":{"@id":"https:\/\/jornalbeirario.com.br\/portal\/?p=98139"},"wordCount":672,"commentCount":0,"publisher":{"@id":"https:\/\/jornalbeirario.com.br\/portal\/#organization"},"image":{"@id":"https:\/\/jornalbeirario.com.br\/portal\/?p=98139#primaryimage"},"thumbnailUrl":"https:\/\/jornalbeirario.com.br\/portal\/wp-content\/uploads\/2023\/08\/Bia-1.jpg","articleSection":["Cultura","Evento","Geral"],"inLanguage":"pt-BR","potentialAction":[{"@type":"CommentAction","name":"Comment","target":["https:\/\/jornalbeirario.com.br\/portal\/?p=98139#respond"]}]},{"@type":"WebPage","@id":"https:\/\/jornalbeirario.com.br\/portal\/?p=98139","url":"https:\/\/jornalbeirario.com.br\/portal\/?p=98139","name":"Fot\u00f3grafa resendense participa do MECAInhotim - JORNAL BEIRA RIO","isPartOf":{"@id":"https:\/\/jornalbeirario.com.br\/portal\/#website"},"primaryImageOfPage":{"@id":"https:\/\/jornalbeirario.com.br\/portal\/?p=98139#primaryimage"},"image":{"@id":"https:\/\/jornalbeirario.com.br\/portal\/?p=98139#primaryimage"},"thumbnailUrl":"https:\/\/jornalbeirario.com.br\/portal\/wp-content\/uploads\/2023\/08\/Bia-1.jpg","datePublished":"2023-08-02T19:19:33+00:00","dateModified":"2023-08-02T19:30:41+00:00","breadcrumb":{"@id":"https:\/\/jornalbeirario.com.br\/portal\/?p=98139#breadcrumb"},"inLanguage":"pt-BR","potentialAction":[{"@type":"ReadAction","target":["https:\/\/jornalbeirario.com.br\/portal\/?p=98139"]}]},{"@type":"ImageObject","inLanguage":"pt-BR","@id":"https:\/\/jornalbeirario.com.br\/portal\/?p=98139#primaryimage","url":"https:\/\/jornalbeirario.com.br\/portal\/wp-content\/uploads\/2023\/08\/Bia-1.jpg","contentUrl":"https:\/\/jornalbeirario.com.br\/portal\/wp-content\/uploads\/2023\/08\/Bia-1.jpg","width":679,"height":559},{"@type":"BreadcrumbList","@id":"https:\/\/jornalbeirario.com.br\/portal\/?p=98139#breadcrumb","itemListElement":[{"@type":"ListItem","position":1,"name":"Home","item":"https:\/\/jornalbeirario.com.br\/portal"},{"@type":"ListItem","position":2,"name":"Fot\u00f3grafa resendense participa do MECAInhotim"}]},{"@type":"WebSite","@id":"https:\/\/jornalbeirario.com.br\/portal\/#website","url":"https:\/\/jornalbeirario.com.br\/portal\/","name":"JORNAL BEIRA RIO","description":"","publisher":{"@id":"https:\/\/jornalbeirario.com.br\/portal\/#organization"},"potentialAction":[{"@type":"SearchAction","target":{"@type":"EntryPoint","urlTemplate":"https:\/\/jornalbeirario.com.br\/portal\/?s={search_term_string}"},"query-input":{"@type":"PropertyValueSpecification","valueRequired":true,"valueName":"search_term_string"}}],"inLanguage":"pt-BR"},{"@type":"Organization","@id":"https:\/\/jornalbeirario.com.br\/portal\/#organization","name":"JORNAL BEIRA RIO","url":"https:\/\/jornalbeirario.com.br\/portal\/","logo":{"@type":"ImageObject","inLanguage":"pt-BR","@id":"https:\/\/jornalbeirario.com.br\/portal\/#\/schema\/logo\/image\/","url":"https:\/\/jornalbeirario.com.br\/portal\/wp-content\/uploads\/2017\/09\/BEIRA-RIO_logo600.png","contentUrl":"https:\/\/jornalbeirario.com.br\/portal\/wp-content\/uploads\/2017\/09\/BEIRA-RIO_logo600.png","width":650,"height":108,"caption":"JORNAL BEIRA RIO"},"image":{"@id":"https:\/\/jornalbeirario.com.br\/portal\/#\/schema\/logo\/image\/"}},{"@type":"Person","@id":"https:\/\/jornalbeirario.com.br\/portal\/#\/schema\/person\/c6c423e4c2465d2a9233f6539173e7c1","name":"Jornal BEIRA-RIO","image":{"@type":"ImageObject","inLanguage":"pt-BR","@id":"https:\/\/jornalbeirario.com.br\/portal\/wp-content\/uploads\/2023\/10\/logojbr1.jpg","url":"https:\/\/jornalbeirario.com.br\/portal\/wp-content\/uploads\/2023\/10\/logojbr1.jpg","contentUrl":"https:\/\/jornalbeirario.com.br\/portal\/wp-content\/uploads\/2023\/10\/logojbr1.jpg","caption":"Jornal BEIRA-RIO"},"url":"https:\/\/jornalbeirario.com.br\/portal\/?author=1"}]}},"_links":{"self":[{"href":"https:\/\/jornalbeirario.com.br\/portal\/index.php?rest_route=\/wp\/v2\/posts\/98139","targetHints":{"allow":["GET"]}}],"collection":[{"href":"https:\/\/jornalbeirario.com.br\/portal\/index.php?rest_route=\/wp\/v2\/posts"}],"about":[{"href":"https:\/\/jornalbeirario.com.br\/portal\/index.php?rest_route=\/wp\/v2\/types\/post"}],"author":[{"embeddable":true,"href":"https:\/\/jornalbeirario.com.br\/portal\/index.php?rest_route=\/wp\/v2\/users\/1"}],"replies":[{"embeddable":true,"href":"https:\/\/jornalbeirario.com.br\/portal\/index.php?rest_route=%2Fwp%2Fv2%2Fcomments&post=98139"}],"version-history":[{"count":2,"href":"https:\/\/jornalbeirario.com.br\/portal\/index.php?rest_route=\/wp\/v2\/posts\/98139\/revisions"}],"predecessor-version":[{"id":98144,"href":"https:\/\/jornalbeirario.com.br\/portal\/index.php?rest_route=\/wp\/v2\/posts\/98139\/revisions\/98144"}],"wp:featuredmedia":[{"embeddable":true,"href":"https:\/\/jornalbeirario.com.br\/portal\/index.php?rest_route=\/wp\/v2\/media\/98145"}],"wp:attachment":[{"href":"https:\/\/jornalbeirario.com.br\/portal\/index.php?rest_route=%2Fwp%2Fv2%2Fmedia&parent=98139"}],"wp:term":[{"taxonomy":"category","embeddable":true,"href":"https:\/\/jornalbeirario.com.br\/portal\/index.php?rest_route=%2Fwp%2Fv2%2Fcategories&post=98139"},{"taxonomy":"post_tag","embeddable":true,"href":"https:\/\/jornalbeirario.com.br\/portal\/index.php?rest_route=%2Fwp%2Fv2%2Ftags&post=98139"}],"curies":[{"name":"wp","href":"https:\/\/api.w.org\/{rel}","templated":true}]}}