
{"id":98126,"date":"2023-08-01T14:51:27","date_gmt":"2023-08-01T17:51:27","guid":{"rendered":"https:\/\/jornalbeirario.com.br\/portal\/?p=98126"},"modified":"2023-08-01T16:18:33","modified_gmt":"2023-08-01T19:18:33","slug":"sindicalista-assume-a-presidencia-do-conselho-estadual-de-saude-do-rj","status":"publish","type":"post","link":"https:\/\/jornalbeirario.com.br\/portal\/?p=98126","title":{"rendered":"Sindicalista assume a presid\u00eancia do Conselho Estadual de Sa\u00fade do RJ"},"content":{"rendered":"<figure id=\"attachment_98130\" aria-describedby=\"caption-attachment-98130\" style=\"width: 300px\" class=\"wp-caption alignright\"><img loading=\"lazy\" decoding=\"async\" class=\"size-medium wp-image-98130\" src=\"https:\/\/jornalbeirario.com.br\/portal\/wp-content\/uploads\/2023\/08\/Dani-300x169.jpg\" alt=\"\" width=\"300\" height=\"169\" srcset=\"https:\/\/jornalbeirario.com.br\/portal\/wp-content\/uploads\/2023\/08\/Dani-300x169.jpg 300w, https:\/\/jornalbeirario.com.br\/portal\/wp-content\/uploads\/2023\/08\/Dani-1024x576.jpg 1024w, https:\/\/jornalbeirario.com.br\/portal\/wp-content\/uploads\/2023\/08\/Dani-768x432.jpg 768w, https:\/\/jornalbeirario.com.br\/portal\/wp-content\/uploads\/2023\/08\/Dani-1536x864.jpg 1536w, https:\/\/jornalbeirario.com.br\/portal\/wp-content\/uploads\/2023\/08\/Dani-715x400.jpg 715w, https:\/\/jornalbeirario.com.br\/portal\/wp-content\/uploads\/2023\/08\/Dani.jpg 1600w\" sizes=\"auto, (max-width: 300px) 100vw, 300px\" \/><figcaption id=\"caption-attachment-98130\" class=\"wp-caption-text\">Dani Moretti (\u00e0 direita) assume a presid\u00eancia do CES-RJ<\/figcaption><\/figure>\n<p>A comerci\u00e1ria Daniele Moretti, sindicalista da Central das Trabalhadoras e Trabalhadores do Brasil (CTB) tomou posse na manh\u00e3 desta ter\u00e7a-feira, dia 1\u00ba de agosto como presidenta do Conselho Estadual de Sa\u00fade do Rio de Janeiro (CES-RJ). Numa cerim\u00f4nia prestigiada por diversas lideran\u00e7as sindicais e entidades de classe, Dani como \u00e9 conhecida \u00e9 do segmento usu\u00e1rio e pode representar uma retomada das atividades do CES prejudicadas nos \u00faltimos anos por causa da pandemia e por disputas internas.<\/p>\n<p>\u2014 Precisamos ter o povo aqui dentro. A popula\u00e7\u00e3o n\u00e3o sabe que existe o Conselho de Sa\u00fade que se re\u00fane uma vez por m\u00eas e \u00e9 aberto. O Conselho n\u00e3o deve ser dos conselheiros, mas trazer o povo pra c\u00e1. \u00c9 um espa\u00e7o democr\u00e1tico e vamos trabalhar pra isso. Temos um desafio que \u00e9 ocupar as vac\u00e2ncias dos segmentos, pois nossa legitimidade depende da paridade, disse Dani.<\/p>\n<p>Al\u00e9m de Dani Moretti foi eleita como vice-presidenta a representante da Federa\u00e7\u00e3o de Favelas do Rio de Janeiro, Frizia Stella. O mandato tem vig\u00eancia de um ano.<\/p>\n<p>Posse da presid\u00eancia do CES-RJ na \u00edntegra: https:\/\/www.facebook.com\/conselhodesaude.rj\/videos\/247017238156936<\/p>\n<p>Foto: divulga\u00e7\u00e3o CES-RJ\/Daniel Spirin<\/p>\n","protected":false},"excerpt":{"rendered":"<p>A comerci\u00e1ria Daniele Moretti, sindicalista da Central das Trabalhadoras e Trabalhadores do Brasil (CTB) tomou posse na manh\u00e3 desta ter\u00e7a-feira, dia 1\u00ba de agosto<\/p>\n","protected":false},"author":1,"featured_media":98133,"comment_status":"open","ping_status":"open","sticky":false,"template":"","format":"standard","meta":{"pmpro_default_level":"","footnotes":""},"categories":[227,18],"tags":[],"class_list":["post-98126","post","type-post","status-publish","format-standard","has-post-thumbnail","hentry","category-manchete","category-saude","pmpro-has-access"],"yoast_head":"<!-- This site is optimized with the Yoast SEO plugin v27.4 - https:\/\/yoast.com\/product\/yoast-seo-wordpress\/ -->\n<title>Sindicalista assume a presid\u00eancia do Conselho Estadual de Sa\u00fade do RJ - JORNAL BEIRA RIO<\/title>\n<meta name=\"robots\" content=\"index, follow, max-snippet:-1, max-image-preview:large, max-video-preview:-1\" \/>\n<link rel=\"canonical\" href=\"https:\/\/jornalbeirario.com.br\/portal\/?p=98126\" \/>\n<meta property=\"og:locale\" content=\"pt_BR\" \/>\n<meta property=\"og:type\" content=\"article\" \/>\n<meta property=\"og:title\" content=\"Sindicalista assume a presid\u00eancia do Conselho Estadual de Sa\u00fade do RJ - JORNAL BEIRA RIO\" \/>\n<meta property=\"og:description\" content=\"A comerci\u00e1ria Daniele Moretti, sindicalista da Central das Trabalhadoras e Trabalhadores do Brasil (CTB) tomou posse na manh\u00e3 desta ter\u00e7a-feira, dia 1\u00ba de agosto\" \/>\n<meta property=\"og:url\" content=\"https:\/\/jornalbeirario.com.br\/portal\/?p=98126\" \/>\n<meta property=\"og:site_name\" content=\"JORNAL BEIRA RIO\" \/>\n<meta property=\"article:published_time\" content=\"2023-08-01T17:51:27+00:00\" \/>\n<meta property=\"article:modified_time\" content=\"2023-08-01T19:18:33+00:00\" \/>\n<meta property=\"og:image\" content=\"https:\/\/jornalbeirario.com.br\/portal\/wp-content\/uploads\/2023\/08\/Dani-CES.jpg\" \/>\n\t<meta property=\"og:image:width\" content=\"1100\" \/>\n\t<meta property=\"og:image:height\" content=\"680\" \/>\n\t<meta property=\"og:image:type\" content=\"image\/jpeg\" \/>\n<meta name=\"author\" content=\"Jornal BEIRA-RIO\" \/>\n<meta name=\"twitter:card\" content=\"summary_large_image\" \/>\n<meta name=\"twitter:label1\" content=\"Escrito por\" \/>\n\t<meta name=\"twitter:data1\" content=\"Jornal BEIRA-RIO\" \/>\n\t<meta name=\"twitter:label2\" content=\"Est. tempo de leitura\" \/>\n\t<meta name=\"twitter:data2\" content=\"2 minutos\" \/>\n<script type=\"application\/ld+json\" class=\"yoast-schema-graph\">{\"@context\":\"https:\\\/\\\/schema.org\",\"@graph\":[{\"@type\":\"Article\",\"@id\":\"https:\\\/\\\/jornalbeirario.com.br\\\/portal\\\/?p=98126#article\",\"isPartOf\":{\"@id\":\"https:\\\/\\\/jornalbeirario.com.br\\\/portal\\\/?p=98126\"},\"author\":{\"name\":\"Jornal BEIRA-RIO\",\"@id\":\"https:\\\/\\\/jornalbeirario.com.br\\\/portal\\\/#\\\/schema\\\/person\\\/c6c423e4c2465d2a9233f6539173e7c1\"},\"headline\":\"Sindicalista assume a presid\u00eancia do Conselho Estadual de Sa\u00fade do RJ\",\"datePublished\":\"2023-08-01T17:51:27+00:00\",\"dateModified\":\"2023-08-01T19:18:33+00:00\",\"mainEntityOfPage\":{\"@id\":\"https:\\\/\\\/jornalbeirario.com.br\\\/portal\\\/?p=98126\"},\"wordCount\":231,\"commentCount\":0,\"publisher\":{\"@id\":\"https:\\\/\\\/jornalbeirario.com.br\\\/portal\\\/#organization\"},\"image\":{\"@id\":\"https:\\\/\\\/jornalbeirario.com.br\\\/portal\\\/?p=98126#primaryimage\"},\"thumbnailUrl\":\"https:\\\/\\\/jornalbeirario.com.br\\\/portal\\\/wp-content\\\/uploads\\\/2023\\\/08\\\/Dani-CES.jpg\",\"articleSection\":[\"Manchete\",\"Sa\u00fade\"],\"inLanguage\":\"pt-BR\",\"potentialAction\":[{\"@type\":\"CommentAction\",\"name\":\"Comment\",\"target\":[\"https:\\\/\\\/jornalbeirario.com.br\\\/portal\\\/?p=98126#respond\"]}]},{\"@type\":\"WebPage\",\"@id\":\"https:\\\/\\\/jornalbeirario.com.br\\\/portal\\\/?p=98126\",\"url\":\"https:\\\/\\\/jornalbeirario.com.br\\\/portal\\\/?p=98126\",\"name\":\"Sindicalista assume a presid\u00eancia do Conselho Estadual de Sa\u00fade do RJ - JORNAL BEIRA RIO\",\"isPartOf\":{\"@id\":\"https:\\\/\\\/jornalbeirario.com.br\\\/portal\\\/#website\"},\"primaryImageOfPage\":{\"@id\":\"https:\\\/\\\/jornalbeirario.com.br\\\/portal\\\/?p=98126#primaryimage\"},\"image\":{\"@id\":\"https:\\\/\\\/jornalbeirario.com.br\\\/portal\\\/?p=98126#primaryimage\"},\"thumbnailUrl\":\"https:\\\/\\\/jornalbeirario.com.br\\\/portal\\\/wp-content\\\/uploads\\\/2023\\\/08\\\/Dani-CES.jpg\",\"datePublished\":\"2023-08-01T17:51:27+00:00\",\"dateModified\":\"2023-08-01T19:18:33+00:00\",\"breadcrumb\":{\"@id\":\"https:\\\/\\\/jornalbeirario.com.br\\\/portal\\\/?p=98126#breadcrumb\"},\"inLanguage\":\"pt-BR\",\"potentialAction\":[{\"@type\":\"ReadAction\",\"target\":[\"https:\\\/\\\/jornalbeirario.com.br\\\/portal\\\/?p=98126\"]}]},{\"@type\":\"ImageObject\",\"inLanguage\":\"pt-BR\",\"@id\":\"https:\\\/\\\/jornalbeirario.com.br\\\/portal\\\/?p=98126#primaryimage\",\"url\":\"https:\\\/\\\/jornalbeirario.com.br\\\/portal\\\/wp-content\\\/uploads\\\/2023\\\/08\\\/Dani-CES.jpg\",\"contentUrl\":\"https:\\\/\\\/jornalbeirario.com.br\\\/portal\\\/wp-content\\\/uploads\\\/2023\\\/08\\\/Dani-CES.jpg\",\"width\":1100,\"height\":680},{\"@type\":\"BreadcrumbList\",\"@id\":\"https:\\\/\\\/jornalbeirario.com.br\\\/portal\\\/?p=98126#breadcrumb\",\"itemListElement\":[{\"@type\":\"ListItem\",\"position\":1,\"name\":\"Home\",\"item\":\"https:\\\/\\\/jornalbeirario.com.br\\\/portal\"},{\"@type\":\"ListItem\",\"position\":2,\"name\":\"Sindicalista assume a presid\u00eancia do Conselho Estadual de Sa\u00fade do RJ\"}]},{\"@type\":\"WebSite\",\"@id\":\"https:\\\/\\\/jornalbeirario.com.br\\\/portal\\\/#website\",\"url\":\"https:\\\/\\\/jornalbeirario.com.br\\\/portal\\\/\",\"name\":\"JORNAL BEIRA RIO\",\"description\":\"\",\"publisher\":{\"@id\":\"https:\\\/\\\/jornalbeirario.com.br\\\/portal\\\/#organization\"},\"potentialAction\":[{\"@type\":\"SearchAction\",\"target\":{\"@type\":\"EntryPoint\",\"urlTemplate\":\"https:\\\/\\\/jornalbeirario.com.br\\\/portal\\\/?s={search_term_string}\"},\"query-input\":{\"@type\":\"PropertyValueSpecification\",\"valueRequired\":true,\"valueName\":\"search_term_string\"}}],\"inLanguage\":\"pt-BR\"},{\"@type\":\"Organization\",\"@id\":\"https:\\\/\\\/jornalbeirario.com.br\\\/portal\\\/#organization\",\"name\":\"JORNAL BEIRA RIO\",\"url\":\"https:\\\/\\\/jornalbeirario.com.br\\\/portal\\\/\",\"logo\":{\"@type\":\"ImageObject\",\"inLanguage\":\"pt-BR\",\"@id\":\"https:\\\/\\\/jornalbeirario.com.br\\\/portal\\\/#\\\/schema\\\/logo\\\/image\\\/\",\"url\":\"https:\\\/\\\/jornalbeirario.com.br\\\/portal\\\/wp-content\\\/uploads\\\/2017\\\/09\\\/BEIRA-RIO_logo600.png\",\"contentUrl\":\"https:\\\/\\\/jornalbeirario.com.br\\\/portal\\\/wp-content\\\/uploads\\\/2017\\\/09\\\/BEIRA-RIO_logo600.png\",\"width\":650,\"height\":108,\"caption\":\"JORNAL BEIRA RIO\"},\"image\":{\"@id\":\"https:\\\/\\\/jornalbeirario.com.br\\\/portal\\\/#\\\/schema\\\/logo\\\/image\\\/\"}},{\"@type\":\"Person\",\"@id\":\"https:\\\/\\\/jornalbeirario.com.br\\\/portal\\\/#\\\/schema\\\/person\\\/c6c423e4c2465d2a9233f6539173e7c1\",\"name\":\"Jornal BEIRA-RIO\",\"image\":{\"@type\":\"ImageObject\",\"inLanguage\":\"pt-BR\",\"@id\":\"https:\\\/\\\/jornalbeirario.com.br\\\/portal\\\/wp-content\\\/uploads\\\/2023\\\/10\\\/logojbr1.jpg\",\"url\":\"https:\\\/\\\/jornalbeirario.com.br\\\/portal\\\/wp-content\\\/uploads\\\/2023\\\/10\\\/logojbr1.jpg\",\"contentUrl\":\"https:\\\/\\\/jornalbeirario.com.br\\\/portal\\\/wp-content\\\/uploads\\\/2023\\\/10\\\/logojbr1.jpg\",\"caption\":\"Jornal BEIRA-RIO\"},\"url\":\"https:\\\/\\\/jornalbeirario.com.br\\\/portal\\\/?author=1\"}]}<\/script>\n<!-- \/ Yoast SEO plugin. -->","yoast_head_json":{"title":"Sindicalista assume a presid\u00eancia do Conselho Estadual de Sa\u00fade do RJ - JORNAL BEIRA RIO","robots":{"index":"index","follow":"follow","max-snippet":"max-snippet:-1","max-image-preview":"max-image-preview:large","max-video-preview":"max-video-preview:-1"},"canonical":"https:\/\/jornalbeirario.com.br\/portal\/?p=98126","og_locale":"pt_BR","og_type":"article","og_title":"Sindicalista assume a presid\u00eancia do Conselho Estadual de Sa\u00fade do RJ - JORNAL BEIRA RIO","og_description":"A comerci\u00e1ria Daniele Moretti, sindicalista da Central das Trabalhadoras e Trabalhadores do Brasil (CTB) tomou posse na manh\u00e3 desta ter\u00e7a-feira, dia 1\u00ba de agosto","og_url":"https:\/\/jornalbeirario.com.br\/portal\/?p=98126","og_site_name":"JORNAL BEIRA RIO","article_published_time":"2023-08-01T17:51:27+00:00","article_modified_time":"2023-08-01T19:18:33+00:00","og_image":[{"width":1100,"height":680,"url":"https:\/\/jornalbeirario.com.br\/portal\/wp-content\/uploads\/2023\/08\/Dani-CES.jpg","type":"image\/jpeg"}],"author":"Jornal BEIRA-RIO","twitter_card":"summary_large_image","twitter_misc":{"Escrito por":"Jornal BEIRA-RIO","Est. tempo de leitura":"2 minutos"},"schema":{"@context":"https:\/\/schema.org","@graph":[{"@type":"Article","@id":"https:\/\/jornalbeirario.com.br\/portal\/?p=98126#article","isPartOf":{"@id":"https:\/\/jornalbeirario.com.br\/portal\/?p=98126"},"author":{"name":"Jornal BEIRA-RIO","@id":"https:\/\/jornalbeirario.com.br\/portal\/#\/schema\/person\/c6c423e4c2465d2a9233f6539173e7c1"},"headline":"Sindicalista assume a presid\u00eancia do Conselho Estadual de Sa\u00fade do RJ","datePublished":"2023-08-01T17:51:27+00:00","dateModified":"2023-08-01T19:18:33+00:00","mainEntityOfPage":{"@id":"https:\/\/jornalbeirario.com.br\/portal\/?p=98126"},"wordCount":231,"commentCount":0,"publisher":{"@id":"https:\/\/jornalbeirario.com.br\/portal\/#organization"},"image":{"@id":"https:\/\/jornalbeirario.com.br\/portal\/?p=98126#primaryimage"},"thumbnailUrl":"https:\/\/jornalbeirario.com.br\/portal\/wp-content\/uploads\/2023\/08\/Dani-CES.jpg","articleSection":["Manchete","Sa\u00fade"],"inLanguage":"pt-BR","potentialAction":[{"@type":"CommentAction","name":"Comment","target":["https:\/\/jornalbeirario.com.br\/portal\/?p=98126#respond"]}]},{"@type":"WebPage","@id":"https:\/\/jornalbeirario.com.br\/portal\/?p=98126","url":"https:\/\/jornalbeirario.com.br\/portal\/?p=98126","name":"Sindicalista assume a presid\u00eancia do Conselho Estadual de Sa\u00fade do RJ - JORNAL BEIRA RIO","isPartOf":{"@id":"https:\/\/jornalbeirario.com.br\/portal\/#website"},"primaryImageOfPage":{"@id":"https:\/\/jornalbeirario.com.br\/portal\/?p=98126#primaryimage"},"image":{"@id":"https:\/\/jornalbeirario.com.br\/portal\/?p=98126#primaryimage"},"thumbnailUrl":"https:\/\/jornalbeirario.com.br\/portal\/wp-content\/uploads\/2023\/08\/Dani-CES.jpg","datePublished":"2023-08-01T17:51:27+00:00","dateModified":"2023-08-01T19:18:33+00:00","breadcrumb":{"@id":"https:\/\/jornalbeirario.com.br\/portal\/?p=98126#breadcrumb"},"inLanguage":"pt-BR","potentialAction":[{"@type":"ReadAction","target":["https:\/\/jornalbeirario.com.br\/portal\/?p=98126"]}]},{"@type":"ImageObject","inLanguage":"pt-BR","@id":"https:\/\/jornalbeirario.com.br\/portal\/?p=98126#primaryimage","url":"https:\/\/jornalbeirario.com.br\/portal\/wp-content\/uploads\/2023\/08\/Dani-CES.jpg","contentUrl":"https:\/\/jornalbeirario.com.br\/portal\/wp-content\/uploads\/2023\/08\/Dani-CES.jpg","width":1100,"height":680},{"@type":"BreadcrumbList","@id":"https:\/\/jornalbeirario.com.br\/portal\/?p=98126#breadcrumb","itemListElement":[{"@type":"ListItem","position":1,"name":"Home","item":"https:\/\/jornalbeirario.com.br\/portal"},{"@type":"ListItem","position":2,"name":"Sindicalista assume a presid\u00eancia do Conselho Estadual de Sa\u00fade do RJ"}]},{"@type":"WebSite","@id":"https:\/\/jornalbeirario.com.br\/portal\/#website","url":"https:\/\/jornalbeirario.com.br\/portal\/","name":"JORNAL BEIRA RIO","description":"","publisher":{"@id":"https:\/\/jornalbeirario.com.br\/portal\/#organization"},"potentialAction":[{"@type":"SearchAction","target":{"@type":"EntryPoint","urlTemplate":"https:\/\/jornalbeirario.com.br\/portal\/?s={search_term_string}"},"query-input":{"@type":"PropertyValueSpecification","valueRequired":true,"valueName":"search_term_string"}}],"inLanguage":"pt-BR"},{"@type":"Organization","@id":"https:\/\/jornalbeirario.com.br\/portal\/#organization","name":"JORNAL BEIRA RIO","url":"https:\/\/jornalbeirario.com.br\/portal\/","logo":{"@type":"ImageObject","inLanguage":"pt-BR","@id":"https:\/\/jornalbeirario.com.br\/portal\/#\/schema\/logo\/image\/","url":"https:\/\/jornalbeirario.com.br\/portal\/wp-content\/uploads\/2017\/09\/BEIRA-RIO_logo600.png","contentUrl":"https:\/\/jornalbeirario.com.br\/portal\/wp-content\/uploads\/2017\/09\/BEIRA-RIO_logo600.png","width":650,"height":108,"caption":"JORNAL BEIRA RIO"},"image":{"@id":"https:\/\/jornalbeirario.com.br\/portal\/#\/schema\/logo\/image\/"}},{"@type":"Person","@id":"https:\/\/jornalbeirario.com.br\/portal\/#\/schema\/person\/c6c423e4c2465d2a9233f6539173e7c1","name":"Jornal BEIRA-RIO","image":{"@type":"ImageObject","inLanguage":"pt-BR","@id":"https:\/\/jornalbeirario.com.br\/portal\/wp-content\/uploads\/2023\/10\/logojbr1.jpg","url":"https:\/\/jornalbeirario.com.br\/portal\/wp-content\/uploads\/2023\/10\/logojbr1.jpg","contentUrl":"https:\/\/jornalbeirario.com.br\/portal\/wp-content\/uploads\/2023\/10\/logojbr1.jpg","caption":"Jornal BEIRA-RIO"},"url":"https:\/\/jornalbeirario.com.br\/portal\/?author=1"}]}},"_links":{"self":[{"href":"https:\/\/jornalbeirario.com.br\/portal\/index.php?rest_route=\/wp\/v2\/posts\/98126","targetHints":{"allow":["GET"]}}],"collection":[{"href":"https:\/\/jornalbeirario.com.br\/portal\/index.php?rest_route=\/wp\/v2\/posts"}],"about":[{"href":"https:\/\/jornalbeirario.com.br\/portal\/index.php?rest_route=\/wp\/v2\/types\/post"}],"author":[{"embeddable":true,"href":"https:\/\/jornalbeirario.com.br\/portal\/index.php?rest_route=\/wp\/v2\/users\/1"}],"replies":[{"embeddable":true,"href":"https:\/\/jornalbeirario.com.br\/portal\/index.php?rest_route=%2Fwp%2Fv2%2Fcomments&post=98126"}],"version-history":[{"count":4,"href":"https:\/\/jornalbeirario.com.br\/portal\/index.php?rest_route=\/wp\/v2\/posts\/98126\/revisions"}],"predecessor-version":[{"id":98134,"href":"https:\/\/jornalbeirario.com.br\/portal\/index.php?rest_route=\/wp\/v2\/posts\/98126\/revisions\/98134"}],"wp:featuredmedia":[{"embeddable":true,"href":"https:\/\/jornalbeirario.com.br\/portal\/index.php?rest_route=\/wp\/v2\/media\/98133"}],"wp:attachment":[{"href":"https:\/\/jornalbeirario.com.br\/portal\/index.php?rest_route=%2Fwp%2Fv2%2Fmedia&parent=98126"}],"wp:term":[{"taxonomy":"category","embeddable":true,"href":"https:\/\/jornalbeirario.com.br\/portal\/index.php?rest_route=%2Fwp%2Fv2%2Fcategories&post=98126"},{"taxonomy":"post_tag","embeddable":true,"href":"https:\/\/jornalbeirario.com.br\/portal\/index.php?rest_route=%2Fwp%2Fv2%2Ftags&post=98126"}],"curies":[{"name":"wp","href":"https:\/\/api.w.org\/{rel}","templated":true}]}}