
{"id":98070,"date":"2023-07-05T13:33:39","date_gmt":"2023-07-05T16:33:39","guid":{"rendered":"https:\/\/jornalbeirario.com.br\/portal\/?p=98070"},"modified":"2023-07-05T13:33:39","modified_gmt":"2023-07-05T16:33:39","slug":"herois-contra-o-racismo","status":"publish","type":"post","link":"https:\/\/jornalbeirario.com.br\/portal\/?p=98070","title":{"rendered":"Her\u00f3is contra o racismo!"},"content":{"rendered":"<p class=\"x_CDt4Ke x_zfr3Q\" dir=\"ltr\"><span class=\"x_ContentPasted1 x_C9DxTc\">Quantos super-her\u00f3is negros voc\u00ea conhece? Jovana Purcena Santiago, de 16 anos, aluna da 1\u00aa s\u00e9rie do ensino m\u00e9dio, \u00e9 f\u00e3 do Pantera Negra e se espelha na for\u00e7a do personagem para conquistar seu sonho de ser pedagoga.<\/span><\/p>\n<p class=\"x_CDt4Ke x_zfr3Q\" dir=\"ltr\"><span class=\"x_ContentPasted1 x_C9DxTc\">Ao lado de outros estudantes, participou recentemente da palestra &#8220;Negritude, Poderes e Hero\u00edsmo &#8211; Estudos sobre Representa\u00e7\u00f5es e Imagin\u00e1rios nas Hist\u00f3rias em Quadrinhos&#8221;, no Col\u00e9gio Estadual J\u00falia Kubitschek, Centro do Rio.<\/span><\/p>\n<p class=\"x_CDt4Ke x_zfr3Q\" dir=\"ltr\"><span class=\"x_ContentPasted1 x_C9DxTc\">\u2014 Uma vez, em um shopping, me perguntaram se estava perdida, pois n\u00e3o acreditavam que eu poderia estar l\u00e1 ao lado da minha tia, que \u00e9 branca. Acho que usar as hist\u00f3rias em quadrinhos para falar do racismo \u00e9 muita boa, diferente &#8211; diz a jovem.<\/span><\/p>\n<p class=\"x_CDt4Ke x_zfr3Q\" dir=\"ltr\"><span class=\"x_ContentPasted1 x_C9DxTc\">A ideia, com as palestras, \u00e9 fazer uma reflex\u00e3o e analisar como a aus\u00eancia de personagens negros e negras impulsionam o racismo na sociedade. Por isso, professores da Secretaria de Estado de Educa\u00e7\u00e3o (Seeduc-RJ) v\u00eam debatendo com alunos as aventuras do Pantera Negra, Mille Morales, Tempestade, Falc\u00e3o, Black Lightning entre outros.<\/span><\/p>\n<p class=\"x_CDt4Ke x_zfr3Q\" dir=\"ltr\"><span class=\"x_ContentPasted1 x_C9DxTc\">Estes personagens desfilam pelas p\u00e1ginas do livro &#8220;Negritude, Poderes e Hero\u00edsmo &#8211; Estudos sobre Representa\u00e7\u00f5es e Imagin\u00e1rios nas Hist\u00f3rias em Quadrinhos&#8221; e embalam as discuss\u00f5es sobre diversidade e inclus\u00e3o social nas salas de aulas.<\/span><\/p>\n<p class=\"x_CDt4Ke x_zfr3Q\" dir=\"ltr\"><span class=\"x_ContentPasted1 x_C9DxTc\">\u2014 Esta obra \u00e9 mais um recurso para quem quer se aprofundar em temas que envolvem a constru\u00e7\u00e3o de uma educa\u00e7\u00e3o antirracista. A partir da an\u00e1lise dos super-her\u00f3is negros, podemos desenvolver um olhar cr\u00edtico sobre a sociedade. O Pantera Negra, por exemplo, criado no continente africano, precisou estudar na Europa para ter seu conhecimento validado &#8211; explica Fernanda Pereira, professora h\u00e1 15 anos na rede estadual de ensino.<\/span><\/p>\n<p dir=\"ltr\">Por outro lado, muitas secretarias de Educa\u00e7\u00e3o no estado do Rio de Janeiro ainda n\u00e3o colocaram em pr\u00e1tica a lei que completou 20 anos em janeiro e acabam perdendo um importante instrumento de combate ao racismo. A lei que obriga o ensino de hist\u00f3ria e cultura afro-brasileira e africana\u00a0nas escolas de todo o Brasil\u00a0<span class=\"highlight highlighted\">completou 20 anos, mas <\/span>ainda est\u00e1 longe de ser realidade.<\/p>\n<div class=\"wall protected-content\">\n<div id=\"chunk-3kf6j\">\n<div class=\"mc-column content-text active-extra-styles \" data-block-type=\"unstyled\" data-block-weight=\"42\" data-block-id=\"4\">\n<p class=\"content-text__container \" data-track-category=\"Link no Texto\" data-track-links=\"\">Educadores e historiadores acreditam que o tema \u00e9 pouco ou nada debatido em sala de aula e que \u00e9 uma forma de combater o racismo,\u00a0valorizar a diversidade\u00a0e\u00a0reconhecer a contribui\u00e7\u00e3o e o papel fundamentais do povo negro.<\/p>\n<\/div>\n<\/div>\n<div id=\"chunk-4pkij\">\n<div class=\"content-ads content-ads--reveal\" data-block-type=\"ads\" data-block-id=\"6\">\n<div id=\"banner_materia2\" class=\"tag-manager-publicidade-container mc-has-reveal mc-has-ad-lazyload tag-manager-publicidade-banner_materia2 tag-manager-publicidade-container--carregado tag-manager-publicidade-container--visivel\" data-id=\"banner_materia2\" data-google-query-id=\"CPLVnp319_8CFf-HlQId2W0LXw\">\n<div id=\"google_ads_iframe_\/95377733\/tvg_G1\/Educacao_3__container__\">A lei 10.639 tem o objetivo de resgatar &#8220;a contribui\u00e7\u00e3o do povo negro nas \u00e1reas social, econ\u00f4mica e pol\u00edtica pertinentes \u00e0 Hist\u00f3ria do Brasil. A lei modificou a Lei de Diretrizes e Bases (LDB) da Educa\u00e7\u00e3o Nacional, que define os conte\u00fados obrigat\u00f3rios que devem ser desenvolvidos pelas escolas, seja da rede p\u00fablica ou seja da rede privada de ensino.<\/div>\n<div><\/div>\n<\/div>\n<div>Foto: Seeduc<\/div>\n<\/div>\n<\/div>\n<div id=\"chunk-6cgt9\">\n<div class=\"mc-column content-text active-extra-styles\" data-block-type=\"raw\" data-block-weight=\"12\" data-block-id=\"12\">\n<p class=\"content-text__container\">\n<div class=\"content-intertitle\"><\/div>\n<\/div>\n<\/div>\n<\/div>\n","protected":false},"excerpt":{"rendered":"<p>Quantos super-her\u00f3is negros voc\u00ea conhece? Jovana Purcena Santiago, de 16 anos, aluna da 1\u00aa s\u00e9rie do ensino m\u00e9dio, \u00e9 f\u00e3 do Pantera Negra e<\/p>\n","protected":false},"author":1,"featured_media":98071,"comment_status":"open","ping_status":"open","sticky":false,"template":"","format":"standard","meta":{"pmpro_default_level":"","footnotes":""},"categories":[28,256,227],"tags":[],"class_list":["post-98070","post","type-post","status-publish","format-standard","has-post-thumbnail","hentry","category-educacao","category-historia","category-manchete","pmpro-has-access"],"yoast_head":"<!-- This site is optimized with the Yoast SEO plugin v27.4 - https:\/\/yoast.com\/product\/yoast-seo-wordpress\/ -->\n<title>Her\u00f3is contra o racismo! - JORNAL BEIRA RIO<\/title>\n<meta name=\"robots\" content=\"index, follow, max-snippet:-1, max-image-preview:large, max-video-preview:-1\" \/>\n<link rel=\"canonical\" href=\"https:\/\/jornalbeirario.com.br\/portal\/?p=98070\" \/>\n<meta property=\"og:locale\" content=\"pt_BR\" \/>\n<meta property=\"og:type\" content=\"article\" \/>\n<meta property=\"og:title\" content=\"Her\u00f3is contra o racismo! - JORNAL BEIRA RIO\" \/>\n<meta property=\"og:description\" content=\"Quantos super-her\u00f3is negros voc\u00ea conhece? Jovana Purcena Santiago, de 16 anos, aluna da 1\u00aa s\u00e9rie do ensino m\u00e9dio, \u00e9 f\u00e3 do Pantera Negra e\" \/>\n<meta property=\"og:url\" content=\"https:\/\/jornalbeirario.com.br\/portal\/?p=98070\" \/>\n<meta property=\"og:site_name\" content=\"JORNAL BEIRA RIO\" \/>\n<meta property=\"article:published_time\" content=\"2023-07-05T16:33:39+00:00\" \/>\n<meta property=\"og:image\" content=\"https:\/\/jornalbeirario.com.br\/portal\/wp-content\/uploads\/2023\/07\/gibi-negro.jpeg\" \/>\n\t<meta property=\"og:image:width\" content=\"1100\" \/>\n\t<meta property=\"og:image:height\" content=\"733\" \/>\n\t<meta property=\"og:image:type\" content=\"image\/jpeg\" \/>\n<meta name=\"author\" content=\"Jornal BEIRA-RIO\" \/>\n<meta name=\"twitter:card\" content=\"summary_large_image\" \/>\n<meta name=\"twitter:label1\" content=\"Escrito por\" \/>\n\t<meta name=\"twitter:data1\" content=\"Jornal BEIRA-RIO\" \/>\n\t<meta name=\"twitter:label2\" content=\"Est. tempo de leitura\" \/>\n\t<meta name=\"twitter:data2\" content=\"3 minutos\" \/>\n<script type=\"application\/ld+json\" class=\"yoast-schema-graph\">{\"@context\":\"https:\\\/\\\/schema.org\",\"@graph\":[{\"@type\":\"Article\",\"@id\":\"https:\\\/\\\/jornalbeirario.com.br\\\/portal\\\/?p=98070#article\",\"isPartOf\":{\"@id\":\"https:\\\/\\\/jornalbeirario.com.br\\\/portal\\\/?p=98070\"},\"author\":{\"name\":\"Jornal BEIRA-RIO\",\"@id\":\"https:\\\/\\\/jornalbeirario.com.br\\\/portal\\\/#\\\/schema\\\/person\\\/c6c423e4c2465d2a9233f6539173e7c1\"},\"headline\":\"Her\u00f3is contra o racismo!\",\"datePublished\":\"2023-07-05T16:33:39+00:00\",\"mainEntityOfPage\":{\"@id\":\"https:\\\/\\\/jornalbeirario.com.br\\\/portal\\\/?p=98070\"},\"wordCount\":463,\"commentCount\":0,\"publisher\":{\"@id\":\"https:\\\/\\\/jornalbeirario.com.br\\\/portal\\\/#organization\"},\"image\":{\"@id\":\"https:\\\/\\\/jornalbeirario.com.br\\\/portal\\\/?p=98070#primaryimage\"},\"thumbnailUrl\":\"https:\\\/\\\/jornalbeirario.com.br\\\/portal\\\/wp-content\\\/uploads\\\/2023\\\/07\\\/gibi-negro.jpeg\",\"articleSection\":[\"Educa\u00e7\u00e3o\",\"Hist\u00f3ria\",\"Manchete\"],\"inLanguage\":\"pt-BR\",\"potentialAction\":[{\"@type\":\"CommentAction\",\"name\":\"Comment\",\"target\":[\"https:\\\/\\\/jornalbeirario.com.br\\\/portal\\\/?p=98070#respond\"]}]},{\"@type\":\"WebPage\",\"@id\":\"https:\\\/\\\/jornalbeirario.com.br\\\/portal\\\/?p=98070\",\"url\":\"https:\\\/\\\/jornalbeirario.com.br\\\/portal\\\/?p=98070\",\"name\":\"Her\u00f3is contra o racismo! - JORNAL BEIRA RIO\",\"isPartOf\":{\"@id\":\"https:\\\/\\\/jornalbeirario.com.br\\\/portal\\\/#website\"},\"primaryImageOfPage\":{\"@id\":\"https:\\\/\\\/jornalbeirario.com.br\\\/portal\\\/?p=98070#primaryimage\"},\"image\":{\"@id\":\"https:\\\/\\\/jornalbeirario.com.br\\\/portal\\\/?p=98070#primaryimage\"},\"thumbnailUrl\":\"https:\\\/\\\/jornalbeirario.com.br\\\/portal\\\/wp-content\\\/uploads\\\/2023\\\/07\\\/gibi-negro.jpeg\",\"datePublished\":\"2023-07-05T16:33:39+00:00\",\"breadcrumb\":{\"@id\":\"https:\\\/\\\/jornalbeirario.com.br\\\/portal\\\/?p=98070#breadcrumb\"},\"inLanguage\":\"pt-BR\",\"potentialAction\":[{\"@type\":\"ReadAction\",\"target\":[\"https:\\\/\\\/jornalbeirario.com.br\\\/portal\\\/?p=98070\"]}]},{\"@type\":\"ImageObject\",\"inLanguage\":\"pt-BR\",\"@id\":\"https:\\\/\\\/jornalbeirario.com.br\\\/portal\\\/?p=98070#primaryimage\",\"url\":\"https:\\\/\\\/jornalbeirario.com.br\\\/portal\\\/wp-content\\\/uploads\\\/2023\\\/07\\\/gibi-negro.jpeg\",\"contentUrl\":\"https:\\\/\\\/jornalbeirario.com.br\\\/portal\\\/wp-content\\\/uploads\\\/2023\\\/07\\\/gibi-negro.jpeg\",\"width\":1100,\"height\":733},{\"@type\":\"BreadcrumbList\",\"@id\":\"https:\\\/\\\/jornalbeirario.com.br\\\/portal\\\/?p=98070#breadcrumb\",\"itemListElement\":[{\"@type\":\"ListItem\",\"position\":1,\"name\":\"Home\",\"item\":\"https:\\\/\\\/jornalbeirario.com.br\\\/portal\"},{\"@type\":\"ListItem\",\"position\":2,\"name\":\"Her\u00f3is contra o racismo!\"}]},{\"@type\":\"WebSite\",\"@id\":\"https:\\\/\\\/jornalbeirario.com.br\\\/portal\\\/#website\",\"url\":\"https:\\\/\\\/jornalbeirario.com.br\\\/portal\\\/\",\"name\":\"JORNAL BEIRA RIO\",\"description\":\"\",\"publisher\":{\"@id\":\"https:\\\/\\\/jornalbeirario.com.br\\\/portal\\\/#organization\"},\"potentialAction\":[{\"@type\":\"SearchAction\",\"target\":{\"@type\":\"EntryPoint\",\"urlTemplate\":\"https:\\\/\\\/jornalbeirario.com.br\\\/portal\\\/?s={search_term_string}\"},\"query-input\":{\"@type\":\"PropertyValueSpecification\",\"valueRequired\":true,\"valueName\":\"search_term_string\"}}],\"inLanguage\":\"pt-BR\"},{\"@type\":\"Organization\",\"@id\":\"https:\\\/\\\/jornalbeirario.com.br\\\/portal\\\/#organization\",\"name\":\"JORNAL BEIRA RIO\",\"url\":\"https:\\\/\\\/jornalbeirario.com.br\\\/portal\\\/\",\"logo\":{\"@type\":\"ImageObject\",\"inLanguage\":\"pt-BR\",\"@id\":\"https:\\\/\\\/jornalbeirario.com.br\\\/portal\\\/#\\\/schema\\\/logo\\\/image\\\/\",\"url\":\"https:\\\/\\\/jornalbeirario.com.br\\\/portal\\\/wp-content\\\/uploads\\\/2017\\\/09\\\/BEIRA-RIO_logo600.png\",\"contentUrl\":\"https:\\\/\\\/jornalbeirario.com.br\\\/portal\\\/wp-content\\\/uploads\\\/2017\\\/09\\\/BEIRA-RIO_logo600.png\",\"width\":650,\"height\":108,\"caption\":\"JORNAL BEIRA RIO\"},\"image\":{\"@id\":\"https:\\\/\\\/jornalbeirario.com.br\\\/portal\\\/#\\\/schema\\\/logo\\\/image\\\/\"}},{\"@type\":\"Person\",\"@id\":\"https:\\\/\\\/jornalbeirario.com.br\\\/portal\\\/#\\\/schema\\\/person\\\/c6c423e4c2465d2a9233f6539173e7c1\",\"name\":\"Jornal BEIRA-RIO\",\"image\":{\"@type\":\"ImageObject\",\"inLanguage\":\"pt-BR\",\"@id\":\"https:\\\/\\\/jornalbeirario.com.br\\\/portal\\\/wp-content\\\/uploads\\\/2023\\\/10\\\/logojbr1.jpg\",\"url\":\"https:\\\/\\\/jornalbeirario.com.br\\\/portal\\\/wp-content\\\/uploads\\\/2023\\\/10\\\/logojbr1.jpg\",\"contentUrl\":\"https:\\\/\\\/jornalbeirario.com.br\\\/portal\\\/wp-content\\\/uploads\\\/2023\\\/10\\\/logojbr1.jpg\",\"caption\":\"Jornal BEIRA-RIO\"},\"url\":\"https:\\\/\\\/jornalbeirario.com.br\\\/portal\\\/?author=1\"}]}<\/script>\n<!-- \/ Yoast SEO plugin. -->","yoast_head_json":{"title":"Her\u00f3is contra o racismo! - JORNAL BEIRA RIO","robots":{"index":"index","follow":"follow","max-snippet":"max-snippet:-1","max-image-preview":"max-image-preview:large","max-video-preview":"max-video-preview:-1"},"canonical":"https:\/\/jornalbeirario.com.br\/portal\/?p=98070","og_locale":"pt_BR","og_type":"article","og_title":"Her\u00f3is contra o racismo! - JORNAL BEIRA RIO","og_description":"Quantos super-her\u00f3is negros voc\u00ea conhece? Jovana Purcena Santiago, de 16 anos, aluna da 1\u00aa s\u00e9rie do ensino m\u00e9dio, \u00e9 f\u00e3 do Pantera Negra e","og_url":"https:\/\/jornalbeirario.com.br\/portal\/?p=98070","og_site_name":"JORNAL BEIRA RIO","article_published_time":"2023-07-05T16:33:39+00:00","og_image":[{"width":1100,"height":733,"url":"https:\/\/jornalbeirario.com.br\/portal\/wp-content\/uploads\/2023\/07\/gibi-negro.jpeg","type":"image\/jpeg"}],"author":"Jornal BEIRA-RIO","twitter_card":"summary_large_image","twitter_misc":{"Escrito por":"Jornal BEIRA-RIO","Est. tempo de leitura":"3 minutos"},"schema":{"@context":"https:\/\/schema.org","@graph":[{"@type":"Article","@id":"https:\/\/jornalbeirario.com.br\/portal\/?p=98070#article","isPartOf":{"@id":"https:\/\/jornalbeirario.com.br\/portal\/?p=98070"},"author":{"name":"Jornal BEIRA-RIO","@id":"https:\/\/jornalbeirario.com.br\/portal\/#\/schema\/person\/c6c423e4c2465d2a9233f6539173e7c1"},"headline":"Her\u00f3is contra o racismo!","datePublished":"2023-07-05T16:33:39+00:00","mainEntityOfPage":{"@id":"https:\/\/jornalbeirario.com.br\/portal\/?p=98070"},"wordCount":463,"commentCount":0,"publisher":{"@id":"https:\/\/jornalbeirario.com.br\/portal\/#organization"},"image":{"@id":"https:\/\/jornalbeirario.com.br\/portal\/?p=98070#primaryimage"},"thumbnailUrl":"https:\/\/jornalbeirario.com.br\/portal\/wp-content\/uploads\/2023\/07\/gibi-negro.jpeg","articleSection":["Educa\u00e7\u00e3o","Hist\u00f3ria","Manchete"],"inLanguage":"pt-BR","potentialAction":[{"@type":"CommentAction","name":"Comment","target":["https:\/\/jornalbeirario.com.br\/portal\/?p=98070#respond"]}]},{"@type":"WebPage","@id":"https:\/\/jornalbeirario.com.br\/portal\/?p=98070","url":"https:\/\/jornalbeirario.com.br\/portal\/?p=98070","name":"Her\u00f3is contra o racismo! - JORNAL BEIRA RIO","isPartOf":{"@id":"https:\/\/jornalbeirario.com.br\/portal\/#website"},"primaryImageOfPage":{"@id":"https:\/\/jornalbeirario.com.br\/portal\/?p=98070#primaryimage"},"image":{"@id":"https:\/\/jornalbeirario.com.br\/portal\/?p=98070#primaryimage"},"thumbnailUrl":"https:\/\/jornalbeirario.com.br\/portal\/wp-content\/uploads\/2023\/07\/gibi-negro.jpeg","datePublished":"2023-07-05T16:33:39+00:00","breadcrumb":{"@id":"https:\/\/jornalbeirario.com.br\/portal\/?p=98070#breadcrumb"},"inLanguage":"pt-BR","potentialAction":[{"@type":"ReadAction","target":["https:\/\/jornalbeirario.com.br\/portal\/?p=98070"]}]},{"@type":"ImageObject","inLanguage":"pt-BR","@id":"https:\/\/jornalbeirario.com.br\/portal\/?p=98070#primaryimage","url":"https:\/\/jornalbeirario.com.br\/portal\/wp-content\/uploads\/2023\/07\/gibi-negro.jpeg","contentUrl":"https:\/\/jornalbeirario.com.br\/portal\/wp-content\/uploads\/2023\/07\/gibi-negro.jpeg","width":1100,"height":733},{"@type":"BreadcrumbList","@id":"https:\/\/jornalbeirario.com.br\/portal\/?p=98070#breadcrumb","itemListElement":[{"@type":"ListItem","position":1,"name":"Home","item":"https:\/\/jornalbeirario.com.br\/portal"},{"@type":"ListItem","position":2,"name":"Her\u00f3is contra o racismo!"}]},{"@type":"WebSite","@id":"https:\/\/jornalbeirario.com.br\/portal\/#website","url":"https:\/\/jornalbeirario.com.br\/portal\/","name":"JORNAL BEIRA RIO","description":"","publisher":{"@id":"https:\/\/jornalbeirario.com.br\/portal\/#organization"},"potentialAction":[{"@type":"SearchAction","target":{"@type":"EntryPoint","urlTemplate":"https:\/\/jornalbeirario.com.br\/portal\/?s={search_term_string}"},"query-input":{"@type":"PropertyValueSpecification","valueRequired":true,"valueName":"search_term_string"}}],"inLanguage":"pt-BR"},{"@type":"Organization","@id":"https:\/\/jornalbeirario.com.br\/portal\/#organization","name":"JORNAL BEIRA RIO","url":"https:\/\/jornalbeirario.com.br\/portal\/","logo":{"@type":"ImageObject","inLanguage":"pt-BR","@id":"https:\/\/jornalbeirario.com.br\/portal\/#\/schema\/logo\/image\/","url":"https:\/\/jornalbeirario.com.br\/portal\/wp-content\/uploads\/2017\/09\/BEIRA-RIO_logo600.png","contentUrl":"https:\/\/jornalbeirario.com.br\/portal\/wp-content\/uploads\/2017\/09\/BEIRA-RIO_logo600.png","width":650,"height":108,"caption":"JORNAL BEIRA RIO"},"image":{"@id":"https:\/\/jornalbeirario.com.br\/portal\/#\/schema\/logo\/image\/"}},{"@type":"Person","@id":"https:\/\/jornalbeirario.com.br\/portal\/#\/schema\/person\/c6c423e4c2465d2a9233f6539173e7c1","name":"Jornal BEIRA-RIO","image":{"@type":"ImageObject","inLanguage":"pt-BR","@id":"https:\/\/jornalbeirario.com.br\/portal\/wp-content\/uploads\/2023\/10\/logojbr1.jpg","url":"https:\/\/jornalbeirario.com.br\/portal\/wp-content\/uploads\/2023\/10\/logojbr1.jpg","contentUrl":"https:\/\/jornalbeirario.com.br\/portal\/wp-content\/uploads\/2023\/10\/logojbr1.jpg","caption":"Jornal BEIRA-RIO"},"url":"https:\/\/jornalbeirario.com.br\/portal\/?author=1"}]}},"_links":{"self":[{"href":"https:\/\/jornalbeirario.com.br\/portal\/index.php?rest_route=\/wp\/v2\/posts\/98070","targetHints":{"allow":["GET"]}}],"collection":[{"href":"https:\/\/jornalbeirario.com.br\/portal\/index.php?rest_route=\/wp\/v2\/posts"}],"about":[{"href":"https:\/\/jornalbeirario.com.br\/portal\/index.php?rest_route=\/wp\/v2\/types\/post"}],"author":[{"embeddable":true,"href":"https:\/\/jornalbeirario.com.br\/portal\/index.php?rest_route=\/wp\/v2\/users\/1"}],"replies":[{"embeddable":true,"href":"https:\/\/jornalbeirario.com.br\/portal\/index.php?rest_route=%2Fwp%2Fv2%2Fcomments&post=98070"}],"version-history":[{"count":1,"href":"https:\/\/jornalbeirario.com.br\/portal\/index.php?rest_route=\/wp\/v2\/posts\/98070\/revisions"}],"predecessor-version":[{"id":98072,"href":"https:\/\/jornalbeirario.com.br\/portal\/index.php?rest_route=\/wp\/v2\/posts\/98070\/revisions\/98072"}],"wp:featuredmedia":[{"embeddable":true,"href":"https:\/\/jornalbeirario.com.br\/portal\/index.php?rest_route=\/wp\/v2\/media\/98071"}],"wp:attachment":[{"href":"https:\/\/jornalbeirario.com.br\/portal\/index.php?rest_route=%2Fwp%2Fv2%2Fmedia&parent=98070"}],"wp:term":[{"taxonomy":"category","embeddable":true,"href":"https:\/\/jornalbeirario.com.br\/portal\/index.php?rest_route=%2Fwp%2Fv2%2Fcategories&post=98070"},{"taxonomy":"post_tag","embeddable":true,"href":"https:\/\/jornalbeirario.com.br\/portal\/index.php?rest_route=%2Fwp%2Fv2%2Ftags&post=98070"}],"curies":[{"name":"wp","href":"https:\/\/api.w.org\/{rel}","templated":true}]}}