
{"id":97937,"date":"2023-05-08T10:15:53","date_gmt":"2023-05-08T13:15:53","guid":{"rendered":"https:\/\/jornalbeirario.com.br\/portal\/?p=97937"},"modified":"2023-05-08T10:15:53","modified_gmt":"2023-05-08T13:15:53","slug":"ministra-da-saude-fala-sobre-fim-de-emergencia-contra-covid-19","status":"publish","type":"post","link":"https:\/\/jornalbeirario.com.br\/portal\/?p=97937","title":{"rendered":"Ministra da Sa\u00fade fala sobre fim de emerg\u00eancia contra Covid-19"},"content":{"rendered":"<p>Neste domingo, dia 7, a ministra da Sa\u00fade, N\u00edsia Trindade, fez um pronunciamento em Rede Nacional de R\u00e1dio e Televis\u00e3o para comentar a declara\u00e7\u00e3o da Organiza\u00e7\u00e3o Mundial da Sa\u00fade (OMS) feita na semana passada, de que n\u00e3o considera mais a Covid-19 uma emerg\u00eancia de sa\u00fade p\u00fablica global. \u201cDepois de termos passado por um per\u00edodo t\u00e3o doloroso, nosso pa\u00eds recebe essa not\u00edcia com esperan\u00e7a. Ainda vamos conviver com a Covid-19, que continua evoluindo e sofrendo muta\u00e7\u00f5es\u201d, declarou.<\/p>\n<p>Em sua fala, a ministra celebrou a redu\u00e7\u00e3o progressiva do n\u00famero de hospitaliza\u00e7\u00f5es e \u00f3bitos no Brasil como resultado da prote\u00e7\u00e3o da popula\u00e7\u00e3o pelas vacinas. Segundo ela, h\u00e1 uma mudan\u00e7a de cen\u00e1rio do modo de emerg\u00eancia para o enfrentamento continuado, como parte da preven\u00e7\u00e3o e controle de doen\u00e7as infecciosas. \u201cInfec\u00e7\u00f5es pelo v\u00edrus SARS-COV2 v\u00e3o continuar e devemos manter cuidados. Portanto, sistemas de vigil\u00e2ncia, diagn\u00f3stico, redes de assist\u00eancia e vacina\u00e7\u00e3o precisam ser fortalecidos\u201d, explicou N\u00edsia Trindade.<\/p>\n<p>Sobre a necessidade de a popula\u00e7\u00e3o se vacinar contra a Covid-19, a ministra foi categ\u00f3rica. \u201cUm alerta: \u00c9 hora de intensificar a vacina\u00e7\u00e3o. As hospitaliza\u00e7\u00f5es e \u00f3bitos pela Covid-19 ocorrem principalmente em indiv\u00edduos que n\u00e3o tomaram as doses de vacina recomendadas.\u201d Desde fevereiro, o Minist\u00e9rio da Sa\u00fade tem trabalhado ao lado de estados e munic\u00edpios num movimento nacional pela vacina\u00e7\u00e3o de refor\u00e7o contra a Covid-19. Nesse per\u00edodo, mais de 13 milh\u00f5es de doses de vacinas bivalentes foram aplicadas no Brasil. O imunizante \u00e9 destinado a todas as pessoas maiores de 18 anos que tenham completado o esquema prim\u00e1rio.<\/p>\n<p>A ministra relembrou ainda o luto geral que abalou o pa\u00eds durante a pandemia: \u201cInfelizmente, no Brasil, perdemos mais de 700 mil pessoas. Cerca de 2,7% da popula\u00e7\u00e3o mundial vivem em nosso pa\u00eds, mas tivemos 11% do total de mortes\u201d. N\u00edsia Trindade apontou a influ\u00eancia da posi\u00e7\u00e3o equivocada adotada pela antiga gest\u00e3o no agravamento da situa\u00e7\u00e3o da pandemia no pa\u00eds. \u201cN\u00e3o podemos esquecer. Precisamos preservar essa mem\u00f3ria do que aconteceu para poder construir um futuro digno\u201d.<\/p>\n<p>No pronunciamento, a ministra falou dos profissionais de sa\u00fade que enfrentaram a pandemia na linha de frente. \u201cQuero agradecer a todas e todos que lutaram em defesa da nossa sociedade. Arriscando a pr\u00f3pria vida, principalmente antes do desenvolvimento de vacinas.\u201d<\/p>\n<p>Segundo a ministra, o Sistema \u00danico de Sa\u00fade (SUS) teve papel primordial na prote\u00e7\u00e3o da popula\u00e7\u00e3o. Ela chama a sociedade brasileira a refletir sobre a import\u00e2ncia do SUS e de defender a sa\u00fade como direito universal: \u201c\u00c9 hora tamb\u00e9m de aprendermos as li\u00e7\u00f5es dessa pandemia. De fortalecermos o Sistema \u00danico de Sa\u00fade, o maior sistema universal de sa\u00fade do mundo. De nos prepararmos com programas consistentes para futuras epidemias e emerg\u00eancias sanit\u00e1rias\u201d.<\/p>\n","protected":false},"excerpt":{"rendered":"<p>Neste domingo, dia 7, a ministra da Sa\u00fade, N\u00edsia Trindade, fez um pronunciamento em Rede Nacional de R\u00e1dio e Televis\u00e3o para comentar a declara\u00e7\u00e3o<\/p>\n","protected":false},"author":1,"featured_media":97938,"comment_status":"open","ping_status":"open","sticky":false,"template":"","format":"standard","meta":{"pmpro_default_level":"","footnotes":""},"categories":[227,18],"tags":[],"class_list":["post-97937","post","type-post","status-publish","format-standard","has-post-thumbnail","hentry","category-manchete","category-saude","pmpro-has-access"],"yoast_head":"<!-- This site is optimized with the Yoast SEO plugin v27.4 - https:\/\/yoast.com\/product\/yoast-seo-wordpress\/ -->\n<title>Ministra da Sa\u00fade fala sobre fim de emerg\u00eancia contra Covid-19 - JORNAL BEIRA RIO<\/title>\n<meta name=\"robots\" content=\"index, follow, max-snippet:-1, max-image-preview:large, max-video-preview:-1\" \/>\n<link rel=\"canonical\" href=\"https:\/\/jornalbeirario.com.br\/portal\/?p=97937\" \/>\n<meta property=\"og:locale\" content=\"pt_BR\" \/>\n<meta property=\"og:type\" content=\"article\" \/>\n<meta property=\"og:title\" content=\"Ministra da Sa\u00fade fala sobre fim de emerg\u00eancia contra Covid-19 - JORNAL BEIRA RIO\" \/>\n<meta property=\"og:description\" content=\"Neste domingo, dia 7, a ministra da Sa\u00fade, N\u00edsia Trindade, fez um pronunciamento em Rede Nacional de R\u00e1dio e Televis\u00e3o para comentar a declara\u00e7\u00e3o\" \/>\n<meta property=\"og:url\" content=\"https:\/\/jornalbeirario.com.br\/portal\/?p=97937\" \/>\n<meta property=\"og:site_name\" content=\"JORNAL BEIRA RIO\" \/>\n<meta property=\"article:published_time\" content=\"2023-05-08T13:15:53+00:00\" \/>\n<meta property=\"og:image\" content=\"https:\/\/jornalbeirario.com.br\/portal\/wp-content\/uploads\/2023\/05\/emergenciacovid.jpg\" \/>\n\t<meta property=\"og:image:width\" content=\"1100\" \/>\n\t<meta property=\"og:image:height\" content=\"631\" \/>\n\t<meta property=\"og:image:type\" content=\"image\/jpeg\" \/>\n<meta name=\"author\" content=\"Jornal BEIRA-RIO\" \/>\n<meta name=\"twitter:card\" content=\"summary_large_image\" \/>\n<meta name=\"twitter:label1\" content=\"Escrito por\" \/>\n\t<meta name=\"twitter:data1\" content=\"Jornal BEIRA-RIO\" \/>\n\t<meta name=\"twitter:label2\" content=\"Est. tempo de leitura\" \/>\n\t<meta name=\"twitter:data2\" content=\"3 minutos\" \/>\n<script type=\"application\/ld+json\" class=\"yoast-schema-graph\">{\"@context\":\"https:\\\/\\\/schema.org\",\"@graph\":[{\"@type\":\"Article\",\"@id\":\"https:\\\/\\\/jornalbeirario.com.br\\\/portal\\\/?p=97937#article\",\"isPartOf\":{\"@id\":\"https:\\\/\\\/jornalbeirario.com.br\\\/portal\\\/?p=97937\"},\"author\":{\"name\":\"Jornal BEIRA-RIO\",\"@id\":\"https:\\\/\\\/jornalbeirario.com.br\\\/portal\\\/#\\\/schema\\\/person\\\/c6c423e4c2465d2a9233f6539173e7c1\"},\"headline\":\"Ministra da Sa\u00fade fala sobre fim de emerg\u00eancia contra Covid-19\",\"datePublished\":\"2023-05-08T13:15:53+00:00\",\"mainEntityOfPage\":{\"@id\":\"https:\\\/\\\/jornalbeirario.com.br\\\/portal\\\/?p=97937\"},\"wordCount\":513,\"commentCount\":0,\"publisher\":{\"@id\":\"https:\\\/\\\/jornalbeirario.com.br\\\/portal\\\/#organization\"},\"image\":{\"@id\":\"https:\\\/\\\/jornalbeirario.com.br\\\/portal\\\/?p=97937#primaryimage\"},\"thumbnailUrl\":\"https:\\\/\\\/jornalbeirario.com.br\\\/portal\\\/wp-content\\\/uploads\\\/2023\\\/05\\\/emergenciacovid.jpg\",\"articleSection\":[\"Manchete\",\"Sa\u00fade\"],\"inLanguage\":\"pt-BR\",\"potentialAction\":[{\"@type\":\"CommentAction\",\"name\":\"Comment\",\"target\":[\"https:\\\/\\\/jornalbeirario.com.br\\\/portal\\\/?p=97937#respond\"]}]},{\"@type\":\"WebPage\",\"@id\":\"https:\\\/\\\/jornalbeirario.com.br\\\/portal\\\/?p=97937\",\"url\":\"https:\\\/\\\/jornalbeirario.com.br\\\/portal\\\/?p=97937\",\"name\":\"Ministra da Sa\u00fade fala sobre fim de emerg\u00eancia contra Covid-19 - JORNAL BEIRA RIO\",\"isPartOf\":{\"@id\":\"https:\\\/\\\/jornalbeirario.com.br\\\/portal\\\/#website\"},\"primaryImageOfPage\":{\"@id\":\"https:\\\/\\\/jornalbeirario.com.br\\\/portal\\\/?p=97937#primaryimage\"},\"image\":{\"@id\":\"https:\\\/\\\/jornalbeirario.com.br\\\/portal\\\/?p=97937#primaryimage\"},\"thumbnailUrl\":\"https:\\\/\\\/jornalbeirario.com.br\\\/portal\\\/wp-content\\\/uploads\\\/2023\\\/05\\\/emergenciacovid.jpg\",\"datePublished\":\"2023-05-08T13:15:53+00:00\",\"breadcrumb\":{\"@id\":\"https:\\\/\\\/jornalbeirario.com.br\\\/portal\\\/?p=97937#breadcrumb\"},\"inLanguage\":\"pt-BR\",\"potentialAction\":[{\"@type\":\"ReadAction\",\"target\":[\"https:\\\/\\\/jornalbeirario.com.br\\\/portal\\\/?p=97937\"]}]},{\"@type\":\"ImageObject\",\"inLanguage\":\"pt-BR\",\"@id\":\"https:\\\/\\\/jornalbeirario.com.br\\\/portal\\\/?p=97937#primaryimage\",\"url\":\"https:\\\/\\\/jornalbeirario.com.br\\\/portal\\\/wp-content\\\/uploads\\\/2023\\\/05\\\/emergenciacovid.jpg\",\"contentUrl\":\"https:\\\/\\\/jornalbeirario.com.br\\\/portal\\\/wp-content\\\/uploads\\\/2023\\\/05\\\/emergenciacovid.jpg\",\"width\":1100,\"height\":631},{\"@type\":\"BreadcrumbList\",\"@id\":\"https:\\\/\\\/jornalbeirario.com.br\\\/portal\\\/?p=97937#breadcrumb\",\"itemListElement\":[{\"@type\":\"ListItem\",\"position\":1,\"name\":\"Home\",\"item\":\"https:\\\/\\\/jornalbeirario.com.br\\\/portal\"},{\"@type\":\"ListItem\",\"position\":2,\"name\":\"Ministra da Sa\u00fade fala sobre fim de emerg\u00eancia contra Covid-19\"}]},{\"@type\":\"WebSite\",\"@id\":\"https:\\\/\\\/jornalbeirario.com.br\\\/portal\\\/#website\",\"url\":\"https:\\\/\\\/jornalbeirario.com.br\\\/portal\\\/\",\"name\":\"JORNAL BEIRA RIO\",\"description\":\"\",\"publisher\":{\"@id\":\"https:\\\/\\\/jornalbeirario.com.br\\\/portal\\\/#organization\"},\"potentialAction\":[{\"@type\":\"SearchAction\",\"target\":{\"@type\":\"EntryPoint\",\"urlTemplate\":\"https:\\\/\\\/jornalbeirario.com.br\\\/portal\\\/?s={search_term_string}\"},\"query-input\":{\"@type\":\"PropertyValueSpecification\",\"valueRequired\":true,\"valueName\":\"search_term_string\"}}],\"inLanguage\":\"pt-BR\"},{\"@type\":\"Organization\",\"@id\":\"https:\\\/\\\/jornalbeirario.com.br\\\/portal\\\/#organization\",\"name\":\"JORNAL BEIRA RIO\",\"url\":\"https:\\\/\\\/jornalbeirario.com.br\\\/portal\\\/\",\"logo\":{\"@type\":\"ImageObject\",\"inLanguage\":\"pt-BR\",\"@id\":\"https:\\\/\\\/jornalbeirario.com.br\\\/portal\\\/#\\\/schema\\\/logo\\\/image\\\/\",\"url\":\"https:\\\/\\\/jornalbeirario.com.br\\\/portal\\\/wp-content\\\/uploads\\\/2017\\\/09\\\/BEIRA-RIO_logo600.png\",\"contentUrl\":\"https:\\\/\\\/jornalbeirario.com.br\\\/portal\\\/wp-content\\\/uploads\\\/2017\\\/09\\\/BEIRA-RIO_logo600.png\",\"width\":650,\"height\":108,\"caption\":\"JORNAL BEIRA RIO\"},\"image\":{\"@id\":\"https:\\\/\\\/jornalbeirario.com.br\\\/portal\\\/#\\\/schema\\\/logo\\\/image\\\/\"}},{\"@type\":\"Person\",\"@id\":\"https:\\\/\\\/jornalbeirario.com.br\\\/portal\\\/#\\\/schema\\\/person\\\/c6c423e4c2465d2a9233f6539173e7c1\",\"name\":\"Jornal BEIRA-RIO\",\"image\":{\"@type\":\"ImageObject\",\"inLanguage\":\"pt-BR\",\"@id\":\"https:\\\/\\\/jornalbeirario.com.br\\\/portal\\\/wp-content\\\/uploads\\\/2023\\\/10\\\/logojbr1.jpg\",\"url\":\"https:\\\/\\\/jornalbeirario.com.br\\\/portal\\\/wp-content\\\/uploads\\\/2023\\\/10\\\/logojbr1.jpg\",\"contentUrl\":\"https:\\\/\\\/jornalbeirario.com.br\\\/portal\\\/wp-content\\\/uploads\\\/2023\\\/10\\\/logojbr1.jpg\",\"caption\":\"Jornal BEIRA-RIO\"},\"url\":\"https:\\\/\\\/jornalbeirario.com.br\\\/portal\\\/?author=1\"}]}<\/script>\n<!-- \/ Yoast SEO plugin. -->","yoast_head_json":{"title":"Ministra da Sa\u00fade fala sobre fim de emerg\u00eancia contra Covid-19 - JORNAL BEIRA RIO","robots":{"index":"index","follow":"follow","max-snippet":"max-snippet:-1","max-image-preview":"max-image-preview:large","max-video-preview":"max-video-preview:-1"},"canonical":"https:\/\/jornalbeirario.com.br\/portal\/?p=97937","og_locale":"pt_BR","og_type":"article","og_title":"Ministra da Sa\u00fade fala sobre fim de emerg\u00eancia contra Covid-19 - JORNAL BEIRA RIO","og_description":"Neste domingo, dia 7, a ministra da Sa\u00fade, N\u00edsia Trindade, fez um pronunciamento em Rede Nacional de R\u00e1dio e Televis\u00e3o para comentar a declara\u00e7\u00e3o","og_url":"https:\/\/jornalbeirario.com.br\/portal\/?p=97937","og_site_name":"JORNAL BEIRA RIO","article_published_time":"2023-05-08T13:15:53+00:00","og_image":[{"width":1100,"height":631,"url":"https:\/\/jornalbeirario.com.br\/portal\/wp-content\/uploads\/2023\/05\/emergenciacovid.jpg","type":"image\/jpeg"}],"author":"Jornal BEIRA-RIO","twitter_card":"summary_large_image","twitter_misc":{"Escrito por":"Jornal BEIRA-RIO","Est. tempo de leitura":"3 minutos"},"schema":{"@context":"https:\/\/schema.org","@graph":[{"@type":"Article","@id":"https:\/\/jornalbeirario.com.br\/portal\/?p=97937#article","isPartOf":{"@id":"https:\/\/jornalbeirario.com.br\/portal\/?p=97937"},"author":{"name":"Jornal BEIRA-RIO","@id":"https:\/\/jornalbeirario.com.br\/portal\/#\/schema\/person\/c6c423e4c2465d2a9233f6539173e7c1"},"headline":"Ministra da Sa\u00fade fala sobre fim de emerg\u00eancia contra Covid-19","datePublished":"2023-05-08T13:15:53+00:00","mainEntityOfPage":{"@id":"https:\/\/jornalbeirario.com.br\/portal\/?p=97937"},"wordCount":513,"commentCount":0,"publisher":{"@id":"https:\/\/jornalbeirario.com.br\/portal\/#organization"},"image":{"@id":"https:\/\/jornalbeirario.com.br\/portal\/?p=97937#primaryimage"},"thumbnailUrl":"https:\/\/jornalbeirario.com.br\/portal\/wp-content\/uploads\/2023\/05\/emergenciacovid.jpg","articleSection":["Manchete","Sa\u00fade"],"inLanguage":"pt-BR","potentialAction":[{"@type":"CommentAction","name":"Comment","target":["https:\/\/jornalbeirario.com.br\/portal\/?p=97937#respond"]}]},{"@type":"WebPage","@id":"https:\/\/jornalbeirario.com.br\/portal\/?p=97937","url":"https:\/\/jornalbeirario.com.br\/portal\/?p=97937","name":"Ministra da Sa\u00fade fala sobre fim de emerg\u00eancia contra Covid-19 - JORNAL BEIRA RIO","isPartOf":{"@id":"https:\/\/jornalbeirario.com.br\/portal\/#website"},"primaryImageOfPage":{"@id":"https:\/\/jornalbeirario.com.br\/portal\/?p=97937#primaryimage"},"image":{"@id":"https:\/\/jornalbeirario.com.br\/portal\/?p=97937#primaryimage"},"thumbnailUrl":"https:\/\/jornalbeirario.com.br\/portal\/wp-content\/uploads\/2023\/05\/emergenciacovid.jpg","datePublished":"2023-05-08T13:15:53+00:00","breadcrumb":{"@id":"https:\/\/jornalbeirario.com.br\/portal\/?p=97937#breadcrumb"},"inLanguage":"pt-BR","potentialAction":[{"@type":"ReadAction","target":["https:\/\/jornalbeirario.com.br\/portal\/?p=97937"]}]},{"@type":"ImageObject","inLanguage":"pt-BR","@id":"https:\/\/jornalbeirario.com.br\/portal\/?p=97937#primaryimage","url":"https:\/\/jornalbeirario.com.br\/portal\/wp-content\/uploads\/2023\/05\/emergenciacovid.jpg","contentUrl":"https:\/\/jornalbeirario.com.br\/portal\/wp-content\/uploads\/2023\/05\/emergenciacovid.jpg","width":1100,"height":631},{"@type":"BreadcrumbList","@id":"https:\/\/jornalbeirario.com.br\/portal\/?p=97937#breadcrumb","itemListElement":[{"@type":"ListItem","position":1,"name":"Home","item":"https:\/\/jornalbeirario.com.br\/portal"},{"@type":"ListItem","position":2,"name":"Ministra da Sa\u00fade fala sobre fim de emerg\u00eancia contra Covid-19"}]},{"@type":"WebSite","@id":"https:\/\/jornalbeirario.com.br\/portal\/#website","url":"https:\/\/jornalbeirario.com.br\/portal\/","name":"JORNAL BEIRA RIO","description":"","publisher":{"@id":"https:\/\/jornalbeirario.com.br\/portal\/#organization"},"potentialAction":[{"@type":"SearchAction","target":{"@type":"EntryPoint","urlTemplate":"https:\/\/jornalbeirario.com.br\/portal\/?s={search_term_string}"},"query-input":{"@type":"PropertyValueSpecification","valueRequired":true,"valueName":"search_term_string"}}],"inLanguage":"pt-BR"},{"@type":"Organization","@id":"https:\/\/jornalbeirario.com.br\/portal\/#organization","name":"JORNAL BEIRA RIO","url":"https:\/\/jornalbeirario.com.br\/portal\/","logo":{"@type":"ImageObject","inLanguage":"pt-BR","@id":"https:\/\/jornalbeirario.com.br\/portal\/#\/schema\/logo\/image\/","url":"https:\/\/jornalbeirario.com.br\/portal\/wp-content\/uploads\/2017\/09\/BEIRA-RIO_logo600.png","contentUrl":"https:\/\/jornalbeirario.com.br\/portal\/wp-content\/uploads\/2017\/09\/BEIRA-RIO_logo600.png","width":650,"height":108,"caption":"JORNAL BEIRA RIO"},"image":{"@id":"https:\/\/jornalbeirario.com.br\/portal\/#\/schema\/logo\/image\/"}},{"@type":"Person","@id":"https:\/\/jornalbeirario.com.br\/portal\/#\/schema\/person\/c6c423e4c2465d2a9233f6539173e7c1","name":"Jornal BEIRA-RIO","image":{"@type":"ImageObject","inLanguage":"pt-BR","@id":"https:\/\/jornalbeirario.com.br\/portal\/wp-content\/uploads\/2023\/10\/logojbr1.jpg","url":"https:\/\/jornalbeirario.com.br\/portal\/wp-content\/uploads\/2023\/10\/logojbr1.jpg","contentUrl":"https:\/\/jornalbeirario.com.br\/portal\/wp-content\/uploads\/2023\/10\/logojbr1.jpg","caption":"Jornal BEIRA-RIO"},"url":"https:\/\/jornalbeirario.com.br\/portal\/?author=1"}]}},"_links":{"self":[{"href":"https:\/\/jornalbeirario.com.br\/portal\/index.php?rest_route=\/wp\/v2\/posts\/97937","targetHints":{"allow":["GET"]}}],"collection":[{"href":"https:\/\/jornalbeirario.com.br\/portal\/index.php?rest_route=\/wp\/v2\/posts"}],"about":[{"href":"https:\/\/jornalbeirario.com.br\/portal\/index.php?rest_route=\/wp\/v2\/types\/post"}],"author":[{"embeddable":true,"href":"https:\/\/jornalbeirario.com.br\/portal\/index.php?rest_route=\/wp\/v2\/users\/1"}],"replies":[{"embeddable":true,"href":"https:\/\/jornalbeirario.com.br\/portal\/index.php?rest_route=%2Fwp%2Fv2%2Fcomments&post=97937"}],"version-history":[{"count":1,"href":"https:\/\/jornalbeirario.com.br\/portal\/index.php?rest_route=\/wp\/v2\/posts\/97937\/revisions"}],"predecessor-version":[{"id":97939,"href":"https:\/\/jornalbeirario.com.br\/portal\/index.php?rest_route=\/wp\/v2\/posts\/97937\/revisions\/97939"}],"wp:featuredmedia":[{"embeddable":true,"href":"https:\/\/jornalbeirario.com.br\/portal\/index.php?rest_route=\/wp\/v2\/media\/97938"}],"wp:attachment":[{"href":"https:\/\/jornalbeirario.com.br\/portal\/index.php?rest_route=%2Fwp%2Fv2%2Fmedia&parent=97937"}],"wp:term":[{"taxonomy":"category","embeddable":true,"href":"https:\/\/jornalbeirario.com.br\/portal\/index.php?rest_route=%2Fwp%2Fv2%2Fcategories&post=97937"},{"taxonomy":"post_tag","embeddable":true,"href":"https:\/\/jornalbeirario.com.br\/portal\/index.php?rest_route=%2Fwp%2Fv2%2Ftags&post=97937"}],"curies":[{"name":"wp","href":"https:\/\/api.w.org\/{rel}","templated":true}]}}