
{"id":97803,"date":"2023-03-24T15:38:36","date_gmt":"2023-03-24T18:38:36","guid":{"rendered":"https:\/\/jornalbeirario.com.br\/portal\/?p=97803"},"modified":"2023-03-24T15:38:36","modified_gmt":"2023-03-24T18:38:36","slug":"lula-anunciara-pacote-de-desenvolvimento-em-infraestrutura-para-o-pais","status":"publish","type":"post","link":"https:\/\/jornalbeirario.com.br\/portal\/?p=97803","title":{"rendered":"Lula anunciar\u00e1 pacote de desenvolvimento em infraestrutura para o pa\u00eds"},"content":{"rendered":"<p>A Secretaria de Comunica\u00e7\u00e3o de Comunica\u00e7\u00e3o da Presid\u00eancia da Rep\u00fablica informou que depois de 80 dias de a\u00e7\u00f5es voltadas para a retomada e moderniza\u00e7\u00e3o de programas sociais essenciais em \u00e1reas como seguran\u00e7a, combate \u00e0 fome, habita\u00e7\u00e3o, educa\u00e7\u00e3o, sa\u00fade e igualdade de oportunidades, o Governo Federal se prepara para o an\u00fancio de um programa nacional de desenvolvimento focado em infraestrutura.<\/p>\n<p>Em visita ao Complexo Naval de Itagua\u00ed, no Rio de Janeiro, o presidente Luiz In\u00e1cio Lula da Silva afirmou que o marco de 100 dias de gest\u00e3o ser\u00e1 dedicado a esse an\u00fancio. &#8220;Quando formos anunciar o que aconteceu nos 100 dias, vamos apresentar um outro programa de desenvolvimento para esse pa\u00eds. N\u00f3s temos de fazer estradas, fazer pontes, fazer ferrovias, cuidar de saneamento, cuidar do tratamento da \u00e1gua, da sa\u00fade, da educa\u00e7\u00e3o, tem tudo para fazer. Eu fui eleito para fazer. Eu vou fazer&#8221;, afirmou o presidente.<\/p>\n<p>Em Itagua\u00ed, o presidente conheceu o submarino Humait\u00e1 (S-41), o segundo de quatro embarca\u00e7\u00f5es constru\u00eddas no pa\u00eds a partir de uma parceria estrat\u00e9gica entre Brasil e Fran\u00e7a consolidada em 2008, no segundo mandato de Lula. A previs\u00e3o \u00e9 de que o Humait\u00e1 entre em opera\u00e7\u00e3o no segundo semestre de 2023. Para o presidente, o investimento no setor de Defesa repercute em v\u00e1rias \u00e1reas da economia e do desenvolvimento do pa\u00eds.<\/p>\n<p>\u2014 Uma forte ind\u00fastria de Defesa contribui com a articula\u00e7\u00e3o das nossas For\u00e7as Armadas. Quanto mais preparada ela estiver, mais vai cuidar da nossa soberania, da nossa fronteira, do nosso espa\u00e7o a\u00e9reo, da nossa floresta, das nossas riquezas minerais, disse Lula.<\/p>\n<p>Segundo o presidente, a indica\u00e7\u00e3o que ele tem dado \u00e0 equipe \u00e9 para pensar a partir de pontos de vista de resolu\u00e7\u00e3o de desafios. &#8220;Se n\u00e3o tem dinheiro para tudo, vamos ter de arrumar. Se n\u00e3o tem dinheiro e existem fundos que n\u00e3o est\u00e3o sendo utilizados, vamos tentar utilizar. Se n\u00e3o tem dinheiro do Or\u00e7amento, vamos buscar Parcerias P\u00fablico-Privadas para que a gente possa fazer os investimentos que o Brasil precisa&#8221;, afirmou o presidente.<\/p>\n<p>Estruturado como um programa de desenvolvimento cient\u00edfico e tecnol\u00f3gico, o ProSub integra capacita\u00e7\u00e3o de m\u00e3o de obra especializada e incentivo \u00e0 ind\u00fastria brasileira e prioriza a aquisi\u00e7\u00e3o de componentes fabricados no pa\u00eds.<\/p>\n<p>O programa tem como meta a fabrica\u00e7\u00e3o do primeiro submarino convencionalmente armado com propuls\u00e3o nuclear (SCPN) e a constru\u00e7\u00e3o de um complexo de infraestrutura industrial e de apoio \u00e0 opera\u00e7\u00e3o dos submarinos, que engloba estaleiros, a Base Naval e a Unidade de Fabrica\u00e7\u00e3o de Estruturas Met\u00e1licas (UFEM) no munic\u00edpio de Itagua\u00ed (RJ).<\/p>\n<p>O primeiro submarino constru\u00eddo no programa foi o S-40 Riachuelo. O segundo \u00e9 o Humait\u00e1 (S-41), visitado nesta quinta. Outros dois, o Tonelero (S-42) e o Angostura (S-43), entram em opera\u00e7\u00e3o at\u00e9 o fim de 2024. Al\u00e9m de representar um dos maiores programas estrat\u00e9gicos da Defesa, o ProSub tem impacto significativo na economia, com mais de 60 mil empregos diretos e indiretos e envolvimento de 700 empresas.<\/p>\n<p>\u2014 Quando enxerguei a necessidade de desenvolver uma ind\u00fastria de defesa no pa\u00eds, \u00e9 porque em todos os pa\u00edses ela contribui com a economia como um todo, al\u00e9m de preparar de forma mais sofisticada, com conhecimento cient\u00edfico e tecnol\u00f3gico, as nossas For\u00e7as Armadas e o pr\u00f3prio pa\u00eds, disse Lula.<\/p>\n<p>Comandante da Marinha, o Almirante de Esquadra Marcos Sampaio Olsen explicou que a parceria tem alcances sociais significativos e que o Brasil tem voca\u00e7\u00e3o para o desenvolvimento e uso da tecnologia nuclear em setores como sa\u00fade, seguran\u00e7a alimentar e seguran\u00e7a h\u00eddrica.<\/p>\n<p>&nbsp;<\/p>\n<p>Fonte: Secom<br \/>\nFoto: Presidente diante do submarino Humait\u00e1, no Complexo Naval de Itagua\u00ed, no Rio de Janeiro (Ricardo Stuckert)<\/p>\n","protected":false},"excerpt":{"rendered":"<p>A Secretaria de Comunica\u00e7\u00e3o de Comunica\u00e7\u00e3o da Presid\u00eancia da Rep\u00fablica informou que depois de 80 dias de a\u00e7\u00f5es voltadas para a retomada e moderniza\u00e7\u00e3o<\/p>\n","protected":false},"author":1,"featured_media":97806,"comment_status":"open","ping_status":"open","sticky":false,"template":"","format":"standard","meta":{"pmpro_default_level":"","footnotes":""},"categories":[193,6,227],"tags":[],"class_list":["post-97803","post","type-post","status-publish","format-standard","has-post-thumbnail","hentry","category-brasilinternacional","category-economia","category-manchete","pmpro-has-access"],"yoast_head":"<!-- This site is optimized with the Yoast SEO plugin v27.4 - https:\/\/yoast.com\/product\/yoast-seo-wordpress\/ -->\n<title>Lula anunciar\u00e1 pacote de desenvolvimento em infraestrutura para o pa\u00eds - JORNAL BEIRA RIO<\/title>\n<meta name=\"robots\" content=\"index, follow, max-snippet:-1, max-image-preview:large, max-video-preview:-1\" \/>\n<link rel=\"canonical\" href=\"https:\/\/jornalbeirario.com.br\/portal\/?p=97803\" \/>\n<meta property=\"og:locale\" content=\"pt_BR\" \/>\n<meta property=\"og:type\" content=\"article\" \/>\n<meta property=\"og:title\" content=\"Lula anunciar\u00e1 pacote de desenvolvimento em infraestrutura para o pa\u00eds - JORNAL BEIRA RIO\" \/>\n<meta property=\"og:description\" content=\"A Secretaria de Comunica\u00e7\u00e3o de Comunica\u00e7\u00e3o da Presid\u00eancia da Rep\u00fablica informou que depois de 80 dias de a\u00e7\u00f5es voltadas para a retomada e moderniza\u00e7\u00e3o\" \/>\n<meta property=\"og:url\" content=\"https:\/\/jornalbeirario.com.br\/portal\/?p=97803\" \/>\n<meta property=\"og:site_name\" content=\"JORNAL BEIRA RIO\" \/>\n<meta property=\"article:published_time\" content=\"2023-03-24T18:38:36+00:00\" \/>\n<meta property=\"og:image\" content=\"https:\/\/jornalbeirario.com.br\/portal\/wp-content\/uploads\/2023\/03\/investimentos.jpg\" \/>\n\t<meta property=\"og:image:width\" content=\"1100\" \/>\n\t<meta property=\"og:image:height\" content=\"939\" \/>\n\t<meta property=\"og:image:type\" content=\"image\/jpeg\" \/>\n<meta name=\"author\" content=\"Jornal BEIRA-RIO\" \/>\n<meta name=\"twitter:card\" content=\"summary_large_image\" \/>\n<meta name=\"twitter:label1\" content=\"Escrito por\" \/>\n\t<meta name=\"twitter:data1\" content=\"Jornal BEIRA-RIO\" \/>\n\t<meta name=\"twitter:label2\" content=\"Est. tempo de leitura\" \/>\n\t<meta name=\"twitter:data2\" content=\"4 minutos\" \/>\n<script type=\"application\/ld+json\" class=\"yoast-schema-graph\">{\"@context\":\"https:\\\/\\\/schema.org\",\"@graph\":[{\"@type\":\"Article\",\"@id\":\"https:\\\/\\\/jornalbeirario.com.br\\\/portal\\\/?p=97803#article\",\"isPartOf\":{\"@id\":\"https:\\\/\\\/jornalbeirario.com.br\\\/portal\\\/?p=97803\"},\"author\":{\"name\":\"Jornal BEIRA-RIO\",\"@id\":\"https:\\\/\\\/jornalbeirario.com.br\\\/portal\\\/#\\\/schema\\\/person\\\/c6c423e4c2465d2a9233f6539173e7c1\"},\"headline\":\"Lula anunciar\u00e1 pacote de desenvolvimento em infraestrutura para o pa\u00eds\",\"datePublished\":\"2023-03-24T18:38:36+00:00\",\"mainEntityOfPage\":{\"@id\":\"https:\\\/\\\/jornalbeirario.com.br\\\/portal\\\/?p=97803\"},\"wordCount\":658,\"commentCount\":0,\"publisher\":{\"@id\":\"https:\\\/\\\/jornalbeirario.com.br\\\/portal\\\/#organization\"},\"image\":{\"@id\":\"https:\\\/\\\/jornalbeirario.com.br\\\/portal\\\/?p=97803#primaryimage\"},\"thumbnailUrl\":\"https:\\\/\\\/jornalbeirario.com.br\\\/portal\\\/wp-content\\\/uploads\\\/2023\\\/03\\\/investimentos.jpg\",\"articleSection\":[\"Brasil\",\"Economia\",\"Manchete\"],\"inLanguage\":\"pt-BR\",\"potentialAction\":[{\"@type\":\"CommentAction\",\"name\":\"Comment\",\"target\":[\"https:\\\/\\\/jornalbeirario.com.br\\\/portal\\\/?p=97803#respond\"]}]},{\"@type\":\"WebPage\",\"@id\":\"https:\\\/\\\/jornalbeirario.com.br\\\/portal\\\/?p=97803\",\"url\":\"https:\\\/\\\/jornalbeirario.com.br\\\/portal\\\/?p=97803\",\"name\":\"Lula anunciar\u00e1 pacote de desenvolvimento em infraestrutura para o pa\u00eds - JORNAL BEIRA RIO\",\"isPartOf\":{\"@id\":\"https:\\\/\\\/jornalbeirario.com.br\\\/portal\\\/#website\"},\"primaryImageOfPage\":{\"@id\":\"https:\\\/\\\/jornalbeirario.com.br\\\/portal\\\/?p=97803#primaryimage\"},\"image\":{\"@id\":\"https:\\\/\\\/jornalbeirario.com.br\\\/portal\\\/?p=97803#primaryimage\"},\"thumbnailUrl\":\"https:\\\/\\\/jornalbeirario.com.br\\\/portal\\\/wp-content\\\/uploads\\\/2023\\\/03\\\/investimentos.jpg\",\"datePublished\":\"2023-03-24T18:38:36+00:00\",\"breadcrumb\":{\"@id\":\"https:\\\/\\\/jornalbeirario.com.br\\\/portal\\\/?p=97803#breadcrumb\"},\"inLanguage\":\"pt-BR\",\"potentialAction\":[{\"@type\":\"ReadAction\",\"target\":[\"https:\\\/\\\/jornalbeirario.com.br\\\/portal\\\/?p=97803\"]}]},{\"@type\":\"ImageObject\",\"inLanguage\":\"pt-BR\",\"@id\":\"https:\\\/\\\/jornalbeirario.com.br\\\/portal\\\/?p=97803#primaryimage\",\"url\":\"https:\\\/\\\/jornalbeirario.com.br\\\/portal\\\/wp-content\\\/uploads\\\/2023\\\/03\\\/investimentos.jpg\",\"contentUrl\":\"https:\\\/\\\/jornalbeirario.com.br\\\/portal\\\/wp-content\\\/uploads\\\/2023\\\/03\\\/investimentos.jpg\",\"width\":1100,\"height\":939},{\"@type\":\"BreadcrumbList\",\"@id\":\"https:\\\/\\\/jornalbeirario.com.br\\\/portal\\\/?p=97803#breadcrumb\",\"itemListElement\":[{\"@type\":\"ListItem\",\"position\":1,\"name\":\"Home\",\"item\":\"https:\\\/\\\/jornalbeirario.com.br\\\/portal\"},{\"@type\":\"ListItem\",\"position\":2,\"name\":\"Lula anunciar\u00e1 pacote de desenvolvimento em infraestrutura para o pa\u00eds\"}]},{\"@type\":\"WebSite\",\"@id\":\"https:\\\/\\\/jornalbeirario.com.br\\\/portal\\\/#website\",\"url\":\"https:\\\/\\\/jornalbeirario.com.br\\\/portal\\\/\",\"name\":\"JORNAL BEIRA RIO\",\"description\":\"\",\"publisher\":{\"@id\":\"https:\\\/\\\/jornalbeirario.com.br\\\/portal\\\/#organization\"},\"potentialAction\":[{\"@type\":\"SearchAction\",\"target\":{\"@type\":\"EntryPoint\",\"urlTemplate\":\"https:\\\/\\\/jornalbeirario.com.br\\\/portal\\\/?s={search_term_string}\"},\"query-input\":{\"@type\":\"PropertyValueSpecification\",\"valueRequired\":true,\"valueName\":\"search_term_string\"}}],\"inLanguage\":\"pt-BR\"},{\"@type\":\"Organization\",\"@id\":\"https:\\\/\\\/jornalbeirario.com.br\\\/portal\\\/#organization\",\"name\":\"JORNAL BEIRA RIO\",\"url\":\"https:\\\/\\\/jornalbeirario.com.br\\\/portal\\\/\",\"logo\":{\"@type\":\"ImageObject\",\"inLanguage\":\"pt-BR\",\"@id\":\"https:\\\/\\\/jornalbeirario.com.br\\\/portal\\\/#\\\/schema\\\/logo\\\/image\\\/\",\"url\":\"https:\\\/\\\/jornalbeirario.com.br\\\/portal\\\/wp-content\\\/uploads\\\/2017\\\/09\\\/BEIRA-RIO_logo600.png\",\"contentUrl\":\"https:\\\/\\\/jornalbeirario.com.br\\\/portal\\\/wp-content\\\/uploads\\\/2017\\\/09\\\/BEIRA-RIO_logo600.png\",\"width\":650,\"height\":108,\"caption\":\"JORNAL BEIRA RIO\"},\"image\":{\"@id\":\"https:\\\/\\\/jornalbeirario.com.br\\\/portal\\\/#\\\/schema\\\/logo\\\/image\\\/\"}},{\"@type\":\"Person\",\"@id\":\"https:\\\/\\\/jornalbeirario.com.br\\\/portal\\\/#\\\/schema\\\/person\\\/c6c423e4c2465d2a9233f6539173e7c1\",\"name\":\"Jornal BEIRA-RIO\",\"image\":{\"@type\":\"ImageObject\",\"inLanguage\":\"pt-BR\",\"@id\":\"https:\\\/\\\/jornalbeirario.com.br\\\/portal\\\/wp-content\\\/uploads\\\/2023\\\/10\\\/logojbr1.jpg\",\"url\":\"https:\\\/\\\/jornalbeirario.com.br\\\/portal\\\/wp-content\\\/uploads\\\/2023\\\/10\\\/logojbr1.jpg\",\"contentUrl\":\"https:\\\/\\\/jornalbeirario.com.br\\\/portal\\\/wp-content\\\/uploads\\\/2023\\\/10\\\/logojbr1.jpg\",\"caption\":\"Jornal BEIRA-RIO\"},\"url\":\"https:\\\/\\\/jornalbeirario.com.br\\\/portal\\\/?author=1\"}]}<\/script>\n<!-- \/ Yoast SEO plugin. -->","yoast_head_json":{"title":"Lula anunciar\u00e1 pacote de desenvolvimento em infraestrutura para o pa\u00eds - JORNAL BEIRA RIO","robots":{"index":"index","follow":"follow","max-snippet":"max-snippet:-1","max-image-preview":"max-image-preview:large","max-video-preview":"max-video-preview:-1"},"canonical":"https:\/\/jornalbeirario.com.br\/portal\/?p=97803","og_locale":"pt_BR","og_type":"article","og_title":"Lula anunciar\u00e1 pacote de desenvolvimento em infraestrutura para o pa\u00eds - JORNAL BEIRA RIO","og_description":"A Secretaria de Comunica\u00e7\u00e3o de Comunica\u00e7\u00e3o da Presid\u00eancia da Rep\u00fablica informou que depois de 80 dias de a\u00e7\u00f5es voltadas para a retomada e moderniza\u00e7\u00e3o","og_url":"https:\/\/jornalbeirario.com.br\/portal\/?p=97803","og_site_name":"JORNAL BEIRA RIO","article_published_time":"2023-03-24T18:38:36+00:00","og_image":[{"width":1100,"height":939,"url":"https:\/\/jornalbeirario.com.br\/portal\/wp-content\/uploads\/2023\/03\/investimentos.jpg","type":"image\/jpeg"}],"author":"Jornal BEIRA-RIO","twitter_card":"summary_large_image","twitter_misc":{"Escrito por":"Jornal BEIRA-RIO","Est. tempo de leitura":"4 minutos"},"schema":{"@context":"https:\/\/schema.org","@graph":[{"@type":"Article","@id":"https:\/\/jornalbeirario.com.br\/portal\/?p=97803#article","isPartOf":{"@id":"https:\/\/jornalbeirario.com.br\/portal\/?p=97803"},"author":{"name":"Jornal BEIRA-RIO","@id":"https:\/\/jornalbeirario.com.br\/portal\/#\/schema\/person\/c6c423e4c2465d2a9233f6539173e7c1"},"headline":"Lula anunciar\u00e1 pacote de desenvolvimento em infraestrutura para o pa\u00eds","datePublished":"2023-03-24T18:38:36+00:00","mainEntityOfPage":{"@id":"https:\/\/jornalbeirario.com.br\/portal\/?p=97803"},"wordCount":658,"commentCount":0,"publisher":{"@id":"https:\/\/jornalbeirario.com.br\/portal\/#organization"},"image":{"@id":"https:\/\/jornalbeirario.com.br\/portal\/?p=97803#primaryimage"},"thumbnailUrl":"https:\/\/jornalbeirario.com.br\/portal\/wp-content\/uploads\/2023\/03\/investimentos.jpg","articleSection":["Brasil","Economia","Manchete"],"inLanguage":"pt-BR","potentialAction":[{"@type":"CommentAction","name":"Comment","target":["https:\/\/jornalbeirario.com.br\/portal\/?p=97803#respond"]}]},{"@type":"WebPage","@id":"https:\/\/jornalbeirario.com.br\/portal\/?p=97803","url":"https:\/\/jornalbeirario.com.br\/portal\/?p=97803","name":"Lula anunciar\u00e1 pacote de desenvolvimento em infraestrutura para o pa\u00eds - JORNAL BEIRA RIO","isPartOf":{"@id":"https:\/\/jornalbeirario.com.br\/portal\/#website"},"primaryImageOfPage":{"@id":"https:\/\/jornalbeirario.com.br\/portal\/?p=97803#primaryimage"},"image":{"@id":"https:\/\/jornalbeirario.com.br\/portal\/?p=97803#primaryimage"},"thumbnailUrl":"https:\/\/jornalbeirario.com.br\/portal\/wp-content\/uploads\/2023\/03\/investimentos.jpg","datePublished":"2023-03-24T18:38:36+00:00","breadcrumb":{"@id":"https:\/\/jornalbeirario.com.br\/portal\/?p=97803#breadcrumb"},"inLanguage":"pt-BR","potentialAction":[{"@type":"ReadAction","target":["https:\/\/jornalbeirario.com.br\/portal\/?p=97803"]}]},{"@type":"ImageObject","inLanguage":"pt-BR","@id":"https:\/\/jornalbeirario.com.br\/portal\/?p=97803#primaryimage","url":"https:\/\/jornalbeirario.com.br\/portal\/wp-content\/uploads\/2023\/03\/investimentos.jpg","contentUrl":"https:\/\/jornalbeirario.com.br\/portal\/wp-content\/uploads\/2023\/03\/investimentos.jpg","width":1100,"height":939},{"@type":"BreadcrumbList","@id":"https:\/\/jornalbeirario.com.br\/portal\/?p=97803#breadcrumb","itemListElement":[{"@type":"ListItem","position":1,"name":"Home","item":"https:\/\/jornalbeirario.com.br\/portal"},{"@type":"ListItem","position":2,"name":"Lula anunciar\u00e1 pacote de desenvolvimento em infraestrutura para o pa\u00eds"}]},{"@type":"WebSite","@id":"https:\/\/jornalbeirario.com.br\/portal\/#website","url":"https:\/\/jornalbeirario.com.br\/portal\/","name":"JORNAL BEIRA RIO","description":"","publisher":{"@id":"https:\/\/jornalbeirario.com.br\/portal\/#organization"},"potentialAction":[{"@type":"SearchAction","target":{"@type":"EntryPoint","urlTemplate":"https:\/\/jornalbeirario.com.br\/portal\/?s={search_term_string}"},"query-input":{"@type":"PropertyValueSpecification","valueRequired":true,"valueName":"search_term_string"}}],"inLanguage":"pt-BR"},{"@type":"Organization","@id":"https:\/\/jornalbeirario.com.br\/portal\/#organization","name":"JORNAL BEIRA RIO","url":"https:\/\/jornalbeirario.com.br\/portal\/","logo":{"@type":"ImageObject","inLanguage":"pt-BR","@id":"https:\/\/jornalbeirario.com.br\/portal\/#\/schema\/logo\/image\/","url":"https:\/\/jornalbeirario.com.br\/portal\/wp-content\/uploads\/2017\/09\/BEIRA-RIO_logo600.png","contentUrl":"https:\/\/jornalbeirario.com.br\/portal\/wp-content\/uploads\/2017\/09\/BEIRA-RIO_logo600.png","width":650,"height":108,"caption":"JORNAL BEIRA RIO"},"image":{"@id":"https:\/\/jornalbeirario.com.br\/portal\/#\/schema\/logo\/image\/"}},{"@type":"Person","@id":"https:\/\/jornalbeirario.com.br\/portal\/#\/schema\/person\/c6c423e4c2465d2a9233f6539173e7c1","name":"Jornal BEIRA-RIO","image":{"@type":"ImageObject","inLanguage":"pt-BR","@id":"https:\/\/jornalbeirario.com.br\/portal\/wp-content\/uploads\/2023\/10\/logojbr1.jpg","url":"https:\/\/jornalbeirario.com.br\/portal\/wp-content\/uploads\/2023\/10\/logojbr1.jpg","contentUrl":"https:\/\/jornalbeirario.com.br\/portal\/wp-content\/uploads\/2023\/10\/logojbr1.jpg","caption":"Jornal BEIRA-RIO"},"url":"https:\/\/jornalbeirario.com.br\/portal\/?author=1"}]}},"_links":{"self":[{"href":"https:\/\/jornalbeirario.com.br\/portal\/index.php?rest_route=\/wp\/v2\/posts\/97803","targetHints":{"allow":["GET"]}}],"collection":[{"href":"https:\/\/jornalbeirario.com.br\/portal\/index.php?rest_route=\/wp\/v2\/posts"}],"about":[{"href":"https:\/\/jornalbeirario.com.br\/portal\/index.php?rest_route=\/wp\/v2\/types\/post"}],"author":[{"embeddable":true,"href":"https:\/\/jornalbeirario.com.br\/portal\/index.php?rest_route=\/wp\/v2\/users\/1"}],"replies":[{"embeddable":true,"href":"https:\/\/jornalbeirario.com.br\/portal\/index.php?rest_route=%2Fwp%2Fv2%2Fcomments&post=97803"}],"version-history":[{"count":1,"href":"https:\/\/jornalbeirario.com.br\/portal\/index.php?rest_route=\/wp\/v2\/posts\/97803\/revisions"}],"predecessor-version":[{"id":97807,"href":"https:\/\/jornalbeirario.com.br\/portal\/index.php?rest_route=\/wp\/v2\/posts\/97803\/revisions\/97807"}],"wp:featuredmedia":[{"embeddable":true,"href":"https:\/\/jornalbeirario.com.br\/portal\/index.php?rest_route=\/wp\/v2\/media\/97806"}],"wp:attachment":[{"href":"https:\/\/jornalbeirario.com.br\/portal\/index.php?rest_route=%2Fwp%2Fv2%2Fmedia&parent=97803"}],"wp:term":[{"taxonomy":"category","embeddable":true,"href":"https:\/\/jornalbeirario.com.br\/portal\/index.php?rest_route=%2Fwp%2Fv2%2Fcategories&post=97803"},{"taxonomy":"post_tag","embeddable":true,"href":"https:\/\/jornalbeirario.com.br\/portal\/index.php?rest_route=%2Fwp%2Fv2%2Ftags&post=97803"}],"curies":[{"name":"wp","href":"https:\/\/api.w.org\/{rel}","templated":true}]}}