
{"id":97626,"date":"2023-02-13T13:29:01","date_gmt":"2023-02-13T16:29:01","guid":{"rendered":"https:\/\/jornalbeirario.com.br\/portal\/?p=97626"},"modified":"2023-02-13T13:29:45","modified_gmt":"2023-02-13T16:29:45","slug":"visita-de-criancas-e-adolescentes-aos-pais-custodiados","status":"publish","type":"post","link":"https:\/\/jornalbeirario.com.br\/portal\/?p=97626","title":{"rendered":"Visita de crian\u00e7as e adolescentes aos pais custodiados"},"content":{"rendered":"<p>A Coordenadoria de Media\u00e7\u00e3o, M\u00e9todos Autocompositivos e Sistema Restaurativo do Minist\u00e9rio P\u00fablico do Estado do Rio de Janeiro (CEMEAR\/MPRJ) realizou, na quinta-feira, dia 9, reuni\u00e3o com a Defensoria P\u00fablica do Estado do Rio de Janeiro (DPERJ), Secretaria de Estado de Administra\u00e7\u00e3o Penitenci\u00e1ria (SEAP), Procuradoria Geral do Estado do Rio de Janeiro (PGE-RJ) e Diretoria de Identifica\u00e7\u00e3o Civil do DETRAN-RJ para nova rodada de negocia\u00e7\u00f5es para a elabora\u00e7\u00e3o de uma nova resolu\u00e7\u00e3o, com dispositivos que garantam a efetiva conviv\u00eancia de crian\u00e7as e adolescentes junto aos pais e familiares em priva\u00e7\u00e3o de liberdade. A cria\u00e7\u00e3o da nova minuta busca atender ao pedido de a\u00e7\u00e3o civil p\u00fablica proposta pela Defensoria P\u00fablica do Estado do Rio de Janeiro, em face da Estado do Rio de Janeiro.<\/p>\n<div class=\"x_x_x_x_x_x_x_x_x_x_x_x_x_x_x_x_x_x_x_x_x_x_x_x_x_elementToProof x_x_x_x_x_x_x_x_x_x_x_x_x_x_x_x_x_x_x_x_x_x_x_x_x_x_x_x_elementToProof x_x_x_x_x_x_x_x_x_x_x_x_x_x_x_x_x_x_x_x_x_x_x_x_x_x_x_x_x_x_x_elementToProof x_x_x_x_x_x_x_x_x_x_x_x_x_x_x_x_x_x_x_x_x_x_x_x_x_x_x_x_x_x_x_ContentPasted0 x_x_x_x_x_x_x_x_x_x_x_x_x_x_x_x_x_x_x_x_x_x_x_x_x_x_x_x_x_x_x_x_x_x_x_x_x_x_x_x_x_x_x_x_x_x_x_x_x_x_x_x_x_x_x_x_x_x_x_elementToProof x_x_x_x_x_x_x_x_x_x_x_x_x_x_x_x_x_x_x_x_x_x_x_x_x_x_x_x_x_x_x_x_x_x_x_x_x_x_x_x_x_x_x_x_x_x_x_x_x_x_x_x_x_x_x_x_x_x_x_x_elementToProof x_x_x_x_x_x_x_x_x_x_x_x_x_x_x_x_x_x_x_x_x_x_x_x_x_x_x_x_x_x_x_x_x_x_x_x_x_x_x_x_x_x_x_x_x_x_x_x_x_x_x_x_x_x_x_x_x_x_x_x_ContentPasted1 x_x_x_x_x_x_x_x_x_x_x_x_x_x_x_x_x_x_x_x_x_x_x_x_x_x_x_x_x_x_x_x_x_x_x_x_x_x_x_x_x_x_x_x_x_x_x_x_x_x_x_x_x_x_x_x_x_x_x_x_x_x_x_x_elementToProof x_x_x_x_x_x_x_x_x_x_x_x_x_x_x_x_x_x_x_x_x_x_x_x_x_x_x_x_x_x_x_x_x_x_x_x_x_x_x_x_x_x_x_x_x_x_x_x_x_x_x_x_x_x_x_x_x_x_x_x_x_x_x_x_x_x_x_x_elementToProof x_x_x_x_x_x_x_x_x_x_x_x_x_x_x_x_x_x_x_x_x_x_x_x_x_x_x_x_x_x_x_x_x_x_x_x_x_x_x_x_x_x_x_x_x_x_x_x_x_x_x_x_x_x_x_x_x_x_x_x_x_x_x_x_x_x_x_x_x_x_ContentPasted0 x_x_x_x_x_x_x_x_x_x_x_x_x_x_x_x_x_x_x_x_x_x_x_x_x_x_x_x_x_x_x_x_x_x_x_x_x_x_x_x_x_x_x_x_x_x_x_x_x_x_x_x_x_x_x_x_x_x_x_x_x_x_x_x_x_x_x_x_x_x_elementToProof x_x_x_x_x_x_x_x_x_x_x_x_x_x_x_x_x_x_x_x_x_x_x_x_x_x_x_x_x_x_x_x_x_x_x_x_x_x_x_x_x_x_x_x_x_x_x_x_x_x_x_x_x_x_x_x_x_x_x_x_x_x_x_x_x_x_x_x_x_x_x_x_x_x_x_x_x_x_x_x_x_x_x_x_x_x_x_x_x_x_x_x_x_x_x_x_x_x_x_x_x_x_x_x_x_x_x_x_x_x_x_x_x_x_x_x_x_x_x_x_x_x_x_x_x_x_x_x_x_x_x_x_x_x_x_x_x_x_x_x_x_x_x_x_x_x_x_x_x_x_x_x_x_x_x_x_x_x_x_x_x_x_x_x_x_x_x_x_x_x_x_x_x_x_x_x_x_x_x_x_x_x_x_x_x_x_x_x_x_x_x_x_x_x_x_x_x_x_x_x_x_x_x_x_x_x_x_x_x_x_x_x_x_x_x_x_x_x_x_x_x_x_x_x_x_x_x_x_x_x_x_x_x_x_x_x_x_x_x_x_x_x_x_textocorrido\">\n<div class=\"x_x_x_x_x_x_x_x_elementToProof x_x_x_x_x_x_x_x_x_elementToProof x_x_x_x_x_x_x_x_x_x_elementToProof x_x_x_x_x_x_x_x_x_x_x_x_x_x_elementToProof x_x_x_x_x_x_x_x_x_x_x_x_x_x_x_x_x_x_elementToProof x_x_x_x_x_x_x_x_x_x_x_x_x_x_x_x_x_x_x_x_x_elementToProof x_x_x_x_x_x_x_x_x_x_x_x_x_x_x_x_x_x_x_x_x_x_x_x_elementToProof x_x_x_x_x_x_x_x_x_x_x_x_x_x_x_x_x_x_x_x_x_x_x_x_x_elementToProof x_x_x_x_x_x_x_x_x_x_x_x_x_x_x_x_x_x_x_x_x_x_x_x_x_x_x_x_elementToProof x_x_x_x_x_x_x_x_x_x_x_x_x_x_x_x_x_x_x_x_x_x_x_x_x_x_x_x_x_x_x_x_x_x_x_x_x_x_x_x_x_x_x_x_x_x_x_x_x_x_x_x_x_x_x_x_x_x_x_x_elementToProof x_x_x_x_x_x_x_x_x_x_x_x_x_x_x_x_x_x_x_x_x_x_x_x_x_x_x_x_x_x_x_x_x_x_x_x_x_x_x_x_x_x_x_x_x_x_x_x_x_x_x_x_x_x_x_x_x_x_x_x_x_x_x_x_x_x_x_x_x_x_ContentPasted0\">\n<div><\/div>\n<div>\u2014 O processo neste formato permite a constru\u00e7\u00e3o de solu\u00e7\u00f5es consensuais, refor\u00e7ando que a preocupa\u00e7\u00e3o de todas as institui\u00e7\u00f5es envolvidas \u00e9 a defesa do melhor interesse de crian\u00e7as e adolescentes, reconhecendo a import\u00e2ncia da visita\u00e7\u00e3o a pessoa privada de liberdade como crucial para o processo de ressocializa\u00e7\u00e3o. O trabalho desenvolvido em parceria demonstra que a atua\u00e7\u00e3o da DPERJ e MPRJ s\u00e3o complementares e potencializadas quando realizadas em conjunto, afirmou o defensor p\u00fablico Rodrigo Azambuja.<\/div>\n<div><\/div>\n<div>O objetivo dos encontros iniciados em setembro \u00e9 debater e aprimorar pontos da resolu\u00e7\u00e3o atualmente vigente, utilizada pela SEAP como norteadores do processo de visita\u00e7\u00e3o \u00e0s pessoas privadas de liberdade. Durante as reuni\u00f5es, foram apontadas regras que podem limitar o acesso a essas pessoas, como exig\u00eancias de diversas certid\u00f5es com firmas reconhecidas. Outro ponto tratado com preocupa\u00e7\u00e3o pelo MPRJ e pela Defensoria P\u00fablica foi o compartilhamento de informa\u00e7\u00f5es pessoais das crian\u00e7as e adolescentes que acessam o sistema prisional para visitar familiares. Para as institui\u00e7\u00f5es essa a\u00e7\u00e3o, poderia acarretar graves preju\u00edzos \u00e0 crian\u00e7a ou ao adolescente, tendo em vista a ideia estigmatizante que ainda persiste na sociedade. e gera uma s\u00e9rie de preju\u00edzos \u00e0 imagem.<\/div>\n<div><\/div>\n<div>Para a promotora de Justi\u00e7a Patricia Hauer, o principal ponto de aten\u00e7\u00e3o, nesse caso, \u00e9 o compartilhamento das informa\u00e7\u00f5es sobre o credenciamento de crian\u00e7as e adolescentes e seu respectivo uso por institui\u00e7\u00f5es que tenham acesso ao sistema do portal de seguran\u00e7a. &#8220;Pesquisa do grupo de trabalho da comiss\u00e3o de valoriza\u00e7\u00e3o da primeira inf\u00e2ncia do Tribunal de Justi\u00e7a do Rio constatou que profissionais da SEAP e familiares de pessoas privadas de liberdade entendem que este credenciamento, equivale a um \u00b4fichamento\u00b4 da crian\u00e7a e adolescente, o que gera o receio dos respons\u00e1veis pelas crian\u00e7as e adolescentes, de que estes sofram a estigmatiza\u00e7\u00e3o por visitar uma pessoa privada de liberdade&#8221;, ressaltou a promotora de Justi\u00e7a.<\/div>\n<div><\/div>\n<div>Na \u00faltima reuni\u00e3o houve a not\u00edcia de que a partir de requisi\u00e7\u00e3o da SEAP, as pessoas dessa faixa et\u00e1ria s\u00e3o omitidas dos par\u00e2metros de consulta do portal de seguran\u00e7a, permanecendo apenas no respectivo banco de dados daquela secretaria, assim, consta no SIPEN, as informa\u00e7\u00f5es das crian\u00e7as e adolescentes visitantes das unidades prisionais, para fins de consumo interno para controle de acesso pelo sistema penitenci\u00e1rio e alguns membros do sistema de justi\u00e7a.<\/div>\n<div><\/div>\n<div>\u2014 Esta medida representa um grande avan\u00e7o e acreditamos que \u00e9 necess\u00e1ria a realiza\u00e7\u00e3o de um trabalho de campanha institucional para divulgar que n\u00e3o h\u00e1 mais a disponibiliza\u00e7\u00e3o desta informa\u00e7\u00e3o no Portal de Seguran\u00e7a, o que poderia acarretar um constrangimento \u00e0s crian\u00e7as e aos adolescentes. Este \u00e9 um ponto, que teve uma r\u00e1pida solu\u00e7\u00e3o alcan\u00e7ada com o empenho de todos os envolvidos neste procedimento consensual, afirma a coordenadora do CEMEAR\/MPRJ, Roberta Rosa.<\/div>\n<div><\/div>\n<div>\u2014 A preserva\u00e7\u00e3o do conv\u00edvio entre privados de liberdade e seus filhos \u00e9 essencial para a reintegra\u00e7\u00e3o social dos custodiados e, consequentemente, para reduzir o \u00edndice de reincid\u00eancia no sistema. Para garantir a prote\u00e7\u00e3o de crian\u00e7as e adolescentes visitantes que acessam as unidades, no entanto, faz-se necess\u00e1rio redesenharmos os nossos sistemas de controle, e \u00e9 por isso que esse trabalho conjunto entre a SEAP e a Defensoria P\u00fablica do Rio \u00e9 de fundamental import\u00e2ncia, apontou a Secret\u00e1ria de Administra\u00e7\u00e3o Penitenci\u00e1ria do Estado do Rio de Janeiro, Maria Rosa Lo Duca Nebel.<\/div>\n<div><\/div>\n<p><span class=\"x_x_x_x_elementToProof x_x_x_x_x_x_x_x_ContentPasted0 x_x_x_x_x_x_x_x_elementToProof x_x_x_x_x_x_x_x_x_ContentPasted1 x_x_x_x_x_x_x_x_x_elementToProof x_x_x_x_x_x_x_x_x_x_ContentPasted1 x_x_x_x_x_x_x_x_x_x_elementToProof x_x_x_x_x_x_x_x_x_x_x_x_x_x_ContentPasted1 x_x_x_x_x_x_x_x_x_x_x_x_x_x_elementToProof x_x_x_x_x_x_x_x_x_x_x_x_x_x_x_x_x_x_ContentPasted1 x_x_x_x_x_x_x_x_x_x_x_x_x_x_x_x_x_x_elementToProof x_x_x_x_x_x_x_x_x_x_x_x_x_x_x_x_x_x_x_x_x_ContentPasted1 x_x_x_x_x_x_x_x_x_x_x_x_x_x_x_x_x_x_x_x_x_elementToProof x_x_x_x_x_x_x_x_x_x_x_x_x_x_x_x_x_x_x_x_x_x_x_x_ContentPasted0 x_x_x_x_x_x_x_x_x_x_x_x_x_x_x_x_x_x_x_x_x_x_x_x_elementToProof x_x_x_x_x_x_x_x_x_x_x_x_x_x_x_x_x_x_x_x_x_x_x_x_x_elementToProof x_x_x_x_x_x_x_x_x_x_x_x_x_x_x_x_x_x_x_x_x_x_x_x_x_ContentPasted1\">Para debater medidas que possam ser adotadas para que n\u00e3o ocorram consequ\u00eancias danosas \u00e0 crian\u00e7a, seja por conta da visita\u00e7\u00e3o ao familiar privado de liberdade, seja por conta da exclus\u00e3o total da conviv\u00eancia, al\u00e9m dos membros do MPRJ, da Defensoria P\u00fablica, da Procuradoria-Geral do Estado (PGE-RJ), e de agentes da SEAP, tamb\u00e9m foram convidados representantes do DETRAN-RJ. \u00a0A ideia \u00e9 chegar uma solu\u00e7\u00e3o, que esteja prevista na nova reda\u00e7\u00e3o, \u00a0garantindo que os nomes dessas crian\u00e7as e adolescentes inseridos no sistema de informa\u00e7\u00e3o SISPEN, gerido pelo DETRAN-RJ, n\u00e3o sejam compartilhados pelo Portal de Seguran\u00e7a e que fiquem armazenados somente nos bancos internos da SEAP.<\/span><\/p>\n<\/div>\n<div>Fonte: MPRJ<br \/>\nFoto: Secom\/Governo do Par\u00e1<\/div>\n<\/div>\n","protected":false},"excerpt":{"rendered":"<p>A Coordenadoria de Media\u00e7\u00e3o, M\u00e9todos Autocompositivos e Sistema Restaurativo do Minist\u00e9rio P\u00fablico do Estado do Rio de Janeiro (CEMEAR\/MPRJ) realizou, na quinta-feira, dia 9,<\/p>\n","protected":false},"author":1,"featured_media":97627,"comment_status":"open","ping_status":"open","sticky":false,"template":"","format":"standard","meta":{"pmpro_default_level":"","footnotes":""},"categories":[1,175,13],"tags":[],"class_list":["post-97626","post","type-post","status-publish","format-standard","has-post-thumbnail","hentry","category-cidade","category-justica","category-social","pmpro-has-access"],"yoast_head":"<!-- This site is optimized with the Yoast SEO plugin v27.4 - https:\/\/yoast.com\/product\/yoast-seo-wordpress\/ -->\n<title>Visita de crian\u00e7as e adolescentes aos pais custodiados - JORNAL BEIRA RIO<\/title>\n<meta name=\"robots\" content=\"index, follow, max-snippet:-1, max-image-preview:large, max-video-preview:-1\" \/>\n<link rel=\"canonical\" href=\"https:\/\/jornalbeirario.com.br\/portal\/?p=97626\" \/>\n<meta property=\"og:locale\" content=\"pt_BR\" \/>\n<meta property=\"og:type\" content=\"article\" \/>\n<meta property=\"og:title\" content=\"Visita de crian\u00e7as e adolescentes aos pais custodiados - JORNAL BEIRA RIO\" \/>\n<meta property=\"og:description\" content=\"A Coordenadoria de Media\u00e7\u00e3o, M\u00e9todos Autocompositivos e Sistema Restaurativo do Minist\u00e9rio P\u00fablico do Estado do Rio de Janeiro (CEMEAR\/MPRJ) realizou, na quinta-feira, dia 9,\" \/>\n<meta property=\"og:url\" content=\"https:\/\/jornalbeirario.com.br\/portal\/?p=97626\" \/>\n<meta property=\"og:site_name\" content=\"JORNAL BEIRA RIO\" \/>\n<meta property=\"article:published_time\" content=\"2023-02-13T16:29:01+00:00\" \/>\n<meta property=\"article:modified_time\" content=\"2023-02-13T16:29:45+00:00\" \/>\n<meta property=\"og:image\" content=\"https:\/\/jornalbeirario.com.br\/portal\/wp-content\/uploads\/2023\/02\/crian_pais_prisao.jpg\" \/>\n\t<meta property=\"og:image:width\" content=\"640\" \/>\n\t<meta property=\"og:image:height\" content=\"426\" \/>\n\t<meta property=\"og:image:type\" content=\"image\/jpeg\" \/>\n<meta name=\"author\" content=\"Jornal BEIRA-RIO\" \/>\n<meta name=\"twitter:card\" content=\"summary_large_image\" \/>\n<meta name=\"twitter:label1\" content=\"Escrito por\" \/>\n\t<meta name=\"twitter:data1\" content=\"Jornal BEIRA-RIO\" \/>\n\t<meta name=\"twitter:label2\" content=\"Est. tempo de leitura\" \/>\n\t<meta name=\"twitter:data2\" content=\"5 minutos\" \/>\n<script type=\"application\/ld+json\" class=\"yoast-schema-graph\">{\"@context\":\"https:\\\/\\\/schema.org\",\"@graph\":[{\"@type\":\"Article\",\"@id\":\"https:\\\/\\\/jornalbeirario.com.br\\\/portal\\\/?p=97626#article\",\"isPartOf\":{\"@id\":\"https:\\\/\\\/jornalbeirario.com.br\\\/portal\\\/?p=97626\"},\"author\":{\"name\":\"Jornal BEIRA-RIO\",\"@id\":\"https:\\\/\\\/jornalbeirario.com.br\\\/portal\\\/#\\\/schema\\\/person\\\/c6c423e4c2465d2a9233f6539173e7c1\"},\"headline\":\"Visita de crian\u00e7as e adolescentes aos pais custodiados\",\"datePublished\":\"2023-02-13T16:29:01+00:00\",\"dateModified\":\"2023-02-13T16:29:45+00:00\",\"mainEntityOfPage\":{\"@id\":\"https:\\\/\\\/jornalbeirario.com.br\\\/portal\\\/?p=97626\"},\"wordCount\":871,\"commentCount\":0,\"publisher\":{\"@id\":\"https:\\\/\\\/jornalbeirario.com.br\\\/portal\\\/#organization\"},\"image\":{\"@id\":\"https:\\\/\\\/jornalbeirario.com.br\\\/portal\\\/?p=97626#primaryimage\"},\"thumbnailUrl\":\"https:\\\/\\\/jornalbeirario.com.br\\\/portal\\\/wp-content\\\/uploads\\\/2023\\\/02\\\/crian_pais_prisao.jpg\",\"articleSection\":[\"Cidade\",\"Justi\u00e7a\",\"Social\"],\"inLanguage\":\"pt-BR\",\"potentialAction\":[{\"@type\":\"CommentAction\",\"name\":\"Comment\",\"target\":[\"https:\\\/\\\/jornalbeirario.com.br\\\/portal\\\/?p=97626#respond\"]}]},{\"@type\":\"WebPage\",\"@id\":\"https:\\\/\\\/jornalbeirario.com.br\\\/portal\\\/?p=97626\",\"url\":\"https:\\\/\\\/jornalbeirario.com.br\\\/portal\\\/?p=97626\",\"name\":\"Visita de crian\u00e7as e adolescentes aos pais custodiados - JORNAL BEIRA RIO\",\"isPartOf\":{\"@id\":\"https:\\\/\\\/jornalbeirario.com.br\\\/portal\\\/#website\"},\"primaryImageOfPage\":{\"@id\":\"https:\\\/\\\/jornalbeirario.com.br\\\/portal\\\/?p=97626#primaryimage\"},\"image\":{\"@id\":\"https:\\\/\\\/jornalbeirario.com.br\\\/portal\\\/?p=97626#primaryimage\"},\"thumbnailUrl\":\"https:\\\/\\\/jornalbeirario.com.br\\\/portal\\\/wp-content\\\/uploads\\\/2023\\\/02\\\/crian_pais_prisao.jpg\",\"datePublished\":\"2023-02-13T16:29:01+00:00\",\"dateModified\":\"2023-02-13T16:29:45+00:00\",\"breadcrumb\":{\"@id\":\"https:\\\/\\\/jornalbeirario.com.br\\\/portal\\\/?p=97626#breadcrumb\"},\"inLanguage\":\"pt-BR\",\"potentialAction\":[{\"@type\":\"ReadAction\",\"target\":[\"https:\\\/\\\/jornalbeirario.com.br\\\/portal\\\/?p=97626\"]}]},{\"@type\":\"ImageObject\",\"inLanguage\":\"pt-BR\",\"@id\":\"https:\\\/\\\/jornalbeirario.com.br\\\/portal\\\/?p=97626#primaryimage\",\"url\":\"https:\\\/\\\/jornalbeirario.com.br\\\/portal\\\/wp-content\\\/uploads\\\/2023\\\/02\\\/crian_pais_prisao.jpg\",\"contentUrl\":\"https:\\\/\\\/jornalbeirario.com.br\\\/portal\\\/wp-content\\\/uploads\\\/2023\\\/02\\\/crian_pais_prisao.jpg\",\"width\":640,\"height\":426,\"caption\":\"UCHOASILVA\\\/SEAP\"},{\"@type\":\"BreadcrumbList\",\"@id\":\"https:\\\/\\\/jornalbeirario.com.br\\\/portal\\\/?p=97626#breadcrumb\",\"itemListElement\":[{\"@type\":\"ListItem\",\"position\":1,\"name\":\"Home\",\"item\":\"https:\\\/\\\/jornalbeirario.com.br\\\/portal\"},{\"@type\":\"ListItem\",\"position\":2,\"name\":\"Visita de crian\u00e7as e adolescentes aos pais custodiados\"}]},{\"@type\":\"WebSite\",\"@id\":\"https:\\\/\\\/jornalbeirario.com.br\\\/portal\\\/#website\",\"url\":\"https:\\\/\\\/jornalbeirario.com.br\\\/portal\\\/\",\"name\":\"JORNAL BEIRA RIO\",\"description\":\"\",\"publisher\":{\"@id\":\"https:\\\/\\\/jornalbeirario.com.br\\\/portal\\\/#organization\"},\"potentialAction\":[{\"@type\":\"SearchAction\",\"target\":{\"@type\":\"EntryPoint\",\"urlTemplate\":\"https:\\\/\\\/jornalbeirario.com.br\\\/portal\\\/?s={search_term_string}\"},\"query-input\":{\"@type\":\"PropertyValueSpecification\",\"valueRequired\":true,\"valueName\":\"search_term_string\"}}],\"inLanguage\":\"pt-BR\"},{\"@type\":\"Organization\",\"@id\":\"https:\\\/\\\/jornalbeirario.com.br\\\/portal\\\/#organization\",\"name\":\"JORNAL BEIRA RIO\",\"url\":\"https:\\\/\\\/jornalbeirario.com.br\\\/portal\\\/\",\"logo\":{\"@type\":\"ImageObject\",\"inLanguage\":\"pt-BR\",\"@id\":\"https:\\\/\\\/jornalbeirario.com.br\\\/portal\\\/#\\\/schema\\\/logo\\\/image\\\/\",\"url\":\"https:\\\/\\\/jornalbeirario.com.br\\\/portal\\\/wp-content\\\/uploads\\\/2017\\\/09\\\/BEIRA-RIO_logo600.png\",\"contentUrl\":\"https:\\\/\\\/jornalbeirario.com.br\\\/portal\\\/wp-content\\\/uploads\\\/2017\\\/09\\\/BEIRA-RIO_logo600.png\",\"width\":650,\"height\":108,\"caption\":\"JORNAL BEIRA RIO\"},\"image\":{\"@id\":\"https:\\\/\\\/jornalbeirario.com.br\\\/portal\\\/#\\\/schema\\\/logo\\\/image\\\/\"}},{\"@type\":\"Person\",\"@id\":\"https:\\\/\\\/jornalbeirario.com.br\\\/portal\\\/#\\\/schema\\\/person\\\/c6c423e4c2465d2a9233f6539173e7c1\",\"name\":\"Jornal BEIRA-RIO\",\"image\":{\"@type\":\"ImageObject\",\"inLanguage\":\"pt-BR\",\"@id\":\"https:\\\/\\\/jornalbeirario.com.br\\\/portal\\\/wp-content\\\/uploads\\\/2023\\\/10\\\/logojbr1.jpg\",\"url\":\"https:\\\/\\\/jornalbeirario.com.br\\\/portal\\\/wp-content\\\/uploads\\\/2023\\\/10\\\/logojbr1.jpg\",\"contentUrl\":\"https:\\\/\\\/jornalbeirario.com.br\\\/portal\\\/wp-content\\\/uploads\\\/2023\\\/10\\\/logojbr1.jpg\",\"caption\":\"Jornal BEIRA-RIO\"},\"url\":\"https:\\\/\\\/jornalbeirario.com.br\\\/portal\\\/?author=1\"}]}<\/script>\n<!-- \/ Yoast SEO plugin. -->","yoast_head_json":{"title":"Visita de crian\u00e7as e adolescentes aos pais custodiados - JORNAL BEIRA RIO","robots":{"index":"index","follow":"follow","max-snippet":"max-snippet:-1","max-image-preview":"max-image-preview:large","max-video-preview":"max-video-preview:-1"},"canonical":"https:\/\/jornalbeirario.com.br\/portal\/?p=97626","og_locale":"pt_BR","og_type":"article","og_title":"Visita de crian\u00e7as e adolescentes aos pais custodiados - JORNAL BEIRA RIO","og_description":"A Coordenadoria de Media\u00e7\u00e3o, M\u00e9todos Autocompositivos e Sistema Restaurativo do Minist\u00e9rio P\u00fablico do Estado do Rio de Janeiro (CEMEAR\/MPRJ) realizou, na quinta-feira, dia 9,","og_url":"https:\/\/jornalbeirario.com.br\/portal\/?p=97626","og_site_name":"JORNAL BEIRA RIO","article_published_time":"2023-02-13T16:29:01+00:00","article_modified_time":"2023-02-13T16:29:45+00:00","og_image":[{"width":640,"height":426,"url":"https:\/\/jornalbeirario.com.br\/portal\/wp-content\/uploads\/2023\/02\/crian_pais_prisao.jpg","type":"image\/jpeg"}],"author":"Jornal BEIRA-RIO","twitter_card":"summary_large_image","twitter_misc":{"Escrito por":"Jornal BEIRA-RIO","Est. tempo de leitura":"5 minutos"},"schema":{"@context":"https:\/\/schema.org","@graph":[{"@type":"Article","@id":"https:\/\/jornalbeirario.com.br\/portal\/?p=97626#article","isPartOf":{"@id":"https:\/\/jornalbeirario.com.br\/portal\/?p=97626"},"author":{"name":"Jornal BEIRA-RIO","@id":"https:\/\/jornalbeirario.com.br\/portal\/#\/schema\/person\/c6c423e4c2465d2a9233f6539173e7c1"},"headline":"Visita de crian\u00e7as e adolescentes aos pais custodiados","datePublished":"2023-02-13T16:29:01+00:00","dateModified":"2023-02-13T16:29:45+00:00","mainEntityOfPage":{"@id":"https:\/\/jornalbeirario.com.br\/portal\/?p=97626"},"wordCount":871,"commentCount":0,"publisher":{"@id":"https:\/\/jornalbeirario.com.br\/portal\/#organization"},"image":{"@id":"https:\/\/jornalbeirario.com.br\/portal\/?p=97626#primaryimage"},"thumbnailUrl":"https:\/\/jornalbeirario.com.br\/portal\/wp-content\/uploads\/2023\/02\/crian_pais_prisao.jpg","articleSection":["Cidade","Justi\u00e7a","Social"],"inLanguage":"pt-BR","potentialAction":[{"@type":"CommentAction","name":"Comment","target":["https:\/\/jornalbeirario.com.br\/portal\/?p=97626#respond"]}]},{"@type":"WebPage","@id":"https:\/\/jornalbeirario.com.br\/portal\/?p=97626","url":"https:\/\/jornalbeirario.com.br\/portal\/?p=97626","name":"Visita de crian\u00e7as e adolescentes aos pais custodiados - JORNAL BEIRA RIO","isPartOf":{"@id":"https:\/\/jornalbeirario.com.br\/portal\/#website"},"primaryImageOfPage":{"@id":"https:\/\/jornalbeirario.com.br\/portal\/?p=97626#primaryimage"},"image":{"@id":"https:\/\/jornalbeirario.com.br\/portal\/?p=97626#primaryimage"},"thumbnailUrl":"https:\/\/jornalbeirario.com.br\/portal\/wp-content\/uploads\/2023\/02\/crian_pais_prisao.jpg","datePublished":"2023-02-13T16:29:01+00:00","dateModified":"2023-02-13T16:29:45+00:00","breadcrumb":{"@id":"https:\/\/jornalbeirario.com.br\/portal\/?p=97626#breadcrumb"},"inLanguage":"pt-BR","potentialAction":[{"@type":"ReadAction","target":["https:\/\/jornalbeirario.com.br\/portal\/?p=97626"]}]},{"@type":"ImageObject","inLanguage":"pt-BR","@id":"https:\/\/jornalbeirario.com.br\/portal\/?p=97626#primaryimage","url":"https:\/\/jornalbeirario.com.br\/portal\/wp-content\/uploads\/2023\/02\/crian_pais_prisao.jpg","contentUrl":"https:\/\/jornalbeirario.com.br\/portal\/wp-content\/uploads\/2023\/02\/crian_pais_prisao.jpg","width":640,"height":426,"caption":"UCHOASILVA\/SEAP"},{"@type":"BreadcrumbList","@id":"https:\/\/jornalbeirario.com.br\/portal\/?p=97626#breadcrumb","itemListElement":[{"@type":"ListItem","position":1,"name":"Home","item":"https:\/\/jornalbeirario.com.br\/portal"},{"@type":"ListItem","position":2,"name":"Visita de crian\u00e7as e adolescentes aos pais custodiados"}]},{"@type":"WebSite","@id":"https:\/\/jornalbeirario.com.br\/portal\/#website","url":"https:\/\/jornalbeirario.com.br\/portal\/","name":"JORNAL BEIRA RIO","description":"","publisher":{"@id":"https:\/\/jornalbeirario.com.br\/portal\/#organization"},"potentialAction":[{"@type":"SearchAction","target":{"@type":"EntryPoint","urlTemplate":"https:\/\/jornalbeirario.com.br\/portal\/?s={search_term_string}"},"query-input":{"@type":"PropertyValueSpecification","valueRequired":true,"valueName":"search_term_string"}}],"inLanguage":"pt-BR"},{"@type":"Organization","@id":"https:\/\/jornalbeirario.com.br\/portal\/#organization","name":"JORNAL BEIRA RIO","url":"https:\/\/jornalbeirario.com.br\/portal\/","logo":{"@type":"ImageObject","inLanguage":"pt-BR","@id":"https:\/\/jornalbeirario.com.br\/portal\/#\/schema\/logo\/image\/","url":"https:\/\/jornalbeirario.com.br\/portal\/wp-content\/uploads\/2017\/09\/BEIRA-RIO_logo600.png","contentUrl":"https:\/\/jornalbeirario.com.br\/portal\/wp-content\/uploads\/2017\/09\/BEIRA-RIO_logo600.png","width":650,"height":108,"caption":"JORNAL BEIRA RIO"},"image":{"@id":"https:\/\/jornalbeirario.com.br\/portal\/#\/schema\/logo\/image\/"}},{"@type":"Person","@id":"https:\/\/jornalbeirario.com.br\/portal\/#\/schema\/person\/c6c423e4c2465d2a9233f6539173e7c1","name":"Jornal BEIRA-RIO","image":{"@type":"ImageObject","inLanguage":"pt-BR","@id":"https:\/\/jornalbeirario.com.br\/portal\/wp-content\/uploads\/2023\/10\/logojbr1.jpg","url":"https:\/\/jornalbeirario.com.br\/portal\/wp-content\/uploads\/2023\/10\/logojbr1.jpg","contentUrl":"https:\/\/jornalbeirario.com.br\/portal\/wp-content\/uploads\/2023\/10\/logojbr1.jpg","caption":"Jornal BEIRA-RIO"},"url":"https:\/\/jornalbeirario.com.br\/portal\/?author=1"}]}},"_links":{"self":[{"href":"https:\/\/jornalbeirario.com.br\/portal\/index.php?rest_route=\/wp\/v2\/posts\/97626","targetHints":{"allow":["GET"]}}],"collection":[{"href":"https:\/\/jornalbeirario.com.br\/portal\/index.php?rest_route=\/wp\/v2\/posts"}],"about":[{"href":"https:\/\/jornalbeirario.com.br\/portal\/index.php?rest_route=\/wp\/v2\/types\/post"}],"author":[{"embeddable":true,"href":"https:\/\/jornalbeirario.com.br\/portal\/index.php?rest_route=\/wp\/v2\/users\/1"}],"replies":[{"embeddable":true,"href":"https:\/\/jornalbeirario.com.br\/portal\/index.php?rest_route=%2Fwp%2Fv2%2Fcomments&post=97626"}],"version-history":[{"count":2,"href":"https:\/\/jornalbeirario.com.br\/portal\/index.php?rest_route=\/wp\/v2\/posts\/97626\/revisions"}],"predecessor-version":[{"id":97629,"href":"https:\/\/jornalbeirario.com.br\/portal\/index.php?rest_route=\/wp\/v2\/posts\/97626\/revisions\/97629"}],"wp:featuredmedia":[{"embeddable":true,"href":"https:\/\/jornalbeirario.com.br\/portal\/index.php?rest_route=\/wp\/v2\/media\/97627"}],"wp:attachment":[{"href":"https:\/\/jornalbeirario.com.br\/portal\/index.php?rest_route=%2Fwp%2Fv2%2Fmedia&parent=97626"}],"wp:term":[{"taxonomy":"category","embeddable":true,"href":"https:\/\/jornalbeirario.com.br\/portal\/index.php?rest_route=%2Fwp%2Fv2%2Fcategories&post=97626"},{"taxonomy":"post_tag","embeddable":true,"href":"https:\/\/jornalbeirario.com.br\/portal\/index.php?rest_route=%2Fwp%2Fv2%2Ftags&post=97626"}],"curies":[{"name":"wp","href":"https:\/\/api.w.org\/{rel}","templated":true}]}}