
{"id":97514,"date":"2023-02-01T01:45:10","date_gmt":"2023-02-01T04:45:10","guid":{"rendered":"http:\/\/jornalbeirario.com.br\/portal\/?p=97514"},"modified":"2023-02-01T12:27:13","modified_gmt":"2023-02-01T15:27:13","slug":"o-que-esta-por-tras-dessa-novela-do-transporte-de-resende","status":"publish","type":"post","link":"https:\/\/jornalbeirario.com.br\/portal\/?p=97514","title":{"rendered":"O que est\u00e1 por tr\u00e1s dessa novela do transporte de Resende?"},"content":{"rendered":"<p>Desde que assumiu o governo municipal em 2017, o prefeito de Resende adia uma solu\u00e7\u00e3o para o transporte p\u00fablico. Reduziu a tarifa no primeiro ano, uma a\u00e7\u00e3o que agradou a popula\u00e7\u00e3o, mas a falta de observ\u00e2ncia ao contrato de concess\u00e3o do transporte levou a uma sucess\u00e3o de trapalhadas.<\/p>\n<p>Logo no in\u00edcio do governo, o prefeito Diogo Balieiro Diniz numa a\u00e7\u00e3o cinematogr\u00e1fica coloca um colete de fiscal e sai \u00e0s ruas para fiscalizar as condi\u00e7\u00f5es dos \u00f4nibus (que toda popula\u00e7\u00e3o j\u00e1 apontava); diretores da empresa S\u00e3o Miguel tentou algumas vezes ser recebida, sem sucesso, pelo prefeito para falar sobre as planilhas e custos. O prefeito por decreto baixa a tarifa sem apresentar as condi\u00e7\u00f5es que evitem a inviabilidade econ\u00f4mica, contrapartida no contrato de concess\u00e3o. E com isso, o servi\u00e7o ser ainda mais prejudicado.<\/p>\n<p>Como o servi\u00e7o foi prejudicado? A empresa sem conseguir o aumento anual previsto no contrato de concess\u00e3o, onde \u00e9 o governo o poder concedente come\u00e7ou a piorar o que j\u00e1 n\u00e3o era bom. Entrou na Justi\u00e7a para conseguir aumento em 2018, 2019, 2020 e 2021. Paralelo aos processos, prefeito resolve colocar, em momentos cr\u00edtico, a frota da prefeitura para substituir os \u00f4nibus desgastando os ve\u00edculos que devem servir \u00e0 popula\u00e7\u00e3o de outra maneira e prorrogar na Justi\u00e7a a finaliza\u00e7\u00e3o dos processos.<\/p>\n<p>A pandemia da Covid-19 agravou a situa\u00e7\u00e3o, pois a redu\u00e7\u00e3o do n\u00famero de passageiros e v\u00e1rios ve\u00edculos foram retirados de circula\u00e7\u00e3o ficando s\u00f3 os piores carros que at\u00e9 hoje apresentam problemas os mais diversos e deixando a popula\u00e7\u00e3o que paga seus impostos e uma tarifa que n\u00e3o \u00e9 barata sem o adequado servi\u00e7o. Em outubro, a S\u00e3o Miguel chegou anunciar a retirada dos carros que faziam a \u00e1rea rural<\/p>\n<p>A prefeitura n\u00e3o teve habilidade t\u00e9cnica para preparar o edital e ainda foi cobrada pelo Tribunal de Contas do Estado e Justi\u00e7a por erros no Edital (<a href=\"https:\/\/jornalbeirario.com.br\/portal\/?p=96061\">leia aqui<\/a>). Mas como a S\u00e3o Miguel participaria de uma licita\u00e7\u00e3o se n\u00e3o consegue prestar o servi\u00e7o? A\u00ed que est\u00e1 uma hist\u00f3ria que ningu\u00e9m consegue entender. O prefeito Balieiro sabe que uma concess\u00e3o precisa da contrapartida do executivo para n\u00e3o ser inviabilizada economicamente, mas n\u00e3o fez nada deixando a empresa praticamente ser sucateada, mas tamb\u00e9m n\u00e3o conseguiu fazer uma licita\u00e7\u00e3o passados tr\u00eas anos do vencimento do contrato.<\/p>\n<p>Na segunda-feira, dia 30, a Prefeitura de Resende atrav\u00e9s de uma nota anunciou que a partir do dia 7 de fevereiro a tarifa sofrer\u00e1 um reajuste de 5,78% e passar\u00e1 para R$ 4,25 e frisou que o aumento s\u00f3 foi concedido por ordem judicial. A prefeitura abriu m\u00e3o de ser protagonista na melhora do transporte p\u00fablico da cidade deixando a popula\u00e7\u00e3o \u00e0 pr\u00f3pria sorte.<\/p>\n<p>Em junho de 2019, o\u00a0aumento da tarifa do \u00f4nibus para R$ 4 encheu as redes sociais de memes e a entrevista concedida \u00e0 emissora de TV local em 2016, quando era Balieiro era candidato. Quando perguntado qual seria a tarifa justa, Diogo Balieiro disse que uma equipe de advogados e contadores da campanha demonstraram que a passagem poderia ser de R$ 2,40. Mas a realidade sempre foi outra: o governo nunca conseguiu se antecipar com as planilhas de custo do transporte, sempre recebeu as planilhas prontas da pr\u00f3pria empresa que estipula o valor e \u00e9 analisada pelo Conselho Municipal de Transporte e Tr\u00e2nsito. (<a href=\"https:\/\/jornalbeirario.com.br\/portal\/?p=64957\">Relembre a mat\u00e9ria clicando aqui<\/a>).<\/p>\n<p>O prefeito n\u00e3o usa transporte p\u00fablico, vereadores tamb\u00e9m n\u00e3o. Conselheiros do TCE e ju\u00edzes tamb\u00e9m n\u00e3o e com isso a esperan\u00e7a do usu\u00e1rio \u00e9 que a pr\u00f3xima licita\u00e7\u00e3o marcada para esta quarta-feira, dia 2 de fevereiro \u00e0s 13h30, seja de fato realizada e que venham os 59 ve\u00edculos conforme prev\u00ea o edital com condi\u00e7\u00f5es de circular. Atualmente, a empresa S\u00e3o Miguel conseguiu liminar da Justi\u00e7a para continuar o servi\u00e7o, uma vez que o contrato n\u00e3o foi renovado. O edital prev\u00ea o prazo de 20 anos para a empresa que ganhar a licita\u00e7\u00e3o. Ser\u00e1 o fim da novela do transporte p\u00fablico em Resende?<\/p>\n<p>Ana L\u00facia<br \/>\neditora do jornal BEIRA-RIO<\/p>\n<p>&nbsp;<\/p>\n","protected":false},"excerpt":{"rendered":"<p>Desde que assumiu o governo municipal em 2017, o prefeito de Resende adia uma solu\u00e7\u00e3o para o transporte p\u00fablico. Reduziu a tarifa no primeiro<\/p>\n","protected":false},"author":1,"featured_media":57231,"comment_status":"open","ping_status":"open","sticky":false,"template":"","format":"standard","meta":{"pmpro_default_level":"","footnotes":""},"categories":[1,227,8],"tags":[],"class_list":["post-97514","post","type-post","status-publish","format-standard","has-post-thumbnail","hentry","category-cidade","category-manchete","category-opiniao","pmpro-has-access"],"yoast_head":"<!-- This site is optimized with the Yoast SEO plugin v27.4 - https:\/\/yoast.com\/product\/yoast-seo-wordpress\/ -->\n<title>O que est\u00e1 por tr\u00e1s dessa novela do transporte de Resende? - JORNAL BEIRA RIO<\/title>\n<meta name=\"robots\" content=\"index, follow, max-snippet:-1, max-image-preview:large, max-video-preview:-1\" \/>\n<link rel=\"canonical\" href=\"https:\/\/jornalbeirario.com.br\/portal\/?p=97514\" \/>\n<meta property=\"og:locale\" content=\"pt_BR\" \/>\n<meta property=\"og:type\" content=\"article\" \/>\n<meta property=\"og:title\" content=\"O que est\u00e1 por tr\u00e1s dessa novela do transporte de Resende? - JORNAL BEIRA RIO\" \/>\n<meta property=\"og:description\" content=\"Desde que assumiu o governo municipal em 2017, o prefeito de Resende adia uma solu\u00e7\u00e3o para o transporte p\u00fablico. Reduziu a tarifa no primeiro\" \/>\n<meta property=\"og:url\" content=\"https:\/\/jornalbeirario.com.br\/portal\/?p=97514\" \/>\n<meta property=\"og:site_name\" content=\"JORNAL BEIRA RIO\" \/>\n<meta property=\"article:published_time\" content=\"2023-02-01T04:45:10+00:00\" \/>\n<meta property=\"article:modified_time\" content=\"2023-02-01T15:27:13+00:00\" \/>\n<meta property=\"og:image\" content=\"https:\/\/jornalbeirario.com.br\/portal\/wp-content\/uploads\/2018\/03\/onibusserradoeme1.jpg\" \/>\n\t<meta property=\"og:image:width\" content=\"1100\" \/>\n\t<meta property=\"og:image:height\" content=\"470\" \/>\n\t<meta property=\"og:image:type\" content=\"image\/jpeg\" \/>\n<meta name=\"author\" content=\"Jornal BEIRA-RIO\" \/>\n<meta name=\"twitter:card\" content=\"summary_large_image\" \/>\n<meta name=\"twitter:label1\" content=\"Escrito por\" \/>\n\t<meta name=\"twitter:data1\" content=\"Jornal BEIRA-RIO\" \/>\n\t<meta name=\"twitter:label2\" content=\"Est. tempo de leitura\" \/>\n\t<meta name=\"twitter:data2\" content=\"4 minutos\" \/>\n<script type=\"application\/ld+json\" class=\"yoast-schema-graph\">{\"@context\":\"https:\\\/\\\/schema.org\",\"@graph\":[{\"@type\":\"Article\",\"@id\":\"https:\\\/\\\/jornalbeirario.com.br\\\/portal\\\/?p=97514#article\",\"isPartOf\":{\"@id\":\"https:\\\/\\\/jornalbeirario.com.br\\\/portal\\\/?p=97514\"},\"author\":{\"name\":\"Jornal BEIRA-RIO\",\"@id\":\"https:\\\/\\\/jornalbeirario.com.br\\\/portal\\\/#\\\/schema\\\/person\\\/c6c423e4c2465d2a9233f6539173e7c1\"},\"headline\":\"O que est\u00e1 por tr\u00e1s dessa novela do transporte de Resende?\",\"datePublished\":\"2023-02-01T04:45:10+00:00\",\"dateModified\":\"2023-02-01T15:27:13+00:00\",\"mainEntityOfPage\":{\"@id\":\"https:\\\/\\\/jornalbeirario.com.br\\\/portal\\\/?p=97514\"},\"wordCount\":727,\"commentCount\":0,\"publisher\":{\"@id\":\"https:\\\/\\\/jornalbeirario.com.br\\\/portal\\\/#organization\"},\"image\":{\"@id\":\"https:\\\/\\\/jornalbeirario.com.br\\\/portal\\\/?p=97514#primaryimage\"},\"thumbnailUrl\":\"https:\\\/\\\/jornalbeirario.com.br\\\/portal\\\/wp-content\\\/uploads\\\/2018\\\/03\\\/onibusserradoeme1.jpg\",\"articleSection\":[\"Cidade\",\"Manchete\",\"Opini\u00e3o\"],\"inLanguage\":\"pt-BR\",\"potentialAction\":[{\"@type\":\"CommentAction\",\"name\":\"Comment\",\"target\":[\"https:\\\/\\\/jornalbeirario.com.br\\\/portal\\\/?p=97514#respond\"]}]},{\"@type\":\"WebPage\",\"@id\":\"https:\\\/\\\/jornalbeirario.com.br\\\/portal\\\/?p=97514\",\"url\":\"https:\\\/\\\/jornalbeirario.com.br\\\/portal\\\/?p=97514\",\"name\":\"O que est\u00e1 por tr\u00e1s dessa novela do transporte de Resende? - JORNAL BEIRA RIO\",\"isPartOf\":{\"@id\":\"https:\\\/\\\/jornalbeirario.com.br\\\/portal\\\/#website\"},\"primaryImageOfPage\":{\"@id\":\"https:\\\/\\\/jornalbeirario.com.br\\\/portal\\\/?p=97514#primaryimage\"},\"image\":{\"@id\":\"https:\\\/\\\/jornalbeirario.com.br\\\/portal\\\/?p=97514#primaryimage\"},\"thumbnailUrl\":\"https:\\\/\\\/jornalbeirario.com.br\\\/portal\\\/wp-content\\\/uploads\\\/2018\\\/03\\\/onibusserradoeme1.jpg\",\"datePublished\":\"2023-02-01T04:45:10+00:00\",\"dateModified\":\"2023-02-01T15:27:13+00:00\",\"breadcrumb\":{\"@id\":\"https:\\\/\\\/jornalbeirario.com.br\\\/portal\\\/?p=97514#breadcrumb\"},\"inLanguage\":\"pt-BR\",\"potentialAction\":[{\"@type\":\"ReadAction\",\"target\":[\"https:\\\/\\\/jornalbeirario.com.br\\\/portal\\\/?p=97514\"]}]},{\"@type\":\"ImageObject\",\"inLanguage\":\"pt-BR\",\"@id\":\"https:\\\/\\\/jornalbeirario.com.br\\\/portal\\\/?p=97514#primaryimage\",\"url\":\"https:\\\/\\\/jornalbeirario.com.br\\\/portal\\\/wp-content\\\/uploads\\\/2018\\\/03\\\/onibusserradoeme1.jpg\",\"contentUrl\":\"https:\\\/\\\/jornalbeirario.com.br\\\/portal\\\/wp-content\\\/uploads\\\/2018\\\/03\\\/onibusserradoeme1.jpg\",\"width\":1100,\"height\":470},{\"@type\":\"BreadcrumbList\",\"@id\":\"https:\\\/\\\/jornalbeirario.com.br\\\/portal\\\/?p=97514#breadcrumb\",\"itemListElement\":[{\"@type\":\"ListItem\",\"position\":1,\"name\":\"Home\",\"item\":\"https:\\\/\\\/jornalbeirario.com.br\\\/portal\"},{\"@type\":\"ListItem\",\"position\":2,\"name\":\"O que est\u00e1 por tr\u00e1s dessa novela do transporte de Resende?\"}]},{\"@type\":\"WebSite\",\"@id\":\"https:\\\/\\\/jornalbeirario.com.br\\\/portal\\\/#website\",\"url\":\"https:\\\/\\\/jornalbeirario.com.br\\\/portal\\\/\",\"name\":\"JORNAL BEIRA RIO\",\"description\":\"\",\"publisher\":{\"@id\":\"https:\\\/\\\/jornalbeirario.com.br\\\/portal\\\/#organization\"},\"potentialAction\":[{\"@type\":\"SearchAction\",\"target\":{\"@type\":\"EntryPoint\",\"urlTemplate\":\"https:\\\/\\\/jornalbeirario.com.br\\\/portal\\\/?s={search_term_string}\"},\"query-input\":{\"@type\":\"PropertyValueSpecification\",\"valueRequired\":true,\"valueName\":\"search_term_string\"}}],\"inLanguage\":\"pt-BR\"},{\"@type\":\"Organization\",\"@id\":\"https:\\\/\\\/jornalbeirario.com.br\\\/portal\\\/#organization\",\"name\":\"JORNAL BEIRA RIO\",\"url\":\"https:\\\/\\\/jornalbeirario.com.br\\\/portal\\\/\",\"logo\":{\"@type\":\"ImageObject\",\"inLanguage\":\"pt-BR\",\"@id\":\"https:\\\/\\\/jornalbeirario.com.br\\\/portal\\\/#\\\/schema\\\/logo\\\/image\\\/\",\"url\":\"https:\\\/\\\/jornalbeirario.com.br\\\/portal\\\/wp-content\\\/uploads\\\/2017\\\/09\\\/BEIRA-RIO_logo600.png\",\"contentUrl\":\"https:\\\/\\\/jornalbeirario.com.br\\\/portal\\\/wp-content\\\/uploads\\\/2017\\\/09\\\/BEIRA-RIO_logo600.png\",\"width\":650,\"height\":108,\"caption\":\"JORNAL BEIRA RIO\"},\"image\":{\"@id\":\"https:\\\/\\\/jornalbeirario.com.br\\\/portal\\\/#\\\/schema\\\/logo\\\/image\\\/\"}},{\"@type\":\"Person\",\"@id\":\"https:\\\/\\\/jornalbeirario.com.br\\\/portal\\\/#\\\/schema\\\/person\\\/c6c423e4c2465d2a9233f6539173e7c1\",\"name\":\"Jornal BEIRA-RIO\",\"image\":{\"@type\":\"ImageObject\",\"inLanguage\":\"pt-BR\",\"@id\":\"https:\\\/\\\/jornalbeirario.com.br\\\/portal\\\/wp-content\\\/uploads\\\/2023\\\/10\\\/logojbr1.jpg\",\"url\":\"https:\\\/\\\/jornalbeirario.com.br\\\/portal\\\/wp-content\\\/uploads\\\/2023\\\/10\\\/logojbr1.jpg\",\"contentUrl\":\"https:\\\/\\\/jornalbeirario.com.br\\\/portal\\\/wp-content\\\/uploads\\\/2023\\\/10\\\/logojbr1.jpg\",\"caption\":\"Jornal BEIRA-RIO\"},\"url\":\"https:\\\/\\\/jornalbeirario.com.br\\\/portal\\\/?author=1\"}]}<\/script>\n<!-- \/ Yoast SEO plugin. -->","yoast_head_json":{"title":"O que est\u00e1 por tr\u00e1s dessa novela do transporte de Resende? - JORNAL BEIRA RIO","robots":{"index":"index","follow":"follow","max-snippet":"max-snippet:-1","max-image-preview":"max-image-preview:large","max-video-preview":"max-video-preview:-1"},"canonical":"https:\/\/jornalbeirario.com.br\/portal\/?p=97514","og_locale":"pt_BR","og_type":"article","og_title":"O que est\u00e1 por tr\u00e1s dessa novela do transporte de Resende? - JORNAL BEIRA RIO","og_description":"Desde que assumiu o governo municipal em 2017, o prefeito de Resende adia uma solu\u00e7\u00e3o para o transporte p\u00fablico. Reduziu a tarifa no primeiro","og_url":"https:\/\/jornalbeirario.com.br\/portal\/?p=97514","og_site_name":"JORNAL BEIRA RIO","article_published_time":"2023-02-01T04:45:10+00:00","article_modified_time":"2023-02-01T15:27:13+00:00","og_image":[{"width":1100,"height":470,"url":"https:\/\/jornalbeirario.com.br\/portal\/wp-content\/uploads\/2018\/03\/onibusserradoeme1.jpg","type":"image\/jpeg"}],"author":"Jornal BEIRA-RIO","twitter_card":"summary_large_image","twitter_misc":{"Escrito por":"Jornal BEIRA-RIO","Est. tempo de leitura":"4 minutos"},"schema":{"@context":"https:\/\/schema.org","@graph":[{"@type":"Article","@id":"https:\/\/jornalbeirario.com.br\/portal\/?p=97514#article","isPartOf":{"@id":"https:\/\/jornalbeirario.com.br\/portal\/?p=97514"},"author":{"name":"Jornal BEIRA-RIO","@id":"https:\/\/jornalbeirario.com.br\/portal\/#\/schema\/person\/c6c423e4c2465d2a9233f6539173e7c1"},"headline":"O que est\u00e1 por tr\u00e1s dessa novela do transporte de Resende?","datePublished":"2023-02-01T04:45:10+00:00","dateModified":"2023-02-01T15:27:13+00:00","mainEntityOfPage":{"@id":"https:\/\/jornalbeirario.com.br\/portal\/?p=97514"},"wordCount":727,"commentCount":0,"publisher":{"@id":"https:\/\/jornalbeirario.com.br\/portal\/#organization"},"image":{"@id":"https:\/\/jornalbeirario.com.br\/portal\/?p=97514#primaryimage"},"thumbnailUrl":"https:\/\/jornalbeirario.com.br\/portal\/wp-content\/uploads\/2018\/03\/onibusserradoeme1.jpg","articleSection":["Cidade","Manchete","Opini\u00e3o"],"inLanguage":"pt-BR","potentialAction":[{"@type":"CommentAction","name":"Comment","target":["https:\/\/jornalbeirario.com.br\/portal\/?p=97514#respond"]}]},{"@type":"WebPage","@id":"https:\/\/jornalbeirario.com.br\/portal\/?p=97514","url":"https:\/\/jornalbeirario.com.br\/portal\/?p=97514","name":"O que est\u00e1 por tr\u00e1s dessa novela do transporte de Resende? - JORNAL BEIRA RIO","isPartOf":{"@id":"https:\/\/jornalbeirario.com.br\/portal\/#website"},"primaryImageOfPage":{"@id":"https:\/\/jornalbeirario.com.br\/portal\/?p=97514#primaryimage"},"image":{"@id":"https:\/\/jornalbeirario.com.br\/portal\/?p=97514#primaryimage"},"thumbnailUrl":"https:\/\/jornalbeirario.com.br\/portal\/wp-content\/uploads\/2018\/03\/onibusserradoeme1.jpg","datePublished":"2023-02-01T04:45:10+00:00","dateModified":"2023-02-01T15:27:13+00:00","breadcrumb":{"@id":"https:\/\/jornalbeirario.com.br\/portal\/?p=97514#breadcrumb"},"inLanguage":"pt-BR","potentialAction":[{"@type":"ReadAction","target":["https:\/\/jornalbeirario.com.br\/portal\/?p=97514"]}]},{"@type":"ImageObject","inLanguage":"pt-BR","@id":"https:\/\/jornalbeirario.com.br\/portal\/?p=97514#primaryimage","url":"https:\/\/jornalbeirario.com.br\/portal\/wp-content\/uploads\/2018\/03\/onibusserradoeme1.jpg","contentUrl":"https:\/\/jornalbeirario.com.br\/portal\/wp-content\/uploads\/2018\/03\/onibusserradoeme1.jpg","width":1100,"height":470},{"@type":"BreadcrumbList","@id":"https:\/\/jornalbeirario.com.br\/portal\/?p=97514#breadcrumb","itemListElement":[{"@type":"ListItem","position":1,"name":"Home","item":"https:\/\/jornalbeirario.com.br\/portal"},{"@type":"ListItem","position":2,"name":"O que est\u00e1 por tr\u00e1s dessa novela do transporte de Resende?"}]},{"@type":"WebSite","@id":"https:\/\/jornalbeirario.com.br\/portal\/#website","url":"https:\/\/jornalbeirario.com.br\/portal\/","name":"JORNAL BEIRA RIO","description":"","publisher":{"@id":"https:\/\/jornalbeirario.com.br\/portal\/#organization"},"potentialAction":[{"@type":"SearchAction","target":{"@type":"EntryPoint","urlTemplate":"https:\/\/jornalbeirario.com.br\/portal\/?s={search_term_string}"},"query-input":{"@type":"PropertyValueSpecification","valueRequired":true,"valueName":"search_term_string"}}],"inLanguage":"pt-BR"},{"@type":"Organization","@id":"https:\/\/jornalbeirario.com.br\/portal\/#organization","name":"JORNAL BEIRA RIO","url":"https:\/\/jornalbeirario.com.br\/portal\/","logo":{"@type":"ImageObject","inLanguage":"pt-BR","@id":"https:\/\/jornalbeirario.com.br\/portal\/#\/schema\/logo\/image\/","url":"https:\/\/jornalbeirario.com.br\/portal\/wp-content\/uploads\/2017\/09\/BEIRA-RIO_logo600.png","contentUrl":"https:\/\/jornalbeirario.com.br\/portal\/wp-content\/uploads\/2017\/09\/BEIRA-RIO_logo600.png","width":650,"height":108,"caption":"JORNAL BEIRA RIO"},"image":{"@id":"https:\/\/jornalbeirario.com.br\/portal\/#\/schema\/logo\/image\/"}},{"@type":"Person","@id":"https:\/\/jornalbeirario.com.br\/portal\/#\/schema\/person\/c6c423e4c2465d2a9233f6539173e7c1","name":"Jornal BEIRA-RIO","image":{"@type":"ImageObject","inLanguage":"pt-BR","@id":"https:\/\/jornalbeirario.com.br\/portal\/wp-content\/uploads\/2023\/10\/logojbr1.jpg","url":"https:\/\/jornalbeirario.com.br\/portal\/wp-content\/uploads\/2023\/10\/logojbr1.jpg","contentUrl":"https:\/\/jornalbeirario.com.br\/portal\/wp-content\/uploads\/2023\/10\/logojbr1.jpg","caption":"Jornal BEIRA-RIO"},"url":"https:\/\/jornalbeirario.com.br\/portal\/?author=1"}]}},"_links":{"self":[{"href":"https:\/\/jornalbeirario.com.br\/portal\/index.php?rest_route=\/wp\/v2\/posts\/97514","targetHints":{"allow":["GET"]}}],"collection":[{"href":"https:\/\/jornalbeirario.com.br\/portal\/index.php?rest_route=\/wp\/v2\/posts"}],"about":[{"href":"https:\/\/jornalbeirario.com.br\/portal\/index.php?rest_route=\/wp\/v2\/types\/post"}],"author":[{"embeddable":true,"href":"https:\/\/jornalbeirario.com.br\/portal\/index.php?rest_route=\/wp\/v2\/users\/1"}],"replies":[{"embeddable":true,"href":"https:\/\/jornalbeirario.com.br\/portal\/index.php?rest_route=%2Fwp%2Fv2%2Fcomments&post=97514"}],"version-history":[{"count":6,"href":"https:\/\/jornalbeirario.com.br\/portal\/index.php?rest_route=\/wp\/v2\/posts\/97514\/revisions"}],"predecessor-version":[{"id":97524,"href":"https:\/\/jornalbeirario.com.br\/portal\/index.php?rest_route=\/wp\/v2\/posts\/97514\/revisions\/97524"}],"wp:featuredmedia":[{"embeddable":true,"href":"https:\/\/jornalbeirario.com.br\/portal\/index.php?rest_route=\/wp\/v2\/media\/57231"}],"wp:attachment":[{"href":"https:\/\/jornalbeirario.com.br\/portal\/index.php?rest_route=%2Fwp%2Fv2%2Fmedia&parent=97514"}],"wp:term":[{"taxonomy":"category","embeddable":true,"href":"https:\/\/jornalbeirario.com.br\/portal\/index.php?rest_route=%2Fwp%2Fv2%2Fcategories&post=97514"},{"taxonomy":"post_tag","embeddable":true,"href":"https:\/\/jornalbeirario.com.br\/portal\/index.php?rest_route=%2Fwp%2Fv2%2Ftags&post=97514"}],"curies":[{"name":"wp","href":"https:\/\/api.w.org\/{rel}","templated":true}]}}