
{"id":97488,"date":"2023-01-28T06:00:09","date_gmt":"2023-01-28T09:00:09","guid":{"rendered":"http:\/\/jornalbeirario.com.br\/portal\/?p=97488"},"modified":"2023-01-27T21:23:16","modified_gmt":"2023-01-28T00:23:16","slug":"no-dia-de-hoje-28-de-janeiro-2","status":"publish","type":"post","link":"https:\/\/jornalbeirario.com.br\/portal\/?p=97488","title":{"rendered":"No dia de hoje &#8211; 28 de janeiro"},"content":{"rendered":"<p>Neste dia 28 de janeiro foi institu\u00eddo o Dia Nacional de Combate ao Trabalho Escravo. Al\u00e9m de instituir o Dia Nacional, a lei n\u00ba 12.064, de 29 de outubro de\u00a02009, prev\u00ea a Semana Nacional de Combate ao Trabalho Escravo com objetivo de chamar a aten\u00e7\u00e3o da sociedade para o problema do trabalho escravo no pa\u00eds e mobilizar a sociedade para exigir sua erradica\u00e7\u00e3o. Segundo dados divulgados pela Secretaria de Inspe\u00e7\u00e3o do Trabalho do Minist\u00e9rio do Trabalho e Emprego, em 2022, foram encontradas 2.575 pessoas em situa\u00e7\u00e3o de escravid\u00e3o contempor\u00e2nea.<\/p>\n<p>O trabalho escravo moderno, ou trabalho an\u00e1logo \u00e0 escravid\u00e3o como definido pela legisla\u00e7\u00e3o brasileira, \u00e9 mais comum no Brasil do que se imagina. Desde 1995, quando come\u00e7aram as fiscaliza\u00e7\u00f5es espec\u00edficas, mais de 50 mil pessoas foram resgatadas nessas condi\u00e7\u00f5es.<\/p>\n<p>Em geral, o trabalho escravo moderno come\u00e7a com a informalidade e da\u00ed vai piorando, podendo envolver condi\u00e7\u00f5es degradantes (ambientes insalubres e\/ou perigosos, falta de \u00e1gua e equipamentos de prote\u00e7\u00e3o, comida podre etc), reten\u00e7\u00e3o de documenta\u00e7\u00e3o, n\u00e3o pagamento ou descontos ilegais no sal\u00e1rio, servid\u00e3o por d\u00edvida, sequestro e viol\u00eancia.<\/p>\n<p>No Brasil, os setores que mais s\u00e3o flagrados com trabalho escravo moderno s\u00e3o o agroneg\u00f3cio, a constru\u00e7\u00e3o civil, a moda e o servi\u00e7o dom\u00e9stico. Interessante notar que s\u00e3o setores que produzem muita riqueza \u2013 mas quase nunca para os trabalhadores. Na moda, por exemplo, grandes marcas de luxo e famosas marcas do varejo nacional volta e meia s\u00e3o acusadas de usufru\u00edrem do trabalho escravo, muitas vezes de imigrantes. No caso do servi\u00e7o dom\u00e9stico, temos muitos casos que chamam a aten\u00e7\u00e3o, quase sempre envolvendo fam\u00edlias de classe alta.<\/p>\n<p>No s\u00e9culo 19, a posse de pessoas escravizadas se difundiu pela sociedade brasileira. Diversas ind\u00fastrias, no Rio de Janeiro e em S\u00e3o Paulo, utilizavam a m\u00e3o-de-obra escravizada. Mesmo a incipiente \u2018classe m\u00e9dia\u2019 que surgia, formada por profissionais liberais, usava pessoas escravizadas no servi\u00e7o dom\u00e9stico, em suas atividades profissionais e fazendo servi\u00e7o para fora, como \u2018escravos de ganho\u2019, gerando renda para o \u2018senhor\u2019. Ou seja, as pessoas escravizadas n\u00e3o eram usadas apenas pelos senhores de terras, os mais ricos do Brasil: a pr\u00e1tica estava difundida por outras camadas sociais.<\/p>\n<p>Mesmo ap\u00f3s a aboli\u00e7\u00e3o, em 1888, a situa\u00e7\u00e3o n\u00e3o melhorou significativamente para a popula\u00e7\u00e3o negra. Milh\u00f5es de mulheres, homens e crian\u00e7as foram libertos, mas estavam exclu\u00eddos das principais atividades profissionais e n\u00e3o receberam repara\u00e7\u00e3o alguma por terem sido escravizados. Chegou-se, inclusive, a se discutir no Congresso brasileiro da \u00e9poca a necessidade de se trazer para o pa\u00eds trabalhadores que n\u00e3o fossem negros para realizar o \u2018trabalho livre\u2019.<\/p>\n<p>Conforme alguns direitos foram sendo garantidos aos trabalhadores ao longo dos anos posteriores, algumas categorias foram sendo exclu\u00eddas. Trabalhadores rurais e dom\u00e9sticos, por exemplo, n\u00e3o foram inclu\u00eddos na Consolida\u00e7\u00e3o das Leis do Trabalho (CLT), de 1943. A garantia ampla dos direitos trabalhistas de quem atua no campo s\u00f3 veio a partir dos anos 1970 e, depois, com a Constitui\u00e7\u00e3o de 1988, e para as trabalhadoras dom\u00e9sticas, s\u00f3 a partir de 2015.<\/p>\n<p>&nbsp;<\/p>\n<p>&nbsp;<\/p>\n<p>&nbsp;<\/p>\n<p>Fonte: Senado Federal<\/p>\n","protected":false},"excerpt":{"rendered":"<p>Neste dia 28 de janeiro foi institu\u00eddo o Dia Nacional de Combate ao Trabalho Escravo. Al\u00e9m de instituir o Dia Nacional, a lei n\u00ba<\/p>\n","protected":false},"author":1,"featured_media":0,"comment_status":"open","ping_status":"open","sticky":false,"template":"","format":"standard","meta":{"pmpro_default_level":"","footnotes":""},"categories":[1],"tags":[],"class_list":["post-97488","post","type-post","status-publish","format-standard","hentry","category-cidade","pmpro-has-access"],"yoast_head":"<!-- This site is optimized with the Yoast SEO plugin v27.4 - https:\/\/yoast.com\/product\/yoast-seo-wordpress\/ -->\n<title>No dia de hoje - 28 de janeiro - JORNAL BEIRA RIO<\/title>\n<meta name=\"robots\" content=\"index, follow, max-snippet:-1, max-image-preview:large, max-video-preview:-1\" \/>\n<link rel=\"canonical\" href=\"https:\/\/jornalbeirario.com.br\/portal\/?p=97488\" \/>\n<meta property=\"og:locale\" content=\"pt_BR\" \/>\n<meta property=\"og:type\" content=\"article\" \/>\n<meta property=\"og:title\" content=\"No dia de hoje - 28 de janeiro - JORNAL BEIRA RIO\" \/>\n<meta property=\"og:description\" content=\"Neste dia 28 de janeiro foi institu\u00eddo o Dia Nacional de Combate ao Trabalho Escravo. Al\u00e9m de instituir o Dia Nacional, a lei n\u00ba\" \/>\n<meta property=\"og:url\" content=\"https:\/\/jornalbeirario.com.br\/portal\/?p=97488\" \/>\n<meta property=\"og:site_name\" content=\"JORNAL BEIRA RIO\" \/>\n<meta property=\"article:published_time\" content=\"2023-01-28T09:00:09+00:00\" \/>\n<meta name=\"author\" content=\"Jornal BEIRA-RIO\" \/>\n<meta name=\"twitter:card\" content=\"summary_large_image\" \/>\n<meta name=\"twitter:label1\" content=\"Escrito por\" \/>\n\t<meta name=\"twitter:data1\" content=\"Jornal BEIRA-RIO\" \/>\n\t<meta name=\"twitter:label2\" content=\"Est. tempo de leitura\" \/>\n\t<meta name=\"twitter:data2\" content=\"3 minutos\" \/>\n<script type=\"application\/ld+json\" class=\"yoast-schema-graph\">{\"@context\":\"https:\\\/\\\/schema.org\",\"@graph\":[{\"@type\":\"Article\",\"@id\":\"https:\\\/\\\/jornalbeirario.com.br\\\/portal\\\/?p=97488#article\",\"isPartOf\":{\"@id\":\"https:\\\/\\\/jornalbeirario.com.br\\\/portal\\\/?p=97488\"},\"author\":{\"name\":\"Jornal BEIRA-RIO\",\"@id\":\"https:\\\/\\\/jornalbeirario.com.br\\\/portal\\\/#\\\/schema\\\/person\\\/c6c423e4c2465d2a9233f6539173e7c1\"},\"headline\":\"No dia de hoje &#8211; 28 de janeiro\",\"datePublished\":\"2023-01-28T09:00:09+00:00\",\"mainEntityOfPage\":{\"@id\":\"https:\\\/\\\/jornalbeirario.com.br\\\/portal\\\/?p=97488\"},\"wordCount\":556,\"commentCount\":0,\"publisher\":{\"@id\":\"https:\\\/\\\/jornalbeirario.com.br\\\/portal\\\/#organization\"},\"articleSection\":[\"Cidade\"],\"inLanguage\":\"pt-BR\",\"potentialAction\":[{\"@type\":\"CommentAction\",\"name\":\"Comment\",\"target\":[\"https:\\\/\\\/jornalbeirario.com.br\\\/portal\\\/?p=97488#respond\"]}]},{\"@type\":\"WebPage\",\"@id\":\"https:\\\/\\\/jornalbeirario.com.br\\\/portal\\\/?p=97488\",\"url\":\"https:\\\/\\\/jornalbeirario.com.br\\\/portal\\\/?p=97488\",\"name\":\"No dia de hoje - 28 de janeiro - JORNAL BEIRA RIO\",\"isPartOf\":{\"@id\":\"https:\\\/\\\/jornalbeirario.com.br\\\/portal\\\/#website\"},\"datePublished\":\"2023-01-28T09:00:09+00:00\",\"breadcrumb\":{\"@id\":\"https:\\\/\\\/jornalbeirario.com.br\\\/portal\\\/?p=97488#breadcrumb\"},\"inLanguage\":\"pt-BR\",\"potentialAction\":[{\"@type\":\"ReadAction\",\"target\":[\"https:\\\/\\\/jornalbeirario.com.br\\\/portal\\\/?p=97488\"]}]},{\"@type\":\"BreadcrumbList\",\"@id\":\"https:\\\/\\\/jornalbeirario.com.br\\\/portal\\\/?p=97488#breadcrumb\",\"itemListElement\":[{\"@type\":\"ListItem\",\"position\":1,\"name\":\"Home\",\"item\":\"https:\\\/\\\/jornalbeirario.com.br\\\/portal\"},{\"@type\":\"ListItem\",\"position\":2,\"name\":\"No dia de hoje &#8211; 28 de janeiro\"}]},{\"@type\":\"WebSite\",\"@id\":\"https:\\\/\\\/jornalbeirario.com.br\\\/portal\\\/#website\",\"url\":\"https:\\\/\\\/jornalbeirario.com.br\\\/portal\\\/\",\"name\":\"JORNAL BEIRA RIO\",\"description\":\"\",\"publisher\":{\"@id\":\"https:\\\/\\\/jornalbeirario.com.br\\\/portal\\\/#organization\"},\"potentialAction\":[{\"@type\":\"SearchAction\",\"target\":{\"@type\":\"EntryPoint\",\"urlTemplate\":\"https:\\\/\\\/jornalbeirario.com.br\\\/portal\\\/?s={search_term_string}\"},\"query-input\":{\"@type\":\"PropertyValueSpecification\",\"valueRequired\":true,\"valueName\":\"search_term_string\"}}],\"inLanguage\":\"pt-BR\"},{\"@type\":\"Organization\",\"@id\":\"https:\\\/\\\/jornalbeirario.com.br\\\/portal\\\/#organization\",\"name\":\"JORNAL BEIRA RIO\",\"url\":\"https:\\\/\\\/jornalbeirario.com.br\\\/portal\\\/\",\"logo\":{\"@type\":\"ImageObject\",\"inLanguage\":\"pt-BR\",\"@id\":\"https:\\\/\\\/jornalbeirario.com.br\\\/portal\\\/#\\\/schema\\\/logo\\\/image\\\/\",\"url\":\"https:\\\/\\\/jornalbeirario.com.br\\\/portal\\\/wp-content\\\/uploads\\\/2017\\\/09\\\/BEIRA-RIO_logo600.png\",\"contentUrl\":\"https:\\\/\\\/jornalbeirario.com.br\\\/portal\\\/wp-content\\\/uploads\\\/2017\\\/09\\\/BEIRA-RIO_logo600.png\",\"width\":650,\"height\":108,\"caption\":\"JORNAL BEIRA RIO\"},\"image\":{\"@id\":\"https:\\\/\\\/jornalbeirario.com.br\\\/portal\\\/#\\\/schema\\\/logo\\\/image\\\/\"}},{\"@type\":\"Person\",\"@id\":\"https:\\\/\\\/jornalbeirario.com.br\\\/portal\\\/#\\\/schema\\\/person\\\/c6c423e4c2465d2a9233f6539173e7c1\",\"name\":\"Jornal BEIRA-RIO\",\"image\":{\"@type\":\"ImageObject\",\"inLanguage\":\"pt-BR\",\"@id\":\"https:\\\/\\\/jornalbeirario.com.br\\\/portal\\\/wp-content\\\/uploads\\\/2023\\\/10\\\/logojbr1.jpg\",\"url\":\"https:\\\/\\\/jornalbeirario.com.br\\\/portal\\\/wp-content\\\/uploads\\\/2023\\\/10\\\/logojbr1.jpg\",\"contentUrl\":\"https:\\\/\\\/jornalbeirario.com.br\\\/portal\\\/wp-content\\\/uploads\\\/2023\\\/10\\\/logojbr1.jpg\",\"caption\":\"Jornal BEIRA-RIO\"},\"url\":\"https:\\\/\\\/jornalbeirario.com.br\\\/portal\\\/?author=1\"}]}<\/script>\n<!-- \/ Yoast SEO plugin. -->","yoast_head_json":{"title":"No dia de hoje - 28 de janeiro - JORNAL BEIRA RIO","robots":{"index":"index","follow":"follow","max-snippet":"max-snippet:-1","max-image-preview":"max-image-preview:large","max-video-preview":"max-video-preview:-1"},"canonical":"https:\/\/jornalbeirario.com.br\/portal\/?p=97488","og_locale":"pt_BR","og_type":"article","og_title":"No dia de hoje - 28 de janeiro - JORNAL BEIRA RIO","og_description":"Neste dia 28 de janeiro foi institu\u00eddo o Dia Nacional de Combate ao Trabalho Escravo. Al\u00e9m de instituir o Dia Nacional, a lei n\u00ba","og_url":"https:\/\/jornalbeirario.com.br\/portal\/?p=97488","og_site_name":"JORNAL BEIRA RIO","article_published_time":"2023-01-28T09:00:09+00:00","author":"Jornal BEIRA-RIO","twitter_card":"summary_large_image","twitter_misc":{"Escrito por":"Jornal BEIRA-RIO","Est. tempo de leitura":"3 minutos"},"schema":{"@context":"https:\/\/schema.org","@graph":[{"@type":"Article","@id":"https:\/\/jornalbeirario.com.br\/portal\/?p=97488#article","isPartOf":{"@id":"https:\/\/jornalbeirario.com.br\/portal\/?p=97488"},"author":{"name":"Jornal BEIRA-RIO","@id":"https:\/\/jornalbeirario.com.br\/portal\/#\/schema\/person\/c6c423e4c2465d2a9233f6539173e7c1"},"headline":"No dia de hoje &#8211; 28 de janeiro","datePublished":"2023-01-28T09:00:09+00:00","mainEntityOfPage":{"@id":"https:\/\/jornalbeirario.com.br\/portal\/?p=97488"},"wordCount":556,"commentCount":0,"publisher":{"@id":"https:\/\/jornalbeirario.com.br\/portal\/#organization"},"articleSection":["Cidade"],"inLanguage":"pt-BR","potentialAction":[{"@type":"CommentAction","name":"Comment","target":["https:\/\/jornalbeirario.com.br\/portal\/?p=97488#respond"]}]},{"@type":"WebPage","@id":"https:\/\/jornalbeirario.com.br\/portal\/?p=97488","url":"https:\/\/jornalbeirario.com.br\/portal\/?p=97488","name":"No dia de hoje - 28 de janeiro - JORNAL BEIRA RIO","isPartOf":{"@id":"https:\/\/jornalbeirario.com.br\/portal\/#website"},"datePublished":"2023-01-28T09:00:09+00:00","breadcrumb":{"@id":"https:\/\/jornalbeirario.com.br\/portal\/?p=97488#breadcrumb"},"inLanguage":"pt-BR","potentialAction":[{"@type":"ReadAction","target":["https:\/\/jornalbeirario.com.br\/portal\/?p=97488"]}]},{"@type":"BreadcrumbList","@id":"https:\/\/jornalbeirario.com.br\/portal\/?p=97488#breadcrumb","itemListElement":[{"@type":"ListItem","position":1,"name":"Home","item":"https:\/\/jornalbeirario.com.br\/portal"},{"@type":"ListItem","position":2,"name":"No dia de hoje &#8211; 28 de janeiro"}]},{"@type":"WebSite","@id":"https:\/\/jornalbeirario.com.br\/portal\/#website","url":"https:\/\/jornalbeirario.com.br\/portal\/","name":"JORNAL BEIRA RIO","description":"","publisher":{"@id":"https:\/\/jornalbeirario.com.br\/portal\/#organization"},"potentialAction":[{"@type":"SearchAction","target":{"@type":"EntryPoint","urlTemplate":"https:\/\/jornalbeirario.com.br\/portal\/?s={search_term_string}"},"query-input":{"@type":"PropertyValueSpecification","valueRequired":true,"valueName":"search_term_string"}}],"inLanguage":"pt-BR"},{"@type":"Organization","@id":"https:\/\/jornalbeirario.com.br\/portal\/#organization","name":"JORNAL BEIRA RIO","url":"https:\/\/jornalbeirario.com.br\/portal\/","logo":{"@type":"ImageObject","inLanguage":"pt-BR","@id":"https:\/\/jornalbeirario.com.br\/portal\/#\/schema\/logo\/image\/","url":"https:\/\/jornalbeirario.com.br\/portal\/wp-content\/uploads\/2017\/09\/BEIRA-RIO_logo600.png","contentUrl":"https:\/\/jornalbeirario.com.br\/portal\/wp-content\/uploads\/2017\/09\/BEIRA-RIO_logo600.png","width":650,"height":108,"caption":"JORNAL BEIRA RIO"},"image":{"@id":"https:\/\/jornalbeirario.com.br\/portal\/#\/schema\/logo\/image\/"}},{"@type":"Person","@id":"https:\/\/jornalbeirario.com.br\/portal\/#\/schema\/person\/c6c423e4c2465d2a9233f6539173e7c1","name":"Jornal BEIRA-RIO","image":{"@type":"ImageObject","inLanguage":"pt-BR","@id":"https:\/\/jornalbeirario.com.br\/portal\/wp-content\/uploads\/2023\/10\/logojbr1.jpg","url":"https:\/\/jornalbeirario.com.br\/portal\/wp-content\/uploads\/2023\/10\/logojbr1.jpg","contentUrl":"https:\/\/jornalbeirario.com.br\/portal\/wp-content\/uploads\/2023\/10\/logojbr1.jpg","caption":"Jornal BEIRA-RIO"},"url":"https:\/\/jornalbeirario.com.br\/portal\/?author=1"}]}},"_links":{"self":[{"href":"https:\/\/jornalbeirario.com.br\/portal\/index.php?rest_route=\/wp\/v2\/posts\/97488","targetHints":{"allow":["GET"]}}],"collection":[{"href":"https:\/\/jornalbeirario.com.br\/portal\/index.php?rest_route=\/wp\/v2\/posts"}],"about":[{"href":"https:\/\/jornalbeirario.com.br\/portal\/index.php?rest_route=\/wp\/v2\/types\/post"}],"author":[{"embeddable":true,"href":"https:\/\/jornalbeirario.com.br\/portal\/index.php?rest_route=\/wp\/v2\/users\/1"}],"replies":[{"embeddable":true,"href":"https:\/\/jornalbeirario.com.br\/portal\/index.php?rest_route=%2Fwp%2Fv2%2Fcomments&post=97488"}],"version-history":[{"count":2,"href":"https:\/\/jornalbeirario.com.br\/portal\/index.php?rest_route=\/wp\/v2\/posts\/97488\/revisions"}],"predecessor-version":[{"id":97490,"href":"https:\/\/jornalbeirario.com.br\/portal\/index.php?rest_route=\/wp\/v2\/posts\/97488\/revisions\/97490"}],"wp:attachment":[{"href":"https:\/\/jornalbeirario.com.br\/portal\/index.php?rest_route=%2Fwp%2Fv2%2Fmedia&parent=97488"}],"wp:term":[{"taxonomy":"category","embeddable":true,"href":"https:\/\/jornalbeirario.com.br\/portal\/index.php?rest_route=%2Fwp%2Fv2%2Fcategories&post=97488"},{"taxonomy":"post_tag","embeddable":true,"href":"https:\/\/jornalbeirario.com.br\/portal\/index.php?rest_route=%2Fwp%2Fv2%2Ftags&post=97488"}],"curies":[{"name":"wp","href":"https:\/\/api.w.org\/{rel}","templated":true}]}}