
{"id":97280,"date":"2023-01-10T16:30:55","date_gmt":"2023-01-10T19:30:55","guid":{"rendered":"http:\/\/jornalbeirario.com.br\/portal\/?p=97280"},"modified":"2023-01-10T16:30:55","modified_gmt":"2023-01-10T19:30:55","slug":"der-rj-tem-seis-meses-para-fazer-obras-na-estrada-que-liga-barra-mansa-a-angra-dos-reis","status":"publish","type":"post","link":"https:\/\/jornalbeirario.com.br\/portal\/?p=97280","title":{"rendered":"DER-RJ tem seis meses para fazer obras na estrada que liga Barra Mansa a Angra dos Reis"},"content":{"rendered":"<div>\n<div>Minist\u00e9rio P\u00fablico consegue decis\u00e3o judicial para que o Estado realize obras na Rodovia Saturnino Braga. A 1\u00aa Promotoria de Justi\u00e7a de Tutela Coletiva do N\u00facleo Angra dos Reis obteve na segunda-feira, dia 9, junto \u00e0 2\u00aa Vara C\u00edvel de Angra dos Reis, decis\u00e3o favor\u00e1vel \u00e0 a\u00e7\u00e3o civil p\u00fablica ajuizada para que o Estado do Rio de Janeiro e a Funda\u00e7\u00e3o Departamento de Estradas de Rodagem do Estado (DER-RJ), realizem obras de conserva\u00e7\u00e3o na rodovia estadual RJ-155 (Rodovia Saturnino Braga), que faz a liga\u00e7\u00e3o entre os munic\u00edpios de Angra dos Reis e Barra Mansa. As obras dever\u00e3o ser realizadas em um prazo m\u00e1ximo de 180 dias, sob risco de multa em caso de descumprimento da decis\u00e3o.<\/div>\n<div class=\"x_x_x_elementToProof\">\n<div class=\"x_x_x_ContentPasted1 x_x_x_elementToProof\">\n<div class=\"x_x_x_ContentPasted1 x_x_x_FluidPluginCopy\">O MPRJ relatou que, mesmo com determina\u00e7\u00f5es no \u00e2mbito administrativo, tanto o Estado quanto o DER-RJ n\u00e3o providenciaram a manuten\u00e7\u00e3o da rodovia, que possui buracos, prec\u00e1ria estrutura dos seus t\u00faneis, al\u00e9m de alto risco de queda de blocos e detritos, al\u00e9m de diversos pontos com risco de queda de barreira, al\u00e9m de defici\u00eancia na drenagem da pista e falta de poda da vegeta\u00e7\u00e3o pr\u00f3xima ao acostamento.<\/div>\n<div class=\"x_x_x_ContentPasted1 x_x_x_FluidPluginCopy\"><\/div>\n<div class=\"x_x_x_ContentPasted1 x_x_x_FluidPluginCopy\">Em sua decis\u00e3o, o Ju\u00edzo ressaltou que a Defesa Civil Municipal de Angra constatou, atrav\u00e9s de vistorias, que n\u00e3o houve a\u00e7\u00e3o efetiva dos \u00f3rg\u00e3os estaduais para minimizar as dezenas de pontos com possibilidade alta de movimenta\u00e7\u00e3o do solo, de blocos e de detritos, sendo alto o risco \u00e0 popula\u00e7\u00e3o que se utiliza da via.<\/div>\n<div class=\"x_x_x_FluidPluginCopy\"><\/div>\n<div class=\"x_x_x_ContentPasted1 x_x_x_FluidPluginCopy\">&#8220;\u00c9 fato not\u00f3rio o completo estado de abandono em que se encontra a rodovia, por absoluta falta de m\u00ednima conserva\u00e7\u00e3o vi\u00e1ria do local, bastando, para que se chegue a essa conclus\u00e3o, transitar pela rodovia, quando ent\u00e3o se constatar\u00e1, com extrema facilidade, mesmo sem nenhum conhecimento t\u00e9cnico, a sensa\u00e7\u00e3o de risco e de perigo ao se transitar na rodovia. Durante os anos de 2020 a 2022, em especial no final do m\u00eas de mar\u00e7o de 2022, em raz\u00e3o das intensas chuvas, a rodovia ficou interditada em virtude de diversos deslizamentos de terra, al\u00e9m da abertura de verdadeiras crateras que comprometeram in\u00fameras vezes o tr\u00e1fego na regi\u00e3o&#8221;, destacou, em sua senten\u00e7a, o juiz Ivan Pereira Mirancos Junior.<\/div>\n<\/div>\n<\/div>\n<\/div>\n<div><\/div>\n<div>O n\u00famero do processo para quem quiser acompanhar \u00e9: 0007473-96.2018.8.19.0003<\/div>\n<div><\/div>\n<div>Fonte: MPRJ<\/div>\n","protected":false},"excerpt":{"rendered":"<p>Minist\u00e9rio P\u00fablico consegue decis\u00e3o judicial para que o Estado realize obras na Rodovia Saturnino Braga. A 1\u00aa Promotoria de Justi\u00e7a de Tutela Coletiva do<\/p>\n","protected":false},"author":1,"featured_media":97281,"comment_status":"open","ping_status":"open","sticky":false,"template":"","format":"standard","meta":{"pmpro_default_level":"","footnotes":""},"categories":[1,175,227,25,16],"tags":[],"class_list":["post-97280","post","type-post","status-publish","format-standard","has-post-thumbnail","hentry","category-cidade","category-justica","category-manchete","category-transito","category-turismo","pmpro-has-access"],"yoast_head":"<!-- This site is optimized with the Yoast SEO plugin v27.4 - https:\/\/yoast.com\/product\/yoast-seo-wordpress\/ -->\n<title>DER-RJ tem seis meses para fazer obras na estrada que liga Barra Mansa a Angra dos Reis - JORNAL BEIRA RIO<\/title>\n<meta name=\"robots\" content=\"index, follow, max-snippet:-1, max-image-preview:large, max-video-preview:-1\" \/>\n<link rel=\"canonical\" href=\"https:\/\/jornalbeirario.com.br\/portal\/?p=97280\" \/>\n<meta property=\"og:locale\" content=\"pt_BR\" \/>\n<meta property=\"og:type\" content=\"article\" \/>\n<meta property=\"og:title\" content=\"DER-RJ tem seis meses para fazer obras na estrada que liga Barra Mansa a Angra dos Reis - JORNAL BEIRA RIO\" \/>\n<meta property=\"og:description\" content=\"Minist\u00e9rio P\u00fablico consegue decis\u00e3o judicial para que o Estado realize obras na Rodovia Saturnino Braga. A 1\u00aa Promotoria de Justi\u00e7a de Tutela Coletiva do\" \/>\n<meta property=\"og:url\" content=\"https:\/\/jornalbeirario.com.br\/portal\/?p=97280\" \/>\n<meta property=\"og:site_name\" content=\"JORNAL BEIRA RIO\" \/>\n<meta property=\"article:published_time\" content=\"2023-01-10T19:30:55+00:00\" \/>\n<meta property=\"og:image\" content=\"https:\/\/jornalbeirario.com.br\/portal\/wp-content\/uploads\/2023\/01\/RJ155.jpg\" \/>\n\t<meta property=\"og:image:width\" content=\"1070\" \/>\n\t<meta property=\"og:image:height\" content=\"802\" \/>\n\t<meta property=\"og:image:type\" content=\"image\/jpeg\" \/>\n<meta name=\"author\" content=\"Jornal BEIRA-RIO\" \/>\n<meta name=\"twitter:card\" content=\"summary_large_image\" \/>\n<meta name=\"twitter:label1\" content=\"Escrito por\" \/>\n\t<meta name=\"twitter:data1\" content=\"Jornal BEIRA-RIO\" \/>\n\t<meta name=\"twitter:label2\" content=\"Est. tempo de leitura\" \/>\n\t<meta name=\"twitter:data2\" content=\"2 minutos\" \/>\n<script type=\"application\/ld+json\" class=\"yoast-schema-graph\">{\"@context\":\"https:\\\/\\\/schema.org\",\"@graph\":[{\"@type\":\"Article\",\"@id\":\"https:\\\/\\\/jornalbeirario.com.br\\\/portal\\\/?p=97280#article\",\"isPartOf\":{\"@id\":\"https:\\\/\\\/jornalbeirario.com.br\\\/portal\\\/?p=97280\"},\"author\":{\"name\":\"Jornal BEIRA-RIO\",\"@id\":\"https:\\\/\\\/jornalbeirario.com.br\\\/portal\\\/#\\\/schema\\\/person\\\/c6c423e4c2465d2a9233f6539173e7c1\"},\"headline\":\"DER-RJ tem seis meses para fazer obras na estrada que liga Barra Mansa a Angra dos Reis\",\"datePublished\":\"2023-01-10T19:30:55+00:00\",\"mainEntityOfPage\":{\"@id\":\"https:\\\/\\\/jornalbeirario.com.br\\\/portal\\\/?p=97280\"},\"wordCount\":420,\"commentCount\":0,\"publisher\":{\"@id\":\"https:\\\/\\\/jornalbeirario.com.br\\\/portal\\\/#organization\"},\"image\":{\"@id\":\"https:\\\/\\\/jornalbeirario.com.br\\\/portal\\\/?p=97280#primaryimage\"},\"thumbnailUrl\":\"https:\\\/\\\/jornalbeirario.com.br\\\/portal\\\/wp-content\\\/uploads\\\/2023\\\/01\\\/RJ155.jpg\",\"articleSection\":[\"Cidade\",\"Justi\u00e7a\",\"Manchete\",\"Tr\u00e2nsito\",\"Turismo\"],\"inLanguage\":\"pt-BR\",\"potentialAction\":[{\"@type\":\"CommentAction\",\"name\":\"Comment\",\"target\":[\"https:\\\/\\\/jornalbeirario.com.br\\\/portal\\\/?p=97280#respond\"]}]},{\"@type\":\"WebPage\",\"@id\":\"https:\\\/\\\/jornalbeirario.com.br\\\/portal\\\/?p=97280\",\"url\":\"https:\\\/\\\/jornalbeirario.com.br\\\/portal\\\/?p=97280\",\"name\":\"DER-RJ tem seis meses para fazer obras na estrada que liga Barra Mansa a Angra dos Reis - JORNAL BEIRA RIO\",\"isPartOf\":{\"@id\":\"https:\\\/\\\/jornalbeirario.com.br\\\/portal\\\/#website\"},\"primaryImageOfPage\":{\"@id\":\"https:\\\/\\\/jornalbeirario.com.br\\\/portal\\\/?p=97280#primaryimage\"},\"image\":{\"@id\":\"https:\\\/\\\/jornalbeirario.com.br\\\/portal\\\/?p=97280#primaryimage\"},\"thumbnailUrl\":\"https:\\\/\\\/jornalbeirario.com.br\\\/portal\\\/wp-content\\\/uploads\\\/2023\\\/01\\\/RJ155.jpg\",\"datePublished\":\"2023-01-10T19:30:55+00:00\",\"breadcrumb\":{\"@id\":\"https:\\\/\\\/jornalbeirario.com.br\\\/portal\\\/?p=97280#breadcrumb\"},\"inLanguage\":\"pt-BR\",\"potentialAction\":[{\"@type\":\"ReadAction\",\"target\":[\"https:\\\/\\\/jornalbeirario.com.br\\\/portal\\\/?p=97280\"]}]},{\"@type\":\"ImageObject\",\"inLanguage\":\"pt-BR\",\"@id\":\"https:\\\/\\\/jornalbeirario.com.br\\\/portal\\\/?p=97280#primaryimage\",\"url\":\"https:\\\/\\\/jornalbeirario.com.br\\\/portal\\\/wp-content\\\/uploads\\\/2023\\\/01\\\/RJ155.jpg\",\"contentUrl\":\"https:\\\/\\\/jornalbeirario.com.br\\\/portal\\\/wp-content\\\/uploads\\\/2023\\\/01\\\/RJ155.jpg\",\"width\":1070,\"height\":802},{\"@type\":\"BreadcrumbList\",\"@id\":\"https:\\\/\\\/jornalbeirario.com.br\\\/portal\\\/?p=97280#breadcrumb\",\"itemListElement\":[{\"@type\":\"ListItem\",\"position\":1,\"name\":\"Home\",\"item\":\"https:\\\/\\\/jornalbeirario.com.br\\\/portal\"},{\"@type\":\"ListItem\",\"position\":2,\"name\":\"DER-RJ tem seis meses para fazer obras na estrada que liga Barra Mansa a Angra dos Reis\"}]},{\"@type\":\"WebSite\",\"@id\":\"https:\\\/\\\/jornalbeirario.com.br\\\/portal\\\/#website\",\"url\":\"https:\\\/\\\/jornalbeirario.com.br\\\/portal\\\/\",\"name\":\"JORNAL BEIRA RIO\",\"description\":\"\",\"publisher\":{\"@id\":\"https:\\\/\\\/jornalbeirario.com.br\\\/portal\\\/#organization\"},\"potentialAction\":[{\"@type\":\"SearchAction\",\"target\":{\"@type\":\"EntryPoint\",\"urlTemplate\":\"https:\\\/\\\/jornalbeirario.com.br\\\/portal\\\/?s={search_term_string}\"},\"query-input\":{\"@type\":\"PropertyValueSpecification\",\"valueRequired\":true,\"valueName\":\"search_term_string\"}}],\"inLanguage\":\"pt-BR\"},{\"@type\":\"Organization\",\"@id\":\"https:\\\/\\\/jornalbeirario.com.br\\\/portal\\\/#organization\",\"name\":\"JORNAL BEIRA RIO\",\"url\":\"https:\\\/\\\/jornalbeirario.com.br\\\/portal\\\/\",\"logo\":{\"@type\":\"ImageObject\",\"inLanguage\":\"pt-BR\",\"@id\":\"https:\\\/\\\/jornalbeirario.com.br\\\/portal\\\/#\\\/schema\\\/logo\\\/image\\\/\",\"url\":\"https:\\\/\\\/jornalbeirario.com.br\\\/portal\\\/wp-content\\\/uploads\\\/2017\\\/09\\\/BEIRA-RIO_logo600.png\",\"contentUrl\":\"https:\\\/\\\/jornalbeirario.com.br\\\/portal\\\/wp-content\\\/uploads\\\/2017\\\/09\\\/BEIRA-RIO_logo600.png\",\"width\":650,\"height\":108,\"caption\":\"JORNAL BEIRA RIO\"},\"image\":{\"@id\":\"https:\\\/\\\/jornalbeirario.com.br\\\/portal\\\/#\\\/schema\\\/logo\\\/image\\\/\"}},{\"@type\":\"Person\",\"@id\":\"https:\\\/\\\/jornalbeirario.com.br\\\/portal\\\/#\\\/schema\\\/person\\\/c6c423e4c2465d2a9233f6539173e7c1\",\"name\":\"Jornal BEIRA-RIO\",\"image\":{\"@type\":\"ImageObject\",\"inLanguage\":\"pt-BR\",\"@id\":\"https:\\\/\\\/jornalbeirario.com.br\\\/portal\\\/wp-content\\\/uploads\\\/2023\\\/10\\\/logojbr1.jpg\",\"url\":\"https:\\\/\\\/jornalbeirario.com.br\\\/portal\\\/wp-content\\\/uploads\\\/2023\\\/10\\\/logojbr1.jpg\",\"contentUrl\":\"https:\\\/\\\/jornalbeirario.com.br\\\/portal\\\/wp-content\\\/uploads\\\/2023\\\/10\\\/logojbr1.jpg\",\"caption\":\"Jornal BEIRA-RIO\"},\"url\":\"https:\\\/\\\/jornalbeirario.com.br\\\/portal\\\/?author=1\"}]}<\/script>\n<!-- \/ Yoast SEO plugin. -->","yoast_head_json":{"title":"DER-RJ tem seis meses para fazer obras na estrada que liga Barra Mansa a Angra dos Reis - JORNAL BEIRA RIO","robots":{"index":"index","follow":"follow","max-snippet":"max-snippet:-1","max-image-preview":"max-image-preview:large","max-video-preview":"max-video-preview:-1"},"canonical":"https:\/\/jornalbeirario.com.br\/portal\/?p=97280","og_locale":"pt_BR","og_type":"article","og_title":"DER-RJ tem seis meses para fazer obras na estrada que liga Barra Mansa a Angra dos Reis - JORNAL BEIRA RIO","og_description":"Minist\u00e9rio P\u00fablico consegue decis\u00e3o judicial para que o Estado realize obras na Rodovia Saturnino Braga. A 1\u00aa Promotoria de Justi\u00e7a de Tutela Coletiva do","og_url":"https:\/\/jornalbeirario.com.br\/portal\/?p=97280","og_site_name":"JORNAL BEIRA RIO","article_published_time":"2023-01-10T19:30:55+00:00","og_image":[{"width":1070,"height":802,"url":"https:\/\/jornalbeirario.com.br\/portal\/wp-content\/uploads\/2023\/01\/RJ155.jpg","type":"image\/jpeg"}],"author":"Jornal BEIRA-RIO","twitter_card":"summary_large_image","twitter_misc":{"Escrito por":"Jornal BEIRA-RIO","Est. tempo de leitura":"2 minutos"},"schema":{"@context":"https:\/\/schema.org","@graph":[{"@type":"Article","@id":"https:\/\/jornalbeirario.com.br\/portal\/?p=97280#article","isPartOf":{"@id":"https:\/\/jornalbeirario.com.br\/portal\/?p=97280"},"author":{"name":"Jornal BEIRA-RIO","@id":"https:\/\/jornalbeirario.com.br\/portal\/#\/schema\/person\/c6c423e4c2465d2a9233f6539173e7c1"},"headline":"DER-RJ tem seis meses para fazer obras na estrada que liga Barra Mansa a Angra dos Reis","datePublished":"2023-01-10T19:30:55+00:00","mainEntityOfPage":{"@id":"https:\/\/jornalbeirario.com.br\/portal\/?p=97280"},"wordCount":420,"commentCount":0,"publisher":{"@id":"https:\/\/jornalbeirario.com.br\/portal\/#organization"},"image":{"@id":"https:\/\/jornalbeirario.com.br\/portal\/?p=97280#primaryimage"},"thumbnailUrl":"https:\/\/jornalbeirario.com.br\/portal\/wp-content\/uploads\/2023\/01\/RJ155.jpg","articleSection":["Cidade","Justi\u00e7a","Manchete","Tr\u00e2nsito","Turismo"],"inLanguage":"pt-BR","potentialAction":[{"@type":"CommentAction","name":"Comment","target":["https:\/\/jornalbeirario.com.br\/portal\/?p=97280#respond"]}]},{"@type":"WebPage","@id":"https:\/\/jornalbeirario.com.br\/portal\/?p=97280","url":"https:\/\/jornalbeirario.com.br\/portal\/?p=97280","name":"DER-RJ tem seis meses para fazer obras na estrada que liga Barra Mansa a Angra dos Reis - JORNAL BEIRA RIO","isPartOf":{"@id":"https:\/\/jornalbeirario.com.br\/portal\/#website"},"primaryImageOfPage":{"@id":"https:\/\/jornalbeirario.com.br\/portal\/?p=97280#primaryimage"},"image":{"@id":"https:\/\/jornalbeirario.com.br\/portal\/?p=97280#primaryimage"},"thumbnailUrl":"https:\/\/jornalbeirario.com.br\/portal\/wp-content\/uploads\/2023\/01\/RJ155.jpg","datePublished":"2023-01-10T19:30:55+00:00","breadcrumb":{"@id":"https:\/\/jornalbeirario.com.br\/portal\/?p=97280#breadcrumb"},"inLanguage":"pt-BR","potentialAction":[{"@type":"ReadAction","target":["https:\/\/jornalbeirario.com.br\/portal\/?p=97280"]}]},{"@type":"ImageObject","inLanguage":"pt-BR","@id":"https:\/\/jornalbeirario.com.br\/portal\/?p=97280#primaryimage","url":"https:\/\/jornalbeirario.com.br\/portal\/wp-content\/uploads\/2023\/01\/RJ155.jpg","contentUrl":"https:\/\/jornalbeirario.com.br\/portal\/wp-content\/uploads\/2023\/01\/RJ155.jpg","width":1070,"height":802},{"@type":"BreadcrumbList","@id":"https:\/\/jornalbeirario.com.br\/portal\/?p=97280#breadcrumb","itemListElement":[{"@type":"ListItem","position":1,"name":"Home","item":"https:\/\/jornalbeirario.com.br\/portal"},{"@type":"ListItem","position":2,"name":"DER-RJ tem seis meses para fazer obras na estrada que liga Barra Mansa a Angra dos Reis"}]},{"@type":"WebSite","@id":"https:\/\/jornalbeirario.com.br\/portal\/#website","url":"https:\/\/jornalbeirario.com.br\/portal\/","name":"JORNAL BEIRA RIO","description":"","publisher":{"@id":"https:\/\/jornalbeirario.com.br\/portal\/#organization"},"potentialAction":[{"@type":"SearchAction","target":{"@type":"EntryPoint","urlTemplate":"https:\/\/jornalbeirario.com.br\/portal\/?s={search_term_string}"},"query-input":{"@type":"PropertyValueSpecification","valueRequired":true,"valueName":"search_term_string"}}],"inLanguage":"pt-BR"},{"@type":"Organization","@id":"https:\/\/jornalbeirario.com.br\/portal\/#organization","name":"JORNAL BEIRA RIO","url":"https:\/\/jornalbeirario.com.br\/portal\/","logo":{"@type":"ImageObject","inLanguage":"pt-BR","@id":"https:\/\/jornalbeirario.com.br\/portal\/#\/schema\/logo\/image\/","url":"https:\/\/jornalbeirario.com.br\/portal\/wp-content\/uploads\/2017\/09\/BEIRA-RIO_logo600.png","contentUrl":"https:\/\/jornalbeirario.com.br\/portal\/wp-content\/uploads\/2017\/09\/BEIRA-RIO_logo600.png","width":650,"height":108,"caption":"JORNAL BEIRA RIO"},"image":{"@id":"https:\/\/jornalbeirario.com.br\/portal\/#\/schema\/logo\/image\/"}},{"@type":"Person","@id":"https:\/\/jornalbeirario.com.br\/portal\/#\/schema\/person\/c6c423e4c2465d2a9233f6539173e7c1","name":"Jornal BEIRA-RIO","image":{"@type":"ImageObject","inLanguage":"pt-BR","@id":"https:\/\/jornalbeirario.com.br\/portal\/wp-content\/uploads\/2023\/10\/logojbr1.jpg","url":"https:\/\/jornalbeirario.com.br\/portal\/wp-content\/uploads\/2023\/10\/logojbr1.jpg","contentUrl":"https:\/\/jornalbeirario.com.br\/portal\/wp-content\/uploads\/2023\/10\/logojbr1.jpg","caption":"Jornal BEIRA-RIO"},"url":"https:\/\/jornalbeirario.com.br\/portal\/?author=1"}]}},"_links":{"self":[{"href":"https:\/\/jornalbeirario.com.br\/portal\/index.php?rest_route=\/wp\/v2\/posts\/97280","targetHints":{"allow":["GET"]}}],"collection":[{"href":"https:\/\/jornalbeirario.com.br\/portal\/index.php?rest_route=\/wp\/v2\/posts"}],"about":[{"href":"https:\/\/jornalbeirario.com.br\/portal\/index.php?rest_route=\/wp\/v2\/types\/post"}],"author":[{"embeddable":true,"href":"https:\/\/jornalbeirario.com.br\/portal\/index.php?rest_route=\/wp\/v2\/users\/1"}],"replies":[{"embeddable":true,"href":"https:\/\/jornalbeirario.com.br\/portal\/index.php?rest_route=%2Fwp%2Fv2%2Fcomments&post=97280"}],"version-history":[{"count":1,"href":"https:\/\/jornalbeirario.com.br\/portal\/index.php?rest_route=\/wp\/v2\/posts\/97280\/revisions"}],"predecessor-version":[{"id":97282,"href":"https:\/\/jornalbeirario.com.br\/portal\/index.php?rest_route=\/wp\/v2\/posts\/97280\/revisions\/97282"}],"wp:featuredmedia":[{"embeddable":true,"href":"https:\/\/jornalbeirario.com.br\/portal\/index.php?rest_route=\/wp\/v2\/media\/97281"}],"wp:attachment":[{"href":"https:\/\/jornalbeirario.com.br\/portal\/index.php?rest_route=%2Fwp%2Fv2%2Fmedia&parent=97280"}],"wp:term":[{"taxonomy":"category","embeddable":true,"href":"https:\/\/jornalbeirario.com.br\/portal\/index.php?rest_route=%2Fwp%2Fv2%2Fcategories&post=97280"},{"taxonomy":"post_tag","embeddable":true,"href":"https:\/\/jornalbeirario.com.br\/portal\/index.php?rest_route=%2Fwp%2Fv2%2Ftags&post=97280"}],"curies":[{"name":"wp","href":"https:\/\/api.w.org\/{rel}","templated":true}]}}