
{"id":96983,"date":"2022-12-28T22:35:47","date_gmt":"2022-12-29T01:35:47","guid":{"rendered":"http:\/\/jornalbeirario.com.br\/portal\/?p=96983"},"modified":"2022-12-28T22:36:22","modified_gmt":"2022-12-29T01:36:22","slug":"rj-e-terceiro-colocado-em-abertura-de-empresas-em-2022","status":"publish","type":"post","link":"https:\/\/jornalbeirario.com.br\/portal\/?p=96983","title":{"rendered":"Rio de Janeiro \u00e9 terceiro colocado em abertura de empresas em 2022"},"content":{"rendered":"<p style=\"text-align: justify;\"><img loading=\"lazy\" decoding=\"async\" class=\"alignleft size-thumbnail wp-image-85766\" src=\"https:\/\/jornalbeirario.com.br\/portal\/wp-content\/uploads\/2022\/03\/logo-jbr-carimbo1-150x150.png\" alt=\"\" width=\"150\" height=\"150\" srcset=\"https:\/\/jornalbeirario.com.br\/portal\/wp-content\/uploads\/2022\/03\/logo-jbr-carimbo1-150x150.png 150w, https:\/\/jornalbeirario.com.br\/portal\/wp-content\/uploads\/2022\/03\/logo-jbr-carimbo1-215x215.png 215w\" sizes=\"auto, (max-width: 150px) 100vw, 150px\" \/><\/p>\n<figure id=\"attachment_96989\" aria-describedby=\"caption-attachment-96989\" style=\"width: 300px\" class=\"wp-caption alignright\"><img loading=\"lazy\" decoding=\"async\" class=\"size-medium wp-image-96989\" src=\"https:\/\/jornalbeirario.com.br\/portal\/wp-content\/uploads\/2022\/12\/empresas2-300x200.jpg\" alt=\"\" width=\"300\" height=\"200\" srcset=\"https:\/\/jornalbeirario.com.br\/portal\/wp-content\/uploads\/2022\/12\/empresas2-300x200.jpg 300w, https:\/\/jornalbeirario.com.br\/portal\/wp-content\/uploads\/2022\/12\/empresas2.jpg 720w\" sizes=\"auto, (max-width: 300px) 100vw, 300px\" \/><figcaption id=\"caption-attachment-96989\" class=\"wp-caption-text\">Rio de Janeiro teve saldo de mais de 175 mil novas empresas registradas ((Foto: Andr\u00e9 Gomes de Melo\/Divulga\u00e7\u00e3o)<\/figcaption><\/figure>\n<p style=\"text-align: justify;\">O estado do Rio de Janeiro terminou o ano ocupando o terceiro lugar no ranking nacional de abertura de novos neg\u00f3cios, entre janeiro e novembro de 2022, segundo o Mapa de Empresas, disponibilizado pelo Minist\u00e9rio da Economia.<\/p>\n<p style=\"text-align: justify;\">Segundo a pesquisa, foram abertos 295.891 novos empreendimentos, no per\u00edodo, em territ\u00f3rio fluminense. O saldo final, considerando o fechamento de unidades comerciais, ficou em 175.103 novas empresas registradas. Atualmente, o Estado do Rio registra mais de 1,7 milh\u00e3o de empresas ativas, segundo o boletim do minist\u00e9rio.<\/p>\n<p style=\"text-align: justify;\">O Mapa de Empresas \u00e9 uma ferramenta digital que acompanha o registro empresarial no pa\u00eds e apresenta dados precisos e atualizados sobre a atividade produtiva no pa\u00eds. Ele aponta que o segmento de beleza, com neg\u00f3cios ativos nas atividades de cabeleireiro, manicure e pedicure, se destacou na economia fluminense este ano, totalizando 91.194 empresas abertas. J\u00e1 o com\u00e9rcio varejista de artigos de vestu\u00e1rio e acess\u00f3rios registrou a abertura de 82.220 unidades comerciais, seguido pelo setor de fornecimento de alimentos preparados, especialmente para consumo domiciliar, que contou com a inaugura\u00e7\u00e3o de 52.046 empresas.<\/p>\n<p style=\"text-align: justify;\">\u2013 A terceira coloca\u00e7\u00e3o do Rio no ranking \u00e9 fruto de um trabalho que temos aprimorado. Com a digitaliza\u00e7\u00e3o, desburocratiza\u00e7\u00e3o e simplifica\u00e7\u00e3o de processos, que a Junta Comercial do estado (Jucerja) tem promovido, facilitamos a vida dos empreendedores na abertura de novas empresas \u2013 disse o secret\u00e1rio de Desenvolvimento Econ\u00f4mico, Energia e rela\u00e7\u00f5es Internacionais, C\u00e1ssio Coelho.<\/p>\n<p style=\"text-align: justify;\">O presidente da Junta Comercial, S\u00e9rgio Romay, explica que o levantamento do governo federal tamb\u00e9m leva em considera\u00e7\u00e3o os Microempreendedores Individuais (MEIs) abertos at\u00e9 novembro de 2022.<\/p>\n<p style=\"text-align: justify;\">\u2013 Aqui na Jucerja, contabilizamos 67.173 novas empresas de janeiro a novembro, n\u00famero 4% maior do que o do mesmo per\u00edodo em 2021. A expectativa \u00e9 de um novo recorde de aberturas de empresas no final do ano. Em 2021chegamos a um total de 72.894, maior marca nos 214 anos de hist\u00f3ria da Junta Comercial \u2013 destacou Romay.<\/p>\n","protected":false},"excerpt":{"rendered":"<p>O estado do Rio de Janeiro terminou o ano ocupando o terceiro lugar no ranking nacional de abertura de novos neg\u00f3cios, entre janeiro e<\/p>\n","protected":false},"author":1,"featured_media":96988,"comment_status":"open","ping_status":"open","sticky":false,"template":"","format":"standard","meta":{"pmpro_default_level":"","footnotes":""},"categories":[6,227,158],"tags":[],"class_list":["post-96983","post","type-post","status-publish","format-standard","has-post-thumbnail","hentry","category-economia","category-manchete","category-rio-de-janeiro","pmpro-has-access"],"yoast_head":"<!-- This site is optimized with the Yoast SEO plugin v27.4 - https:\/\/yoast.com\/product\/yoast-seo-wordpress\/ -->\n<title>Rio de Janeiro \u00e9 terceiro colocado em abertura de empresas em 2022 - JORNAL BEIRA RIO<\/title>\n<meta name=\"robots\" content=\"index, follow, max-snippet:-1, max-image-preview:large, max-video-preview:-1\" \/>\n<link rel=\"canonical\" href=\"https:\/\/jornalbeirario.com.br\/portal\/?p=96983\" \/>\n<meta property=\"og:locale\" content=\"pt_BR\" \/>\n<meta property=\"og:type\" content=\"article\" \/>\n<meta property=\"og:title\" content=\"Rio de Janeiro \u00e9 terceiro colocado em abertura de empresas em 2022 - JORNAL BEIRA RIO\" \/>\n<meta property=\"og:description\" content=\"O estado do Rio de Janeiro terminou o ano ocupando o terceiro lugar no ranking nacional de abertura de novos neg\u00f3cios, entre janeiro e\" \/>\n<meta property=\"og:url\" content=\"https:\/\/jornalbeirario.com.br\/portal\/?p=96983\" \/>\n<meta property=\"og:site_name\" content=\"JORNAL BEIRA RIO\" \/>\n<meta property=\"article:published_time\" content=\"2022-12-29T01:35:47+00:00\" \/>\n<meta property=\"article:modified_time\" content=\"2022-12-29T01:36:22+00:00\" \/>\n<meta property=\"og:image\" content=\"https:\/\/jornalbeirario.com.br\/portal\/wp-content\/uploads\/2022\/12\/empresas1.jpg\" \/>\n\t<meta property=\"og:image:width\" content=\"1100\" \/>\n\t<meta property=\"og:image:height\" content=\"470\" \/>\n\t<meta property=\"og:image:type\" content=\"image\/jpeg\" \/>\n<meta name=\"author\" content=\"Jornal BEIRA-RIO\" \/>\n<meta name=\"twitter:card\" content=\"summary_large_image\" \/>\n<meta name=\"twitter:label1\" content=\"Escrito por\" \/>\n\t<meta name=\"twitter:data1\" content=\"Jornal BEIRA-RIO\" \/>\n\t<meta name=\"twitter:label2\" content=\"Est. tempo de leitura\" \/>\n\t<meta name=\"twitter:data2\" content=\"2 minutos\" \/>\n<script type=\"application\/ld+json\" class=\"yoast-schema-graph\">{\"@context\":\"https:\\\/\\\/schema.org\",\"@graph\":[{\"@type\":\"Article\",\"@id\":\"https:\\\/\\\/jornalbeirario.com.br\\\/portal\\\/?p=96983#article\",\"isPartOf\":{\"@id\":\"https:\\\/\\\/jornalbeirario.com.br\\\/portal\\\/?p=96983\"},\"author\":{\"name\":\"Jornal BEIRA-RIO\",\"@id\":\"https:\\\/\\\/jornalbeirario.com.br\\\/portal\\\/#\\\/schema\\\/person\\\/c6c423e4c2465d2a9233f6539173e7c1\"},\"headline\":\"Rio de Janeiro \u00e9 terceiro colocado em abertura de empresas em 2022\",\"datePublished\":\"2022-12-29T01:35:47+00:00\",\"dateModified\":\"2022-12-29T01:36:22+00:00\",\"mainEntityOfPage\":{\"@id\":\"https:\\\/\\\/jornalbeirario.com.br\\\/portal\\\/?p=96983\"},\"wordCount\":359,\"commentCount\":0,\"publisher\":{\"@id\":\"https:\\\/\\\/jornalbeirario.com.br\\\/portal\\\/#organization\"},\"image\":{\"@id\":\"https:\\\/\\\/jornalbeirario.com.br\\\/portal\\\/?p=96983#primaryimage\"},\"thumbnailUrl\":\"https:\\\/\\\/jornalbeirario.com.br\\\/portal\\\/wp-content\\\/uploads\\\/2022\\\/12\\\/empresas1.jpg\",\"articleSection\":[\"Economia\",\"Manchete\",\"Rio de Janeiro\"],\"inLanguage\":\"pt-BR\",\"potentialAction\":[{\"@type\":\"CommentAction\",\"name\":\"Comment\",\"target\":[\"https:\\\/\\\/jornalbeirario.com.br\\\/portal\\\/?p=96983#respond\"]}]},{\"@type\":\"WebPage\",\"@id\":\"https:\\\/\\\/jornalbeirario.com.br\\\/portal\\\/?p=96983\",\"url\":\"https:\\\/\\\/jornalbeirario.com.br\\\/portal\\\/?p=96983\",\"name\":\"Rio de Janeiro \u00e9 terceiro colocado em abertura de empresas em 2022 - JORNAL BEIRA RIO\",\"isPartOf\":{\"@id\":\"https:\\\/\\\/jornalbeirario.com.br\\\/portal\\\/#website\"},\"primaryImageOfPage\":{\"@id\":\"https:\\\/\\\/jornalbeirario.com.br\\\/portal\\\/?p=96983#primaryimage\"},\"image\":{\"@id\":\"https:\\\/\\\/jornalbeirario.com.br\\\/portal\\\/?p=96983#primaryimage\"},\"thumbnailUrl\":\"https:\\\/\\\/jornalbeirario.com.br\\\/portal\\\/wp-content\\\/uploads\\\/2022\\\/12\\\/empresas1.jpg\",\"datePublished\":\"2022-12-29T01:35:47+00:00\",\"dateModified\":\"2022-12-29T01:36:22+00:00\",\"breadcrumb\":{\"@id\":\"https:\\\/\\\/jornalbeirario.com.br\\\/portal\\\/?p=96983#breadcrumb\"},\"inLanguage\":\"pt-BR\",\"potentialAction\":[{\"@type\":\"ReadAction\",\"target\":[\"https:\\\/\\\/jornalbeirario.com.br\\\/portal\\\/?p=96983\"]}]},{\"@type\":\"ImageObject\",\"inLanguage\":\"pt-BR\",\"@id\":\"https:\\\/\\\/jornalbeirario.com.br\\\/portal\\\/?p=96983#primaryimage\",\"url\":\"https:\\\/\\\/jornalbeirario.com.br\\\/portal\\\/wp-content\\\/uploads\\\/2022\\\/12\\\/empresas1.jpg\",\"contentUrl\":\"https:\\\/\\\/jornalbeirario.com.br\\\/portal\\\/wp-content\\\/uploads\\\/2022\\\/12\\\/empresas1.jpg\",\"width\":1100,\"height\":470,\"caption\":\"RJ 05-01-2018. Com\u00e9rcio na SAARA. Fot\u00f3grafo: Andr\u00e9 Gomes de Melo\"},{\"@type\":\"BreadcrumbList\",\"@id\":\"https:\\\/\\\/jornalbeirario.com.br\\\/portal\\\/?p=96983#breadcrumb\",\"itemListElement\":[{\"@type\":\"ListItem\",\"position\":1,\"name\":\"Home\",\"item\":\"https:\\\/\\\/jornalbeirario.com.br\\\/portal\"},{\"@type\":\"ListItem\",\"position\":2,\"name\":\"Rio de Janeiro \u00e9 terceiro colocado em abertura de empresas em 2022\"}]},{\"@type\":\"WebSite\",\"@id\":\"https:\\\/\\\/jornalbeirario.com.br\\\/portal\\\/#website\",\"url\":\"https:\\\/\\\/jornalbeirario.com.br\\\/portal\\\/\",\"name\":\"JORNAL BEIRA RIO\",\"description\":\"\",\"publisher\":{\"@id\":\"https:\\\/\\\/jornalbeirario.com.br\\\/portal\\\/#organization\"},\"potentialAction\":[{\"@type\":\"SearchAction\",\"target\":{\"@type\":\"EntryPoint\",\"urlTemplate\":\"https:\\\/\\\/jornalbeirario.com.br\\\/portal\\\/?s={search_term_string}\"},\"query-input\":{\"@type\":\"PropertyValueSpecification\",\"valueRequired\":true,\"valueName\":\"search_term_string\"}}],\"inLanguage\":\"pt-BR\"},{\"@type\":\"Organization\",\"@id\":\"https:\\\/\\\/jornalbeirario.com.br\\\/portal\\\/#organization\",\"name\":\"JORNAL BEIRA RIO\",\"url\":\"https:\\\/\\\/jornalbeirario.com.br\\\/portal\\\/\",\"logo\":{\"@type\":\"ImageObject\",\"inLanguage\":\"pt-BR\",\"@id\":\"https:\\\/\\\/jornalbeirario.com.br\\\/portal\\\/#\\\/schema\\\/logo\\\/image\\\/\",\"url\":\"https:\\\/\\\/jornalbeirario.com.br\\\/portal\\\/wp-content\\\/uploads\\\/2017\\\/09\\\/BEIRA-RIO_logo600.png\",\"contentUrl\":\"https:\\\/\\\/jornalbeirario.com.br\\\/portal\\\/wp-content\\\/uploads\\\/2017\\\/09\\\/BEIRA-RIO_logo600.png\",\"width\":650,\"height\":108,\"caption\":\"JORNAL BEIRA RIO\"},\"image\":{\"@id\":\"https:\\\/\\\/jornalbeirario.com.br\\\/portal\\\/#\\\/schema\\\/logo\\\/image\\\/\"}},{\"@type\":\"Person\",\"@id\":\"https:\\\/\\\/jornalbeirario.com.br\\\/portal\\\/#\\\/schema\\\/person\\\/c6c423e4c2465d2a9233f6539173e7c1\",\"name\":\"Jornal BEIRA-RIO\",\"image\":{\"@type\":\"ImageObject\",\"inLanguage\":\"pt-BR\",\"@id\":\"https:\\\/\\\/jornalbeirario.com.br\\\/portal\\\/wp-content\\\/uploads\\\/2023\\\/10\\\/logojbr1.jpg\",\"url\":\"https:\\\/\\\/jornalbeirario.com.br\\\/portal\\\/wp-content\\\/uploads\\\/2023\\\/10\\\/logojbr1.jpg\",\"contentUrl\":\"https:\\\/\\\/jornalbeirario.com.br\\\/portal\\\/wp-content\\\/uploads\\\/2023\\\/10\\\/logojbr1.jpg\",\"caption\":\"Jornal BEIRA-RIO\"},\"url\":\"https:\\\/\\\/jornalbeirario.com.br\\\/portal\\\/?author=1\"}]}<\/script>\n<!-- \/ Yoast SEO plugin. -->","yoast_head_json":{"title":"Rio de Janeiro \u00e9 terceiro colocado em abertura de empresas em 2022 - JORNAL BEIRA RIO","robots":{"index":"index","follow":"follow","max-snippet":"max-snippet:-1","max-image-preview":"max-image-preview:large","max-video-preview":"max-video-preview:-1"},"canonical":"https:\/\/jornalbeirario.com.br\/portal\/?p=96983","og_locale":"pt_BR","og_type":"article","og_title":"Rio de Janeiro \u00e9 terceiro colocado em abertura de empresas em 2022 - JORNAL BEIRA RIO","og_description":"O estado do Rio de Janeiro terminou o ano ocupando o terceiro lugar no ranking nacional de abertura de novos neg\u00f3cios, entre janeiro e","og_url":"https:\/\/jornalbeirario.com.br\/portal\/?p=96983","og_site_name":"JORNAL BEIRA RIO","article_published_time":"2022-12-29T01:35:47+00:00","article_modified_time":"2022-12-29T01:36:22+00:00","og_image":[{"width":1100,"height":470,"url":"https:\/\/jornalbeirario.com.br\/portal\/wp-content\/uploads\/2022\/12\/empresas1.jpg","type":"image\/jpeg"}],"author":"Jornal BEIRA-RIO","twitter_card":"summary_large_image","twitter_misc":{"Escrito por":"Jornal BEIRA-RIO","Est. tempo de leitura":"2 minutos"},"schema":{"@context":"https:\/\/schema.org","@graph":[{"@type":"Article","@id":"https:\/\/jornalbeirario.com.br\/portal\/?p=96983#article","isPartOf":{"@id":"https:\/\/jornalbeirario.com.br\/portal\/?p=96983"},"author":{"name":"Jornal BEIRA-RIO","@id":"https:\/\/jornalbeirario.com.br\/portal\/#\/schema\/person\/c6c423e4c2465d2a9233f6539173e7c1"},"headline":"Rio de Janeiro \u00e9 terceiro colocado em abertura de empresas em 2022","datePublished":"2022-12-29T01:35:47+00:00","dateModified":"2022-12-29T01:36:22+00:00","mainEntityOfPage":{"@id":"https:\/\/jornalbeirario.com.br\/portal\/?p=96983"},"wordCount":359,"commentCount":0,"publisher":{"@id":"https:\/\/jornalbeirario.com.br\/portal\/#organization"},"image":{"@id":"https:\/\/jornalbeirario.com.br\/portal\/?p=96983#primaryimage"},"thumbnailUrl":"https:\/\/jornalbeirario.com.br\/portal\/wp-content\/uploads\/2022\/12\/empresas1.jpg","articleSection":["Economia","Manchete","Rio de Janeiro"],"inLanguage":"pt-BR","potentialAction":[{"@type":"CommentAction","name":"Comment","target":["https:\/\/jornalbeirario.com.br\/portal\/?p=96983#respond"]}]},{"@type":"WebPage","@id":"https:\/\/jornalbeirario.com.br\/portal\/?p=96983","url":"https:\/\/jornalbeirario.com.br\/portal\/?p=96983","name":"Rio de Janeiro \u00e9 terceiro colocado em abertura de empresas em 2022 - JORNAL BEIRA RIO","isPartOf":{"@id":"https:\/\/jornalbeirario.com.br\/portal\/#website"},"primaryImageOfPage":{"@id":"https:\/\/jornalbeirario.com.br\/portal\/?p=96983#primaryimage"},"image":{"@id":"https:\/\/jornalbeirario.com.br\/portal\/?p=96983#primaryimage"},"thumbnailUrl":"https:\/\/jornalbeirario.com.br\/portal\/wp-content\/uploads\/2022\/12\/empresas1.jpg","datePublished":"2022-12-29T01:35:47+00:00","dateModified":"2022-12-29T01:36:22+00:00","breadcrumb":{"@id":"https:\/\/jornalbeirario.com.br\/portal\/?p=96983#breadcrumb"},"inLanguage":"pt-BR","potentialAction":[{"@type":"ReadAction","target":["https:\/\/jornalbeirario.com.br\/portal\/?p=96983"]}]},{"@type":"ImageObject","inLanguage":"pt-BR","@id":"https:\/\/jornalbeirario.com.br\/portal\/?p=96983#primaryimage","url":"https:\/\/jornalbeirario.com.br\/portal\/wp-content\/uploads\/2022\/12\/empresas1.jpg","contentUrl":"https:\/\/jornalbeirario.com.br\/portal\/wp-content\/uploads\/2022\/12\/empresas1.jpg","width":1100,"height":470,"caption":"RJ 05-01-2018. Com\u00e9rcio na SAARA. Fot\u00f3grafo: Andr\u00e9 Gomes de Melo"},{"@type":"BreadcrumbList","@id":"https:\/\/jornalbeirario.com.br\/portal\/?p=96983#breadcrumb","itemListElement":[{"@type":"ListItem","position":1,"name":"Home","item":"https:\/\/jornalbeirario.com.br\/portal"},{"@type":"ListItem","position":2,"name":"Rio de Janeiro \u00e9 terceiro colocado em abertura de empresas em 2022"}]},{"@type":"WebSite","@id":"https:\/\/jornalbeirario.com.br\/portal\/#website","url":"https:\/\/jornalbeirario.com.br\/portal\/","name":"JORNAL BEIRA RIO","description":"","publisher":{"@id":"https:\/\/jornalbeirario.com.br\/portal\/#organization"},"potentialAction":[{"@type":"SearchAction","target":{"@type":"EntryPoint","urlTemplate":"https:\/\/jornalbeirario.com.br\/portal\/?s={search_term_string}"},"query-input":{"@type":"PropertyValueSpecification","valueRequired":true,"valueName":"search_term_string"}}],"inLanguage":"pt-BR"},{"@type":"Organization","@id":"https:\/\/jornalbeirario.com.br\/portal\/#organization","name":"JORNAL BEIRA RIO","url":"https:\/\/jornalbeirario.com.br\/portal\/","logo":{"@type":"ImageObject","inLanguage":"pt-BR","@id":"https:\/\/jornalbeirario.com.br\/portal\/#\/schema\/logo\/image\/","url":"https:\/\/jornalbeirario.com.br\/portal\/wp-content\/uploads\/2017\/09\/BEIRA-RIO_logo600.png","contentUrl":"https:\/\/jornalbeirario.com.br\/portal\/wp-content\/uploads\/2017\/09\/BEIRA-RIO_logo600.png","width":650,"height":108,"caption":"JORNAL BEIRA RIO"},"image":{"@id":"https:\/\/jornalbeirario.com.br\/portal\/#\/schema\/logo\/image\/"}},{"@type":"Person","@id":"https:\/\/jornalbeirario.com.br\/portal\/#\/schema\/person\/c6c423e4c2465d2a9233f6539173e7c1","name":"Jornal BEIRA-RIO","image":{"@type":"ImageObject","inLanguage":"pt-BR","@id":"https:\/\/jornalbeirario.com.br\/portal\/wp-content\/uploads\/2023\/10\/logojbr1.jpg","url":"https:\/\/jornalbeirario.com.br\/portal\/wp-content\/uploads\/2023\/10\/logojbr1.jpg","contentUrl":"https:\/\/jornalbeirario.com.br\/portal\/wp-content\/uploads\/2023\/10\/logojbr1.jpg","caption":"Jornal BEIRA-RIO"},"url":"https:\/\/jornalbeirario.com.br\/portal\/?author=1"}]}},"_links":{"self":[{"href":"https:\/\/jornalbeirario.com.br\/portal\/index.php?rest_route=\/wp\/v2\/posts\/96983","targetHints":{"allow":["GET"]}}],"collection":[{"href":"https:\/\/jornalbeirario.com.br\/portal\/index.php?rest_route=\/wp\/v2\/posts"}],"about":[{"href":"https:\/\/jornalbeirario.com.br\/portal\/index.php?rest_route=\/wp\/v2\/types\/post"}],"author":[{"embeddable":true,"href":"https:\/\/jornalbeirario.com.br\/portal\/index.php?rest_route=\/wp\/v2\/users\/1"}],"replies":[{"embeddable":true,"href":"https:\/\/jornalbeirario.com.br\/portal\/index.php?rest_route=%2Fwp%2Fv2%2Fcomments&post=96983"}],"version-history":[{"count":6,"href":"https:\/\/jornalbeirario.com.br\/portal\/index.php?rest_route=\/wp\/v2\/posts\/96983\/revisions"}],"predecessor-version":[{"id":96991,"href":"https:\/\/jornalbeirario.com.br\/portal\/index.php?rest_route=\/wp\/v2\/posts\/96983\/revisions\/96991"}],"wp:featuredmedia":[{"embeddable":true,"href":"https:\/\/jornalbeirario.com.br\/portal\/index.php?rest_route=\/wp\/v2\/media\/96988"}],"wp:attachment":[{"href":"https:\/\/jornalbeirario.com.br\/portal\/index.php?rest_route=%2Fwp%2Fv2%2Fmedia&parent=96983"}],"wp:term":[{"taxonomy":"category","embeddable":true,"href":"https:\/\/jornalbeirario.com.br\/portal\/index.php?rest_route=%2Fwp%2Fv2%2Fcategories&post=96983"},{"taxonomy":"post_tag","embeddable":true,"href":"https:\/\/jornalbeirario.com.br\/portal\/index.php?rest_route=%2Fwp%2Fv2%2Ftags&post=96983"}],"curies":[{"name":"wp","href":"https:\/\/api.w.org\/{rel}","templated":true}]}}