
{"id":96430,"date":"2022-12-08T20:06:23","date_gmt":"2022-12-08T23:06:23","guid":{"rendered":"http:\/\/jornalbeirario.com.br\/portal\/?p=96430"},"modified":"2022-12-08T21:22:00","modified_gmt":"2022-12-09T00:22:00","slug":"idosa-trabalhava-ha-27-anos-de-forma-analoga-a-escravidao","status":"publish","type":"post","link":"https:\/\/jornalbeirario.com.br\/portal\/?p=96430","title":{"rendered":"Idosa trabalhava h\u00e1 27 anos de forma an\u00e1loga \u00e0 escravid\u00e3o no interior paulista"},"content":{"rendered":"<p style=\"text-align: justify;\"><img loading=\"lazy\" decoding=\"async\" class=\"alignleft size-thumbnail wp-image-85766\" src=\"https:\/\/jornalbeirario.com.br\/portal\/wp-content\/uploads\/2022\/03\/logo-jbr-carimbo1-150x150.png\" alt=\"\" width=\"150\" height=\"150\" srcset=\"https:\/\/jornalbeirario.com.br\/portal\/wp-content\/uploads\/2022\/03\/logo-jbr-carimbo1-150x150.png 150w, https:\/\/jornalbeirario.com.br\/portal\/wp-content\/uploads\/2022\/03\/logo-jbr-carimbo1-215x215.png 215w\" sizes=\"auto, (max-width: 150px) 100vw, 150px\" \/><\/p>\n<figure id=\"attachment_96386\" aria-describedby=\"caption-attachment-96386\" style=\"width: 300px\" class=\"wp-caption alignright\"><img loading=\"lazy\" decoding=\"async\" class=\"size-medium wp-image-96386\" src=\"https:\/\/jornalbeirario.com.br\/portal\/wp-content\/uploads\/2022\/12\/mulher1-300x225.jpg\" alt=\"\" width=\"300\" height=\"225\" srcset=\"https:\/\/jornalbeirario.com.br\/portal\/wp-content\/uploads\/2022\/12\/mulher1-300x225.jpg 300w, https:\/\/jornalbeirario.com.br\/portal\/wp-content\/uploads\/2022\/12\/mulher1.jpg 640w\" sizes=\"auto, (max-width: 300px) 100vw, 300px\" \/><figcaption id=\"caption-attachment-96386\" class=\"wp-caption-text\">Idosa de 82 anos viveu 27 anos sob trabalho an\u00e1logo \u00e0 escravid\u00e3o (Foto: Divulga\u00e7\u00e3o\/MPT)<\/figcaption><\/figure>\n<p style=\"text-align: justify;\">Segundo uma reportagem realizada pelo portal G1 em Ribeir\u00e3o Preto\/SP, na sexta-feira, dia 2, a Justi\u00e7a local bloqueou R$ 815,3 mil em bens dos patr\u00f5es de uma empregada dom\u00e9stica de 82 anos, acusados de submet\u00ea-la ao trabalho de forma an\u00e1loga a escravid\u00e3o. O montante ser\u00e1 transferido para a mulher, com objetivo de repara\u00e7\u00e3o pelos abusos praticados pelos empregadores, informou o Minist\u00e9rio P\u00fablico do Trabalho (MPT).<\/p>\n<p style=\"text-align: justify;\">O \u00f3rg\u00e3o afirma que, por quase tr\u00eas d\u00e9cadas, a idosa trabalhou durante 27 anos para uma m\u00e9dica e seu marido, um empres\u00e1rio, sem direito a sal\u00e1rio em Ribeir\u00e3o Preto. De acordo com informa\u00e7\u00f5es divulgadas nesta quarta-feira, dia 7, pelo MPT, a empregada dom\u00e9stica n\u00e3o teve acesso a sal\u00e1rio nem folga por quase tr\u00eas d\u00e9cadas.<\/p>\n<p style=\"text-align: justify;\">Ainda de acordo com o MPT, a idosa, uma mulher negra e analfabeta, trabalhava com a esperan\u00e7a de que a patroa estivesse juntando dinheiro para que ela realizasse o sonho de comprar a casa pr\u00f3pria. No entanto, provas obtidas indicam que os patr\u00f5es deixaram de pagar os sal\u00e1rios, com a justificativa de que estariam &#8220;guardando dinheiro para ela&#8221;.<\/p>\n<p style=\"text-align: justify;\">Al\u00e9m do MPT, a for\u00e7a-tarefa deflagrada em 24 de outubro contou com membros do Minist\u00e9rio do Trabalho e Previd\u00eancia (MTP) e da Pol\u00edcia Militar (PM).<\/p>\n<p style=\"text-align: justify;\">O inqu\u00e9rito civil foi instaurado ap\u00f3s o recebimento de uma den\u00fancia an\u00f4nima. A dilig\u00eancia foi conduzida pelo procurador Henrique Correia e pelos auditores fiscais do trabalho Sandra Ferreira Gon\u00e7alves, Jamile Virg\u00ednio e Cl\u00e1udio Rog\u00e9rio Lima Bastos, al\u00e9m de policiais militares.<\/p>\n<p style=\"text-align: justify;\">Em depoimento, a v\u00edtima contou que os patr\u00f5es enviaram aproximadamente R$ 100 todos os meses ao seu irm\u00e3o, que mora em Jardin\u00f3polis\/SP, a 22,6 quil\u00f4metros de Ribeir\u00e3o Preto. A idosa \u00e9 inscrita no Benef\u00edcio Previdenci\u00e1rio Continuado (BPC), mas a m\u00e9dica impedia que a empregada tivesse acesso ao cart\u00e3o de saque, segundo o MPT.<\/p>\n<p style=\"text-align: justify;\">Segundo o procurador Henrique Correia, a mulher come\u00e7ou a trabalhar como dom\u00e9stica na inf\u00e2ncia, na casa de outra fam\u00edlia. Ela se mudou para o im\u00f3vel do empres\u00e1rio e da m\u00e9dica ap\u00f3s a morte da antiga patroa.<\/p>\n<p style=\"text-align: justify;\">&#8211; Mulher, negra, de origem humilde, analfabeta. Ela \u00e9 mais um exemplo de interseccionalidade, uma vez que evidencia a sobreposi\u00e7\u00e3o de opress\u00f5es e discrimina\u00e7\u00f5es existentes em nossa sociedade, as quais permitiram que tantos anos se passassem sem que a presente situa\u00e7\u00e3o de explora\u00e7\u00e3o fosse descoberta pela comunidade que rodeava a fam\u00edlia &#8211; disse o procurador ao G1.<\/p>\n<p style=\"text-align: justify;\">O MPT afirma que a m\u00e9dica se dirigiu a uma auditora fiscal, por duas ocasi\u00f5es, com frases agressivas, como &#8220;minha vontade era te esganar&#8221;, e &#8220;queria te bater, se pudesse&#8221;.<\/p>\n<p style=\"text-align: justify;\">O \u00f3rg\u00e3o aponta que a mulher tentou atrapalhar o processo fiscal, primeiramente tentando deixar a resid\u00eancia com a empregada e, depois, evitando que a idosa fosse identificada, impedindo a entrega dos documentos pessoais.<\/p>\n<p style=\"text-align: justify;\">Segundo o relat\u00f3rio das dilig\u00eancias, a idosa agia com submiss\u00e3o em rela\u00e7\u00e3o \u00e0 patroa, que havia lhe prometido a compra de uma casa. Al\u00e9m dos bens, a transfer\u00eancia de um ve\u00edculo do casal tamb\u00e9m foi bloqueada.<\/p>\n<p style=\"text-align: justify;\">A v\u00edtima foi encaminhada \u00e0 Defensoria P\u00fablica da Uni\u00e3o (DPU). O casal pode ser inclu\u00eddo na chamada &#8220;lista suja&#8221; do trabalho escravo, cadastro que re\u00fane empregadores que submeteram os empregados a condi\u00e7\u00f5es an\u00e1logas \u00e0 escravid\u00e3o.<\/p>\n","protected":false},"excerpt":{"rendered":"<p>Segundo uma reportagem realizada pelo portal G1 em Ribeir\u00e3o Preto\/SP, na sexta-feira, dia 2, a Justi\u00e7a local bloqueou R$ 815,3 mil em bens dos<\/p>\n","protected":false},"author":1,"featured_media":96386,"comment_status":"open","ping_status":"open","sticky":false,"template":"","format":"standard","meta":{"pmpro_default_level":"","footnotes":""},"categories":[175,35],"tags":[],"class_list":["post-96430","post","type-post","status-publish","format-standard","has-post-thumbnail","hentry","category-justica","category-nacional","pmpro-has-access"],"yoast_head":"<!-- This site is optimized with the Yoast SEO plugin v27.4 - https:\/\/yoast.com\/product\/yoast-seo-wordpress\/ -->\n<title>Idosa trabalhava h\u00e1 27 anos de forma an\u00e1loga \u00e0 escravid\u00e3o no interior paulista - JORNAL BEIRA RIO<\/title>\n<meta name=\"robots\" content=\"index, follow, max-snippet:-1, max-image-preview:large, max-video-preview:-1\" \/>\n<link rel=\"canonical\" href=\"https:\/\/jornalbeirario.com.br\/portal\/?p=96430\" \/>\n<meta property=\"og:locale\" content=\"pt_BR\" \/>\n<meta property=\"og:type\" content=\"article\" \/>\n<meta property=\"og:title\" content=\"Idosa trabalhava h\u00e1 27 anos de forma an\u00e1loga \u00e0 escravid\u00e3o no interior paulista - JORNAL BEIRA RIO\" \/>\n<meta property=\"og:description\" content=\"Segundo uma reportagem realizada pelo portal G1 em Ribeir\u00e3o Preto\/SP, na sexta-feira, dia 2, a Justi\u00e7a local bloqueou R$ 815,3 mil em bens dos\" \/>\n<meta property=\"og:url\" content=\"https:\/\/jornalbeirario.com.br\/portal\/?p=96430\" \/>\n<meta property=\"og:site_name\" content=\"JORNAL BEIRA RIO\" \/>\n<meta property=\"article:published_time\" content=\"2022-12-08T23:06:23+00:00\" \/>\n<meta property=\"article:modified_time\" content=\"2022-12-09T00:22:00+00:00\" \/>\n<meta property=\"og:image\" content=\"https:\/\/jornalbeirario.com.br\/portal\/wp-content\/uploads\/2022\/12\/mulher1.jpg\" \/>\n\t<meta property=\"og:image:width\" content=\"640\" \/>\n\t<meta property=\"og:image:height\" content=\"480\" \/>\n\t<meta property=\"og:image:type\" content=\"image\/jpeg\" \/>\n<meta name=\"author\" content=\"Jornal BEIRA-RIO\" \/>\n<meta name=\"twitter:card\" content=\"summary_large_image\" \/>\n<meta name=\"twitter:label1\" content=\"Escrito por\" \/>\n\t<meta name=\"twitter:data1\" content=\"Jornal BEIRA-RIO\" \/>\n\t<meta name=\"twitter:label2\" content=\"Est. tempo de leitura\" \/>\n\t<meta name=\"twitter:data2\" content=\"3 minutos\" \/>\n<script type=\"application\/ld+json\" class=\"yoast-schema-graph\">{\"@context\":\"https:\\\/\\\/schema.org\",\"@graph\":[{\"@type\":\"Article\",\"@id\":\"https:\\\/\\\/jornalbeirario.com.br\\\/portal\\\/?p=96430#article\",\"isPartOf\":{\"@id\":\"https:\\\/\\\/jornalbeirario.com.br\\\/portal\\\/?p=96430\"},\"author\":{\"name\":\"Jornal BEIRA-RIO\",\"@id\":\"https:\\\/\\\/jornalbeirario.com.br\\\/portal\\\/#\\\/schema\\\/person\\\/c6c423e4c2465d2a9233f6539173e7c1\"},\"headline\":\"Idosa trabalhava h\u00e1 27 anos de forma an\u00e1loga \u00e0 escravid\u00e3o no interior paulista\",\"datePublished\":\"2022-12-08T23:06:23+00:00\",\"dateModified\":\"2022-12-09T00:22:00+00:00\",\"mainEntityOfPage\":{\"@id\":\"https:\\\/\\\/jornalbeirario.com.br\\\/portal\\\/?p=96430\"},\"wordCount\":632,\"commentCount\":0,\"publisher\":{\"@id\":\"https:\\\/\\\/jornalbeirario.com.br\\\/portal\\\/#organization\"},\"image\":{\"@id\":\"https:\\\/\\\/jornalbeirario.com.br\\\/portal\\\/?p=96430#primaryimage\"},\"thumbnailUrl\":\"https:\\\/\\\/jornalbeirario.com.br\\\/portal\\\/wp-content\\\/uploads\\\/2022\\\/12\\\/mulher1.jpg\",\"articleSection\":[\"Justi\u00e7a\",\"Nacional\"],\"inLanguage\":\"pt-BR\",\"potentialAction\":[{\"@type\":\"CommentAction\",\"name\":\"Comment\",\"target\":[\"https:\\\/\\\/jornalbeirario.com.br\\\/portal\\\/?p=96430#respond\"]}]},{\"@type\":\"WebPage\",\"@id\":\"https:\\\/\\\/jornalbeirario.com.br\\\/portal\\\/?p=96430\",\"url\":\"https:\\\/\\\/jornalbeirario.com.br\\\/portal\\\/?p=96430\",\"name\":\"Idosa trabalhava h\u00e1 27 anos de forma an\u00e1loga \u00e0 escravid\u00e3o no interior paulista - JORNAL BEIRA RIO\",\"isPartOf\":{\"@id\":\"https:\\\/\\\/jornalbeirario.com.br\\\/portal\\\/#website\"},\"primaryImageOfPage\":{\"@id\":\"https:\\\/\\\/jornalbeirario.com.br\\\/portal\\\/?p=96430#primaryimage\"},\"image\":{\"@id\":\"https:\\\/\\\/jornalbeirario.com.br\\\/portal\\\/?p=96430#primaryimage\"},\"thumbnailUrl\":\"https:\\\/\\\/jornalbeirario.com.br\\\/portal\\\/wp-content\\\/uploads\\\/2022\\\/12\\\/mulher1.jpg\",\"datePublished\":\"2022-12-08T23:06:23+00:00\",\"dateModified\":\"2022-12-09T00:22:00+00:00\",\"breadcrumb\":{\"@id\":\"https:\\\/\\\/jornalbeirario.com.br\\\/portal\\\/?p=96430#breadcrumb\"},\"inLanguage\":\"pt-BR\",\"potentialAction\":[{\"@type\":\"ReadAction\",\"target\":[\"https:\\\/\\\/jornalbeirario.com.br\\\/portal\\\/?p=96430\"]}]},{\"@type\":\"ImageObject\",\"inLanguage\":\"pt-BR\",\"@id\":\"https:\\\/\\\/jornalbeirario.com.br\\\/portal\\\/?p=96430#primaryimage\",\"url\":\"https:\\\/\\\/jornalbeirario.com.br\\\/portal\\\/wp-content\\\/uploads\\\/2022\\\/12\\\/mulher1.jpg\",\"contentUrl\":\"https:\\\/\\\/jornalbeirario.com.br\\\/portal\\\/wp-content\\\/uploads\\\/2022\\\/12\\\/mulher1.jpg\",\"width\":640,\"height\":480,\"caption\":\"Idosa de 82 anos viveu boa parte de sua vida sob trabalho an\u00e1logo \u00e0 escravid\u00e3o (Foto: Divulga\u00e7\u00e3o\\\/MPT)\"},{\"@type\":\"BreadcrumbList\",\"@id\":\"https:\\\/\\\/jornalbeirario.com.br\\\/portal\\\/?p=96430#breadcrumb\",\"itemListElement\":[{\"@type\":\"ListItem\",\"position\":1,\"name\":\"Home\",\"item\":\"https:\\\/\\\/jornalbeirario.com.br\\\/portal\"},{\"@type\":\"ListItem\",\"position\":2,\"name\":\"Idosa trabalhava h\u00e1 27 anos de forma an\u00e1loga \u00e0 escravid\u00e3o no interior paulista\"}]},{\"@type\":\"WebSite\",\"@id\":\"https:\\\/\\\/jornalbeirario.com.br\\\/portal\\\/#website\",\"url\":\"https:\\\/\\\/jornalbeirario.com.br\\\/portal\\\/\",\"name\":\"JORNAL BEIRA RIO\",\"description\":\"\",\"publisher\":{\"@id\":\"https:\\\/\\\/jornalbeirario.com.br\\\/portal\\\/#organization\"},\"potentialAction\":[{\"@type\":\"SearchAction\",\"target\":{\"@type\":\"EntryPoint\",\"urlTemplate\":\"https:\\\/\\\/jornalbeirario.com.br\\\/portal\\\/?s={search_term_string}\"},\"query-input\":{\"@type\":\"PropertyValueSpecification\",\"valueRequired\":true,\"valueName\":\"search_term_string\"}}],\"inLanguage\":\"pt-BR\"},{\"@type\":\"Organization\",\"@id\":\"https:\\\/\\\/jornalbeirario.com.br\\\/portal\\\/#organization\",\"name\":\"JORNAL BEIRA RIO\",\"url\":\"https:\\\/\\\/jornalbeirario.com.br\\\/portal\\\/\",\"logo\":{\"@type\":\"ImageObject\",\"inLanguage\":\"pt-BR\",\"@id\":\"https:\\\/\\\/jornalbeirario.com.br\\\/portal\\\/#\\\/schema\\\/logo\\\/image\\\/\",\"url\":\"https:\\\/\\\/jornalbeirario.com.br\\\/portal\\\/wp-content\\\/uploads\\\/2017\\\/09\\\/BEIRA-RIO_logo600.png\",\"contentUrl\":\"https:\\\/\\\/jornalbeirario.com.br\\\/portal\\\/wp-content\\\/uploads\\\/2017\\\/09\\\/BEIRA-RIO_logo600.png\",\"width\":650,\"height\":108,\"caption\":\"JORNAL BEIRA RIO\"},\"image\":{\"@id\":\"https:\\\/\\\/jornalbeirario.com.br\\\/portal\\\/#\\\/schema\\\/logo\\\/image\\\/\"}},{\"@type\":\"Person\",\"@id\":\"https:\\\/\\\/jornalbeirario.com.br\\\/portal\\\/#\\\/schema\\\/person\\\/c6c423e4c2465d2a9233f6539173e7c1\",\"name\":\"Jornal BEIRA-RIO\",\"image\":{\"@type\":\"ImageObject\",\"inLanguage\":\"pt-BR\",\"@id\":\"https:\\\/\\\/jornalbeirario.com.br\\\/portal\\\/wp-content\\\/uploads\\\/2023\\\/10\\\/logojbr1.jpg\",\"url\":\"https:\\\/\\\/jornalbeirario.com.br\\\/portal\\\/wp-content\\\/uploads\\\/2023\\\/10\\\/logojbr1.jpg\",\"contentUrl\":\"https:\\\/\\\/jornalbeirario.com.br\\\/portal\\\/wp-content\\\/uploads\\\/2023\\\/10\\\/logojbr1.jpg\",\"caption\":\"Jornal BEIRA-RIO\"},\"url\":\"https:\\\/\\\/jornalbeirario.com.br\\\/portal\\\/?author=1\"}]}<\/script>\n<!-- \/ Yoast SEO plugin. -->","yoast_head_json":{"title":"Idosa trabalhava h\u00e1 27 anos de forma an\u00e1loga \u00e0 escravid\u00e3o no interior paulista - JORNAL BEIRA RIO","robots":{"index":"index","follow":"follow","max-snippet":"max-snippet:-1","max-image-preview":"max-image-preview:large","max-video-preview":"max-video-preview:-1"},"canonical":"https:\/\/jornalbeirario.com.br\/portal\/?p=96430","og_locale":"pt_BR","og_type":"article","og_title":"Idosa trabalhava h\u00e1 27 anos de forma an\u00e1loga \u00e0 escravid\u00e3o no interior paulista - JORNAL BEIRA RIO","og_description":"Segundo uma reportagem realizada pelo portal G1 em Ribeir\u00e3o Preto\/SP, na sexta-feira, dia 2, a Justi\u00e7a local bloqueou R$ 815,3 mil em bens dos","og_url":"https:\/\/jornalbeirario.com.br\/portal\/?p=96430","og_site_name":"JORNAL BEIRA RIO","article_published_time":"2022-12-08T23:06:23+00:00","article_modified_time":"2022-12-09T00:22:00+00:00","og_image":[{"width":640,"height":480,"url":"https:\/\/jornalbeirario.com.br\/portal\/wp-content\/uploads\/2022\/12\/mulher1.jpg","type":"image\/jpeg"}],"author":"Jornal BEIRA-RIO","twitter_card":"summary_large_image","twitter_misc":{"Escrito por":"Jornal BEIRA-RIO","Est. tempo de leitura":"3 minutos"},"schema":{"@context":"https:\/\/schema.org","@graph":[{"@type":"Article","@id":"https:\/\/jornalbeirario.com.br\/portal\/?p=96430#article","isPartOf":{"@id":"https:\/\/jornalbeirario.com.br\/portal\/?p=96430"},"author":{"name":"Jornal BEIRA-RIO","@id":"https:\/\/jornalbeirario.com.br\/portal\/#\/schema\/person\/c6c423e4c2465d2a9233f6539173e7c1"},"headline":"Idosa trabalhava h\u00e1 27 anos de forma an\u00e1loga \u00e0 escravid\u00e3o no interior paulista","datePublished":"2022-12-08T23:06:23+00:00","dateModified":"2022-12-09T00:22:00+00:00","mainEntityOfPage":{"@id":"https:\/\/jornalbeirario.com.br\/portal\/?p=96430"},"wordCount":632,"commentCount":0,"publisher":{"@id":"https:\/\/jornalbeirario.com.br\/portal\/#organization"},"image":{"@id":"https:\/\/jornalbeirario.com.br\/portal\/?p=96430#primaryimage"},"thumbnailUrl":"https:\/\/jornalbeirario.com.br\/portal\/wp-content\/uploads\/2022\/12\/mulher1.jpg","articleSection":["Justi\u00e7a","Nacional"],"inLanguage":"pt-BR","potentialAction":[{"@type":"CommentAction","name":"Comment","target":["https:\/\/jornalbeirario.com.br\/portal\/?p=96430#respond"]}]},{"@type":"WebPage","@id":"https:\/\/jornalbeirario.com.br\/portal\/?p=96430","url":"https:\/\/jornalbeirario.com.br\/portal\/?p=96430","name":"Idosa trabalhava h\u00e1 27 anos de forma an\u00e1loga \u00e0 escravid\u00e3o no interior paulista - JORNAL BEIRA RIO","isPartOf":{"@id":"https:\/\/jornalbeirario.com.br\/portal\/#website"},"primaryImageOfPage":{"@id":"https:\/\/jornalbeirario.com.br\/portal\/?p=96430#primaryimage"},"image":{"@id":"https:\/\/jornalbeirario.com.br\/portal\/?p=96430#primaryimage"},"thumbnailUrl":"https:\/\/jornalbeirario.com.br\/portal\/wp-content\/uploads\/2022\/12\/mulher1.jpg","datePublished":"2022-12-08T23:06:23+00:00","dateModified":"2022-12-09T00:22:00+00:00","breadcrumb":{"@id":"https:\/\/jornalbeirario.com.br\/portal\/?p=96430#breadcrumb"},"inLanguage":"pt-BR","potentialAction":[{"@type":"ReadAction","target":["https:\/\/jornalbeirario.com.br\/portal\/?p=96430"]}]},{"@type":"ImageObject","inLanguage":"pt-BR","@id":"https:\/\/jornalbeirario.com.br\/portal\/?p=96430#primaryimage","url":"https:\/\/jornalbeirario.com.br\/portal\/wp-content\/uploads\/2022\/12\/mulher1.jpg","contentUrl":"https:\/\/jornalbeirario.com.br\/portal\/wp-content\/uploads\/2022\/12\/mulher1.jpg","width":640,"height":480,"caption":"Idosa de 82 anos viveu boa parte de sua vida sob trabalho an\u00e1logo \u00e0 escravid\u00e3o (Foto: Divulga\u00e7\u00e3o\/MPT)"},{"@type":"BreadcrumbList","@id":"https:\/\/jornalbeirario.com.br\/portal\/?p=96430#breadcrumb","itemListElement":[{"@type":"ListItem","position":1,"name":"Home","item":"https:\/\/jornalbeirario.com.br\/portal"},{"@type":"ListItem","position":2,"name":"Idosa trabalhava h\u00e1 27 anos de forma an\u00e1loga \u00e0 escravid\u00e3o no interior paulista"}]},{"@type":"WebSite","@id":"https:\/\/jornalbeirario.com.br\/portal\/#website","url":"https:\/\/jornalbeirario.com.br\/portal\/","name":"JORNAL BEIRA RIO","description":"","publisher":{"@id":"https:\/\/jornalbeirario.com.br\/portal\/#organization"},"potentialAction":[{"@type":"SearchAction","target":{"@type":"EntryPoint","urlTemplate":"https:\/\/jornalbeirario.com.br\/portal\/?s={search_term_string}"},"query-input":{"@type":"PropertyValueSpecification","valueRequired":true,"valueName":"search_term_string"}}],"inLanguage":"pt-BR"},{"@type":"Organization","@id":"https:\/\/jornalbeirario.com.br\/portal\/#organization","name":"JORNAL BEIRA RIO","url":"https:\/\/jornalbeirario.com.br\/portal\/","logo":{"@type":"ImageObject","inLanguage":"pt-BR","@id":"https:\/\/jornalbeirario.com.br\/portal\/#\/schema\/logo\/image\/","url":"https:\/\/jornalbeirario.com.br\/portal\/wp-content\/uploads\/2017\/09\/BEIRA-RIO_logo600.png","contentUrl":"https:\/\/jornalbeirario.com.br\/portal\/wp-content\/uploads\/2017\/09\/BEIRA-RIO_logo600.png","width":650,"height":108,"caption":"JORNAL BEIRA RIO"},"image":{"@id":"https:\/\/jornalbeirario.com.br\/portal\/#\/schema\/logo\/image\/"}},{"@type":"Person","@id":"https:\/\/jornalbeirario.com.br\/portal\/#\/schema\/person\/c6c423e4c2465d2a9233f6539173e7c1","name":"Jornal BEIRA-RIO","image":{"@type":"ImageObject","inLanguage":"pt-BR","@id":"https:\/\/jornalbeirario.com.br\/portal\/wp-content\/uploads\/2023\/10\/logojbr1.jpg","url":"https:\/\/jornalbeirario.com.br\/portal\/wp-content\/uploads\/2023\/10\/logojbr1.jpg","contentUrl":"https:\/\/jornalbeirario.com.br\/portal\/wp-content\/uploads\/2023\/10\/logojbr1.jpg","caption":"Jornal BEIRA-RIO"},"url":"https:\/\/jornalbeirario.com.br\/portal\/?author=1"}]}},"_links":{"self":[{"href":"https:\/\/jornalbeirario.com.br\/portal\/index.php?rest_route=\/wp\/v2\/posts\/96430","targetHints":{"allow":["GET"]}}],"collection":[{"href":"https:\/\/jornalbeirario.com.br\/portal\/index.php?rest_route=\/wp\/v2\/posts"}],"about":[{"href":"https:\/\/jornalbeirario.com.br\/portal\/index.php?rest_route=\/wp\/v2\/types\/post"}],"author":[{"embeddable":true,"href":"https:\/\/jornalbeirario.com.br\/portal\/index.php?rest_route=\/wp\/v2\/users\/1"}],"replies":[{"embeddable":true,"href":"https:\/\/jornalbeirario.com.br\/portal\/index.php?rest_route=%2Fwp%2Fv2%2Fcomments&post=96430"}],"version-history":[{"count":5,"href":"https:\/\/jornalbeirario.com.br\/portal\/index.php?rest_route=\/wp\/v2\/posts\/96430\/revisions"}],"predecessor-version":[{"id":96435,"href":"https:\/\/jornalbeirario.com.br\/portal\/index.php?rest_route=\/wp\/v2\/posts\/96430\/revisions\/96435"}],"wp:featuredmedia":[{"embeddable":true,"href":"https:\/\/jornalbeirario.com.br\/portal\/index.php?rest_route=\/wp\/v2\/media\/96386"}],"wp:attachment":[{"href":"https:\/\/jornalbeirario.com.br\/portal\/index.php?rest_route=%2Fwp%2Fv2%2Fmedia&parent=96430"}],"wp:term":[{"taxonomy":"category","embeddable":true,"href":"https:\/\/jornalbeirario.com.br\/portal\/index.php?rest_route=%2Fwp%2Fv2%2Fcategories&post=96430"},{"taxonomy":"post_tag","embeddable":true,"href":"https:\/\/jornalbeirario.com.br\/portal\/index.php?rest_route=%2Fwp%2Fv2%2Ftags&post=96430"}],"curies":[{"name":"wp","href":"https:\/\/api.w.org\/{rel}","templated":true}]}}