
{"id":95739,"date":"2022-11-22T10:06:52","date_gmt":"2022-11-22T13:06:52","guid":{"rendered":"http:\/\/jornalbeirario.com.br\/portal\/?p=95739"},"modified":"2022-11-22T10:12:00","modified_gmt":"2022-11-22T13:12:00","slug":"analfabetismo-no-rj-esta-acima-da-media-da-regiao-sudeste","status":"publish","type":"post","link":"https:\/\/jornalbeirario.com.br\/portal\/?p=95739","title":{"rendered":"Analfabetismo no Rio de Janeiro est\u00e1 acima da m\u00e9dia da Regi\u00e3o Sudeste"},"content":{"rendered":"<figure id=\"attachment_95745\" aria-describedby=\"caption-attachment-95745\" style=\"width: 300px\" class=\"wp-caption alignright\"><img loading=\"lazy\" decoding=\"async\" class=\"wp-image-95745 size-medium\" src=\"https:\/\/jornalbeirario.com.br\/portal\/wp-content\/uploads\/2022\/11\/educacaorj2-300x225.jpg\" alt=\"\" width=\"300\" height=\"225\" srcset=\"https:\/\/jornalbeirario.com.br\/portal\/wp-content\/uploads\/2022\/11\/educacaorj2-300x225.jpg 300w, https:\/\/jornalbeirario.com.br\/portal\/wp-content\/uploads\/2022\/11\/educacaorj2.jpg 640w\" sizes=\"auto, (max-width: 300px) 100vw, 300px\" \/><figcaption id=\"caption-attachment-95745\" class=\"wp-caption-text\">Al\u00e9m da alta taxa de analfabetos, rede estadual no Rio tem 109 mil vagas ociosas no ensino m\u00e9dio (Foto: Divulga\u00e7\u00e3o\/Seeduc)<\/figcaption><\/figure>\n<p style=\"text-align: justify;\"><img loading=\"lazy\" decoding=\"async\" class=\"alignleft size-thumbnail wp-image-85766\" src=\"https:\/\/jornalbeirario.com.br\/portal\/wp-content\/uploads\/2022\/03\/logo-jbr-carimbo1-150x150.png\" alt=\"\" width=\"150\" height=\"150\" srcset=\"https:\/\/jornalbeirario.com.br\/portal\/wp-content\/uploads\/2022\/03\/logo-jbr-carimbo1-150x150.png 150w, https:\/\/jornalbeirario.com.br\/portal\/wp-content\/uploads\/2022\/03\/logo-jbr-carimbo1-215x215.png 215w\" sizes=\"auto, (max-width: 150px) 100vw, 150px\" \/>Um levantamento divulgado pela Secretaria de Estado de Educa\u00e7\u00e3o (Seeduc), em audi\u00eancia p\u00fablica realizada na \u00faltima sexta-feira, dia 18, pela Comiss\u00e3o de Educa\u00e7\u00e3o da Assembleia Legislativa do Estado do Rio de Janeiro (Alerj), aponta que a taxa de analfabetismo entre pessoas a partir dos 15 anos no Estado do Rio \u00e9 maior do que a m\u00e9dia do Sudeste.<\/p>\n<p style=\"text-align: justify;\">De acordo com o Relat\u00f3rio Anual de Responsabilidade Educacional de 2021, 4,2% da popula\u00e7\u00e3o fluminense n\u00e3o apresenta as compet\u00eancias necess\u00e1rias em leitura e escrita. A m\u00e9dia regional \u00e9 de 3,3% e a nacional, 6,6%.<\/p>\n<p style=\"text-align: justify;\">A taxa de abandono na mesma faixa et\u00e1ria \u00e9 de 2,3%, enquanto no pa\u00eds \u00e9 de 5,8%. Os dados foram apresentados pela subsecret\u00e1ria de Gest\u00e3o de Ensino da Seeduc, Ana Val\u00e9ria Dantas, que tamb\u00e9m confirmou a exist\u00eancia de 109 mil vagas ociosas no Ensino M\u00e9dio.<\/p>\n<p style=\"text-align: justify;\">Os \u00edndices foram muito discutidos durante a audi\u00eancia. Para o presidente da comiss\u00e3o, deputado Flavio Serafini (PSol), os n\u00fameros revelam a necessidade de um projeto espec\u00edfico para combater os d\u00e9ficits de aprendizado, principalmente, em fun\u00e7\u00e3o dos efeitos da pandemia sobre a Educa\u00e7\u00e3o.<\/p>\n<p style=\"text-align: justify;\">&#8211; Temos necessidade de projetos pedag\u00f3gicos para os estudantes, que foram muito impactados pelo processo de pandemia. Temos um vazio nesse sentido, e as aprova\u00e7\u00f5es autom\u00e1ticas mascararam a manuten\u00e7\u00e3o de v\u00ednculo dos alunos &#8211; afirmou.<\/p>\n<p style=\"text-align: justify;\">A cr\u00f4nica falta de professores e os baixos sal\u00e1rios foram pontos do relat\u00f3rio criticados pelo Sindicato Estadual dos Profissionais de Educa\u00e7\u00e3o do Estado (Sepe-RJ). Segundo a Seeduc, a remunera\u00e7\u00e3o m\u00e9dia dos professores da rede \u00e9 de R$ 4.324,46, exclu\u00eddas as verbas indenizat\u00f3rias de transporte e alimenta\u00e7\u00e3o.<\/p>\n<p style=\"text-align: justify;\">&#8211; Nosso estado, apesar de ser o segundo em arrecada\u00e7\u00e3o, paga o pior piso salarial da rede estadual entre todos os estados do pa\u00eds. N\u00e3o h\u00e1 Regime de Recupera\u00e7\u00e3o Fiscal que justifique. Al\u00e9m disso h\u00e1 13.600 vac\u00e2ncias profissionais na rede &#8211; declarou o\u00a0coordenador do sindicato, Diogo Oliveira.<\/p>\n<p style=\"text-align: justify;\">A qualidade da merenda, fator importante no combate \u00e0 inseguran\u00e7a alimentar das popula\u00e7\u00f5es mais pobres, tamb\u00e9m tem merecido pouca aten\u00e7\u00e3o no estado, de acordo com o representante da Associa\u00e7\u00e3o dos Diretores de Escolas P\u00fablicas do Estado (Aderj), Bruna Patroc\u00ednio.<\/p>\n<p style=\"text-align: justify;\">&#8211; Recebemos pouco mais de R$ 1 para a alimenta\u00e7\u00e3o di\u00e1ria por aluno. Os pais frequentemente se assustam com este n\u00famero e entendem por que os filhos comem pouco na escola. Uma crian\u00e7a mal-alimentada n\u00e3o aprende da mesma forma que uma bem alimentada. \u00c9 urgente a revis\u00e3o destes valores &#8211; alertou.<\/p>\n<p style=\"text-align: justify;\">O defensor p\u00fablico Rodrigo Azambuja chamou a aten\u00e7\u00e3o para a necessidade de mais laborat\u00f3rios cient\u00edficos na rede. \u201cCalculei que apenas 45% das escolas contam com laborat\u00f3rio de ci\u00eancias. A pandemia nos mostrou a necessidade de investirmos em tecnologia. \u00c9 necess\u00e1rio um projeto para contemplar a totalidade das escolas, o que \u00e9 essencial para uma educa\u00e7\u00e3o de qualidade\u201d, cobrou.<\/p>\n<p style=\"text-align: justify;\">Tamb\u00e9m integrante da comiss\u00e3o, o deputado Waldeck Carneiro (PSB) ressaltou que, nos tempos atuais, n\u00e3o se pode pensar a Educa\u00e7\u00e3o sem investimento em tecnologia. \u201cTemos que ter conectividade de verdade nas escolas, garantindo ambientes conectados, o que faz parte da estrat\u00e9gia de moderniza\u00e7\u00e3o das unidades escolares\u201d, afirmou.<\/p>\n","protected":false},"excerpt":{"rendered":"<p>Um levantamento divulgado pela Secretaria de Estado de Educa\u00e7\u00e3o (Seeduc), em audi\u00eancia p\u00fablica realizada na \u00faltima sexta-feira, dia 18, pela Comiss\u00e3o de Educa\u00e7\u00e3o da<\/p>\n","protected":false},"author":1,"featured_media":95744,"comment_status":"open","ping_status":"open","sticky":false,"template":"","format":"standard","meta":{"pmpro_default_level":"","footnotes":""},"categories":[28,227,158],"tags":[],"class_list":["post-95739","post","type-post","status-publish","format-standard","has-post-thumbnail","hentry","category-educacao","category-manchete","category-rio-de-janeiro","pmpro-has-access"],"yoast_head":"<!-- This site is optimized with the Yoast SEO plugin v27.4 - https:\/\/yoast.com\/product\/yoast-seo-wordpress\/ -->\n<title>Analfabetismo no Rio de Janeiro est\u00e1 acima da m\u00e9dia da Regi\u00e3o Sudeste - JORNAL BEIRA RIO<\/title>\n<meta name=\"robots\" content=\"index, follow, max-snippet:-1, max-image-preview:large, max-video-preview:-1\" \/>\n<link rel=\"canonical\" href=\"https:\/\/jornalbeirario.com.br\/portal\/?p=95739\" \/>\n<meta property=\"og:locale\" content=\"pt_BR\" \/>\n<meta property=\"og:type\" content=\"article\" \/>\n<meta property=\"og:title\" content=\"Analfabetismo no Rio de Janeiro est\u00e1 acima da m\u00e9dia da Regi\u00e3o Sudeste - JORNAL BEIRA RIO\" \/>\n<meta property=\"og:description\" content=\"Um levantamento divulgado pela Secretaria de Estado de Educa\u00e7\u00e3o (Seeduc), em audi\u00eancia p\u00fablica realizada na \u00faltima sexta-feira, dia 18, pela Comiss\u00e3o de Educa\u00e7\u00e3o da\" \/>\n<meta property=\"og:url\" content=\"https:\/\/jornalbeirario.com.br\/portal\/?p=95739\" \/>\n<meta property=\"og:site_name\" content=\"JORNAL BEIRA RIO\" \/>\n<meta property=\"article:published_time\" content=\"2022-11-22T13:06:52+00:00\" \/>\n<meta property=\"article:modified_time\" content=\"2022-11-22T13:12:00+00:00\" \/>\n<meta property=\"og:image\" content=\"https:\/\/jornalbeirario.com.br\/portal\/wp-content\/uploads\/2022\/11\/educacaorj1.jpg\" \/>\n\t<meta property=\"og:image:width\" content=\"1100\" \/>\n\t<meta property=\"og:image:height\" content=\"470\" \/>\n\t<meta property=\"og:image:type\" content=\"image\/jpeg\" \/>\n<meta name=\"author\" content=\"Jornal BEIRA-RIO\" \/>\n<meta name=\"twitter:card\" content=\"summary_large_image\" \/>\n<meta name=\"twitter:label1\" content=\"Escrito por\" \/>\n\t<meta name=\"twitter:data1\" content=\"Jornal BEIRA-RIO\" \/>\n\t<meta name=\"twitter:label2\" content=\"Est. tempo de leitura\" \/>\n\t<meta name=\"twitter:data2\" content=\"3 minutos\" \/>\n<script type=\"application\/ld+json\" class=\"yoast-schema-graph\">{\"@context\":\"https:\\\/\\\/schema.org\",\"@graph\":[{\"@type\":\"Article\",\"@id\":\"https:\\\/\\\/jornalbeirario.com.br\\\/portal\\\/?p=95739#article\",\"isPartOf\":{\"@id\":\"https:\\\/\\\/jornalbeirario.com.br\\\/portal\\\/?p=95739\"},\"author\":{\"name\":\"Jornal BEIRA-RIO\",\"@id\":\"https:\\\/\\\/jornalbeirario.com.br\\\/portal\\\/#\\\/schema\\\/person\\\/c6c423e4c2465d2a9233f6539173e7c1\"},\"headline\":\"Analfabetismo no Rio de Janeiro est\u00e1 acima da m\u00e9dia da Regi\u00e3o Sudeste\",\"datePublished\":\"2022-11-22T13:06:52+00:00\",\"dateModified\":\"2022-11-22T13:12:00+00:00\",\"mainEntityOfPage\":{\"@id\":\"https:\\\/\\\/jornalbeirario.com.br\\\/portal\\\/?p=95739\"},\"wordCount\":599,\"commentCount\":0,\"publisher\":{\"@id\":\"https:\\\/\\\/jornalbeirario.com.br\\\/portal\\\/#organization\"},\"image\":{\"@id\":\"https:\\\/\\\/jornalbeirario.com.br\\\/portal\\\/?p=95739#primaryimage\"},\"thumbnailUrl\":\"https:\\\/\\\/jornalbeirario.com.br\\\/portal\\\/wp-content\\\/uploads\\\/2022\\\/11\\\/educacaorj1.jpg\",\"articleSection\":[\"Educa\u00e7\u00e3o\",\"Manchete\",\"Rio de Janeiro\"],\"inLanguage\":\"pt-BR\",\"potentialAction\":[{\"@type\":\"CommentAction\",\"name\":\"Comment\",\"target\":[\"https:\\\/\\\/jornalbeirario.com.br\\\/portal\\\/?p=95739#respond\"]}]},{\"@type\":\"WebPage\",\"@id\":\"https:\\\/\\\/jornalbeirario.com.br\\\/portal\\\/?p=95739\",\"url\":\"https:\\\/\\\/jornalbeirario.com.br\\\/portal\\\/?p=95739\",\"name\":\"Analfabetismo no Rio de Janeiro est\u00e1 acima da m\u00e9dia da Regi\u00e3o Sudeste - JORNAL BEIRA RIO\",\"isPartOf\":{\"@id\":\"https:\\\/\\\/jornalbeirario.com.br\\\/portal\\\/#website\"},\"primaryImageOfPage\":{\"@id\":\"https:\\\/\\\/jornalbeirario.com.br\\\/portal\\\/?p=95739#primaryimage\"},\"image\":{\"@id\":\"https:\\\/\\\/jornalbeirario.com.br\\\/portal\\\/?p=95739#primaryimage\"},\"thumbnailUrl\":\"https:\\\/\\\/jornalbeirario.com.br\\\/portal\\\/wp-content\\\/uploads\\\/2022\\\/11\\\/educacaorj1.jpg\",\"datePublished\":\"2022-11-22T13:06:52+00:00\",\"dateModified\":\"2022-11-22T13:12:00+00:00\",\"breadcrumb\":{\"@id\":\"https:\\\/\\\/jornalbeirario.com.br\\\/portal\\\/?p=95739#breadcrumb\"},\"inLanguage\":\"pt-BR\",\"potentialAction\":[{\"@type\":\"ReadAction\",\"target\":[\"https:\\\/\\\/jornalbeirario.com.br\\\/portal\\\/?p=95739\"]}]},{\"@type\":\"ImageObject\",\"inLanguage\":\"pt-BR\",\"@id\":\"https:\\\/\\\/jornalbeirario.com.br\\\/portal\\\/?p=95739#primaryimage\",\"url\":\"https:\\\/\\\/jornalbeirario.com.br\\\/portal\\\/wp-content\\\/uploads\\\/2022\\\/11\\\/educacaorj1.jpg\",\"contentUrl\":\"https:\\\/\\\/jornalbeirario.com.br\\\/portal\\\/wp-content\\\/uploads\\\/2022\\\/11\\\/educacaorj1.jpg\",\"width\":1100,\"height\":470},{\"@type\":\"BreadcrumbList\",\"@id\":\"https:\\\/\\\/jornalbeirario.com.br\\\/portal\\\/?p=95739#breadcrumb\",\"itemListElement\":[{\"@type\":\"ListItem\",\"position\":1,\"name\":\"Home\",\"item\":\"https:\\\/\\\/jornalbeirario.com.br\\\/portal\"},{\"@type\":\"ListItem\",\"position\":2,\"name\":\"Analfabetismo no Rio de Janeiro est\u00e1 acima da m\u00e9dia da Regi\u00e3o Sudeste\"}]},{\"@type\":\"WebSite\",\"@id\":\"https:\\\/\\\/jornalbeirario.com.br\\\/portal\\\/#website\",\"url\":\"https:\\\/\\\/jornalbeirario.com.br\\\/portal\\\/\",\"name\":\"JORNAL BEIRA RIO\",\"description\":\"\",\"publisher\":{\"@id\":\"https:\\\/\\\/jornalbeirario.com.br\\\/portal\\\/#organization\"},\"potentialAction\":[{\"@type\":\"SearchAction\",\"target\":{\"@type\":\"EntryPoint\",\"urlTemplate\":\"https:\\\/\\\/jornalbeirario.com.br\\\/portal\\\/?s={search_term_string}\"},\"query-input\":{\"@type\":\"PropertyValueSpecification\",\"valueRequired\":true,\"valueName\":\"search_term_string\"}}],\"inLanguage\":\"pt-BR\"},{\"@type\":\"Organization\",\"@id\":\"https:\\\/\\\/jornalbeirario.com.br\\\/portal\\\/#organization\",\"name\":\"JORNAL BEIRA RIO\",\"url\":\"https:\\\/\\\/jornalbeirario.com.br\\\/portal\\\/\",\"logo\":{\"@type\":\"ImageObject\",\"inLanguage\":\"pt-BR\",\"@id\":\"https:\\\/\\\/jornalbeirario.com.br\\\/portal\\\/#\\\/schema\\\/logo\\\/image\\\/\",\"url\":\"https:\\\/\\\/jornalbeirario.com.br\\\/portal\\\/wp-content\\\/uploads\\\/2017\\\/09\\\/BEIRA-RIO_logo600.png\",\"contentUrl\":\"https:\\\/\\\/jornalbeirario.com.br\\\/portal\\\/wp-content\\\/uploads\\\/2017\\\/09\\\/BEIRA-RIO_logo600.png\",\"width\":650,\"height\":108,\"caption\":\"JORNAL BEIRA RIO\"},\"image\":{\"@id\":\"https:\\\/\\\/jornalbeirario.com.br\\\/portal\\\/#\\\/schema\\\/logo\\\/image\\\/\"}},{\"@type\":\"Person\",\"@id\":\"https:\\\/\\\/jornalbeirario.com.br\\\/portal\\\/#\\\/schema\\\/person\\\/c6c423e4c2465d2a9233f6539173e7c1\",\"name\":\"Jornal BEIRA-RIO\",\"image\":{\"@type\":\"ImageObject\",\"inLanguage\":\"pt-BR\",\"@id\":\"https:\\\/\\\/jornalbeirario.com.br\\\/portal\\\/wp-content\\\/uploads\\\/2023\\\/10\\\/logojbr1.jpg\",\"url\":\"https:\\\/\\\/jornalbeirario.com.br\\\/portal\\\/wp-content\\\/uploads\\\/2023\\\/10\\\/logojbr1.jpg\",\"contentUrl\":\"https:\\\/\\\/jornalbeirario.com.br\\\/portal\\\/wp-content\\\/uploads\\\/2023\\\/10\\\/logojbr1.jpg\",\"caption\":\"Jornal BEIRA-RIO\"},\"url\":\"https:\\\/\\\/jornalbeirario.com.br\\\/portal\\\/?author=1\"}]}<\/script>\n<!-- \/ Yoast SEO plugin. -->","yoast_head_json":{"title":"Analfabetismo no Rio de Janeiro est\u00e1 acima da m\u00e9dia da Regi\u00e3o Sudeste - JORNAL BEIRA RIO","robots":{"index":"index","follow":"follow","max-snippet":"max-snippet:-1","max-image-preview":"max-image-preview:large","max-video-preview":"max-video-preview:-1"},"canonical":"https:\/\/jornalbeirario.com.br\/portal\/?p=95739","og_locale":"pt_BR","og_type":"article","og_title":"Analfabetismo no Rio de Janeiro est\u00e1 acima da m\u00e9dia da Regi\u00e3o Sudeste - JORNAL BEIRA RIO","og_description":"Um levantamento divulgado pela Secretaria de Estado de Educa\u00e7\u00e3o (Seeduc), em audi\u00eancia p\u00fablica realizada na \u00faltima sexta-feira, dia 18, pela Comiss\u00e3o de Educa\u00e7\u00e3o da","og_url":"https:\/\/jornalbeirario.com.br\/portal\/?p=95739","og_site_name":"JORNAL BEIRA RIO","article_published_time":"2022-11-22T13:06:52+00:00","article_modified_time":"2022-11-22T13:12:00+00:00","og_image":[{"width":1100,"height":470,"url":"https:\/\/jornalbeirario.com.br\/portal\/wp-content\/uploads\/2022\/11\/educacaorj1.jpg","type":"image\/jpeg"}],"author":"Jornal BEIRA-RIO","twitter_card":"summary_large_image","twitter_misc":{"Escrito por":"Jornal BEIRA-RIO","Est. tempo de leitura":"3 minutos"},"schema":{"@context":"https:\/\/schema.org","@graph":[{"@type":"Article","@id":"https:\/\/jornalbeirario.com.br\/portal\/?p=95739#article","isPartOf":{"@id":"https:\/\/jornalbeirario.com.br\/portal\/?p=95739"},"author":{"name":"Jornal BEIRA-RIO","@id":"https:\/\/jornalbeirario.com.br\/portal\/#\/schema\/person\/c6c423e4c2465d2a9233f6539173e7c1"},"headline":"Analfabetismo no Rio de Janeiro est\u00e1 acima da m\u00e9dia da Regi\u00e3o Sudeste","datePublished":"2022-11-22T13:06:52+00:00","dateModified":"2022-11-22T13:12:00+00:00","mainEntityOfPage":{"@id":"https:\/\/jornalbeirario.com.br\/portal\/?p=95739"},"wordCount":599,"commentCount":0,"publisher":{"@id":"https:\/\/jornalbeirario.com.br\/portal\/#organization"},"image":{"@id":"https:\/\/jornalbeirario.com.br\/portal\/?p=95739#primaryimage"},"thumbnailUrl":"https:\/\/jornalbeirario.com.br\/portal\/wp-content\/uploads\/2022\/11\/educacaorj1.jpg","articleSection":["Educa\u00e7\u00e3o","Manchete","Rio de Janeiro"],"inLanguage":"pt-BR","potentialAction":[{"@type":"CommentAction","name":"Comment","target":["https:\/\/jornalbeirario.com.br\/portal\/?p=95739#respond"]}]},{"@type":"WebPage","@id":"https:\/\/jornalbeirario.com.br\/portal\/?p=95739","url":"https:\/\/jornalbeirario.com.br\/portal\/?p=95739","name":"Analfabetismo no Rio de Janeiro est\u00e1 acima da m\u00e9dia da Regi\u00e3o Sudeste - JORNAL BEIRA RIO","isPartOf":{"@id":"https:\/\/jornalbeirario.com.br\/portal\/#website"},"primaryImageOfPage":{"@id":"https:\/\/jornalbeirario.com.br\/portal\/?p=95739#primaryimage"},"image":{"@id":"https:\/\/jornalbeirario.com.br\/portal\/?p=95739#primaryimage"},"thumbnailUrl":"https:\/\/jornalbeirario.com.br\/portal\/wp-content\/uploads\/2022\/11\/educacaorj1.jpg","datePublished":"2022-11-22T13:06:52+00:00","dateModified":"2022-11-22T13:12:00+00:00","breadcrumb":{"@id":"https:\/\/jornalbeirario.com.br\/portal\/?p=95739#breadcrumb"},"inLanguage":"pt-BR","potentialAction":[{"@type":"ReadAction","target":["https:\/\/jornalbeirario.com.br\/portal\/?p=95739"]}]},{"@type":"ImageObject","inLanguage":"pt-BR","@id":"https:\/\/jornalbeirario.com.br\/portal\/?p=95739#primaryimage","url":"https:\/\/jornalbeirario.com.br\/portal\/wp-content\/uploads\/2022\/11\/educacaorj1.jpg","contentUrl":"https:\/\/jornalbeirario.com.br\/portal\/wp-content\/uploads\/2022\/11\/educacaorj1.jpg","width":1100,"height":470},{"@type":"BreadcrumbList","@id":"https:\/\/jornalbeirario.com.br\/portal\/?p=95739#breadcrumb","itemListElement":[{"@type":"ListItem","position":1,"name":"Home","item":"https:\/\/jornalbeirario.com.br\/portal"},{"@type":"ListItem","position":2,"name":"Analfabetismo no Rio de Janeiro est\u00e1 acima da m\u00e9dia da Regi\u00e3o Sudeste"}]},{"@type":"WebSite","@id":"https:\/\/jornalbeirario.com.br\/portal\/#website","url":"https:\/\/jornalbeirario.com.br\/portal\/","name":"JORNAL BEIRA RIO","description":"","publisher":{"@id":"https:\/\/jornalbeirario.com.br\/portal\/#organization"},"potentialAction":[{"@type":"SearchAction","target":{"@type":"EntryPoint","urlTemplate":"https:\/\/jornalbeirario.com.br\/portal\/?s={search_term_string}"},"query-input":{"@type":"PropertyValueSpecification","valueRequired":true,"valueName":"search_term_string"}}],"inLanguage":"pt-BR"},{"@type":"Organization","@id":"https:\/\/jornalbeirario.com.br\/portal\/#organization","name":"JORNAL BEIRA RIO","url":"https:\/\/jornalbeirario.com.br\/portal\/","logo":{"@type":"ImageObject","inLanguage":"pt-BR","@id":"https:\/\/jornalbeirario.com.br\/portal\/#\/schema\/logo\/image\/","url":"https:\/\/jornalbeirario.com.br\/portal\/wp-content\/uploads\/2017\/09\/BEIRA-RIO_logo600.png","contentUrl":"https:\/\/jornalbeirario.com.br\/portal\/wp-content\/uploads\/2017\/09\/BEIRA-RIO_logo600.png","width":650,"height":108,"caption":"JORNAL BEIRA RIO"},"image":{"@id":"https:\/\/jornalbeirario.com.br\/portal\/#\/schema\/logo\/image\/"}},{"@type":"Person","@id":"https:\/\/jornalbeirario.com.br\/portal\/#\/schema\/person\/c6c423e4c2465d2a9233f6539173e7c1","name":"Jornal BEIRA-RIO","image":{"@type":"ImageObject","inLanguage":"pt-BR","@id":"https:\/\/jornalbeirario.com.br\/portal\/wp-content\/uploads\/2023\/10\/logojbr1.jpg","url":"https:\/\/jornalbeirario.com.br\/portal\/wp-content\/uploads\/2023\/10\/logojbr1.jpg","contentUrl":"https:\/\/jornalbeirario.com.br\/portal\/wp-content\/uploads\/2023\/10\/logojbr1.jpg","caption":"Jornal BEIRA-RIO"},"url":"https:\/\/jornalbeirario.com.br\/portal\/?author=1"}]}},"_links":{"self":[{"href":"https:\/\/jornalbeirario.com.br\/portal\/index.php?rest_route=\/wp\/v2\/posts\/95739","targetHints":{"allow":["GET"]}}],"collection":[{"href":"https:\/\/jornalbeirario.com.br\/portal\/index.php?rest_route=\/wp\/v2\/posts"}],"about":[{"href":"https:\/\/jornalbeirario.com.br\/portal\/index.php?rest_route=\/wp\/v2\/types\/post"}],"author":[{"embeddable":true,"href":"https:\/\/jornalbeirario.com.br\/portal\/index.php?rest_route=\/wp\/v2\/users\/1"}],"replies":[{"embeddable":true,"href":"https:\/\/jornalbeirario.com.br\/portal\/index.php?rest_route=%2Fwp%2Fv2%2Fcomments&post=95739"}],"version-history":[{"count":7,"href":"https:\/\/jornalbeirario.com.br\/portal\/index.php?rest_route=\/wp\/v2\/posts\/95739\/revisions"}],"predecessor-version":[{"id":95748,"href":"https:\/\/jornalbeirario.com.br\/portal\/index.php?rest_route=\/wp\/v2\/posts\/95739\/revisions\/95748"}],"wp:featuredmedia":[{"embeddable":true,"href":"https:\/\/jornalbeirario.com.br\/portal\/index.php?rest_route=\/wp\/v2\/media\/95744"}],"wp:attachment":[{"href":"https:\/\/jornalbeirario.com.br\/portal\/index.php?rest_route=%2Fwp%2Fv2%2Fmedia&parent=95739"}],"wp:term":[{"taxonomy":"category","embeddable":true,"href":"https:\/\/jornalbeirario.com.br\/portal\/index.php?rest_route=%2Fwp%2Fv2%2Fcategories&post=95739"},{"taxonomy":"post_tag","embeddable":true,"href":"https:\/\/jornalbeirario.com.br\/portal\/index.php?rest_route=%2Fwp%2Fv2%2Ftags&post=95739"}],"curies":[{"name":"wp","href":"https:\/\/api.w.org\/{rel}","templated":true}]}}