
{"id":95594,"date":"2022-11-17T18:50:05","date_gmt":"2022-11-17T21:50:05","guid":{"rendered":"http:\/\/jornalbeirario.com.br\/portal\/?p=95594"},"modified":"2022-12-15T14:31:53","modified_gmt":"2022-12-15T17:31:53","slug":"obituario-de-10-de-16-de-novembro-de-2022","status":"publish","type":"post","link":"https:\/\/jornalbeirario.com.br\/portal\/?p=95594","title":{"rendered":"Obitu\u00e1rio (de 10 a 16 de novembro de 2022)"},"content":{"rendered":"<p style=\"text-align: justify;\"><img loading=\"lazy\" decoding=\"async\" class=\"alignleft size-thumbnail wp-image-85766\" src=\"https:\/\/jornalbeirario.com.br\/portal\/wp-content\/uploads\/2022\/03\/logo-jbr-carimbo1-150x150.png\" alt=\"\" width=\"150\" height=\"150\" srcset=\"https:\/\/jornalbeirario.com.br\/portal\/wp-content\/uploads\/2022\/03\/logo-jbr-carimbo1-150x150.png 150w, https:\/\/jornalbeirario.com.br\/portal\/wp-content\/uploads\/2022\/03\/logo-jbr-carimbo1-215x215.png 215w\" sizes=\"auto, (max-width: 150px) 100vw, 150px\" \/><img loading=\"lazy\" decoding=\"async\" class=\"alignright size-medium wp-image-51613\" src=\"https:\/\/jornalbeirario.com.br\/portal\/wp-content\/uploads\/2017\/07\/morte-300x225.jpg\" alt=\"\" width=\"300\" height=\"225\" srcset=\"https:\/\/jornalbeirario.com.br\/portal\/wp-content\/uploads\/2017\/07\/morte-300x225.jpg 300w, https:\/\/jornalbeirario.com.br\/portal\/wp-content\/uploads\/2017\/07\/morte.jpg 640w\" sizes=\"auto, (max-width: 300px) 100vw, 300px\" \/>O aut\u00f4nomo Alexandre Pess\u00f4a da Veiga, 52, morreu dia 10 no Hospital Samer, de choque s\u00e9ptico e pneumonia bacteriana.<\/p>\n<p style=\"text-align: justify;\">Morreu dia 10 o guarda municipal Paulo Donizete da Costa, 58, no Hospital de Emerg\u00eancia, de infarto agudo do mioc\u00e1rdio.<\/p>\n<p style=\"text-align: justify;\">Dia 10, morreu o caseiro Almir Ferreira da Silva, 71, no Hospital de Emerg\u00eancia, de choque s\u00e9ptico abdominal, abdome obstrutivo e h\u00e9rnia inguinal encarcerada.<\/p>\n<p style=\"text-align: justify;\">A empregada dom\u00e9stica Maria Jos\u00e9 de Carvalho Bento, 69, morreu dia 11 na Santa Casa de Resende, de choque cardiog\u00eanico e hipocalemia severa.<\/p>\n<p style=\"text-align: justify;\">Morreu dia 11 a aposentada Araci Maria de Jesus, 85, no Hospital de Emerg\u00eancia, de sepse de foco gastrointestinal, desnutri\u00e7\u00e3o, gastroenterocolite aguda e doen\u00e7a de Alzheimer.<\/p>\n<p style=\"text-align: justify;\">Dia 11, morreu o aposentado Osmar da Silva Cecilio, 51, no Hospital de Emerg\u00eancia, com 51 anos de idade, de choque s\u00e9ptico abdominal e pancreatite aguda.<\/p>\n<p style=\"text-align: justify;\">O servente Jos\u00e9 Carlos Carvalho de Alc\u00e2ntara, 49, morreu dia 12 em casa no bairro Campo Belo, de causa pendente do laudo pericial segundo atestado de \u00f3bito assinado pelo m\u00e9dico Ricardo Campos Barcellos.<\/p>\n<p style=\"text-align: justify;\">Morreu dia 12 o motorista Luis Roberto Santos da Silva, 53, no Hospital da Unimed Resende, de neoplasia de p\u00e2ncreas metast\u00e1tica.<\/p>\n<p style=\"text-align: justify;\">Dia 12, morreu o estudante Marcelo Lopes Neto, 15, no Hospital de Emerg\u00eancia, de causa pendente do laudo pericial, segundo atestado de \u00f3bito assinado pelo m\u00e9dico Ricardo Campos Barcellos.<\/p>\n<p style=\"text-align: justify;\">O desempregado Jo\u00e3o Victor Menezes da Silva Veloso, 17, morreu dia 12 em via p\u00fablica no bairro Jardim Beira Rio, de causa pendente do laudo pericial, segundo atestado de \u00f3bito assinado pelo m\u00e9dico Ricardo Campos Barcellos.<\/p>\n<p style=\"text-align: justify;\">Morreu dia 12 o desempregado Elias Silva dos Santos, 20, em via p\u00fablica no bairro Jardim Beira Rio, de causa pendente do laudo pericial, segundo atestado de \u00f3bito assinado pelo m\u00e9dico Ricardo Campos Barcellos.<\/p>\n<p style=\"text-align: justify;\">Dia 12, morreu o desempregado Paulo C\u00e9sar da Silva Roque, 34, em via p\u00fablica no bairro Vicentina, de causa pendente do laudo pericial, segundo atestado de \u00f3bito assinado pelo m\u00e9dico Ricardo Campos Barcellos.<\/p>\n<p style=\"text-align: justify;\">O servente aposentado Miguel da Silva Rodrigues, 77, morreu dia 13 em casa no bairro Para\u00edso, de parada cardiorrespirat\u00f3ria, c\u00e2ncer de reto, insufici\u00eancia card\u00edaca congestiva e insufici\u00eancia venosa cr\u00f4nica.<\/p>\n<p style=\"text-align: justify;\">Morreu dia 13 o comerciante Paulo Cesar Correia, 57, na Santa Casa de Resende, de disfun\u00e7\u00e3o de m\u00faltiplos \u00f3rg\u00e3os\/ sistemas, neoplasia de laringe metast\u00e1tica e pneumonia.<\/p>\n<p style=\"text-align: justify;\">Dia 13, morreu o advogado Jos\u00e9 da Silva Batista, 73, em casa no bairro Campos El\u00edseos, de infarto agudo do mioc\u00e1rdio e hipertens\u00e3o arterial.<\/p>\n<p style=\"text-align: justify;\">O ajudante da carga Paulo Sergio Pereira Santos, 25, morreu dia 14, na Santa Casa de Resende, de fal\u00eancia org\u00e2nica m\u00fatipla e neoplasia maligna secund\u00e1ria N\/E.<\/p>\n<p style=\"text-align: justify;\">Morreu dia 15 a dona de casa Luiza da Silva, 74, no Hospital de Emerg\u00eancia, choque cardiog\u00eanico, insufici\u00eancia card\u00edaca e arritmia card\u00edaca.<\/p>\n<p style=\"text-align: justify;\">Dia 15, morreu a pensionista Elza Maria da Concei\u00e7\u00e3o Alves, 83, no Hospital de Emerg\u00eancia, de choque cardiog\u00eanico.<\/p>\n<p style=\"text-align: justify;\">O motorista Josaf\u00e1 de Farias Pereira, 75, morreu dia 15, em casa no bairro Parque Minas Gerais, de morte s\u00fabita, insufici\u00eancia card\u00edaca grave, insufici\u00eancia renal cr\u00f4nica e diabetes.<\/p>\n<p style=\"text-align: justify;\">Morreu dia 15 a aposentada Maria Neves de Moura, 80, no Hospital de Emerg\u00eancia, de insufici\u00eancia respirat\u00f3ria aguda, choque cardiog\u00eanico, hemorragia digestiva alta e AVC.<\/p>\n<p style=\"text-align: justify;\">Dia 16, morreu o estudante Tiago da Silva Guedes Alves, 16, em via p\u00fablica no bairro Vicentino, de causa pendente do laudo pericial, segundo atestado de \u00f3bito assinado pelo m\u00e9dico Ricardo Campos Barcellos.<\/p>\n<p style=\"text-align: justify;\">O operador de produ\u00e7\u00e3o Francisco Haroldo Rodrigues, 85, morreu dia 16, no Hospital da Unimed Resende, de insufici\u00eancia de respirat\u00f3ria aguda, broncopneumonia n\u00e3o especificada e mal de Alzheimer.<\/p>\n<p style=\"text-align: justify;\">Morreu dia 16 a dona de casa Marlene da Silva Jos\u00e9, 52, no Hospital de Emerg\u00eancia, de hemorragia subaracnoide aguda, arritmia card\u00edaca e insufici\u00eancia renal aguda.<\/p>\n","protected":false},"excerpt":{"rendered":"<p>O aut\u00f4nomo Alexandre Pess\u00f4a da Veiga, 52, morreu dia 10 no Hospital Samer, de choque s\u00e9ptico e pneumonia bacteriana. Morreu dia 10 o guarda<\/p>\n","protected":false},"author":1,"featured_media":51613,"comment_status":"open","ping_status":"open","sticky":false,"template":"","format":"standard","meta":{"pmpro_default_level":"","footnotes":""},"categories":[164],"tags":[],"class_list":["post-95594","post","type-post","status-publish","format-standard","has-post-thumbnail","hentry","category-obituario","pmpro-has-access"],"yoast_head":"<!-- This site is optimized with the Yoast SEO plugin v27.4 - https:\/\/yoast.com\/product\/yoast-seo-wordpress\/ -->\n<title>Obitu\u00e1rio (de 10 a 16 de novembro de 2022) - JORNAL BEIRA RIO<\/title>\n<meta name=\"robots\" content=\"index, follow, max-snippet:-1, max-image-preview:large, max-video-preview:-1\" \/>\n<link rel=\"canonical\" href=\"https:\/\/jornalbeirario.com.br\/portal\/?p=95594\" \/>\n<meta property=\"og:locale\" content=\"pt_BR\" \/>\n<meta property=\"og:type\" content=\"article\" \/>\n<meta property=\"og:title\" content=\"Obitu\u00e1rio (de 10 a 16 de novembro de 2022) - JORNAL BEIRA RIO\" \/>\n<meta property=\"og:description\" content=\"O aut\u00f4nomo Alexandre Pess\u00f4a da Veiga, 52, morreu dia 10 no Hospital Samer, de choque s\u00e9ptico e pneumonia bacteriana. Morreu dia 10 o guarda\" \/>\n<meta property=\"og:url\" content=\"https:\/\/jornalbeirario.com.br\/portal\/?p=95594\" \/>\n<meta property=\"og:site_name\" content=\"JORNAL BEIRA RIO\" \/>\n<meta property=\"article:published_time\" content=\"2022-11-17T21:50:05+00:00\" \/>\n<meta property=\"article:modified_time\" content=\"2022-12-15T17:31:53+00:00\" \/>\n<meta property=\"og:image\" content=\"https:\/\/jornalbeirario.com.br\/portal\/wp-content\/uploads\/2017\/07\/morte.jpg\" \/>\n\t<meta property=\"og:image:width\" content=\"640\" \/>\n\t<meta property=\"og:image:height\" content=\"480\" \/>\n\t<meta property=\"og:image:type\" content=\"image\/jpeg\" \/>\n<meta name=\"author\" content=\"Jornal BEIRA-RIO\" \/>\n<meta name=\"twitter:card\" content=\"summary_large_image\" \/>\n<meta name=\"twitter:label1\" content=\"Escrito por\" \/>\n\t<meta name=\"twitter:data1\" content=\"Jornal BEIRA-RIO\" \/>\n\t<meta name=\"twitter:label2\" content=\"Est. tempo de leitura\" \/>\n\t<meta name=\"twitter:data2\" content=\"3 minutos\" \/>\n<script type=\"application\/ld+json\" class=\"yoast-schema-graph\">{\"@context\":\"https:\\\/\\\/schema.org\",\"@graph\":[{\"@type\":\"Article\",\"@id\":\"https:\\\/\\\/jornalbeirario.com.br\\\/portal\\\/?p=95594#article\",\"isPartOf\":{\"@id\":\"https:\\\/\\\/jornalbeirario.com.br\\\/portal\\\/?p=95594\"},\"author\":{\"name\":\"Jornal BEIRA-RIO\",\"@id\":\"https:\\\/\\\/jornalbeirario.com.br\\\/portal\\\/#\\\/schema\\\/person\\\/c6c423e4c2465d2a9233f6539173e7c1\"},\"headline\":\"Obitu\u00e1rio (de 10 a 16 de novembro de 2022)\",\"datePublished\":\"2022-11-17T21:50:05+00:00\",\"dateModified\":\"2022-12-15T17:31:53+00:00\",\"mainEntityOfPage\":{\"@id\":\"https:\\\/\\\/jornalbeirario.com.br\\\/portal\\\/?p=95594\"},\"wordCount\":643,\"commentCount\":0,\"publisher\":{\"@id\":\"https:\\\/\\\/jornalbeirario.com.br\\\/portal\\\/#organization\"},\"image\":{\"@id\":\"https:\\\/\\\/jornalbeirario.com.br\\\/portal\\\/?p=95594#primaryimage\"},\"thumbnailUrl\":\"https:\\\/\\\/jornalbeirario.com.br\\\/portal\\\/wp-content\\\/uploads\\\/2017\\\/07\\\/morte.jpg\",\"articleSection\":[\"Obitu\u00e1rio\"],\"inLanguage\":\"pt-BR\",\"potentialAction\":[{\"@type\":\"CommentAction\",\"name\":\"Comment\",\"target\":[\"https:\\\/\\\/jornalbeirario.com.br\\\/portal\\\/?p=95594#respond\"]}]},{\"@type\":\"WebPage\",\"@id\":\"https:\\\/\\\/jornalbeirario.com.br\\\/portal\\\/?p=95594\",\"url\":\"https:\\\/\\\/jornalbeirario.com.br\\\/portal\\\/?p=95594\",\"name\":\"Obitu\u00e1rio (de 10 a 16 de novembro de 2022) - JORNAL BEIRA RIO\",\"isPartOf\":{\"@id\":\"https:\\\/\\\/jornalbeirario.com.br\\\/portal\\\/#website\"},\"primaryImageOfPage\":{\"@id\":\"https:\\\/\\\/jornalbeirario.com.br\\\/portal\\\/?p=95594#primaryimage\"},\"image\":{\"@id\":\"https:\\\/\\\/jornalbeirario.com.br\\\/portal\\\/?p=95594#primaryimage\"},\"thumbnailUrl\":\"https:\\\/\\\/jornalbeirario.com.br\\\/portal\\\/wp-content\\\/uploads\\\/2017\\\/07\\\/morte.jpg\",\"datePublished\":\"2022-11-17T21:50:05+00:00\",\"dateModified\":\"2022-12-15T17:31:53+00:00\",\"breadcrumb\":{\"@id\":\"https:\\\/\\\/jornalbeirario.com.br\\\/portal\\\/?p=95594#breadcrumb\"},\"inLanguage\":\"pt-BR\",\"potentialAction\":[{\"@type\":\"ReadAction\",\"target\":[\"https:\\\/\\\/jornalbeirario.com.br\\\/portal\\\/?p=95594\"]}]},{\"@type\":\"ImageObject\",\"inLanguage\":\"pt-BR\",\"@id\":\"https:\\\/\\\/jornalbeirario.com.br\\\/portal\\\/?p=95594#primaryimage\",\"url\":\"https:\\\/\\\/jornalbeirario.com.br\\\/portal\\\/wp-content\\\/uploads\\\/2017\\\/07\\\/morte.jpg\",\"contentUrl\":\"https:\\\/\\\/jornalbeirario.com.br\\\/portal\\\/wp-content\\\/uploads\\\/2017\\\/07\\\/morte.jpg\",\"width\":640,\"height\":480},{\"@type\":\"BreadcrumbList\",\"@id\":\"https:\\\/\\\/jornalbeirario.com.br\\\/portal\\\/?p=95594#breadcrumb\",\"itemListElement\":[{\"@type\":\"ListItem\",\"position\":1,\"name\":\"Home\",\"item\":\"https:\\\/\\\/jornalbeirario.com.br\\\/portal\"},{\"@type\":\"ListItem\",\"position\":2,\"name\":\"Obitu\u00e1rio (de 10 a 16 de novembro de 2022)\"}]},{\"@type\":\"WebSite\",\"@id\":\"https:\\\/\\\/jornalbeirario.com.br\\\/portal\\\/#website\",\"url\":\"https:\\\/\\\/jornalbeirario.com.br\\\/portal\\\/\",\"name\":\"JORNAL BEIRA RIO\",\"description\":\"\",\"publisher\":{\"@id\":\"https:\\\/\\\/jornalbeirario.com.br\\\/portal\\\/#organization\"},\"potentialAction\":[{\"@type\":\"SearchAction\",\"target\":{\"@type\":\"EntryPoint\",\"urlTemplate\":\"https:\\\/\\\/jornalbeirario.com.br\\\/portal\\\/?s={search_term_string}\"},\"query-input\":{\"@type\":\"PropertyValueSpecification\",\"valueRequired\":true,\"valueName\":\"search_term_string\"}}],\"inLanguage\":\"pt-BR\"},{\"@type\":\"Organization\",\"@id\":\"https:\\\/\\\/jornalbeirario.com.br\\\/portal\\\/#organization\",\"name\":\"JORNAL BEIRA RIO\",\"url\":\"https:\\\/\\\/jornalbeirario.com.br\\\/portal\\\/\",\"logo\":{\"@type\":\"ImageObject\",\"inLanguage\":\"pt-BR\",\"@id\":\"https:\\\/\\\/jornalbeirario.com.br\\\/portal\\\/#\\\/schema\\\/logo\\\/image\\\/\",\"url\":\"https:\\\/\\\/jornalbeirario.com.br\\\/portal\\\/wp-content\\\/uploads\\\/2017\\\/09\\\/BEIRA-RIO_logo600.png\",\"contentUrl\":\"https:\\\/\\\/jornalbeirario.com.br\\\/portal\\\/wp-content\\\/uploads\\\/2017\\\/09\\\/BEIRA-RIO_logo600.png\",\"width\":650,\"height\":108,\"caption\":\"JORNAL BEIRA RIO\"},\"image\":{\"@id\":\"https:\\\/\\\/jornalbeirario.com.br\\\/portal\\\/#\\\/schema\\\/logo\\\/image\\\/\"}},{\"@type\":\"Person\",\"@id\":\"https:\\\/\\\/jornalbeirario.com.br\\\/portal\\\/#\\\/schema\\\/person\\\/c6c423e4c2465d2a9233f6539173e7c1\",\"name\":\"Jornal BEIRA-RIO\",\"image\":{\"@type\":\"ImageObject\",\"inLanguage\":\"pt-BR\",\"@id\":\"https:\\\/\\\/jornalbeirario.com.br\\\/portal\\\/wp-content\\\/uploads\\\/2023\\\/10\\\/logojbr1.jpg\",\"url\":\"https:\\\/\\\/jornalbeirario.com.br\\\/portal\\\/wp-content\\\/uploads\\\/2023\\\/10\\\/logojbr1.jpg\",\"contentUrl\":\"https:\\\/\\\/jornalbeirario.com.br\\\/portal\\\/wp-content\\\/uploads\\\/2023\\\/10\\\/logojbr1.jpg\",\"caption\":\"Jornal BEIRA-RIO\"},\"url\":\"https:\\\/\\\/jornalbeirario.com.br\\\/portal\\\/?author=1\"}]}<\/script>\n<!-- \/ Yoast SEO plugin. -->","yoast_head_json":{"title":"Obitu\u00e1rio (de 10 a 16 de novembro de 2022) - JORNAL BEIRA RIO","robots":{"index":"index","follow":"follow","max-snippet":"max-snippet:-1","max-image-preview":"max-image-preview:large","max-video-preview":"max-video-preview:-1"},"canonical":"https:\/\/jornalbeirario.com.br\/portal\/?p=95594","og_locale":"pt_BR","og_type":"article","og_title":"Obitu\u00e1rio (de 10 a 16 de novembro de 2022) - JORNAL BEIRA RIO","og_description":"O aut\u00f4nomo Alexandre Pess\u00f4a da Veiga, 52, morreu dia 10 no Hospital Samer, de choque s\u00e9ptico e pneumonia bacteriana. Morreu dia 10 o guarda","og_url":"https:\/\/jornalbeirario.com.br\/portal\/?p=95594","og_site_name":"JORNAL BEIRA RIO","article_published_time":"2022-11-17T21:50:05+00:00","article_modified_time":"2022-12-15T17:31:53+00:00","og_image":[{"width":640,"height":480,"url":"https:\/\/jornalbeirario.com.br\/portal\/wp-content\/uploads\/2017\/07\/morte.jpg","type":"image\/jpeg"}],"author":"Jornal BEIRA-RIO","twitter_card":"summary_large_image","twitter_misc":{"Escrito por":"Jornal BEIRA-RIO","Est. tempo de leitura":"3 minutos"},"schema":{"@context":"https:\/\/schema.org","@graph":[{"@type":"Article","@id":"https:\/\/jornalbeirario.com.br\/portal\/?p=95594#article","isPartOf":{"@id":"https:\/\/jornalbeirario.com.br\/portal\/?p=95594"},"author":{"name":"Jornal BEIRA-RIO","@id":"https:\/\/jornalbeirario.com.br\/portal\/#\/schema\/person\/c6c423e4c2465d2a9233f6539173e7c1"},"headline":"Obitu\u00e1rio (de 10 a 16 de novembro de 2022)","datePublished":"2022-11-17T21:50:05+00:00","dateModified":"2022-12-15T17:31:53+00:00","mainEntityOfPage":{"@id":"https:\/\/jornalbeirario.com.br\/portal\/?p=95594"},"wordCount":643,"commentCount":0,"publisher":{"@id":"https:\/\/jornalbeirario.com.br\/portal\/#organization"},"image":{"@id":"https:\/\/jornalbeirario.com.br\/portal\/?p=95594#primaryimage"},"thumbnailUrl":"https:\/\/jornalbeirario.com.br\/portal\/wp-content\/uploads\/2017\/07\/morte.jpg","articleSection":["Obitu\u00e1rio"],"inLanguage":"pt-BR","potentialAction":[{"@type":"CommentAction","name":"Comment","target":["https:\/\/jornalbeirario.com.br\/portal\/?p=95594#respond"]}]},{"@type":"WebPage","@id":"https:\/\/jornalbeirario.com.br\/portal\/?p=95594","url":"https:\/\/jornalbeirario.com.br\/portal\/?p=95594","name":"Obitu\u00e1rio (de 10 a 16 de novembro de 2022) - JORNAL BEIRA RIO","isPartOf":{"@id":"https:\/\/jornalbeirario.com.br\/portal\/#website"},"primaryImageOfPage":{"@id":"https:\/\/jornalbeirario.com.br\/portal\/?p=95594#primaryimage"},"image":{"@id":"https:\/\/jornalbeirario.com.br\/portal\/?p=95594#primaryimage"},"thumbnailUrl":"https:\/\/jornalbeirario.com.br\/portal\/wp-content\/uploads\/2017\/07\/morte.jpg","datePublished":"2022-11-17T21:50:05+00:00","dateModified":"2022-12-15T17:31:53+00:00","breadcrumb":{"@id":"https:\/\/jornalbeirario.com.br\/portal\/?p=95594#breadcrumb"},"inLanguage":"pt-BR","potentialAction":[{"@type":"ReadAction","target":["https:\/\/jornalbeirario.com.br\/portal\/?p=95594"]}]},{"@type":"ImageObject","inLanguage":"pt-BR","@id":"https:\/\/jornalbeirario.com.br\/portal\/?p=95594#primaryimage","url":"https:\/\/jornalbeirario.com.br\/portal\/wp-content\/uploads\/2017\/07\/morte.jpg","contentUrl":"https:\/\/jornalbeirario.com.br\/portal\/wp-content\/uploads\/2017\/07\/morte.jpg","width":640,"height":480},{"@type":"BreadcrumbList","@id":"https:\/\/jornalbeirario.com.br\/portal\/?p=95594#breadcrumb","itemListElement":[{"@type":"ListItem","position":1,"name":"Home","item":"https:\/\/jornalbeirario.com.br\/portal"},{"@type":"ListItem","position":2,"name":"Obitu\u00e1rio (de 10 a 16 de novembro de 2022)"}]},{"@type":"WebSite","@id":"https:\/\/jornalbeirario.com.br\/portal\/#website","url":"https:\/\/jornalbeirario.com.br\/portal\/","name":"JORNAL BEIRA RIO","description":"","publisher":{"@id":"https:\/\/jornalbeirario.com.br\/portal\/#organization"},"potentialAction":[{"@type":"SearchAction","target":{"@type":"EntryPoint","urlTemplate":"https:\/\/jornalbeirario.com.br\/portal\/?s={search_term_string}"},"query-input":{"@type":"PropertyValueSpecification","valueRequired":true,"valueName":"search_term_string"}}],"inLanguage":"pt-BR"},{"@type":"Organization","@id":"https:\/\/jornalbeirario.com.br\/portal\/#organization","name":"JORNAL BEIRA RIO","url":"https:\/\/jornalbeirario.com.br\/portal\/","logo":{"@type":"ImageObject","inLanguage":"pt-BR","@id":"https:\/\/jornalbeirario.com.br\/portal\/#\/schema\/logo\/image\/","url":"https:\/\/jornalbeirario.com.br\/portal\/wp-content\/uploads\/2017\/09\/BEIRA-RIO_logo600.png","contentUrl":"https:\/\/jornalbeirario.com.br\/portal\/wp-content\/uploads\/2017\/09\/BEIRA-RIO_logo600.png","width":650,"height":108,"caption":"JORNAL BEIRA RIO"},"image":{"@id":"https:\/\/jornalbeirario.com.br\/portal\/#\/schema\/logo\/image\/"}},{"@type":"Person","@id":"https:\/\/jornalbeirario.com.br\/portal\/#\/schema\/person\/c6c423e4c2465d2a9233f6539173e7c1","name":"Jornal BEIRA-RIO","image":{"@type":"ImageObject","inLanguage":"pt-BR","@id":"https:\/\/jornalbeirario.com.br\/portal\/wp-content\/uploads\/2023\/10\/logojbr1.jpg","url":"https:\/\/jornalbeirario.com.br\/portal\/wp-content\/uploads\/2023\/10\/logojbr1.jpg","contentUrl":"https:\/\/jornalbeirario.com.br\/portal\/wp-content\/uploads\/2023\/10\/logojbr1.jpg","caption":"Jornal BEIRA-RIO"},"url":"https:\/\/jornalbeirario.com.br\/portal\/?author=1"}]}},"_links":{"self":[{"href":"https:\/\/jornalbeirario.com.br\/portal\/index.php?rest_route=\/wp\/v2\/posts\/95594","targetHints":{"allow":["GET"]}}],"collection":[{"href":"https:\/\/jornalbeirario.com.br\/portal\/index.php?rest_route=\/wp\/v2\/posts"}],"about":[{"href":"https:\/\/jornalbeirario.com.br\/portal\/index.php?rest_route=\/wp\/v2\/types\/post"}],"author":[{"embeddable":true,"href":"https:\/\/jornalbeirario.com.br\/portal\/index.php?rest_route=\/wp\/v2\/users\/1"}],"replies":[{"embeddable":true,"href":"https:\/\/jornalbeirario.com.br\/portal\/index.php?rest_route=%2Fwp%2Fv2%2Fcomments&post=95594"}],"version-history":[{"count":15,"href":"https:\/\/jornalbeirario.com.br\/portal\/index.php?rest_route=\/wp\/v2\/posts\/95594\/revisions"}],"predecessor-version":[{"id":96725,"href":"https:\/\/jornalbeirario.com.br\/portal\/index.php?rest_route=\/wp\/v2\/posts\/95594\/revisions\/96725"}],"wp:featuredmedia":[{"embeddable":true,"href":"https:\/\/jornalbeirario.com.br\/portal\/index.php?rest_route=\/wp\/v2\/media\/51613"}],"wp:attachment":[{"href":"https:\/\/jornalbeirario.com.br\/portal\/index.php?rest_route=%2Fwp%2Fv2%2Fmedia&parent=95594"}],"wp:term":[{"taxonomy":"category","embeddable":true,"href":"https:\/\/jornalbeirario.com.br\/portal\/index.php?rest_route=%2Fwp%2Fv2%2Fcategories&post=95594"},{"taxonomy":"post_tag","embeddable":true,"href":"https:\/\/jornalbeirario.com.br\/portal\/index.php?rest_route=%2Fwp%2Fv2%2Ftags&post=95594"}],"curies":[{"name":"wp","href":"https:\/\/api.w.org\/{rel}","templated":true}]}}