
{"id":94881,"date":"2022-10-27T16:18:24","date_gmt":"2022-10-27T19:18:24","guid":{"rendered":"http:\/\/jornalbeirario.com.br\/portal\/?p=94881"},"modified":"2022-10-27T16:18:24","modified_gmt":"2022-10-27T19:18:24","slug":"centro-pop-de-resende-passa-a-atender-em-novo-endereco","status":"publish","type":"post","link":"https:\/\/jornalbeirario.com.br\/portal\/?p=94881","title":{"rendered":"Centro Pop de Resende passa a atender em novo endere\u00e7o"},"content":{"rendered":"<p style=\"text-align: justify;\"><img loading=\"lazy\" decoding=\"async\" class=\"alignleft size-thumbnail wp-image-85766\" src=\"https:\/\/jornalbeirario.com.br\/portal\/wp-content\/uploads\/2022\/03\/logo-jbr-carimbo1-150x150.png\" alt=\"\" width=\"150\" height=\"150\" srcset=\"https:\/\/jornalbeirario.com.br\/portal\/wp-content\/uploads\/2022\/03\/logo-jbr-carimbo1-150x150.png 150w, https:\/\/jornalbeirario.com.br\/portal\/wp-content\/uploads\/2022\/03\/logo-jbr-carimbo1-215x215.png 215w\" sizes=\"auto, (max-width: 150px) 100vw, 150px\" \/><img loading=\"lazy\" decoding=\"async\" class=\"alignright size-medium wp-image-94884\" src=\"https:\/\/jornalbeirario.com.br\/portal\/wp-content\/uploads\/2022\/10\/centropop1-300x225.png\" alt=\"\" width=\"300\" height=\"225\" srcset=\"https:\/\/jornalbeirario.com.br\/portal\/wp-content\/uploads\/2022\/10\/centropop1-300x225.png 300w, https:\/\/jornalbeirario.com.br\/portal\/wp-content\/uploads\/2022\/10\/centropop1.png 640w\" sizes=\"auto, (max-width: 300px) 100vw, 300px\" \/>O Centro Pop de Resende, ligado \u00e0 Secretaria Municipal de Assist\u00eancia Social e Direitos Humanos (SMASDH), est\u00e1 de endere\u00e7o novo. O programa agora fica na Rua Eduardo Cotrim, 36, no Centro, com um espa\u00e7o mais confort\u00e1vel e adequado para receber a popula\u00e7\u00e3o que utiliza o servi\u00e7o. O funcionamento \u00e9 de segunda \u00e0 sexta-feira, das 8h \u00e0s 18h.<\/p>\n<p style=\"text-align: justify;\">De acordo com a secret\u00e1ria municipal de Assist\u00eancia Social e Direitos Humanos (SMASDH), o local vai oferecer melhores condi\u00e7\u00f5es, com um espa\u00e7o mais amplo e arejado. Al\u00e9m disso, o servi\u00e7o estar\u00e1 mais pr\u00f3ximo do abrigo, outro servi\u00e7o que muitas dessas pessoas utilizam para passar as noites.<\/p>\n<p style=\"text-align: justify;\">&#8211; Com a mudan\u00e7a teremos um espa\u00e7o de conviv\u00eancia mais humanizado, com mais proximidade com as pessoas e condi\u00e7\u00f5es para desenvolver um trabalho mais efetivo. O Centro Pop desenvolve um trabalho fundamental no processo de busca por mais dignidade para as pessoas em situa\u00e7\u00e3o de rua. Continuaremos com todo empenho, empatia e profissionalismo \u2013 comentou a secret\u00e1ria Jacqueline Primo.<\/p>\n<p style=\"text-align: justify;\">Al\u00e9m da recep\u00e7\u00e3o presencial, o servi\u00e7o tamb\u00e9m conta com um telefone, que pode atender e tirar d\u00favidas da popula\u00e7\u00e3o. O n\u00famero \u00e9 o (24) 3360-9739.<\/p>\n<p style=\"text-align: justify;\">O Centro de Refer\u00eancia Especializado para Popula\u00e7\u00e3o em situa\u00e7\u00e3o de rua (Centro Pop) disponibiliza, em seu espa\u00e7o, a oportunidade de realizar a higiene pessoal e desenvolve atividades de conviv\u00eancia, grupos e oficinas, al\u00e9m de atendimentos t\u00e9cnicos individuais, busca ativa, abordagens diurnas e noturnas.<\/p>\n<p style=\"text-align: justify;\">O servi\u00e7o conta com uma equipe qualificada para entender as demandas de cada usu\u00e1rio e encaminhar para o atendimento mais assertivo poss\u00edvel. Tr\u00eas refei\u00e7\u00f5es, ao todo, s\u00e3o oferecidas no Centro Pop: caf\u00e9 da manh\u00e3, almo\u00e7o e lanche da tarde.<\/p>\n<p style=\"text-align: justify;\">Al\u00e9m do Centro Pop, o munic\u00edpio tamb\u00e9m conta com outro programa de atendimento \u00e0 popula\u00e7\u00e3o em situa\u00e7\u00e3o de rua, o Acolhimento Institucional. Ele foi inaugurado em 2019 pela prefeitura atende adultos e fam\u00edlias e hoje funciona 24 horas por dia, sendo o primeiro nessa modalidade na hist\u00f3ria de Resende.<\/p>\n<p style=\"text-align: justify;\">O servi\u00e7o \u00e9 uma alternativa importante para a popula\u00e7\u00e3o em situa\u00e7\u00e3o de rua e atua na retomada da dignidade, j\u00e1 com hist\u00f3rico de casos de pessoas que conseguiram sair do abrigo para uma moradia paga com recursos pr\u00f3prios da pessoa.<\/p>\n<p style=\"text-align: justify;\">O servi\u00e7o conta com usu\u00e1rios fixos e flutuantes. Todos os dias s\u00e3o oferecidas quatro refei\u00e7\u00f5es: caf\u00e9 da manh\u00e3, almo\u00e7o, lanche da tarde e jantar. A entrada \u00e9 sempre regulada pela equipe de plant\u00e3o. O espa\u00e7o oferece a oportunidade de higiene pessoal, uso do banheiro e conviv\u00eancia, al\u00e9m de oficinas, palestras e outras atividades multidisciplinares desenvolvidas em grupo. O abrigo fica na Rua Pedro Braile Neto, n\u00b0 137 \u2013 Centro.<\/p>\n<p><em>Foto: Raimundo Brasil\/Divulga\u00e7\u00e3o PMR<\/em><\/p>\n","protected":false},"excerpt":{"rendered":"<p>O Centro Pop de Resende, ligado \u00e0 Secretaria Municipal de Assist\u00eancia Social e Direitos Humanos (SMASDH), est\u00e1 de endere\u00e7o novo. O programa agora fica<\/p>\n","protected":false},"author":1,"featured_media":94884,"comment_status":"open","ping_status":"open","sticky":false,"template":"","format":"standard","meta":{"pmpro_default_level":"","footnotes":"","_members_access_role":[],"_members_access_error":""},"categories":[1],"tags":[],"class_list":["post-94881","post","type-post","status-publish","format-standard","has-post-thumbnail","hentry","category-cidade","pmpro-has-access"],"yoast_head":"<!-- This site is optimized with the Yoast SEO plugin v28.4 - https:\/\/yoast.com\/product\/yoast-seo-wordpress\/ -->\n<title>Centro Pop de Resende passa a atender em novo endere\u00e7o - JORNAL BEIRA RIO<\/title>\n<meta name=\"robots\" content=\"index, follow, max-snippet:-1, max-image-preview:large, max-video-preview:-1\" \/>\n<link rel=\"canonical\" href=\"https:\/\/jornalbeirario.com.br\/portal\/?p=94881\" \/>\n<meta property=\"og:locale\" content=\"pt_BR\" \/>\n<meta property=\"og:type\" content=\"article\" \/>\n<meta property=\"og:title\" content=\"Centro Pop de Resende passa a atender em novo endere\u00e7o - JORNAL BEIRA RIO\" \/>\n<meta property=\"og:description\" content=\"O Centro Pop de Resende, ligado \u00e0 Secretaria Municipal de Assist\u00eancia Social e Direitos Humanos (SMASDH), est\u00e1 de endere\u00e7o novo. O programa agora fica\" \/>\n<meta property=\"og:url\" content=\"https:\/\/jornalbeirario.com.br\/portal\/?p=94881\" \/>\n<meta property=\"og:site_name\" content=\"JORNAL BEIRA RIO\" \/>\n<meta property=\"article:published_time\" content=\"2022-10-27T19:18:24+00:00\" \/>\n<meta property=\"og:image\" content=\"https:\/\/jornalbeirario.com.br\/portal\/wp-content\/uploads\/2022\/10\/centropop1.png\" \/>\n\t<meta property=\"og:image:width\" content=\"640\" \/>\n\t<meta property=\"og:image:height\" content=\"480\" \/>\n\t<meta property=\"og:image:type\" content=\"image\/png\" \/>\n<meta name=\"author\" content=\"Jornal BEIRA-RIO\" \/>\n<meta name=\"twitter:card\" content=\"summary_large_image\" \/>\n<meta name=\"twitter:label1\" content=\"Escrito por\" \/>\n\t<meta name=\"twitter:data1\" content=\"Jornal BEIRA-RIO\" \/>\n\t<meta name=\"twitter:label2\" content=\"Est. tempo de leitura\" \/>\n\t<meta name=\"twitter:data2\" content=\"2 minutos\" \/>\n<script type=\"application\/ld+json\" class=\"yoast-schema-graph\">{\"@context\":\"https:\\\/\\\/schema.org\",\"@graph\":[{\"@type\":\"Article\",\"@id\":\"https:\\\/\\\/jornalbeirario.com.br\\\/portal\\\/?p=94881#article\",\"isPartOf\":{\"@id\":\"https:\\\/\\\/jornalbeirario.com.br\\\/portal\\\/?p=94881\"},\"author\":{\"name\":\"Jornal BEIRA-RIO\",\"@id\":\"https:\\\/\\\/jornalbeirario.com.br\\\/portal\\\/#\\\/schema\\\/person\\\/c6c423e4c2465d2a9233f6539173e7c1\"},\"headline\":\"Centro Pop de Resende passa a atender em novo endere\u00e7o\",\"datePublished\":\"2022-10-27T19:18:24+00:00\",\"mainEntityOfPage\":{\"@id\":\"https:\\\/\\\/jornalbeirario.com.br\\\/portal\\\/?p=94881\"},\"wordCount\":492,\"commentCount\":0,\"publisher\":{\"@id\":\"https:\\\/\\\/jornalbeirario.com.br\\\/portal\\\/#organization\"},\"image\":{\"@id\":\"https:\\\/\\\/jornalbeirario.com.br\\\/portal\\\/?p=94881#primaryimage\"},\"thumbnailUrl\":\"https:\\\/\\\/jornalbeirario.com.br\\\/portal\\\/wp-content\\\/uploads\\\/2022\\\/10\\\/centropop1.png\",\"articleSection\":[\"Cidade\"],\"inLanguage\":\"pt-BR\",\"potentialAction\":[{\"@type\":\"CommentAction\",\"name\":\"Comment\",\"target\":[\"https:\\\/\\\/jornalbeirario.com.br\\\/portal\\\/?p=94881#respond\"]}]},{\"@type\":\"WebPage\",\"@id\":\"https:\\\/\\\/jornalbeirario.com.br\\\/portal\\\/?p=94881\",\"url\":\"https:\\\/\\\/jornalbeirario.com.br\\\/portal\\\/?p=94881\",\"name\":\"Centro Pop de Resende passa a atender em novo endere\u00e7o - JORNAL BEIRA RIO\",\"isPartOf\":{\"@id\":\"https:\\\/\\\/jornalbeirario.com.br\\\/portal\\\/#website\"},\"primaryImageOfPage\":{\"@id\":\"https:\\\/\\\/jornalbeirario.com.br\\\/portal\\\/?p=94881#primaryimage\"},\"image\":{\"@id\":\"https:\\\/\\\/jornalbeirario.com.br\\\/portal\\\/?p=94881#primaryimage\"},\"thumbnailUrl\":\"https:\\\/\\\/jornalbeirario.com.br\\\/portal\\\/wp-content\\\/uploads\\\/2022\\\/10\\\/centropop1.png\",\"datePublished\":\"2022-10-27T19:18:24+00:00\",\"breadcrumb\":{\"@id\":\"https:\\\/\\\/jornalbeirario.com.br\\\/portal\\\/?p=94881#breadcrumb\"},\"inLanguage\":\"pt-BR\",\"potentialAction\":[{\"@type\":\"ReadAction\",\"target\":[\"https:\\\/\\\/jornalbeirario.com.br\\\/portal\\\/?p=94881\"]}]},{\"@type\":\"ImageObject\",\"inLanguage\":\"pt-BR\",\"@id\":\"https:\\\/\\\/jornalbeirario.com.br\\\/portal\\\/?p=94881#primaryimage\",\"url\":\"https:\\\/\\\/jornalbeirario.com.br\\\/portal\\\/wp-content\\\/uploads\\\/2022\\\/10\\\/centropop1.png\",\"contentUrl\":\"https:\\\/\\\/jornalbeirario.com.br\\\/portal\\\/wp-content\\\/uploads\\\/2022\\\/10\\\/centropop1.png\",\"width\":640,\"height\":480},{\"@type\":\"BreadcrumbList\",\"@id\":\"https:\\\/\\\/jornalbeirario.com.br\\\/portal\\\/?p=94881#breadcrumb\",\"itemListElement\":[{\"@type\":\"ListItem\",\"position\":1,\"name\":\"Home\",\"item\":\"https:\\\/\\\/jornalbeirario.com.br\\\/portal\"},{\"@type\":\"ListItem\",\"position\":2,\"name\":\"Centro Pop de Resende passa a atender em novo endere\u00e7o\"}]},{\"@type\":\"WebSite\",\"@id\":\"https:\\\/\\\/jornalbeirario.com.br\\\/portal\\\/#website\",\"url\":\"https:\\\/\\\/jornalbeirario.com.br\\\/portal\\\/\",\"name\":\"JORNAL BEIRA RIO\",\"description\":\"\",\"publisher\":{\"@id\":\"https:\\\/\\\/jornalbeirario.com.br\\\/portal\\\/#organization\"},\"potentialAction\":[{\"@type\":\"SearchAction\",\"target\":{\"@type\":\"EntryPoint\",\"urlTemplate\":\"https:\\\/\\\/jornalbeirario.com.br\\\/portal\\\/?s={search_term_string}\"},\"query-input\":{\"@type\":\"PropertyValueSpecification\",\"valueRequired\":true,\"valueName\":\"search_term_string\"}}],\"inLanguage\":\"pt-BR\"},{\"@type\":\"Organization\",\"@id\":\"https:\\\/\\\/jornalbeirario.com.br\\\/portal\\\/#organization\",\"name\":\"JORNAL BEIRA RIO\",\"url\":\"https:\\\/\\\/jornalbeirario.com.br\\\/portal\\\/\",\"logo\":{\"@type\":\"ImageObject\",\"inLanguage\":\"pt-BR\",\"@id\":\"https:\\\/\\\/jornalbeirario.com.br\\\/portal\\\/#\\\/schema\\\/logo\\\/image\\\/\",\"url\":\"https:\\\/\\\/jornalbeirario.com.br\\\/portal\\\/wp-content\\\/uploads\\\/2017\\\/09\\\/BEIRA-RIO_logo600.png\",\"contentUrl\":\"https:\\\/\\\/jornalbeirario.com.br\\\/portal\\\/wp-content\\\/uploads\\\/2017\\\/09\\\/BEIRA-RIO_logo600.png\",\"width\":650,\"height\":108,\"caption\":\"JORNAL BEIRA RIO\"},\"image\":{\"@id\":\"https:\\\/\\\/jornalbeirario.com.br\\\/portal\\\/#\\\/schema\\\/logo\\\/image\\\/\"}},{\"@type\":\"Person\",\"@id\":\"https:\\\/\\\/jornalbeirario.com.br\\\/portal\\\/#\\\/schema\\\/person\\\/c6c423e4c2465d2a9233f6539173e7c1\",\"name\":\"Jornal BEIRA-RIO\",\"image\":{\"@type\":\"ImageObject\",\"inLanguage\":\"pt-BR\",\"@id\":\"https:\\\/\\\/jornalbeirario.com.br\\\/portal\\\/wp-content\\\/uploads\\\/2023\\\/10\\\/logojbr1.jpg\",\"url\":\"https:\\\/\\\/jornalbeirario.com.br\\\/portal\\\/wp-content\\\/uploads\\\/2023\\\/10\\\/logojbr1.jpg\",\"contentUrl\":\"https:\\\/\\\/jornalbeirario.com.br\\\/portal\\\/wp-content\\\/uploads\\\/2023\\\/10\\\/logojbr1.jpg\",\"caption\":\"Jornal BEIRA-RIO\"},\"url\":\"https:\\\/\\\/jornalbeirario.com.br\\\/portal\\\/?author=1\"}]}<\/script>\n<!-- \/ Yoast SEO plugin. -->","yoast_head_json":{"title":"Centro Pop de Resende passa a atender em novo endere\u00e7o - JORNAL BEIRA RIO","robots":{"index":"index","follow":"follow","max-snippet":"max-snippet:-1","max-image-preview":"max-image-preview:large","max-video-preview":"max-video-preview:-1"},"canonical":"https:\/\/jornalbeirario.com.br\/portal\/?p=94881","og_locale":"pt_BR","og_type":"article","og_title":"Centro Pop de Resende passa a atender em novo endere\u00e7o - JORNAL BEIRA RIO","og_description":"O Centro Pop de Resende, ligado \u00e0 Secretaria Municipal de Assist\u00eancia Social e Direitos Humanos (SMASDH), est\u00e1 de endere\u00e7o novo. O programa agora fica","og_url":"https:\/\/jornalbeirario.com.br\/portal\/?p=94881","og_site_name":"JORNAL BEIRA RIO","article_published_time":"2022-10-27T19:18:24+00:00","og_image":[{"width":640,"height":480,"url":"https:\/\/jornalbeirario.com.br\/portal\/wp-content\/uploads\/2022\/10\/centropop1.png","type":"image\/png"}],"author":"Jornal BEIRA-RIO","twitter_card":"summary_large_image","twitter_misc":{"Escrito por":"Jornal BEIRA-RIO","Est. tempo de leitura":"2 minutos"},"schema":{"@context":"https:\/\/schema.org","@graph":[{"@type":"Article","@id":"https:\/\/jornalbeirario.com.br\/portal\/?p=94881#article","isPartOf":{"@id":"https:\/\/jornalbeirario.com.br\/portal\/?p=94881"},"author":{"name":"Jornal BEIRA-RIO","@id":"https:\/\/jornalbeirario.com.br\/portal\/#\/schema\/person\/c6c423e4c2465d2a9233f6539173e7c1"},"headline":"Centro Pop de Resende passa a atender em novo endere\u00e7o","datePublished":"2022-10-27T19:18:24+00:00","mainEntityOfPage":{"@id":"https:\/\/jornalbeirario.com.br\/portal\/?p=94881"},"wordCount":492,"commentCount":0,"publisher":{"@id":"https:\/\/jornalbeirario.com.br\/portal\/#organization"},"image":{"@id":"https:\/\/jornalbeirario.com.br\/portal\/?p=94881#primaryimage"},"thumbnailUrl":"https:\/\/jornalbeirario.com.br\/portal\/wp-content\/uploads\/2022\/10\/centropop1.png","articleSection":["Cidade"],"inLanguage":"pt-BR","potentialAction":[{"@type":"CommentAction","name":"Comment","target":["https:\/\/jornalbeirario.com.br\/portal\/?p=94881#respond"]}]},{"@type":"WebPage","@id":"https:\/\/jornalbeirario.com.br\/portal\/?p=94881","url":"https:\/\/jornalbeirario.com.br\/portal\/?p=94881","name":"Centro Pop de Resende passa a atender em novo endere\u00e7o - JORNAL BEIRA RIO","isPartOf":{"@id":"https:\/\/jornalbeirario.com.br\/portal\/#website"},"primaryImageOfPage":{"@id":"https:\/\/jornalbeirario.com.br\/portal\/?p=94881#primaryimage"},"image":{"@id":"https:\/\/jornalbeirario.com.br\/portal\/?p=94881#primaryimage"},"thumbnailUrl":"https:\/\/jornalbeirario.com.br\/portal\/wp-content\/uploads\/2022\/10\/centropop1.png","datePublished":"2022-10-27T19:18:24+00:00","breadcrumb":{"@id":"https:\/\/jornalbeirario.com.br\/portal\/?p=94881#breadcrumb"},"inLanguage":"pt-BR","potentialAction":[{"@type":"ReadAction","target":["https:\/\/jornalbeirario.com.br\/portal\/?p=94881"]}]},{"@type":"ImageObject","inLanguage":"pt-BR","@id":"https:\/\/jornalbeirario.com.br\/portal\/?p=94881#primaryimage","url":"https:\/\/jornalbeirario.com.br\/portal\/wp-content\/uploads\/2022\/10\/centropop1.png","contentUrl":"https:\/\/jornalbeirario.com.br\/portal\/wp-content\/uploads\/2022\/10\/centropop1.png","width":640,"height":480},{"@type":"BreadcrumbList","@id":"https:\/\/jornalbeirario.com.br\/portal\/?p=94881#breadcrumb","itemListElement":[{"@type":"ListItem","position":1,"name":"Home","item":"https:\/\/jornalbeirario.com.br\/portal"},{"@type":"ListItem","position":2,"name":"Centro Pop de Resende passa a atender em novo endere\u00e7o"}]},{"@type":"WebSite","@id":"https:\/\/jornalbeirario.com.br\/portal\/#website","url":"https:\/\/jornalbeirario.com.br\/portal\/","name":"JORNAL BEIRA RIO","description":"","publisher":{"@id":"https:\/\/jornalbeirario.com.br\/portal\/#organization"},"potentialAction":[{"@type":"SearchAction","target":{"@type":"EntryPoint","urlTemplate":"https:\/\/jornalbeirario.com.br\/portal\/?s={search_term_string}"},"query-input":{"@type":"PropertyValueSpecification","valueRequired":true,"valueName":"search_term_string"}}],"inLanguage":"pt-BR"},{"@type":"Organization","@id":"https:\/\/jornalbeirario.com.br\/portal\/#organization","name":"JORNAL BEIRA RIO","url":"https:\/\/jornalbeirario.com.br\/portal\/","logo":{"@type":"ImageObject","inLanguage":"pt-BR","@id":"https:\/\/jornalbeirario.com.br\/portal\/#\/schema\/logo\/image\/","url":"https:\/\/jornalbeirario.com.br\/portal\/wp-content\/uploads\/2017\/09\/BEIRA-RIO_logo600.png","contentUrl":"https:\/\/jornalbeirario.com.br\/portal\/wp-content\/uploads\/2017\/09\/BEIRA-RIO_logo600.png","width":650,"height":108,"caption":"JORNAL BEIRA RIO"},"image":{"@id":"https:\/\/jornalbeirario.com.br\/portal\/#\/schema\/logo\/image\/"}},{"@type":"Person","@id":"https:\/\/jornalbeirario.com.br\/portal\/#\/schema\/person\/c6c423e4c2465d2a9233f6539173e7c1","name":"Jornal BEIRA-RIO","image":{"@type":"ImageObject","inLanguage":"pt-BR","@id":"https:\/\/jornalbeirario.com.br\/portal\/wp-content\/uploads\/2023\/10\/logojbr1.jpg","url":"https:\/\/jornalbeirario.com.br\/portal\/wp-content\/uploads\/2023\/10\/logojbr1.jpg","contentUrl":"https:\/\/jornalbeirario.com.br\/portal\/wp-content\/uploads\/2023\/10\/logojbr1.jpg","caption":"Jornal BEIRA-RIO"},"url":"https:\/\/jornalbeirario.com.br\/portal\/?author=1"}]}},"_links":{"self":[{"href":"https:\/\/jornalbeirario.com.br\/portal\/index.php?rest_route=\/wp\/v2\/posts\/94881","targetHints":{"allow":["GET"]}}],"collection":[{"href":"https:\/\/jornalbeirario.com.br\/portal\/index.php?rest_route=\/wp\/v2\/posts"}],"about":[{"href":"https:\/\/jornalbeirario.com.br\/portal\/index.php?rest_route=\/wp\/v2\/types\/post"}],"author":[{"embeddable":true,"href":"https:\/\/jornalbeirario.com.br\/portal\/index.php?rest_route=\/wp\/v2\/users\/1"}],"replies":[{"embeddable":true,"href":"https:\/\/jornalbeirario.com.br\/portal\/index.php?rest_route=%2Fwp%2Fv2%2Fcomments&post=94881"}],"version-history":[{"count":3,"href":"https:\/\/jornalbeirario.com.br\/portal\/index.php?rest_route=\/wp\/v2\/posts\/94881\/revisions"}],"predecessor-version":[{"id":94885,"href":"https:\/\/jornalbeirario.com.br\/portal\/index.php?rest_route=\/wp\/v2\/posts\/94881\/revisions\/94885"}],"wp:featuredmedia":[{"embeddable":true,"href":"https:\/\/jornalbeirario.com.br\/portal\/index.php?rest_route=\/wp\/v2\/media\/94884"}],"wp:attachment":[{"href":"https:\/\/jornalbeirario.com.br\/portal\/index.php?rest_route=%2Fwp%2Fv2%2Fmedia&parent=94881"}],"wp:term":[{"taxonomy":"category","embeddable":true,"href":"https:\/\/jornalbeirario.com.br\/portal\/index.php?rest_route=%2Fwp%2Fv2%2Fcategories&post=94881"},{"taxonomy":"post_tag","embeddable":true,"href":"https:\/\/jornalbeirario.com.br\/portal\/index.php?rest_route=%2Fwp%2Fv2%2Ftags&post=94881"}],"curies":[{"name":"wp","href":"https:\/\/api.w.org\/{rel}","templated":true}]}}