
{"id":94804,"date":"2022-10-25T12:04:09","date_gmt":"2022-10-25T15:04:09","guid":{"rendered":"http:\/\/jornalbeirario.com.br\/portal\/?p=94804"},"modified":"2022-10-25T12:07:39","modified_gmt":"2022-10-25T15:07:39","slug":"seeduc-comecara-periodo-de-renovacao-de-matriculas-no-inicio-de-novembro","status":"publish","type":"post","link":"https:\/\/jornalbeirario.com.br\/portal\/?p=94804","title":{"rendered":"Seeduc come\u00e7ar\u00e1 per\u00edodo de renova\u00e7\u00e3o de matr\u00edculas no in\u00edcio de novembro"},"content":{"rendered":"<figure id=\"attachment_27814\" aria-describedby=\"caption-attachment-27814\" style=\"width: 300px\" class=\"wp-caption alignright\"><img loading=\"lazy\" decoding=\"async\" class=\"size-medium wp-image-27814\" src=\"https:\/\/jornalbeirario.com.br\/portal\/wp-content\/uploads\/2015\/01\/cuidar1-300x225.jpg\" alt=\"\" width=\"300\" height=\"225\" srcset=\"https:\/\/jornalbeirario.com.br\/portal\/wp-content\/uploads\/2015\/01\/cuidar1-300x225.jpg 300w, https:\/\/jornalbeirario.com.br\/portal\/wp-content\/uploads\/2015\/01\/cuidar1.jpg 640w\" sizes=\"auto, (max-width: 300px) 100vw, 300px\" \/><figcaption id=\"caption-attachment-27814\" class=\"wp-caption-text\">Col\u00e9gio Estadual Jo\u00e3o Maia \u00e9 uma das institui\u00e7\u00f5es de ensino estaduais de Resende onde interessados poder\u00e3o se matricular ou renovar a matr\u00edcula (Foto: Arquivo)<\/figcaption><\/figure>\n<p style=\"text-align: justify;\"><img loading=\"lazy\" decoding=\"async\" class=\"alignleft size-thumbnail wp-image-85766\" src=\"https:\/\/jornalbeirario.com.br\/portal\/wp-content\/uploads\/2022\/03\/logo-jbr-carimbo1-150x150.png\" alt=\"\" width=\"150\" height=\"150\" srcset=\"https:\/\/jornalbeirario.com.br\/portal\/wp-content\/uploads\/2022\/03\/logo-jbr-carimbo1-150x150.png 150w, https:\/\/jornalbeirario.com.br\/portal\/wp-content\/uploads\/2022\/03\/logo-jbr-carimbo1-215x215.png 215w\" sizes=\"auto, (max-width: 150px) 100vw, 150px\" \/>Come\u00e7a no pr\u00f3ximo dia 3 de novembro o per\u00edodo de renova\u00e7\u00e3o de matr\u00edculas na rede estadual de ensino do estado do Rio de Janeiro para o ano letivo de 2023, promovido pela Secretaria de Estado de Educa\u00e7\u00e3o (Seeduc). Os alunos j\u00e1 matriculados poder\u00e3o realizar o procedimento a partir das 8h, at\u00e9 o dia 16 de novembro.<\/p>\n<p style=\"text-align: justify;\">A renova\u00e7\u00e3o on-line acontecer\u00e1 em duas etapas: para os alunos que querem permanecer no mesmo curso e turno em 2023, o per\u00edodo para a renova\u00e7\u00e3o ser\u00e1 de 3 a 10 de novembro. E para os estudantes que desejam renovar a matr\u00edcula solicitando mudan\u00e7a de curso, turno ou de curso e turno, o per\u00edodo de renova\u00e7\u00e3o ser\u00e1 de 11 a 16 de novembro.<\/p>\n<p style=\"text-align: justify;\">O aluno que n\u00e3o renovar a matr\u00edcula no prazo determinado vai perder o direito \u00e0 vaga e dever\u00e1 participar novamente, do processo de pr\u00e9-matr\u00edcula. Para a renova\u00e7\u00e3o, caso o respons\u00e1vel ou aluno (se maior de idade) n\u00e3o tenha acesso \u00e0 internet, poder\u00e1 comparecer \u00e0 unidade escolar para realizar a renova\u00e7\u00e3o.<\/p>\n<p style=\"text-align: justify;\">O processo ser\u00e1 todo informatizado, atrav\u00e9s <a href=\"http:\/\/www.matriculafacil.rj.gov.br\">do site Matr\u00edcula F\u00e1cil<\/a>, at\u00e9 o dia 16 de novembro. Para os alunos que desejam ingressar na rede estadual ou mudar de escola, no ano letivo de 2023, a primeira fase de pr\u00e9-matr\u00edculas estar\u00e1 aberta no per\u00edodo de 17 de novembro a 9 de dezembro. Os interessados tamb\u00e9m dever\u00e3o acessar o site Matr\u00edcula F\u00e1cil e verificar a oferta de s\u00e9ries, cursos e turnos dispon\u00edveis.<\/p>\n","protected":false},"excerpt":{"rendered":"<p>Come\u00e7a no pr\u00f3ximo dia 3 de novembro o per\u00edodo de renova\u00e7\u00e3o de matr\u00edculas na rede estadual de ensino do estado do Rio de Janeiro<\/p>\n","protected":false},"author":1,"featured_media":27814,"comment_status":"open","ping_status":"open","sticky":false,"template":"","format":"standard","meta":{"pmpro_default_level":"","footnotes":""},"categories":[28,158],"tags":[],"class_list":["post-94804","post","type-post","status-publish","format-standard","has-post-thumbnail","hentry","category-educacao","category-rio-de-janeiro","pmpro-has-access"],"yoast_head":"<!-- This site is optimized with the Yoast SEO plugin v27.4 - https:\/\/yoast.com\/product\/yoast-seo-wordpress\/ -->\n<title>Seeduc come\u00e7ar\u00e1 per\u00edodo de renova\u00e7\u00e3o de matr\u00edculas no in\u00edcio de novembro - JORNAL BEIRA RIO<\/title>\n<meta name=\"robots\" content=\"index, follow, max-snippet:-1, max-image-preview:large, max-video-preview:-1\" \/>\n<link rel=\"canonical\" href=\"https:\/\/jornalbeirario.com.br\/portal\/?p=94804\" \/>\n<meta property=\"og:locale\" content=\"pt_BR\" \/>\n<meta property=\"og:type\" content=\"article\" \/>\n<meta property=\"og:title\" content=\"Seeduc come\u00e7ar\u00e1 per\u00edodo de renova\u00e7\u00e3o de matr\u00edculas no in\u00edcio de novembro - JORNAL BEIRA RIO\" \/>\n<meta property=\"og:description\" content=\"Come\u00e7a no pr\u00f3ximo dia 3 de novembro o per\u00edodo de renova\u00e7\u00e3o de matr\u00edculas na rede estadual de ensino do estado do Rio de Janeiro\" \/>\n<meta property=\"og:url\" content=\"https:\/\/jornalbeirario.com.br\/portal\/?p=94804\" \/>\n<meta property=\"og:site_name\" content=\"JORNAL BEIRA RIO\" \/>\n<meta property=\"article:published_time\" content=\"2022-10-25T15:04:09+00:00\" \/>\n<meta property=\"article:modified_time\" content=\"2022-10-25T15:07:39+00:00\" \/>\n<meta property=\"og:image\" content=\"https:\/\/jornalbeirario.com.br\/portal\/wp-content\/uploads\/2015\/01\/cuidar1.jpg\" \/>\n\t<meta property=\"og:image:width\" content=\"640\" \/>\n\t<meta property=\"og:image:height\" content=\"480\" \/>\n\t<meta property=\"og:image:type\" content=\"image\/jpeg\" \/>\n<meta name=\"author\" content=\"Jornal BEIRA-RIO\" \/>\n<meta name=\"twitter:card\" content=\"summary_large_image\" \/>\n<meta name=\"twitter:label1\" content=\"Escrito por\" \/>\n\t<meta name=\"twitter:data1\" content=\"Jornal BEIRA-RIO\" \/>\n\t<meta name=\"twitter:label2\" content=\"Est. tempo de leitura\" \/>\n\t<meta name=\"twitter:data2\" content=\"1 minuto\" \/>\n<script type=\"application\/ld+json\" class=\"yoast-schema-graph\">{\"@context\":\"https:\\\/\\\/schema.org\",\"@graph\":[{\"@type\":\"Article\",\"@id\":\"https:\\\/\\\/jornalbeirario.com.br\\\/portal\\\/?p=94804#article\",\"isPartOf\":{\"@id\":\"https:\\\/\\\/jornalbeirario.com.br\\\/portal\\\/?p=94804\"},\"author\":{\"name\":\"Jornal BEIRA-RIO\",\"@id\":\"https:\\\/\\\/jornalbeirario.com.br\\\/portal\\\/#\\\/schema\\\/person\\\/c6c423e4c2465d2a9233f6539173e7c1\"},\"headline\":\"Seeduc come\u00e7ar\u00e1 per\u00edodo de renova\u00e7\u00e3o de matr\u00edculas no in\u00edcio de novembro\",\"datePublished\":\"2022-10-25T15:04:09+00:00\",\"dateModified\":\"2022-10-25T15:07:39+00:00\",\"mainEntityOfPage\":{\"@id\":\"https:\\\/\\\/jornalbeirario.com.br\\\/portal\\\/?p=94804\"},\"wordCount\":308,\"commentCount\":0,\"publisher\":{\"@id\":\"https:\\\/\\\/jornalbeirario.com.br\\\/portal\\\/#organization\"},\"image\":{\"@id\":\"https:\\\/\\\/jornalbeirario.com.br\\\/portal\\\/?p=94804#primaryimage\"},\"thumbnailUrl\":\"https:\\\/\\\/jornalbeirario.com.br\\\/portal\\\/wp-content\\\/uploads\\\/2015\\\/01\\\/cuidar1.jpg\",\"articleSection\":[\"Educa\u00e7\u00e3o\",\"Rio de Janeiro\"],\"inLanguage\":\"pt-BR\",\"potentialAction\":[{\"@type\":\"CommentAction\",\"name\":\"Comment\",\"target\":[\"https:\\\/\\\/jornalbeirario.com.br\\\/portal\\\/?p=94804#respond\"]}]},{\"@type\":\"WebPage\",\"@id\":\"https:\\\/\\\/jornalbeirario.com.br\\\/portal\\\/?p=94804\",\"url\":\"https:\\\/\\\/jornalbeirario.com.br\\\/portal\\\/?p=94804\",\"name\":\"Seeduc come\u00e7ar\u00e1 per\u00edodo de renova\u00e7\u00e3o de matr\u00edculas no in\u00edcio de novembro - JORNAL BEIRA RIO\",\"isPartOf\":{\"@id\":\"https:\\\/\\\/jornalbeirario.com.br\\\/portal\\\/#website\"},\"primaryImageOfPage\":{\"@id\":\"https:\\\/\\\/jornalbeirario.com.br\\\/portal\\\/?p=94804#primaryimage\"},\"image\":{\"@id\":\"https:\\\/\\\/jornalbeirario.com.br\\\/portal\\\/?p=94804#primaryimage\"},\"thumbnailUrl\":\"https:\\\/\\\/jornalbeirario.com.br\\\/portal\\\/wp-content\\\/uploads\\\/2015\\\/01\\\/cuidar1.jpg\",\"datePublished\":\"2022-10-25T15:04:09+00:00\",\"dateModified\":\"2022-10-25T15:07:39+00:00\",\"breadcrumb\":{\"@id\":\"https:\\\/\\\/jornalbeirario.com.br\\\/portal\\\/?p=94804#breadcrumb\"},\"inLanguage\":\"pt-BR\",\"potentialAction\":[{\"@type\":\"ReadAction\",\"target\":[\"https:\\\/\\\/jornalbeirario.com.br\\\/portal\\\/?p=94804\"]}]},{\"@type\":\"ImageObject\",\"inLanguage\":\"pt-BR\",\"@id\":\"https:\\\/\\\/jornalbeirario.com.br\\\/portal\\\/?p=94804#primaryimage\",\"url\":\"https:\\\/\\\/jornalbeirario.com.br\\\/portal\\\/wp-content\\\/uploads\\\/2015\\\/01\\\/cuidar1.jpg\",\"contentUrl\":\"https:\\\/\\\/jornalbeirario.com.br\\\/portal\\\/wp-content\\\/uploads\\\/2015\\\/01\\\/cuidar1.jpg\",\"width\":\"640\",\"height\":\"480\",\"caption\":\"Parte dos funcion\u00e1rios trabalham no C. E. Jo\u00e3o Maia\"},{\"@type\":\"BreadcrumbList\",\"@id\":\"https:\\\/\\\/jornalbeirario.com.br\\\/portal\\\/?p=94804#breadcrumb\",\"itemListElement\":[{\"@type\":\"ListItem\",\"position\":1,\"name\":\"Home\",\"item\":\"https:\\\/\\\/jornalbeirario.com.br\\\/portal\"},{\"@type\":\"ListItem\",\"position\":2,\"name\":\"Seeduc come\u00e7ar\u00e1 per\u00edodo de renova\u00e7\u00e3o de matr\u00edculas no in\u00edcio de novembro\"}]},{\"@type\":\"WebSite\",\"@id\":\"https:\\\/\\\/jornalbeirario.com.br\\\/portal\\\/#website\",\"url\":\"https:\\\/\\\/jornalbeirario.com.br\\\/portal\\\/\",\"name\":\"JORNAL BEIRA RIO\",\"description\":\"\",\"publisher\":{\"@id\":\"https:\\\/\\\/jornalbeirario.com.br\\\/portal\\\/#organization\"},\"potentialAction\":[{\"@type\":\"SearchAction\",\"target\":{\"@type\":\"EntryPoint\",\"urlTemplate\":\"https:\\\/\\\/jornalbeirario.com.br\\\/portal\\\/?s={search_term_string}\"},\"query-input\":{\"@type\":\"PropertyValueSpecification\",\"valueRequired\":true,\"valueName\":\"search_term_string\"}}],\"inLanguage\":\"pt-BR\"},{\"@type\":\"Organization\",\"@id\":\"https:\\\/\\\/jornalbeirario.com.br\\\/portal\\\/#organization\",\"name\":\"JORNAL BEIRA RIO\",\"url\":\"https:\\\/\\\/jornalbeirario.com.br\\\/portal\\\/\",\"logo\":{\"@type\":\"ImageObject\",\"inLanguage\":\"pt-BR\",\"@id\":\"https:\\\/\\\/jornalbeirario.com.br\\\/portal\\\/#\\\/schema\\\/logo\\\/image\\\/\",\"url\":\"https:\\\/\\\/jornalbeirario.com.br\\\/portal\\\/wp-content\\\/uploads\\\/2017\\\/09\\\/BEIRA-RIO_logo600.png\",\"contentUrl\":\"https:\\\/\\\/jornalbeirario.com.br\\\/portal\\\/wp-content\\\/uploads\\\/2017\\\/09\\\/BEIRA-RIO_logo600.png\",\"width\":650,\"height\":108,\"caption\":\"JORNAL BEIRA RIO\"},\"image\":{\"@id\":\"https:\\\/\\\/jornalbeirario.com.br\\\/portal\\\/#\\\/schema\\\/logo\\\/image\\\/\"}},{\"@type\":\"Person\",\"@id\":\"https:\\\/\\\/jornalbeirario.com.br\\\/portal\\\/#\\\/schema\\\/person\\\/c6c423e4c2465d2a9233f6539173e7c1\",\"name\":\"Jornal BEIRA-RIO\",\"image\":{\"@type\":\"ImageObject\",\"inLanguage\":\"pt-BR\",\"@id\":\"https:\\\/\\\/jornalbeirario.com.br\\\/portal\\\/wp-content\\\/uploads\\\/2023\\\/10\\\/logojbr1.jpg\",\"url\":\"https:\\\/\\\/jornalbeirario.com.br\\\/portal\\\/wp-content\\\/uploads\\\/2023\\\/10\\\/logojbr1.jpg\",\"contentUrl\":\"https:\\\/\\\/jornalbeirario.com.br\\\/portal\\\/wp-content\\\/uploads\\\/2023\\\/10\\\/logojbr1.jpg\",\"caption\":\"Jornal BEIRA-RIO\"},\"url\":\"https:\\\/\\\/jornalbeirario.com.br\\\/portal\\\/?author=1\"}]}<\/script>\n<!-- \/ Yoast SEO plugin. -->","yoast_head_json":{"title":"Seeduc come\u00e7ar\u00e1 per\u00edodo de renova\u00e7\u00e3o de matr\u00edculas no in\u00edcio de novembro - JORNAL BEIRA RIO","robots":{"index":"index","follow":"follow","max-snippet":"max-snippet:-1","max-image-preview":"max-image-preview:large","max-video-preview":"max-video-preview:-1"},"canonical":"https:\/\/jornalbeirario.com.br\/portal\/?p=94804","og_locale":"pt_BR","og_type":"article","og_title":"Seeduc come\u00e7ar\u00e1 per\u00edodo de renova\u00e7\u00e3o de matr\u00edculas no in\u00edcio de novembro - JORNAL BEIRA RIO","og_description":"Come\u00e7a no pr\u00f3ximo dia 3 de novembro o per\u00edodo de renova\u00e7\u00e3o de matr\u00edculas na rede estadual de ensino do estado do Rio de Janeiro","og_url":"https:\/\/jornalbeirario.com.br\/portal\/?p=94804","og_site_name":"JORNAL BEIRA RIO","article_published_time":"2022-10-25T15:04:09+00:00","article_modified_time":"2022-10-25T15:07:39+00:00","og_image":[{"width":640,"height":480,"url":"https:\/\/jornalbeirario.com.br\/portal\/wp-content\/uploads\/2015\/01\/cuidar1.jpg","type":"image\/jpeg"}],"author":"Jornal BEIRA-RIO","twitter_card":"summary_large_image","twitter_misc":{"Escrito por":"Jornal BEIRA-RIO","Est. tempo de leitura":"1 minuto"},"schema":{"@context":"https:\/\/schema.org","@graph":[{"@type":"Article","@id":"https:\/\/jornalbeirario.com.br\/portal\/?p=94804#article","isPartOf":{"@id":"https:\/\/jornalbeirario.com.br\/portal\/?p=94804"},"author":{"name":"Jornal BEIRA-RIO","@id":"https:\/\/jornalbeirario.com.br\/portal\/#\/schema\/person\/c6c423e4c2465d2a9233f6539173e7c1"},"headline":"Seeduc come\u00e7ar\u00e1 per\u00edodo de renova\u00e7\u00e3o de matr\u00edculas no in\u00edcio de novembro","datePublished":"2022-10-25T15:04:09+00:00","dateModified":"2022-10-25T15:07:39+00:00","mainEntityOfPage":{"@id":"https:\/\/jornalbeirario.com.br\/portal\/?p=94804"},"wordCount":308,"commentCount":0,"publisher":{"@id":"https:\/\/jornalbeirario.com.br\/portal\/#organization"},"image":{"@id":"https:\/\/jornalbeirario.com.br\/portal\/?p=94804#primaryimage"},"thumbnailUrl":"https:\/\/jornalbeirario.com.br\/portal\/wp-content\/uploads\/2015\/01\/cuidar1.jpg","articleSection":["Educa\u00e7\u00e3o","Rio de Janeiro"],"inLanguage":"pt-BR","potentialAction":[{"@type":"CommentAction","name":"Comment","target":["https:\/\/jornalbeirario.com.br\/portal\/?p=94804#respond"]}]},{"@type":"WebPage","@id":"https:\/\/jornalbeirario.com.br\/portal\/?p=94804","url":"https:\/\/jornalbeirario.com.br\/portal\/?p=94804","name":"Seeduc come\u00e7ar\u00e1 per\u00edodo de renova\u00e7\u00e3o de matr\u00edculas no in\u00edcio de novembro - JORNAL BEIRA RIO","isPartOf":{"@id":"https:\/\/jornalbeirario.com.br\/portal\/#website"},"primaryImageOfPage":{"@id":"https:\/\/jornalbeirario.com.br\/portal\/?p=94804#primaryimage"},"image":{"@id":"https:\/\/jornalbeirario.com.br\/portal\/?p=94804#primaryimage"},"thumbnailUrl":"https:\/\/jornalbeirario.com.br\/portal\/wp-content\/uploads\/2015\/01\/cuidar1.jpg","datePublished":"2022-10-25T15:04:09+00:00","dateModified":"2022-10-25T15:07:39+00:00","breadcrumb":{"@id":"https:\/\/jornalbeirario.com.br\/portal\/?p=94804#breadcrumb"},"inLanguage":"pt-BR","potentialAction":[{"@type":"ReadAction","target":["https:\/\/jornalbeirario.com.br\/portal\/?p=94804"]}]},{"@type":"ImageObject","inLanguage":"pt-BR","@id":"https:\/\/jornalbeirario.com.br\/portal\/?p=94804#primaryimage","url":"https:\/\/jornalbeirario.com.br\/portal\/wp-content\/uploads\/2015\/01\/cuidar1.jpg","contentUrl":"https:\/\/jornalbeirario.com.br\/portal\/wp-content\/uploads\/2015\/01\/cuidar1.jpg","width":"640","height":"480","caption":"Parte dos funcion\u00e1rios trabalham no C. E. Jo\u00e3o Maia"},{"@type":"BreadcrumbList","@id":"https:\/\/jornalbeirario.com.br\/portal\/?p=94804#breadcrumb","itemListElement":[{"@type":"ListItem","position":1,"name":"Home","item":"https:\/\/jornalbeirario.com.br\/portal"},{"@type":"ListItem","position":2,"name":"Seeduc come\u00e7ar\u00e1 per\u00edodo de renova\u00e7\u00e3o de matr\u00edculas no in\u00edcio de novembro"}]},{"@type":"WebSite","@id":"https:\/\/jornalbeirario.com.br\/portal\/#website","url":"https:\/\/jornalbeirario.com.br\/portal\/","name":"JORNAL BEIRA RIO","description":"","publisher":{"@id":"https:\/\/jornalbeirario.com.br\/portal\/#organization"},"potentialAction":[{"@type":"SearchAction","target":{"@type":"EntryPoint","urlTemplate":"https:\/\/jornalbeirario.com.br\/portal\/?s={search_term_string}"},"query-input":{"@type":"PropertyValueSpecification","valueRequired":true,"valueName":"search_term_string"}}],"inLanguage":"pt-BR"},{"@type":"Organization","@id":"https:\/\/jornalbeirario.com.br\/portal\/#organization","name":"JORNAL BEIRA RIO","url":"https:\/\/jornalbeirario.com.br\/portal\/","logo":{"@type":"ImageObject","inLanguage":"pt-BR","@id":"https:\/\/jornalbeirario.com.br\/portal\/#\/schema\/logo\/image\/","url":"https:\/\/jornalbeirario.com.br\/portal\/wp-content\/uploads\/2017\/09\/BEIRA-RIO_logo600.png","contentUrl":"https:\/\/jornalbeirario.com.br\/portal\/wp-content\/uploads\/2017\/09\/BEIRA-RIO_logo600.png","width":650,"height":108,"caption":"JORNAL BEIRA RIO"},"image":{"@id":"https:\/\/jornalbeirario.com.br\/portal\/#\/schema\/logo\/image\/"}},{"@type":"Person","@id":"https:\/\/jornalbeirario.com.br\/portal\/#\/schema\/person\/c6c423e4c2465d2a9233f6539173e7c1","name":"Jornal BEIRA-RIO","image":{"@type":"ImageObject","inLanguage":"pt-BR","@id":"https:\/\/jornalbeirario.com.br\/portal\/wp-content\/uploads\/2023\/10\/logojbr1.jpg","url":"https:\/\/jornalbeirario.com.br\/portal\/wp-content\/uploads\/2023\/10\/logojbr1.jpg","contentUrl":"https:\/\/jornalbeirario.com.br\/portal\/wp-content\/uploads\/2023\/10\/logojbr1.jpg","caption":"Jornal BEIRA-RIO"},"url":"https:\/\/jornalbeirario.com.br\/portal\/?author=1"}]}},"_links":{"self":[{"href":"https:\/\/jornalbeirario.com.br\/portal\/index.php?rest_route=\/wp\/v2\/posts\/94804","targetHints":{"allow":["GET"]}}],"collection":[{"href":"https:\/\/jornalbeirario.com.br\/portal\/index.php?rest_route=\/wp\/v2\/posts"}],"about":[{"href":"https:\/\/jornalbeirario.com.br\/portal\/index.php?rest_route=\/wp\/v2\/types\/post"}],"author":[{"embeddable":true,"href":"https:\/\/jornalbeirario.com.br\/portal\/index.php?rest_route=\/wp\/v2\/users\/1"}],"replies":[{"embeddable":true,"href":"https:\/\/jornalbeirario.com.br\/portal\/index.php?rest_route=%2Fwp%2Fv2%2Fcomments&post=94804"}],"version-history":[{"count":9,"href":"https:\/\/jornalbeirario.com.br\/portal\/index.php?rest_route=\/wp\/v2\/posts\/94804\/revisions"}],"predecessor-version":[{"id":94813,"href":"https:\/\/jornalbeirario.com.br\/portal\/index.php?rest_route=\/wp\/v2\/posts\/94804\/revisions\/94813"}],"wp:featuredmedia":[{"embeddable":true,"href":"https:\/\/jornalbeirario.com.br\/portal\/index.php?rest_route=\/wp\/v2\/media\/27814"}],"wp:attachment":[{"href":"https:\/\/jornalbeirario.com.br\/portal\/index.php?rest_route=%2Fwp%2Fv2%2Fmedia&parent=94804"}],"wp:term":[{"taxonomy":"category","embeddable":true,"href":"https:\/\/jornalbeirario.com.br\/portal\/index.php?rest_route=%2Fwp%2Fv2%2Fcategories&post=94804"},{"taxonomy":"post_tag","embeddable":true,"href":"https:\/\/jornalbeirario.com.br\/portal\/index.php?rest_route=%2Fwp%2Fv2%2Ftags&post=94804"}],"curies":[{"name":"wp","href":"https:\/\/api.w.org\/{rel}","templated":true}]}}