
{"id":94782,"date":"2022-10-25T10:37:35","date_gmt":"2022-10-25T13:37:35","guid":{"rendered":"http:\/\/jornalbeirario.com.br\/portal\/?p=94782"},"modified":"2022-10-25T11:25:58","modified_gmt":"2022-10-25T14:25:58","slug":"orcamento-de-2023-sera-discutido-em-sessao-da-alerj-nesta-terca-feira","status":"publish","type":"post","link":"https:\/\/jornalbeirario.com.br\/portal\/?p=94782","title":{"rendered":"Or\u00e7amento de 2023 ser\u00e1 discutido em sess\u00e3o da Alerj nesta ter\u00e7a-feira"},"content":{"rendered":"<p style=\"text-align: justify;\"><img loading=\"lazy\" decoding=\"async\" class=\"alignleft size-thumbnail wp-image-85766\" src=\"https:\/\/jornalbeirario.com.br\/portal\/wp-content\/uploads\/2022\/03\/logo-jbr-carimbo1-150x150.png\" alt=\"\" width=\"150\" height=\"150\" srcset=\"https:\/\/jornalbeirario.com.br\/portal\/wp-content\/uploads\/2022\/03\/logo-jbr-carimbo1-150x150.png 150w, https:\/\/jornalbeirario.com.br\/portal\/wp-content\/uploads\/2022\/03\/logo-jbr-carimbo1-215x215.png 215w\" sizes=\"auto, (max-width: 150px) 100vw, 150px\" \/><\/p>\n<figure id=\"attachment_94798\" aria-describedby=\"caption-attachment-94798\" style=\"width: 300px\" class=\"wp-caption alignright\"><img loading=\"lazy\" decoding=\"async\" class=\"size-medium wp-image-94798\" src=\"https:\/\/jornalbeirario.com.br\/portal\/wp-content\/uploads\/2022\/10\/aprovacaoloa3-300x199.jpg\" alt=\"\" width=\"300\" height=\"199\" srcset=\"https:\/\/jornalbeirario.com.br\/portal\/wp-content\/uploads\/2022\/10\/aprovacaoloa3-300x199.jpg 300w, https:\/\/jornalbeirario.com.br\/portal\/wp-content\/uploads\/2022\/10\/aprovacaoloa3.jpg 722w\" sizes=\"auto, (max-width: 300px) 100vw, 300px\" \/><figcaption id=\"caption-attachment-94798\" class=\"wp-caption-text\">PL que gerou discuss\u00f5es em aprova\u00e7\u00e3o de parecer come\u00e7a a ser discutida nesta semana (Foto: Thiago Lontra\/Divulga\u00e7\u00e3o Alerj)<\/figcaption><\/figure>\n<p style=\"text-align: justify;\">Ser\u00e1 discutido em regime de prioridade pelos parlamentares da Assembleia Legislativa do Estado do Rio de Janeiro (Alerj) nesta ter\u00e7a-feira, dia 25, o Projeto da Lei Or\u00e7ament\u00e1ria Anual (LOA) de 2023 (PL 6.413\/22). Esta \u00e9 a primeira de duas discuss\u00f5es em plen\u00e1rio sobre a proposta. A estimativa do Executivo \u00e9 que, no pr\u00f3ximo ano, a receita l\u00edquida seja de R$ 97,4 bilh\u00f5es, com despesas no mesmo valor, ou seja, sem d\u00e9ficit or\u00e7ament\u00e1rio. Os deputados tamb\u00e9m poder\u00e3o discutir o projeto de revis\u00e3o do Plano Plurianual (PPA) de 2020-23 (PL 6.412\/22).<\/p>\n<p style=\"text-align: justify;\">As duas propostas receberam parecer pr\u00e9vio favor\u00e1vel da Comiss\u00e3o de Or\u00e7amento <a href=\"https:\/\/jornalbeirario.com.br\/portal\/?p=94591\">durante audi\u00eancia p\u00fablica ocorrida na semana passada<\/a>. O autor dos pareceres foi o presidente da comiss\u00e3o, deputado M\u00e1rcio Canella (Uni\u00e3o).<\/p>\n<p style=\"text-align: justify;\">Durante a audi\u00eancia p\u00fablica, o secret\u00e1rio de Estado de Planejamento e Gest\u00e3o, Nelson Rocha, apresentou os principais pontos das duas medidas. \u201cN\u00e3o apresentar d\u00e9ficit \u00e9 um fato extremamente positivo, pois demonstra que as contas do governo est\u00e3o equilibradas e que estamos trabalhando para que o Rio n\u00e3o venha a se endividar, como aconteceu no passado e tivemos que renegociar o montante do d\u00e9bito\u201d, explicou.<\/p>\n<p style=\"text-align: justify;\">O secret\u00e1rio se referiu \u00e0 ades\u00e3o do Estado do Rio ao novo Regime de Recupera\u00e7\u00e3o Fiscal (RRF). O acordo, assinado em julho deste ano, s\u00f3 foi poss\u00edvel ap\u00f3s a Alerj ter aprovado diversas medidas como contrapartidas, como a Reforma da Previd\u00eancia estadual, um novo teto de gastos e o fim dos tri\u00eanios funcion\u00e1rios que ingressarem no servi\u00e7o p\u00fablico ap\u00f3s a aprova\u00e7\u00e3o do RRF. A medida permite o alongamento do prazo para pagamento das d\u00edvidas com a Uni\u00e3o, que s\u00e3o estimadas em R$ 148,1 bilh\u00f5es.<\/p>\n<p style=\"text-align: justify;\">Ainda segundo Nelson Rocha, o governo j\u00e1 realizou o or\u00e7amento de 2023 contando com o reajuste dos servidores p\u00fablicos em janeiro, garantido pela Lei 9.436\/21, que estipulou recomposi\u00e7\u00e3o salarial dos servidores retroativos a setembro de 2017.<\/p>\n<p style=\"text-align: justify;\">No entanto, os projetos tamb\u00e9m receberam cr\u00edticas por parte de alguns parlamentares. No caso do deputado Luiz Paulo (PSD), as cr\u00edticas explicitadas em seus votos em separado favor\u00e1veis com ressalvas aos projetos, dizem respeito, sobretudo, \u00e0s previs\u00f5es de arrecada\u00e7\u00e3o do Imposto sobre Circula\u00e7\u00e3o de Mercadorias e Servi\u00e7os (ICMS).<\/p>\n<p style=\"text-align: justify;\">O c\u00e1lculo do Estado \u00e9 que sejam arrecadados R$ 44,8 bilh\u00f5es em ICMS no ano que vem, menos do que o previsto na Lei de Diretrizes Or\u00e7ament\u00e1rias (LDO) de 2023, que era de aproximadamente R$ 50 bilh\u00f5es. Uma queda de aproximadamente R$ 5 bilh\u00f5es. J\u00e1 a estimativa de ren\u00fancia fiscal em 2023 \u00e9 de R$ 20 bilh\u00f5es. Esse valor \u00e9 relativo aos benef\u00edcios e incentivos fiscais concedidos pelo Estado do Rio.<\/p>\n<p style=\"text-align: justify;\">A justificativa do governo para essa queda de arrecada\u00e7\u00e3o do imposto foi a entrada em vigor da Lei Complementar Federal 194\/22, que fixou uma al\u00edquota de 18% sobre combust\u00edveis, energia el\u00e9trica, g\u00e1s natural, telecomunica\u00e7\u00f5es e transporte p\u00fablico. O objetivo foi diminuir o valor de todos esses servi\u00e7os.<\/p>\n<p style=\"text-align: justify;\">Outro tema amplamente debatido na audi\u00eancia p\u00fablica foi a queda de despesas de alguns setores comparando a LOA de 2022 com o projeto or\u00e7ament\u00e1rio de 2023. Ao se comparar o or\u00e7amento global, a \u00e1rea de assist\u00eancia social, por exemplo, recebeu R$ 1,4 bilh\u00f5es em 2022 e tem previs\u00e3o de receber 1,06 bilh\u00f5es em 2023. Outra queda seria na habita\u00e7\u00e3o, que teve um aporte estimado em R$ 634 milh\u00f5es este ano e a previs\u00e3o para 2023 \u00e9 de R$ 291 milh\u00f5es.<\/p>\n<p style=\"text-align: justify;\">A deputada Martha Rocha (PDT) indagou sobre essas perdas or\u00e7ament\u00e1rias ao secret\u00e1rio Nelson Rocha. \u201cO Estado do Rio se caracteriza por altos \u00edndices de desemprego, de desigualdade social e por ter uma parcela da popula\u00e7\u00e3o que passa fome. Eu vou estar atento aos investimentos colocados e aportados na assist\u00eancia social\u201d, afirmou a parlamentar.<\/p>\n<p style=\"text-align: justify;\">Em resposta, o secret\u00e1rio afirmou que alguns setores tiveram o or\u00e7amento diminu\u00eddo pois, em 2022, contaram com mais investimentos decorrentes da aliena\u00e7\u00e3o de parte das a\u00e7\u00f5es da Companhia Estadual de \u00c1guas e Esgotos (Cedae). Segundo Nelson Rocha, ao tirar os recursos com a venda da Cedae, a \u00e1rea de assist\u00eancia social teve R$ 1,05 bilh\u00f5es em 2022.<\/p>\n<p style=\"text-align: justify;\">Entre as principais receitas estaduais destacam-se a arrecada\u00e7\u00e3o do ICMS prevista em R$ 44,8 bilh\u00f5es, bem como os royalties e participa\u00e7\u00f5es especiais de petr\u00f3leo, que s\u00e3o estimadas em R$ 27,7 bilh\u00f5es. A metodologia para previs\u00e3o das receitas levou em conta dados do Boletim Focus, do Banco Central do Brasil (BCB), emitido em julho de 2022, que projeta crescimento real do Produto Interno Bruto (PIB) brasileiro em 0,5%, para 2023; bem como a infla\u00e7\u00e3o baseada no \u00edndice de varia\u00e7\u00e3o de pre\u00e7os medido pelo IPCA, estimado em 5,1%.<\/p>\n<p style=\"text-align: justify;\">J\u00e1 as receitas de petr\u00f3leo foram baseadas na produ\u00e7\u00e3o prevista pela Ag\u00eancia Nacional de Petr\u00f3leo, G\u00e1s Natural e Biocombust\u00edveis (ANP), com uma taxa de c\u00e2mbio de R$\/US$ 5,10 e com o pre\u00e7o internacional do barril previsto em US$ 93,75 para 2023.<\/p>\n<p style=\"text-align: justify;\">As despesas previstas em R$ 94,7 bilh\u00f5es, ser\u00e3o divididas majoritariamente entre as \u00e1reas de Seguran\u00e7a P\u00fablica (R$ 15,8 bilh\u00f5es); Sa\u00fade (R$ 9,7 bilh\u00f5es); Educa\u00e7\u00e3o (R$ 9,2 bilh\u00f5es) e Transportes (R$ 1,4 bilh\u00f5es). Os custos previstos para 2023 com a Previd\u00eancia Social s\u00e3o de R$ 30 bilh\u00f5es. Com rela\u00e7\u00e3o aos outros poderes, o Legislativo (Alerj e Tribunal de Contas do Estado) tem previs\u00e3o de receber R$ 2,1 bilh\u00f5es e o Judici\u00e1rio R$ 6,5 bilh\u00f5es. J\u00e1 a Defensoria P\u00fablica receber\u00e1 R$ 1 bilh\u00f5es; e o Minist\u00e9rio P\u00fablico, R$ 2,3 bilh\u00f5es.<\/p>\n<p style=\"text-align: justify;\">Ap\u00f3s as duas discuss\u00f5es em plen\u00e1rio, os parlamentares ter\u00e3o cinco dias \u00fateis para elaborarem emendas ao texto, com o prazo se encerrando no dia 3 de novembro. Depois deste prazo, a Comiss\u00e3o de Or\u00e7amento voltar\u00e1 a se reunir para elaborar parecer com rela\u00e7\u00e3o \u00e0s emendas. A reuni\u00e3o est\u00e1 prevista para o dia 22 de novembro. A reda\u00e7\u00e3o final das duas propostas deve ser votada em plen\u00e1rio at\u00e9 o dia primeiro de dezembro.<\/p>\n","protected":false},"excerpt":{"rendered":"<p>Ser\u00e1 discutido em regime de prioridade pelos parlamentares da Assembleia Legislativa do Estado do Rio de Janeiro (Alerj) nesta ter\u00e7a-feira, dia 25, o Projeto<\/p>\n","protected":false},"author":1,"featured_media":94599,"comment_status":"open","ping_status":"open","sticky":false,"template":"","format":"standard","meta":{"pmpro_default_level":"","footnotes":""},"categories":[227,11,158],"tags":[],"class_list":["post-94782","post","type-post","status-publish","format-standard","has-post-thumbnail","hentry","category-manchete","category-politica","category-rio-de-janeiro","pmpro-has-access"],"yoast_head":"<!-- This site is optimized with the Yoast SEO plugin v27.4 - https:\/\/yoast.com\/product\/yoast-seo-wordpress\/ -->\n<title>Or\u00e7amento de 2023 ser\u00e1 discutido em sess\u00e3o da Alerj nesta ter\u00e7a-feira - JORNAL BEIRA RIO<\/title>\n<meta name=\"robots\" content=\"index, follow, max-snippet:-1, max-image-preview:large, max-video-preview:-1\" \/>\n<link rel=\"canonical\" href=\"https:\/\/jornalbeirario.com.br\/portal\/?p=94782\" \/>\n<meta property=\"og:locale\" content=\"pt_BR\" \/>\n<meta property=\"og:type\" content=\"article\" \/>\n<meta property=\"og:title\" content=\"Or\u00e7amento de 2023 ser\u00e1 discutido em sess\u00e3o da Alerj nesta ter\u00e7a-feira - JORNAL BEIRA RIO\" \/>\n<meta property=\"og:description\" content=\"Ser\u00e1 discutido em regime de prioridade pelos parlamentares da Assembleia Legislativa do Estado do Rio de Janeiro (Alerj) nesta ter\u00e7a-feira, dia 25, o Projeto\" \/>\n<meta property=\"og:url\" content=\"https:\/\/jornalbeirario.com.br\/portal\/?p=94782\" \/>\n<meta property=\"og:site_name\" content=\"JORNAL BEIRA RIO\" \/>\n<meta property=\"article:published_time\" content=\"2022-10-25T13:37:35+00:00\" \/>\n<meta property=\"article:modified_time\" content=\"2022-10-25T14:25:58+00:00\" \/>\n<meta property=\"og:image\" content=\"https:\/\/jornalbeirario.com.br\/portal\/wp-content\/uploads\/2022\/10\/aprovacaoloa1.jpg\" \/>\n\t<meta property=\"og:image:width\" content=\"1100\" \/>\n\t<meta property=\"og:image:height\" content=\"470\" \/>\n\t<meta property=\"og:image:type\" content=\"image\/jpeg\" \/>\n<meta name=\"author\" content=\"Jornal BEIRA-RIO\" \/>\n<meta name=\"twitter:card\" content=\"summary_large_image\" \/>\n<meta name=\"twitter:label1\" content=\"Escrito por\" \/>\n\t<meta name=\"twitter:data1\" content=\"Jornal BEIRA-RIO\" \/>\n\t<meta name=\"twitter:label2\" content=\"Est. tempo de leitura\" \/>\n\t<meta name=\"twitter:data2\" content=\"5 minutos\" \/>\n<script type=\"application\/ld+json\" class=\"yoast-schema-graph\">{\"@context\":\"https:\\\/\\\/schema.org\",\"@graph\":[{\"@type\":\"Article\",\"@id\":\"https:\\\/\\\/jornalbeirario.com.br\\\/portal\\\/?p=94782#article\",\"isPartOf\":{\"@id\":\"https:\\\/\\\/jornalbeirario.com.br\\\/portal\\\/?p=94782\"},\"author\":{\"name\":\"Jornal BEIRA-RIO\",\"@id\":\"https:\\\/\\\/jornalbeirario.com.br\\\/portal\\\/#\\\/schema\\\/person\\\/c6c423e4c2465d2a9233f6539173e7c1\"},\"headline\":\"Or\u00e7amento de 2023 ser\u00e1 discutido em sess\u00e3o da Alerj nesta ter\u00e7a-feira\",\"datePublished\":\"2022-10-25T13:37:35+00:00\",\"dateModified\":\"2022-10-25T14:25:58+00:00\",\"mainEntityOfPage\":{\"@id\":\"https:\\\/\\\/jornalbeirario.com.br\\\/portal\\\/?p=94782\"},\"wordCount\":1084,\"commentCount\":0,\"publisher\":{\"@id\":\"https:\\\/\\\/jornalbeirario.com.br\\\/portal\\\/#organization\"},\"image\":{\"@id\":\"https:\\\/\\\/jornalbeirario.com.br\\\/portal\\\/?p=94782#primaryimage\"},\"thumbnailUrl\":\"https:\\\/\\\/jornalbeirario.com.br\\\/portal\\\/wp-content\\\/uploads\\\/2022\\\/10\\\/aprovacaoloa1.jpg\",\"articleSection\":[\"Manchete\",\"Pol\u00edtica\",\"Rio de Janeiro\"],\"inLanguage\":\"pt-BR\",\"potentialAction\":[{\"@type\":\"CommentAction\",\"name\":\"Comment\",\"target\":[\"https:\\\/\\\/jornalbeirario.com.br\\\/portal\\\/?p=94782#respond\"]}]},{\"@type\":\"WebPage\",\"@id\":\"https:\\\/\\\/jornalbeirario.com.br\\\/portal\\\/?p=94782\",\"url\":\"https:\\\/\\\/jornalbeirario.com.br\\\/portal\\\/?p=94782\",\"name\":\"Or\u00e7amento de 2023 ser\u00e1 discutido em sess\u00e3o da Alerj nesta ter\u00e7a-feira - JORNAL BEIRA RIO\",\"isPartOf\":{\"@id\":\"https:\\\/\\\/jornalbeirario.com.br\\\/portal\\\/#website\"},\"primaryImageOfPage\":{\"@id\":\"https:\\\/\\\/jornalbeirario.com.br\\\/portal\\\/?p=94782#primaryimage\"},\"image\":{\"@id\":\"https:\\\/\\\/jornalbeirario.com.br\\\/portal\\\/?p=94782#primaryimage\"},\"thumbnailUrl\":\"https:\\\/\\\/jornalbeirario.com.br\\\/portal\\\/wp-content\\\/uploads\\\/2022\\\/10\\\/aprovacaoloa1.jpg\",\"datePublished\":\"2022-10-25T13:37:35+00:00\",\"dateModified\":\"2022-10-25T14:25:58+00:00\",\"breadcrumb\":{\"@id\":\"https:\\\/\\\/jornalbeirario.com.br\\\/portal\\\/?p=94782#breadcrumb\"},\"inLanguage\":\"pt-BR\",\"potentialAction\":[{\"@type\":\"ReadAction\",\"target\":[\"https:\\\/\\\/jornalbeirario.com.br\\\/portal\\\/?p=94782\"]}]},{\"@type\":\"ImageObject\",\"inLanguage\":\"pt-BR\",\"@id\":\"https:\\\/\\\/jornalbeirario.com.br\\\/portal\\\/?p=94782#primaryimage\",\"url\":\"https:\\\/\\\/jornalbeirario.com.br\\\/portal\\\/wp-content\\\/uploads\\\/2022\\\/10\\\/aprovacaoloa1.jpg\",\"contentUrl\":\"https:\\\/\\\/jornalbeirario.com.br\\\/portal\\\/wp-content\\\/uploads\\\/2022\\\/10\\\/aprovacaoloa1.jpg\",\"width\":1100,\"height\":470,\"caption\":\"Deputado Luiz Paulo criticou estimativa de arrecada\u00e7\u00e3o do ICMS e como imposto ser\u00e1 legislado no estado (Fotos: Thiago Lontra\\\/Divulga\u00e7\u00e3o Alerj)\"},{\"@type\":\"BreadcrumbList\",\"@id\":\"https:\\\/\\\/jornalbeirario.com.br\\\/portal\\\/?p=94782#breadcrumb\",\"itemListElement\":[{\"@type\":\"ListItem\",\"position\":1,\"name\":\"Home\",\"item\":\"https:\\\/\\\/jornalbeirario.com.br\\\/portal\"},{\"@type\":\"ListItem\",\"position\":2,\"name\":\"Or\u00e7amento de 2023 ser\u00e1 discutido em sess\u00e3o da Alerj nesta ter\u00e7a-feira\"}]},{\"@type\":\"WebSite\",\"@id\":\"https:\\\/\\\/jornalbeirario.com.br\\\/portal\\\/#website\",\"url\":\"https:\\\/\\\/jornalbeirario.com.br\\\/portal\\\/\",\"name\":\"JORNAL BEIRA RIO\",\"description\":\"\",\"publisher\":{\"@id\":\"https:\\\/\\\/jornalbeirario.com.br\\\/portal\\\/#organization\"},\"potentialAction\":[{\"@type\":\"SearchAction\",\"target\":{\"@type\":\"EntryPoint\",\"urlTemplate\":\"https:\\\/\\\/jornalbeirario.com.br\\\/portal\\\/?s={search_term_string}\"},\"query-input\":{\"@type\":\"PropertyValueSpecification\",\"valueRequired\":true,\"valueName\":\"search_term_string\"}}],\"inLanguage\":\"pt-BR\"},{\"@type\":\"Organization\",\"@id\":\"https:\\\/\\\/jornalbeirario.com.br\\\/portal\\\/#organization\",\"name\":\"JORNAL BEIRA RIO\",\"url\":\"https:\\\/\\\/jornalbeirario.com.br\\\/portal\\\/\",\"logo\":{\"@type\":\"ImageObject\",\"inLanguage\":\"pt-BR\",\"@id\":\"https:\\\/\\\/jornalbeirario.com.br\\\/portal\\\/#\\\/schema\\\/logo\\\/image\\\/\",\"url\":\"https:\\\/\\\/jornalbeirario.com.br\\\/portal\\\/wp-content\\\/uploads\\\/2017\\\/09\\\/BEIRA-RIO_logo600.png\",\"contentUrl\":\"https:\\\/\\\/jornalbeirario.com.br\\\/portal\\\/wp-content\\\/uploads\\\/2017\\\/09\\\/BEIRA-RIO_logo600.png\",\"width\":650,\"height\":108,\"caption\":\"JORNAL BEIRA RIO\"},\"image\":{\"@id\":\"https:\\\/\\\/jornalbeirario.com.br\\\/portal\\\/#\\\/schema\\\/logo\\\/image\\\/\"}},{\"@type\":\"Person\",\"@id\":\"https:\\\/\\\/jornalbeirario.com.br\\\/portal\\\/#\\\/schema\\\/person\\\/c6c423e4c2465d2a9233f6539173e7c1\",\"name\":\"Jornal BEIRA-RIO\",\"image\":{\"@type\":\"ImageObject\",\"inLanguage\":\"pt-BR\",\"@id\":\"https:\\\/\\\/jornalbeirario.com.br\\\/portal\\\/wp-content\\\/uploads\\\/2023\\\/10\\\/logojbr1.jpg\",\"url\":\"https:\\\/\\\/jornalbeirario.com.br\\\/portal\\\/wp-content\\\/uploads\\\/2023\\\/10\\\/logojbr1.jpg\",\"contentUrl\":\"https:\\\/\\\/jornalbeirario.com.br\\\/portal\\\/wp-content\\\/uploads\\\/2023\\\/10\\\/logojbr1.jpg\",\"caption\":\"Jornal BEIRA-RIO\"},\"url\":\"https:\\\/\\\/jornalbeirario.com.br\\\/portal\\\/?author=1\"}]}<\/script>\n<!-- \/ Yoast SEO plugin. -->","yoast_head_json":{"title":"Or\u00e7amento de 2023 ser\u00e1 discutido em sess\u00e3o da Alerj nesta ter\u00e7a-feira - JORNAL BEIRA RIO","robots":{"index":"index","follow":"follow","max-snippet":"max-snippet:-1","max-image-preview":"max-image-preview:large","max-video-preview":"max-video-preview:-1"},"canonical":"https:\/\/jornalbeirario.com.br\/portal\/?p=94782","og_locale":"pt_BR","og_type":"article","og_title":"Or\u00e7amento de 2023 ser\u00e1 discutido em sess\u00e3o da Alerj nesta ter\u00e7a-feira - JORNAL BEIRA RIO","og_description":"Ser\u00e1 discutido em regime de prioridade pelos parlamentares da Assembleia Legislativa do Estado do Rio de Janeiro (Alerj) nesta ter\u00e7a-feira, dia 25, o Projeto","og_url":"https:\/\/jornalbeirario.com.br\/portal\/?p=94782","og_site_name":"JORNAL BEIRA RIO","article_published_time":"2022-10-25T13:37:35+00:00","article_modified_time":"2022-10-25T14:25:58+00:00","og_image":[{"width":1100,"height":470,"url":"https:\/\/jornalbeirario.com.br\/portal\/wp-content\/uploads\/2022\/10\/aprovacaoloa1.jpg","type":"image\/jpeg"}],"author":"Jornal BEIRA-RIO","twitter_card":"summary_large_image","twitter_misc":{"Escrito por":"Jornal BEIRA-RIO","Est. tempo de leitura":"5 minutos"},"schema":{"@context":"https:\/\/schema.org","@graph":[{"@type":"Article","@id":"https:\/\/jornalbeirario.com.br\/portal\/?p=94782#article","isPartOf":{"@id":"https:\/\/jornalbeirario.com.br\/portal\/?p=94782"},"author":{"name":"Jornal BEIRA-RIO","@id":"https:\/\/jornalbeirario.com.br\/portal\/#\/schema\/person\/c6c423e4c2465d2a9233f6539173e7c1"},"headline":"Or\u00e7amento de 2023 ser\u00e1 discutido em sess\u00e3o da Alerj nesta ter\u00e7a-feira","datePublished":"2022-10-25T13:37:35+00:00","dateModified":"2022-10-25T14:25:58+00:00","mainEntityOfPage":{"@id":"https:\/\/jornalbeirario.com.br\/portal\/?p=94782"},"wordCount":1084,"commentCount":0,"publisher":{"@id":"https:\/\/jornalbeirario.com.br\/portal\/#organization"},"image":{"@id":"https:\/\/jornalbeirario.com.br\/portal\/?p=94782#primaryimage"},"thumbnailUrl":"https:\/\/jornalbeirario.com.br\/portal\/wp-content\/uploads\/2022\/10\/aprovacaoloa1.jpg","articleSection":["Manchete","Pol\u00edtica","Rio de Janeiro"],"inLanguage":"pt-BR","potentialAction":[{"@type":"CommentAction","name":"Comment","target":["https:\/\/jornalbeirario.com.br\/portal\/?p=94782#respond"]}]},{"@type":"WebPage","@id":"https:\/\/jornalbeirario.com.br\/portal\/?p=94782","url":"https:\/\/jornalbeirario.com.br\/portal\/?p=94782","name":"Or\u00e7amento de 2023 ser\u00e1 discutido em sess\u00e3o da Alerj nesta ter\u00e7a-feira - JORNAL BEIRA RIO","isPartOf":{"@id":"https:\/\/jornalbeirario.com.br\/portal\/#website"},"primaryImageOfPage":{"@id":"https:\/\/jornalbeirario.com.br\/portal\/?p=94782#primaryimage"},"image":{"@id":"https:\/\/jornalbeirario.com.br\/portal\/?p=94782#primaryimage"},"thumbnailUrl":"https:\/\/jornalbeirario.com.br\/portal\/wp-content\/uploads\/2022\/10\/aprovacaoloa1.jpg","datePublished":"2022-10-25T13:37:35+00:00","dateModified":"2022-10-25T14:25:58+00:00","breadcrumb":{"@id":"https:\/\/jornalbeirario.com.br\/portal\/?p=94782#breadcrumb"},"inLanguage":"pt-BR","potentialAction":[{"@type":"ReadAction","target":["https:\/\/jornalbeirario.com.br\/portal\/?p=94782"]}]},{"@type":"ImageObject","inLanguage":"pt-BR","@id":"https:\/\/jornalbeirario.com.br\/portal\/?p=94782#primaryimage","url":"https:\/\/jornalbeirario.com.br\/portal\/wp-content\/uploads\/2022\/10\/aprovacaoloa1.jpg","contentUrl":"https:\/\/jornalbeirario.com.br\/portal\/wp-content\/uploads\/2022\/10\/aprovacaoloa1.jpg","width":1100,"height":470,"caption":"Deputado Luiz Paulo criticou estimativa de arrecada\u00e7\u00e3o do ICMS e como imposto ser\u00e1 legislado no estado (Fotos: Thiago Lontra\/Divulga\u00e7\u00e3o Alerj)"},{"@type":"BreadcrumbList","@id":"https:\/\/jornalbeirario.com.br\/portal\/?p=94782#breadcrumb","itemListElement":[{"@type":"ListItem","position":1,"name":"Home","item":"https:\/\/jornalbeirario.com.br\/portal"},{"@type":"ListItem","position":2,"name":"Or\u00e7amento de 2023 ser\u00e1 discutido em sess\u00e3o da Alerj nesta ter\u00e7a-feira"}]},{"@type":"WebSite","@id":"https:\/\/jornalbeirario.com.br\/portal\/#website","url":"https:\/\/jornalbeirario.com.br\/portal\/","name":"JORNAL BEIRA RIO","description":"","publisher":{"@id":"https:\/\/jornalbeirario.com.br\/portal\/#organization"},"potentialAction":[{"@type":"SearchAction","target":{"@type":"EntryPoint","urlTemplate":"https:\/\/jornalbeirario.com.br\/portal\/?s={search_term_string}"},"query-input":{"@type":"PropertyValueSpecification","valueRequired":true,"valueName":"search_term_string"}}],"inLanguage":"pt-BR"},{"@type":"Organization","@id":"https:\/\/jornalbeirario.com.br\/portal\/#organization","name":"JORNAL BEIRA RIO","url":"https:\/\/jornalbeirario.com.br\/portal\/","logo":{"@type":"ImageObject","inLanguage":"pt-BR","@id":"https:\/\/jornalbeirario.com.br\/portal\/#\/schema\/logo\/image\/","url":"https:\/\/jornalbeirario.com.br\/portal\/wp-content\/uploads\/2017\/09\/BEIRA-RIO_logo600.png","contentUrl":"https:\/\/jornalbeirario.com.br\/portal\/wp-content\/uploads\/2017\/09\/BEIRA-RIO_logo600.png","width":650,"height":108,"caption":"JORNAL BEIRA RIO"},"image":{"@id":"https:\/\/jornalbeirario.com.br\/portal\/#\/schema\/logo\/image\/"}},{"@type":"Person","@id":"https:\/\/jornalbeirario.com.br\/portal\/#\/schema\/person\/c6c423e4c2465d2a9233f6539173e7c1","name":"Jornal BEIRA-RIO","image":{"@type":"ImageObject","inLanguage":"pt-BR","@id":"https:\/\/jornalbeirario.com.br\/portal\/wp-content\/uploads\/2023\/10\/logojbr1.jpg","url":"https:\/\/jornalbeirario.com.br\/portal\/wp-content\/uploads\/2023\/10\/logojbr1.jpg","contentUrl":"https:\/\/jornalbeirario.com.br\/portal\/wp-content\/uploads\/2023\/10\/logojbr1.jpg","caption":"Jornal BEIRA-RIO"},"url":"https:\/\/jornalbeirario.com.br\/portal\/?author=1"}]}},"_links":{"self":[{"href":"https:\/\/jornalbeirario.com.br\/portal\/index.php?rest_route=\/wp\/v2\/posts\/94782","targetHints":{"allow":["GET"]}}],"collection":[{"href":"https:\/\/jornalbeirario.com.br\/portal\/index.php?rest_route=\/wp\/v2\/posts"}],"about":[{"href":"https:\/\/jornalbeirario.com.br\/portal\/index.php?rest_route=\/wp\/v2\/types\/post"}],"author":[{"embeddable":true,"href":"https:\/\/jornalbeirario.com.br\/portal\/index.php?rest_route=\/wp\/v2\/users\/1"}],"replies":[{"embeddable":true,"href":"https:\/\/jornalbeirario.com.br\/portal\/index.php?rest_route=%2Fwp%2Fv2%2Fcomments&post=94782"}],"version-history":[{"count":8,"href":"https:\/\/jornalbeirario.com.br\/portal\/index.php?rest_route=\/wp\/v2\/posts\/94782\/revisions"}],"predecessor-version":[{"id":94800,"href":"https:\/\/jornalbeirario.com.br\/portal\/index.php?rest_route=\/wp\/v2\/posts\/94782\/revisions\/94800"}],"wp:featuredmedia":[{"embeddable":true,"href":"https:\/\/jornalbeirario.com.br\/portal\/index.php?rest_route=\/wp\/v2\/media\/94599"}],"wp:attachment":[{"href":"https:\/\/jornalbeirario.com.br\/portal\/index.php?rest_route=%2Fwp%2Fv2%2Fmedia&parent=94782"}],"wp:term":[{"taxonomy":"category","embeddable":true,"href":"https:\/\/jornalbeirario.com.br\/portal\/index.php?rest_route=%2Fwp%2Fv2%2Fcategories&post=94782"},{"taxonomy":"post_tag","embeddable":true,"href":"https:\/\/jornalbeirario.com.br\/portal\/index.php?rest_route=%2Fwp%2Fv2%2Ftags&post=94782"}],"curies":[{"name":"wp","href":"https:\/\/api.w.org\/{rel}","templated":true}]}}