
{"id":9417,"date":"2013-05-17T12:02:48","date_gmt":"2013-05-17T12:02:48","guid":{"rendered":"http:\/\/jornalbeirario.com.br\/portal\/portal\/?p=9417"},"modified":"2013-05-17T12:02:48","modified_gmt":"2013-05-17T12:02:48","slug":"quem-pensa-10","status":"publish","type":"post","link":"https:\/\/jornalbeirario.com.br\/portal\/?p=9417","title":{"rendered":"QUEM PENSA?"},"content":{"rendered":"<p style=\"text-align: justify;\">Este assunto considero um dos mais importantes para debate hoje em dia no Brasil. At\u00e9 porque considero que boa parte das opini\u00f5es s\u00e3o meras reprodu\u00e7\u00f5es, sem argumenta\u00e7\u00e3o ou embasamento que realmente demonstre que a pris\u00e3o de menores de 18 anos levar\u00e1 a uma redu\u00e7\u00e3o da viol\u00eancia que vivemos hoje.<\/p>\n<p>\u00c9 inacredit\u00e1vel como a m\u00eddia (a considerada grande m\u00eddia) evita o debate e d\u00e1 muni\u00e7\u00e3o para quem \u00e9 favor\u00e1vel \u00e0 redu\u00e7\u00e3o da maioridade penal. As pessoas tendem a apoiar a medida baseadas nas consequ\u00eancias t\u00e3o mostradas &#8211; e reptidas &#8211; na m\u00eddia.<\/p>\n<p>Considero muito grave o que tem sido feito nos telejornais que parecem, nos \u00faltimos dias, se especializaram em mat\u00e9rias policiais envolvendo menores. Daqui a pouco, quem sabe, v\u00e3o sugerir, liberar os maiores da cadeia, para vagar espa\u00e7o para os menores.<\/p>\n<p>N\u00e3o vou me estender muito sobre este assunto, neste artigo porque quero reproduzir aqui o artigo do jurista Luis Fl\u00e1vio Gomes. Penso que podemos promover o debate sem paix\u00f5es, sem um olhar apenas nas consequ\u00eancias, e sobretudo, baseados nas pol\u00edticas p\u00fablicas.<\/p>\n<p>O artigo tem um complemento com uma tabela da idade penal em diversos pa\u00edses. No site http:\/\/atualidadesdodireito.com.br\/iab\/.<\/p>\n<p>LUIZ FL\u00c1VIO GOMES<\/p>\n<p>Uma primeira fal\u00e1cia, bastante difundida em tempos de desespero coletivo, desespero real (a sociedade vive com medo \u2013 Folha de S. Paulo de 01.05.13, p. 1) e, ao mesmo tempo, imagin\u00e1rio (por for\u00e7a da influ\u00eancia midi\u00e1tica), \u00e9 a seguinte: diferentemente do que muitos andam noticiando (equivocadamente), a maioria absoluta dos pa\u00edses preveem a responsabilidade penal do adulto a partir dos 18 anos. No que diz respeito \u00e0 responsabilidade penal do jovem, a maioria dos pa\u00edses adotam a idade de 12, 13 ou 14 anos. Veja a tabela abaixo, feita pelo Minist\u00e9rio P\u00fablico do Paran\u00e1 com dados da Unicef:<\/p>\n<p>A fal\u00e1cia de que a repress\u00e3o \u00e9 a solu\u00e7\u00e3o continua em voga. Mas enquanto n\u00e3o aprendermos aproveitar os bons momentos econ\u00f4micos (como este que estamos vivendo \u2013 7\u00aa economia mundial) para lutarmos por educa\u00e7\u00e3o de qualidade nas escolas, nenhuma evolu\u00e7\u00e3o significativa (do pa\u00eds como um todo) podemos esperar. Enquanto n\u00e3o buscarmos educa\u00e7\u00e3o nas escolas, efetiva e intensa, para as crian\u00e7as e adolescentes, os jovens ir\u00e3o, nas ruas, \u201ctreinando\u201d para o crime assim como para a boa produ\u00e7\u00e3o da nossa f\u00e1brica de carnes e ossos regados a sangue.A responsabilidade \u201cpenal\u201d do jovem, no Brasil, come\u00e7a aos 12 anos. Reduzir a idade da maioridade penal (18 anos) para 16 anos significa equiparar um jovem ao adulto. A irracionalidade da proposta s\u00f3 n\u00e3o \u00e9 superior ao desespero da sociedade brasileira, que est\u00e1 exausta de tanta delinqu\u00eancia e de tanta viol\u00eancia. Seu sentimento de impot\u00eancia \u00e9 alt\u00edssimo. O desequil\u00edbrio emocional \u00e9 patente. N\u00e3o vendo perspectiva para adotar uma decis\u00e3o racional (todas as crian\u00e7as e adolescentes dentro da escola, dos 6 aos 17 anos, das 8 \u00e0s 18h), parte-se para o irracional. A sociedade, em regra, \u201cprefere uma atua\u00e7\u00e3o irreflexiva que uma espera sensata\u201d (Dobelli).<\/p>\n<p>Estamos acostumados a chorar trag\u00e9dias e lutar muito pouco pelo \u00f3bvio, que consiste em tirar todas as crian\u00e7as e adolescentes das ruas, colocando-os nas escolas. Se voc\u00ea prefere usar o hoje para desfrutar do consumismo, use o amanh\u00e3 para refletir e agir para que possamos construir um Brasil forte e maduro.<\/p>\n<p>Se j\u00e1 cont\u00e1ssemos com maioridade social, cultural, emocional e racional, seguramente n\u00e3o estar\u00edamos discutindo a menoridade penal.<\/p>\n<p>N\u00e3o caia no erro l\u00f3gico da omiss\u00e3o, consolidado pelo Movimento de Maio de 1968 (na Fran\u00e7a) numa bel\u00edssima frase que dizia: \u201cSe voc\u00ea n\u00e3o forma parte da solu\u00e7\u00e3o, \u00e9 parte do problema\u201d. Se voc\u00ea n\u00e3o voltar seus olhos para a solu\u00e7\u00e3o correta dos nossos problemas, voc\u00ea quase que automaticamente (por a\u00e7\u00e3o ou omiss\u00e3o) \u00e9 parte deles.<\/p>\n<p>Luiz Fl\u00e1vio Gomes \u00e9 jurista, diretor-presidente do Instituto Avante Brasil e coeditor do portal atualidadesdodireito.com.br<\/p>\n","protected":false},"excerpt":{"rendered":"<p>Este assunto considero um dos mais importantes para debate hoje em dia no Brasil. At\u00e9 porque considero que boa parte das opini\u00f5es s\u00e3o meras<\/p>\n","protected":false},"author":1,"featured_media":0,"comment_status":"open","ping_status":"open","sticky":false,"template":"","format":"standard","meta":{"pmpro_default_level":"","footnotes":""},"categories":[8],"tags":[],"class_list":["post-9417","post","type-post","status-publish","format-standard","hentry","category-opiniao","pmpro-has-access"],"yoast_head":"<!-- This site is optimized with the Yoast SEO plugin v27.4 - https:\/\/yoast.com\/product\/yoast-seo-wordpress\/ -->\n<title>QUEM PENSA? - JORNAL BEIRA RIO<\/title>\n<meta name=\"robots\" content=\"index, follow, max-snippet:-1, max-image-preview:large, max-video-preview:-1\" \/>\n<link rel=\"canonical\" href=\"https:\/\/jornalbeirario.com.br\/portal\/?p=9417\" \/>\n<meta property=\"og:locale\" content=\"pt_BR\" \/>\n<meta property=\"og:type\" content=\"article\" \/>\n<meta property=\"og:title\" content=\"QUEM PENSA? - JORNAL BEIRA RIO\" \/>\n<meta property=\"og:description\" content=\"Este assunto considero um dos mais importantes para debate hoje em dia no Brasil. At\u00e9 porque considero que boa parte das opini\u00f5es s\u00e3o meras\" \/>\n<meta property=\"og:url\" content=\"https:\/\/jornalbeirario.com.br\/portal\/?p=9417\" \/>\n<meta property=\"og:site_name\" content=\"JORNAL BEIRA RIO\" \/>\n<meta property=\"article:published_time\" content=\"2013-05-17T12:02:48+00:00\" \/>\n<meta name=\"author\" content=\"Jornal BEIRA-RIO\" \/>\n<meta name=\"twitter:card\" content=\"summary_large_image\" \/>\n<meta name=\"twitter:label1\" content=\"Escrito por\" \/>\n\t<meta name=\"twitter:data1\" content=\"Jornal BEIRA-RIO\" \/>\n\t<meta name=\"twitter:label2\" content=\"Est. tempo de leitura\" \/>\n\t<meta name=\"twitter:data2\" content=\"3 minutos\" \/>\n<script type=\"application\/ld+json\" class=\"yoast-schema-graph\">{\"@context\":\"https:\\\/\\\/schema.org\",\"@graph\":[{\"@type\":\"Article\",\"@id\":\"https:\\\/\\\/jornalbeirario.com.br\\\/portal\\\/?p=9417#article\",\"isPartOf\":{\"@id\":\"https:\\\/\\\/jornalbeirario.com.br\\\/portal\\\/?p=9417\"},\"author\":{\"name\":\"Jornal BEIRA-RIO\",\"@id\":\"https:\\\/\\\/jornalbeirario.com.br\\\/portal\\\/#\\\/schema\\\/person\\\/c6c423e4c2465d2a9233f6539173e7c1\"},\"headline\":\"QUEM PENSA?\",\"datePublished\":\"2013-05-17T12:02:48+00:00\",\"mainEntityOfPage\":{\"@id\":\"https:\\\/\\\/jornalbeirario.com.br\\\/portal\\\/?p=9417\"},\"wordCount\":677,\"commentCount\":0,\"publisher\":{\"@id\":\"https:\\\/\\\/jornalbeirario.com.br\\\/portal\\\/#organization\"},\"articleSection\":[\"Opini\u00e3o\"],\"inLanguage\":\"pt-BR\",\"potentialAction\":[{\"@type\":\"CommentAction\",\"name\":\"Comment\",\"target\":[\"https:\\\/\\\/jornalbeirario.com.br\\\/portal\\\/?p=9417#respond\"]}]},{\"@type\":\"WebPage\",\"@id\":\"https:\\\/\\\/jornalbeirario.com.br\\\/portal\\\/?p=9417\",\"url\":\"https:\\\/\\\/jornalbeirario.com.br\\\/portal\\\/?p=9417\",\"name\":\"QUEM PENSA? - JORNAL BEIRA RIO\",\"isPartOf\":{\"@id\":\"https:\\\/\\\/jornalbeirario.com.br\\\/portal\\\/#website\"},\"datePublished\":\"2013-05-17T12:02:48+00:00\",\"breadcrumb\":{\"@id\":\"https:\\\/\\\/jornalbeirario.com.br\\\/portal\\\/?p=9417#breadcrumb\"},\"inLanguage\":\"pt-BR\",\"potentialAction\":[{\"@type\":\"ReadAction\",\"target\":[\"https:\\\/\\\/jornalbeirario.com.br\\\/portal\\\/?p=9417\"]}]},{\"@type\":\"BreadcrumbList\",\"@id\":\"https:\\\/\\\/jornalbeirario.com.br\\\/portal\\\/?p=9417#breadcrumb\",\"itemListElement\":[{\"@type\":\"ListItem\",\"position\":1,\"name\":\"Home\",\"item\":\"https:\\\/\\\/jornalbeirario.com.br\\\/portal\"},{\"@type\":\"ListItem\",\"position\":2,\"name\":\"QUEM PENSA?\"}]},{\"@type\":\"WebSite\",\"@id\":\"https:\\\/\\\/jornalbeirario.com.br\\\/portal\\\/#website\",\"url\":\"https:\\\/\\\/jornalbeirario.com.br\\\/portal\\\/\",\"name\":\"JORNAL BEIRA RIO\",\"description\":\"\",\"publisher\":{\"@id\":\"https:\\\/\\\/jornalbeirario.com.br\\\/portal\\\/#organization\"},\"potentialAction\":[{\"@type\":\"SearchAction\",\"target\":{\"@type\":\"EntryPoint\",\"urlTemplate\":\"https:\\\/\\\/jornalbeirario.com.br\\\/portal\\\/?s={search_term_string}\"},\"query-input\":{\"@type\":\"PropertyValueSpecification\",\"valueRequired\":true,\"valueName\":\"search_term_string\"}}],\"inLanguage\":\"pt-BR\"},{\"@type\":\"Organization\",\"@id\":\"https:\\\/\\\/jornalbeirario.com.br\\\/portal\\\/#organization\",\"name\":\"JORNAL BEIRA RIO\",\"url\":\"https:\\\/\\\/jornalbeirario.com.br\\\/portal\\\/\",\"logo\":{\"@type\":\"ImageObject\",\"inLanguage\":\"pt-BR\",\"@id\":\"https:\\\/\\\/jornalbeirario.com.br\\\/portal\\\/#\\\/schema\\\/logo\\\/image\\\/\",\"url\":\"https:\\\/\\\/jornalbeirario.com.br\\\/portal\\\/wp-content\\\/uploads\\\/2017\\\/09\\\/BEIRA-RIO_logo600.png\",\"contentUrl\":\"https:\\\/\\\/jornalbeirario.com.br\\\/portal\\\/wp-content\\\/uploads\\\/2017\\\/09\\\/BEIRA-RIO_logo600.png\",\"width\":650,\"height\":108,\"caption\":\"JORNAL BEIRA RIO\"},\"image\":{\"@id\":\"https:\\\/\\\/jornalbeirario.com.br\\\/portal\\\/#\\\/schema\\\/logo\\\/image\\\/\"}},{\"@type\":\"Person\",\"@id\":\"https:\\\/\\\/jornalbeirario.com.br\\\/portal\\\/#\\\/schema\\\/person\\\/c6c423e4c2465d2a9233f6539173e7c1\",\"name\":\"Jornal BEIRA-RIO\",\"image\":{\"@type\":\"ImageObject\",\"inLanguage\":\"pt-BR\",\"@id\":\"https:\\\/\\\/jornalbeirario.com.br\\\/portal\\\/wp-content\\\/uploads\\\/2023\\\/10\\\/logojbr1.jpg\",\"url\":\"https:\\\/\\\/jornalbeirario.com.br\\\/portal\\\/wp-content\\\/uploads\\\/2023\\\/10\\\/logojbr1.jpg\",\"contentUrl\":\"https:\\\/\\\/jornalbeirario.com.br\\\/portal\\\/wp-content\\\/uploads\\\/2023\\\/10\\\/logojbr1.jpg\",\"caption\":\"Jornal BEIRA-RIO\"},\"url\":\"https:\\\/\\\/jornalbeirario.com.br\\\/portal\\\/?author=1\"}]}<\/script>\n<!-- \/ Yoast SEO plugin. -->","yoast_head_json":{"title":"QUEM PENSA? - JORNAL BEIRA RIO","robots":{"index":"index","follow":"follow","max-snippet":"max-snippet:-1","max-image-preview":"max-image-preview:large","max-video-preview":"max-video-preview:-1"},"canonical":"https:\/\/jornalbeirario.com.br\/portal\/?p=9417","og_locale":"pt_BR","og_type":"article","og_title":"QUEM PENSA? - JORNAL BEIRA RIO","og_description":"Este assunto considero um dos mais importantes para debate hoje em dia no Brasil. At\u00e9 porque considero que boa parte das opini\u00f5es s\u00e3o meras","og_url":"https:\/\/jornalbeirario.com.br\/portal\/?p=9417","og_site_name":"JORNAL BEIRA RIO","article_published_time":"2013-05-17T12:02:48+00:00","author":"Jornal BEIRA-RIO","twitter_card":"summary_large_image","twitter_misc":{"Escrito por":"Jornal BEIRA-RIO","Est. tempo de leitura":"3 minutos"},"schema":{"@context":"https:\/\/schema.org","@graph":[{"@type":"Article","@id":"https:\/\/jornalbeirario.com.br\/portal\/?p=9417#article","isPartOf":{"@id":"https:\/\/jornalbeirario.com.br\/portal\/?p=9417"},"author":{"name":"Jornal BEIRA-RIO","@id":"https:\/\/jornalbeirario.com.br\/portal\/#\/schema\/person\/c6c423e4c2465d2a9233f6539173e7c1"},"headline":"QUEM PENSA?","datePublished":"2013-05-17T12:02:48+00:00","mainEntityOfPage":{"@id":"https:\/\/jornalbeirario.com.br\/portal\/?p=9417"},"wordCount":677,"commentCount":0,"publisher":{"@id":"https:\/\/jornalbeirario.com.br\/portal\/#organization"},"articleSection":["Opini\u00e3o"],"inLanguage":"pt-BR","potentialAction":[{"@type":"CommentAction","name":"Comment","target":["https:\/\/jornalbeirario.com.br\/portal\/?p=9417#respond"]}]},{"@type":"WebPage","@id":"https:\/\/jornalbeirario.com.br\/portal\/?p=9417","url":"https:\/\/jornalbeirario.com.br\/portal\/?p=9417","name":"QUEM PENSA? - JORNAL BEIRA RIO","isPartOf":{"@id":"https:\/\/jornalbeirario.com.br\/portal\/#website"},"datePublished":"2013-05-17T12:02:48+00:00","breadcrumb":{"@id":"https:\/\/jornalbeirario.com.br\/portal\/?p=9417#breadcrumb"},"inLanguage":"pt-BR","potentialAction":[{"@type":"ReadAction","target":["https:\/\/jornalbeirario.com.br\/portal\/?p=9417"]}]},{"@type":"BreadcrumbList","@id":"https:\/\/jornalbeirario.com.br\/portal\/?p=9417#breadcrumb","itemListElement":[{"@type":"ListItem","position":1,"name":"Home","item":"https:\/\/jornalbeirario.com.br\/portal"},{"@type":"ListItem","position":2,"name":"QUEM PENSA?"}]},{"@type":"WebSite","@id":"https:\/\/jornalbeirario.com.br\/portal\/#website","url":"https:\/\/jornalbeirario.com.br\/portal\/","name":"JORNAL BEIRA RIO","description":"","publisher":{"@id":"https:\/\/jornalbeirario.com.br\/portal\/#organization"},"potentialAction":[{"@type":"SearchAction","target":{"@type":"EntryPoint","urlTemplate":"https:\/\/jornalbeirario.com.br\/portal\/?s={search_term_string}"},"query-input":{"@type":"PropertyValueSpecification","valueRequired":true,"valueName":"search_term_string"}}],"inLanguage":"pt-BR"},{"@type":"Organization","@id":"https:\/\/jornalbeirario.com.br\/portal\/#organization","name":"JORNAL BEIRA RIO","url":"https:\/\/jornalbeirario.com.br\/portal\/","logo":{"@type":"ImageObject","inLanguage":"pt-BR","@id":"https:\/\/jornalbeirario.com.br\/portal\/#\/schema\/logo\/image\/","url":"https:\/\/jornalbeirario.com.br\/portal\/wp-content\/uploads\/2017\/09\/BEIRA-RIO_logo600.png","contentUrl":"https:\/\/jornalbeirario.com.br\/portal\/wp-content\/uploads\/2017\/09\/BEIRA-RIO_logo600.png","width":650,"height":108,"caption":"JORNAL BEIRA RIO"},"image":{"@id":"https:\/\/jornalbeirario.com.br\/portal\/#\/schema\/logo\/image\/"}},{"@type":"Person","@id":"https:\/\/jornalbeirario.com.br\/portal\/#\/schema\/person\/c6c423e4c2465d2a9233f6539173e7c1","name":"Jornal BEIRA-RIO","image":{"@type":"ImageObject","inLanguage":"pt-BR","@id":"https:\/\/jornalbeirario.com.br\/portal\/wp-content\/uploads\/2023\/10\/logojbr1.jpg","url":"https:\/\/jornalbeirario.com.br\/portal\/wp-content\/uploads\/2023\/10\/logojbr1.jpg","contentUrl":"https:\/\/jornalbeirario.com.br\/portal\/wp-content\/uploads\/2023\/10\/logojbr1.jpg","caption":"Jornal BEIRA-RIO"},"url":"https:\/\/jornalbeirario.com.br\/portal\/?author=1"}]}},"_links":{"self":[{"href":"https:\/\/jornalbeirario.com.br\/portal\/index.php?rest_route=\/wp\/v2\/posts\/9417","targetHints":{"allow":["GET"]}}],"collection":[{"href":"https:\/\/jornalbeirario.com.br\/portal\/index.php?rest_route=\/wp\/v2\/posts"}],"about":[{"href":"https:\/\/jornalbeirario.com.br\/portal\/index.php?rest_route=\/wp\/v2\/types\/post"}],"author":[{"embeddable":true,"href":"https:\/\/jornalbeirario.com.br\/portal\/index.php?rest_route=\/wp\/v2\/users\/1"}],"replies":[{"embeddable":true,"href":"https:\/\/jornalbeirario.com.br\/portal\/index.php?rest_route=%2Fwp%2Fv2%2Fcomments&post=9417"}],"version-history":[{"count":1,"href":"https:\/\/jornalbeirario.com.br\/portal\/index.php?rest_route=\/wp\/v2\/posts\/9417\/revisions"}],"predecessor-version":[{"id":9419,"href":"https:\/\/jornalbeirario.com.br\/portal\/index.php?rest_route=\/wp\/v2\/posts\/9417\/revisions\/9419"}],"wp:attachment":[{"href":"https:\/\/jornalbeirario.com.br\/portal\/index.php?rest_route=%2Fwp%2Fv2%2Fmedia&parent=9417"}],"wp:term":[{"taxonomy":"category","embeddable":true,"href":"https:\/\/jornalbeirario.com.br\/portal\/index.php?rest_route=%2Fwp%2Fv2%2Fcategories&post=9417"},{"taxonomy":"post_tag","embeddable":true,"href":"https:\/\/jornalbeirario.com.br\/portal\/index.php?rest_route=%2Fwp%2Fv2%2Ftags&post=9417"}],"curies":[{"name":"wp","href":"https:\/\/api.w.org\/{rel}","templated":true}]}}