
{"id":9413,"date":"2013-05-17T12:01:13","date_gmt":"2013-05-17T12:01:13","guid":{"rendered":"http:\/\/jornalbeirario.com.br\/portal\/portal\/?p=9413"},"modified":"2013-05-17T12:01:13","modified_gmt":"2013-05-17T12:01:13","slug":"social-lais-amaral-10","status":"publish","type":"post","link":"https:\/\/jornalbeirario.com.br\/portal\/?p=9413","title":{"rendered":"SOCIAL LA\u00cdS AMARAL"},"content":{"rendered":"<p style=\"text-align: justify;\">Wilson Moura sabe das coisas<br \/>\nNos \u00faltimos quinze dias o diretor da Ag\u00eancia do Meio Ambiente de Resende, Wilson Moura foi o centro das aten\u00e7\u00f5es na regi\u00e3o. Se fosse do tipo vaidoso, deslumbrado e coisa e tal, teria aproveitado a ocasi\u00e3o para curtir seus momentos de celebridade. Mas \u00e9 um cara centrado, tranquilo e que sabe qual o seu papel no cen\u00e1rio. O homem foi procurado por jornais locais e jornal\u00f5es da grande imprensa, emissoras de r\u00e1dio e TV, al\u00e9m de curiosos de todos os matizes. Todo mundo queria saber do derramamento de \u00f3leo diesel no Rio Para\u00edba. O acidente ocorreu, como todos sabem, num duto da Transpetro (subsidi\u00e1ria da Petrobr\u00e1s) no munic\u00edpio paulista de S\u00e3o Jos\u00e9 do Barreiro, nosso vizinho. O \u00f3leo, em grande quantidade, encharcou um pasto na localidade e desceu para o c\u00f3rrego Formoso e dele para o Rio Sesmaria que des\u00e1gua no Para\u00edba. Embora Resende n\u00e3o tenha tido a menor participa\u00e7\u00e3o no epis\u00f3dio, acabou sendo o destaque na m\u00eddia nacional. Como \u2018Broa\u2019 (assim Wilson Moura \u00e9 conhecido na cidade) agiu r\u00e1pido, colocando sua equipe desde cedo em cima do lance, monitorando, buscando entender o acontecido, acabou por se credenciar como a principal fonte de informa\u00e7\u00e3o. As entidades ambientais dos dois estados pareciam ter menos informa\u00e7\u00f5es que a equipe da Amar e seu diretor. A maior parte do \u00f3leo foi retirada e a estiagem ajudou. Mas caso chova nos pr\u00f3ximos dias, o pasto que ficou encharcado l\u00e1 no Barreiro vai voltar a vomitar no Formoso e este no Sesmaria. Ent\u00e3o, aquele pequeno tempo de relaxamento no in\u00edcio da noite, depois de um dia estafante &#8211; que \u00e9 a rotina di\u00e1ria do \u2018Broa\u2019, pode voltar a ser perturbado. E a\u00ed l\u00e1 se v\u00e3o os dois dedos de prosa com dois ou tr\u00eas dedos da \u00f3tima Jequitib\u00e1, na paz dos amigos. Tomara que n\u00e3o chova em Barreiro.<\/p>\n<p>Orquestra de viola de Resende e Renato Teixeira na Festa do Pinh\u00e3o<br \/>\nUm antigo sonho de admiradores da boa m\u00fasica sertaneja, da moda de viola genu\u00edna, est\u00e1 se realizando em Resende: a forma\u00e7\u00e3o de uma orquestra de viola caipira. \u201c\u00c9 a primeira orquestra de viola caipira do Estado do Rio de Janeiro\u201d \u2013 dispara orgulhoso Paulino Barbosa, um dos entusiastas da ideia e diretor da Associa\u00e7\u00e3o Folcl\u00f3rica e Cultural Sertanejos \u2013 Resende, que na intimidade chamamos de \u2018associa\u00e7\u00e3o dos Violeiros\u2019. A entidade contratou um especialista no assunto, o Elias \u2018Viola\u2019 que est\u00e1 superempolgado com o desenvolvimento dos seus alunos. Ainda em forma\u00e7\u00e3o \u2013 n\u00e3o tem 40 dias de criada -, a orquestra j\u00e1 fez uma apresenta\u00e7\u00e3o em Barra Mansa e agradou. Hoje (sexta-feira, dia 17), a orquestra se apresenta na Festival do Pinh\u00e3o, em Visconde de Mau\u00e1 e no domingo (19) repete a dose na Feira Sertaneja, no Parque de Exposi\u00e7\u00f5es. S\u00e3o aproximadamente vinte violeiros que certamente ir\u00e3o encantar com suas violas caipiras. S\u00f3 para registrar, o atual presidente da associa\u00e7\u00e3o dos violeiros \u00e9 o Manoel Candido, o \u2018Roselito\u2019 do Trio Ra\u00edzes Sertanejas. Gastei quase todas as minhas linhas falando da nossa orquestra e sobraram poucas linhas para falar da maior atra\u00e7\u00e3o da festa do pinh\u00e3o nesta sexta-feira: o cantor e compositor Renato Teixeira. Mas um artista desse naipe n\u00e3o precisa de muitas palavras. Esta sexta promete no friozinho de Mau\u00e1. Quem gosta sobe a Serra: orquestra de viola caipira, Renato Teixeira e fechando a noite, a dupla Jo\u00e3o Lucas e Rodrigo.<\/p>\n<p>TRIPA<br \/>\n* Claudionor Rosa est\u00e1 convocando as pessoas que pretendem trabalhar na confec\u00e7\u00e3o do tapete de Corpus Christi para um encontro amanh\u00e3 (s\u00e1bado) dia 18, \u00e0s 14 horas no Col\u00e9gio Jo\u00e3o Maia, na Pra\u00e7a Oliveira Botelho. Na ocasi\u00e3o, Claudionor vai coordenar uma oficina (com bate papo e exibi\u00e7\u00e3o de v\u00eddeo) aos interessados * A exposi\u00e7\u00e3o: \u201cSobre as urg\u00eancias da Pele\u201d, no Museu de Arte Moderna de Resende desde quarta-feira, fica aberta ao p\u00fablico at\u00e9 28 de junho, de segunda a sexta-feira das 9h \u00e0s 17h30min. A mostra \u00e9 assinada por Jo\u00e3o Bosco Millen, Vanessa Gerbelli e Anderson de Souza. Mais um tento da nossa amiga Vanda Perantoni * E o Festival do Pinh\u00e3o continua amanh\u00e3 com hipismo rural, apresenta\u00e7\u00f5es culturais regionais, shows musicais com \u2018Gota Serena\u2019 e \u2018Banda 8 Segundos\u2019. No domingo tem almo\u00e7o com \u2018Grupo Xoxote\u2019, \u00e0 noite: \u2018Barbra Zinger\u2019, \u2018Moda Universit\u00e1ria\u2019 e finalizando \u2018Thiago Oliveira\u2019. E mais: artesanato, muita comida da boa e pinga ainda melhor. Um\u00a0 alerta: vai ter opera\u00e7\u00e3o da Lei Seca na estrada * Semana passada fui ao DOC, em Penedo, assistir ao \u201cThiago Zaidan e Trio convidam\u201d, e a convidada de ent\u00e3o foi a Sanny Alves. Uma beleza de encontro musical. Zaidan, Luis Lima (Jap\u00e3o) e Jairo Queiroz, s\u00e3o tr\u00eas craques que j\u00e1 entraram arrebentando. A\u00ed entrou a Sanny e o pessoal quebrou tudo. Showza\u00e7o. Valeu muito!!\u00a0 * E o Zaidan voltou a aprontar no dia seguinte. Ele mais Wilsinho Ramalho, Jairo Queiroz, Luis Lima (Jap\u00e3o), e os cantores, Diogo Guimar\u00e3es, Mariana Gomes, Claudia Martins (e sua filhota) esquentaram a tarde e noite com muito samba bom no \u2018Boteco\u2019, do Alexandre. Aprovad\u00edssimo * Na pr\u00f3xima ter\u00e7a-feira, dia 21, ser\u00e1 apresentado o projeto \u2018Business Center Resende\u2019 na Fazenda da Barra, \u00e0s 18h30min. * Os formandos do curso de Comunica\u00e7\u00e3o da AEDB encontraram um jeito simp\u00e1tico de encerrar o curso. Um trote \u00e0s avessas para eles mesmos. Sem viol\u00eancias, sem humilha\u00e7\u00f5es. Est\u00e3o recolhendo fraldas descart\u00e1veis e leite. O material arrecadado ser\u00e1 doado a uma institui\u00e7\u00e3o beneficente da cidade. Beleza!!<\/p>\n<p>ANIVERS\u00c1RIOS<br \/>\nOs amigos Andr\u00e9 Whately, Jos\u00e9 Bento, Ana Carolina e Izabel Cristina iniciaram a semana mudando de idade, j\u00e1 na Segunda, dia 13, dia de Preto Velho. Na Quarta (15) inauguram idade nova o Diego Gavazzi (TV Rio Sul), o Ricardo Pimentel (Sabi\u00e1) e a minha amiga Soraya Cavalcanti. Ontem (16) sopraram velinhas a amiga Carol Lemos e a Januaceli Monteiro. Hoje sexta (17) \u00e9 o dia da Marie Louise Goransson, do Pequena Su\u00e9cia. Amanh\u00e3 o (18) \u00e9 a vez do Erc\u00edlio Galhardo receber os \u2018parab\u00e9ns\u2019 e no domingo (19) um trio de amigos fica mais experiente: a Ana Rita Orioli, Cida Melo e Carlos Rocha. Parab\u00e9ns e todas as felicidades do mundo a essa turma boa.<\/p>\n","protected":false},"excerpt":{"rendered":"<p>Wilson Moura sabe das coisas Nos \u00faltimos quinze dias o diretor da Ag\u00eancia do Meio Ambiente de Resende, Wilson Moura foi o centro das<\/p>\n","protected":false},"author":1,"featured_media":0,"comment_status":"open","ping_status":"open","sticky":false,"template":"","format":"standard","meta":{"pmpro_default_level":"","footnotes":""},"categories":[13],"tags":[],"class_list":["post-9413","post","type-post","status-publish","format-standard","hentry","category-social","pmpro-has-access"],"yoast_head":"<!-- This site is optimized with the Yoast SEO plugin v27.4 - https:\/\/yoast.com\/product\/yoast-seo-wordpress\/ -->\n<title>SOCIAL LA\u00cdS AMARAL - JORNAL BEIRA RIO<\/title>\n<meta name=\"robots\" content=\"index, follow, max-snippet:-1, max-image-preview:large, max-video-preview:-1\" \/>\n<link rel=\"canonical\" href=\"https:\/\/jornalbeirario.com.br\/portal\/?p=9413\" \/>\n<meta property=\"og:locale\" content=\"pt_BR\" \/>\n<meta property=\"og:type\" content=\"article\" \/>\n<meta property=\"og:title\" content=\"SOCIAL LA\u00cdS AMARAL - JORNAL BEIRA RIO\" \/>\n<meta property=\"og:description\" content=\"Wilson Moura sabe das coisas Nos \u00faltimos quinze dias o diretor da Ag\u00eancia do Meio Ambiente de Resende, Wilson Moura foi o centro das\" \/>\n<meta property=\"og:url\" content=\"https:\/\/jornalbeirario.com.br\/portal\/?p=9413\" \/>\n<meta property=\"og:site_name\" content=\"JORNAL BEIRA RIO\" \/>\n<meta property=\"article:published_time\" content=\"2013-05-17T12:01:13+00:00\" \/>\n<meta name=\"author\" content=\"Jornal BEIRA-RIO\" \/>\n<meta name=\"twitter:card\" content=\"summary_large_image\" \/>\n<meta name=\"twitter:label1\" content=\"Escrito por\" \/>\n\t<meta name=\"twitter:data1\" content=\"Jornal BEIRA-RIO\" \/>\n\t<meta name=\"twitter:label2\" content=\"Est. tempo de leitura\" \/>\n\t<meta name=\"twitter:data2\" content=\"5 minutos\" \/>\n<script type=\"application\/ld+json\" class=\"yoast-schema-graph\">{\"@context\":\"https:\\\/\\\/schema.org\",\"@graph\":[{\"@type\":\"Article\",\"@id\":\"https:\\\/\\\/jornalbeirario.com.br\\\/portal\\\/?p=9413#article\",\"isPartOf\":{\"@id\":\"https:\\\/\\\/jornalbeirario.com.br\\\/portal\\\/?p=9413\"},\"author\":{\"name\":\"Jornal BEIRA-RIO\",\"@id\":\"https:\\\/\\\/jornalbeirario.com.br\\\/portal\\\/#\\\/schema\\\/person\\\/c6c423e4c2465d2a9233f6539173e7c1\"},\"headline\":\"SOCIAL LA\u00cdS AMARAL\",\"datePublished\":\"2013-05-17T12:01:13+00:00\",\"mainEntityOfPage\":{\"@id\":\"https:\\\/\\\/jornalbeirario.com.br\\\/portal\\\/?p=9413\"},\"wordCount\":1072,\"commentCount\":0,\"publisher\":{\"@id\":\"https:\\\/\\\/jornalbeirario.com.br\\\/portal\\\/#organization\"},\"articleSection\":[\"Social\"],\"inLanguage\":\"pt-BR\",\"potentialAction\":[{\"@type\":\"CommentAction\",\"name\":\"Comment\",\"target\":[\"https:\\\/\\\/jornalbeirario.com.br\\\/portal\\\/?p=9413#respond\"]}]},{\"@type\":\"WebPage\",\"@id\":\"https:\\\/\\\/jornalbeirario.com.br\\\/portal\\\/?p=9413\",\"url\":\"https:\\\/\\\/jornalbeirario.com.br\\\/portal\\\/?p=9413\",\"name\":\"SOCIAL LA\u00cdS AMARAL - JORNAL BEIRA RIO\",\"isPartOf\":{\"@id\":\"https:\\\/\\\/jornalbeirario.com.br\\\/portal\\\/#website\"},\"datePublished\":\"2013-05-17T12:01:13+00:00\",\"breadcrumb\":{\"@id\":\"https:\\\/\\\/jornalbeirario.com.br\\\/portal\\\/?p=9413#breadcrumb\"},\"inLanguage\":\"pt-BR\",\"potentialAction\":[{\"@type\":\"ReadAction\",\"target\":[\"https:\\\/\\\/jornalbeirario.com.br\\\/portal\\\/?p=9413\"]}]},{\"@type\":\"BreadcrumbList\",\"@id\":\"https:\\\/\\\/jornalbeirario.com.br\\\/portal\\\/?p=9413#breadcrumb\",\"itemListElement\":[{\"@type\":\"ListItem\",\"position\":1,\"name\":\"Home\",\"item\":\"https:\\\/\\\/jornalbeirario.com.br\\\/portal\"},{\"@type\":\"ListItem\",\"position\":2,\"name\":\"SOCIAL LA\u00cdS AMARAL\"}]},{\"@type\":\"WebSite\",\"@id\":\"https:\\\/\\\/jornalbeirario.com.br\\\/portal\\\/#website\",\"url\":\"https:\\\/\\\/jornalbeirario.com.br\\\/portal\\\/\",\"name\":\"JORNAL BEIRA RIO\",\"description\":\"\",\"publisher\":{\"@id\":\"https:\\\/\\\/jornalbeirario.com.br\\\/portal\\\/#organization\"},\"potentialAction\":[{\"@type\":\"SearchAction\",\"target\":{\"@type\":\"EntryPoint\",\"urlTemplate\":\"https:\\\/\\\/jornalbeirario.com.br\\\/portal\\\/?s={search_term_string}\"},\"query-input\":{\"@type\":\"PropertyValueSpecification\",\"valueRequired\":true,\"valueName\":\"search_term_string\"}}],\"inLanguage\":\"pt-BR\"},{\"@type\":\"Organization\",\"@id\":\"https:\\\/\\\/jornalbeirario.com.br\\\/portal\\\/#organization\",\"name\":\"JORNAL BEIRA RIO\",\"url\":\"https:\\\/\\\/jornalbeirario.com.br\\\/portal\\\/\",\"logo\":{\"@type\":\"ImageObject\",\"inLanguage\":\"pt-BR\",\"@id\":\"https:\\\/\\\/jornalbeirario.com.br\\\/portal\\\/#\\\/schema\\\/logo\\\/image\\\/\",\"url\":\"https:\\\/\\\/jornalbeirario.com.br\\\/portal\\\/wp-content\\\/uploads\\\/2017\\\/09\\\/BEIRA-RIO_logo600.png\",\"contentUrl\":\"https:\\\/\\\/jornalbeirario.com.br\\\/portal\\\/wp-content\\\/uploads\\\/2017\\\/09\\\/BEIRA-RIO_logo600.png\",\"width\":650,\"height\":108,\"caption\":\"JORNAL BEIRA RIO\"},\"image\":{\"@id\":\"https:\\\/\\\/jornalbeirario.com.br\\\/portal\\\/#\\\/schema\\\/logo\\\/image\\\/\"}},{\"@type\":\"Person\",\"@id\":\"https:\\\/\\\/jornalbeirario.com.br\\\/portal\\\/#\\\/schema\\\/person\\\/c6c423e4c2465d2a9233f6539173e7c1\",\"name\":\"Jornal BEIRA-RIO\",\"image\":{\"@type\":\"ImageObject\",\"inLanguage\":\"pt-BR\",\"@id\":\"https:\\\/\\\/jornalbeirario.com.br\\\/portal\\\/wp-content\\\/uploads\\\/2023\\\/10\\\/logojbr1.jpg\",\"url\":\"https:\\\/\\\/jornalbeirario.com.br\\\/portal\\\/wp-content\\\/uploads\\\/2023\\\/10\\\/logojbr1.jpg\",\"contentUrl\":\"https:\\\/\\\/jornalbeirario.com.br\\\/portal\\\/wp-content\\\/uploads\\\/2023\\\/10\\\/logojbr1.jpg\",\"caption\":\"Jornal BEIRA-RIO\"},\"url\":\"https:\\\/\\\/jornalbeirario.com.br\\\/portal\\\/?author=1\"}]}<\/script>\n<!-- \/ Yoast SEO plugin. -->","yoast_head_json":{"title":"SOCIAL LA\u00cdS AMARAL - JORNAL BEIRA RIO","robots":{"index":"index","follow":"follow","max-snippet":"max-snippet:-1","max-image-preview":"max-image-preview:large","max-video-preview":"max-video-preview:-1"},"canonical":"https:\/\/jornalbeirario.com.br\/portal\/?p=9413","og_locale":"pt_BR","og_type":"article","og_title":"SOCIAL LA\u00cdS AMARAL - JORNAL BEIRA RIO","og_description":"Wilson Moura sabe das coisas Nos \u00faltimos quinze dias o diretor da Ag\u00eancia do Meio Ambiente de Resende, Wilson Moura foi o centro das","og_url":"https:\/\/jornalbeirario.com.br\/portal\/?p=9413","og_site_name":"JORNAL BEIRA RIO","article_published_time":"2013-05-17T12:01:13+00:00","author":"Jornal BEIRA-RIO","twitter_card":"summary_large_image","twitter_misc":{"Escrito por":"Jornal BEIRA-RIO","Est. tempo de leitura":"5 minutos"},"schema":{"@context":"https:\/\/schema.org","@graph":[{"@type":"Article","@id":"https:\/\/jornalbeirario.com.br\/portal\/?p=9413#article","isPartOf":{"@id":"https:\/\/jornalbeirario.com.br\/portal\/?p=9413"},"author":{"name":"Jornal BEIRA-RIO","@id":"https:\/\/jornalbeirario.com.br\/portal\/#\/schema\/person\/c6c423e4c2465d2a9233f6539173e7c1"},"headline":"SOCIAL LA\u00cdS AMARAL","datePublished":"2013-05-17T12:01:13+00:00","mainEntityOfPage":{"@id":"https:\/\/jornalbeirario.com.br\/portal\/?p=9413"},"wordCount":1072,"commentCount":0,"publisher":{"@id":"https:\/\/jornalbeirario.com.br\/portal\/#organization"},"articleSection":["Social"],"inLanguage":"pt-BR","potentialAction":[{"@type":"CommentAction","name":"Comment","target":["https:\/\/jornalbeirario.com.br\/portal\/?p=9413#respond"]}]},{"@type":"WebPage","@id":"https:\/\/jornalbeirario.com.br\/portal\/?p=9413","url":"https:\/\/jornalbeirario.com.br\/portal\/?p=9413","name":"SOCIAL LA\u00cdS AMARAL - JORNAL BEIRA RIO","isPartOf":{"@id":"https:\/\/jornalbeirario.com.br\/portal\/#website"},"datePublished":"2013-05-17T12:01:13+00:00","breadcrumb":{"@id":"https:\/\/jornalbeirario.com.br\/portal\/?p=9413#breadcrumb"},"inLanguage":"pt-BR","potentialAction":[{"@type":"ReadAction","target":["https:\/\/jornalbeirario.com.br\/portal\/?p=9413"]}]},{"@type":"BreadcrumbList","@id":"https:\/\/jornalbeirario.com.br\/portal\/?p=9413#breadcrumb","itemListElement":[{"@type":"ListItem","position":1,"name":"Home","item":"https:\/\/jornalbeirario.com.br\/portal"},{"@type":"ListItem","position":2,"name":"SOCIAL LA\u00cdS AMARAL"}]},{"@type":"WebSite","@id":"https:\/\/jornalbeirario.com.br\/portal\/#website","url":"https:\/\/jornalbeirario.com.br\/portal\/","name":"JORNAL BEIRA RIO","description":"","publisher":{"@id":"https:\/\/jornalbeirario.com.br\/portal\/#organization"},"potentialAction":[{"@type":"SearchAction","target":{"@type":"EntryPoint","urlTemplate":"https:\/\/jornalbeirario.com.br\/portal\/?s={search_term_string}"},"query-input":{"@type":"PropertyValueSpecification","valueRequired":true,"valueName":"search_term_string"}}],"inLanguage":"pt-BR"},{"@type":"Organization","@id":"https:\/\/jornalbeirario.com.br\/portal\/#organization","name":"JORNAL BEIRA RIO","url":"https:\/\/jornalbeirario.com.br\/portal\/","logo":{"@type":"ImageObject","inLanguage":"pt-BR","@id":"https:\/\/jornalbeirario.com.br\/portal\/#\/schema\/logo\/image\/","url":"https:\/\/jornalbeirario.com.br\/portal\/wp-content\/uploads\/2017\/09\/BEIRA-RIO_logo600.png","contentUrl":"https:\/\/jornalbeirario.com.br\/portal\/wp-content\/uploads\/2017\/09\/BEIRA-RIO_logo600.png","width":650,"height":108,"caption":"JORNAL BEIRA RIO"},"image":{"@id":"https:\/\/jornalbeirario.com.br\/portal\/#\/schema\/logo\/image\/"}},{"@type":"Person","@id":"https:\/\/jornalbeirario.com.br\/portal\/#\/schema\/person\/c6c423e4c2465d2a9233f6539173e7c1","name":"Jornal BEIRA-RIO","image":{"@type":"ImageObject","inLanguage":"pt-BR","@id":"https:\/\/jornalbeirario.com.br\/portal\/wp-content\/uploads\/2023\/10\/logojbr1.jpg","url":"https:\/\/jornalbeirario.com.br\/portal\/wp-content\/uploads\/2023\/10\/logojbr1.jpg","contentUrl":"https:\/\/jornalbeirario.com.br\/portal\/wp-content\/uploads\/2023\/10\/logojbr1.jpg","caption":"Jornal BEIRA-RIO"},"url":"https:\/\/jornalbeirario.com.br\/portal\/?author=1"}]}},"_links":{"self":[{"href":"https:\/\/jornalbeirario.com.br\/portal\/index.php?rest_route=\/wp\/v2\/posts\/9413","targetHints":{"allow":["GET"]}}],"collection":[{"href":"https:\/\/jornalbeirario.com.br\/portal\/index.php?rest_route=\/wp\/v2\/posts"}],"about":[{"href":"https:\/\/jornalbeirario.com.br\/portal\/index.php?rest_route=\/wp\/v2\/types\/post"}],"author":[{"embeddable":true,"href":"https:\/\/jornalbeirario.com.br\/portal\/index.php?rest_route=\/wp\/v2\/users\/1"}],"replies":[{"embeddable":true,"href":"https:\/\/jornalbeirario.com.br\/portal\/index.php?rest_route=%2Fwp%2Fv2%2Fcomments&post=9413"}],"version-history":[{"count":1,"href":"https:\/\/jornalbeirario.com.br\/portal\/index.php?rest_route=\/wp\/v2\/posts\/9413\/revisions"}],"predecessor-version":[{"id":9414,"href":"https:\/\/jornalbeirario.com.br\/portal\/index.php?rest_route=\/wp\/v2\/posts\/9413\/revisions\/9414"}],"wp:attachment":[{"href":"https:\/\/jornalbeirario.com.br\/portal\/index.php?rest_route=%2Fwp%2Fv2%2Fmedia&parent=9413"}],"wp:term":[{"taxonomy":"category","embeddable":true,"href":"https:\/\/jornalbeirario.com.br\/portal\/index.php?rest_route=%2Fwp%2Fv2%2Fcategories&post=9413"},{"taxonomy":"post_tag","embeddable":true,"href":"https:\/\/jornalbeirario.com.br\/portal\/index.php?rest_route=%2Fwp%2Fv2%2Ftags&post=9413"}],"curies":[{"name":"wp","href":"https:\/\/api.w.org\/{rel}","templated":true}]}}