
{"id":9411,"date":"2013-05-17T11:59:42","date_gmt":"2013-05-17T11:59:42","guid":{"rendered":"http:\/\/jornalbeirario.com.br\/portal\/portal\/?p=9411"},"modified":"2013-05-17T11:59:42","modified_gmt":"2013-05-17T11:59:42","slug":"acredite-se-quiser-28","status":"publish","type":"post","link":"https:\/\/jornalbeirario.com.br\/portal\/?p=9411","title":{"rendered":"Acredite se quiser!"},"content":{"rendered":"<p style=\"text-align: justify;\">&#8211; Na edi\u00e7\u00e3o passada, na mat\u00e9ria sobre a aprova\u00e7\u00e3o de estado de greve do funcionalismo p\u00fablico em Itatiaia, a prefeitura informou em nota desconhecer a reivindica\u00e7\u00e3o de aumento do vale-alimenta\u00e7\u00e3o para R$ 230, solicitada pelos servidores. Durante a semana, a dire\u00e7\u00e3o do Sindicato dos Funcion\u00e1rios P\u00fablicos do Munic\u00edpio de Itatiaia (SFPMI) enviou \u00e0 reda\u00e7\u00e3o um of\u00edcio assinado pelo prefeito Luis Carlos Yp\u00ea (PP), em 26 de mar\u00e7o do ano passado, mostrando que ele estava ciente da solicita\u00e7\u00e3o. Na resposta enviada ao sindicato, o prefeito afirmou que o vale de R$ 150 oferecidos a partir de janeiro de 2012 era um dos maiores da regi\u00e3o, tentando se justificar pela inexist\u00eancia de um novo aumento.<\/p>\n<p>&#8211; Na sess\u00e3o do dia 14, vereadores da base do prefeito Yp\u00ea na C\u00e2mara de Itatiaia mostraram um discurso afinado e solicitaram a cria\u00e7\u00e3o de subprefeituras para diferentes regi\u00f5es da cidade. Leonardo (PP) pediu a transforma\u00e7\u00e3o da administra\u00e7\u00e3o regional de Penedo para subprefeitura. Lembrando que neste ano o cargo come\u00e7ou a ser ocupado por Antonio C\u00e9sar, que tem parentesco dom Yp\u00ea. J\u00e1 Maria Jos\u00e9 pediu para regi\u00e3o de Mau\u00e1, de onde vem, e onde ocupou o cargo de administradora regional. Com isso mais cargos em comiss\u00e3o?<\/p>\n<p>&#8211; Na mesma sess\u00e3o, o vereador Leonardo ainda pediu a constru\u00e7\u00e3o de uma Casa do Artes\u00e3o para o munic\u00edpio. Mas pera a\u00ed: a cidade j\u00e1 poderia ter uma! Em 2010, uma emenda parlamentar foi destinada para o servi\u00e7o e que n\u00e3o foi aproveitada. O deputado que apresentou a emenda \u00e9 do PT, partido da ex-vice-prefeita Gilda Molica, que na \u00e9poca j\u00e1 n\u00e3o era vista com bons olhos pelo grupo do prefeito. E o povo sabe disso?<\/p>\n<p>&#8211; Falando em Gilda, com a sa\u00edda do mandato de vice-prefeita, ela procura manter o PT em Itatiaia aceso. \u00c9 o que garante a milit\u00e2ncia que n\u00e3o gostou de ouvir que a tamb\u00e9m presidente da legenda estava escondida no meio do nada. O diret\u00f3rio tamb\u00e9m se prepara para as elei\u00e7\u00f5es internas, que ocorrer\u00e3o no final do ano.<\/p>\n<p>&#8211; Segundo a Assessoria do Minist\u00e9rio P\u00fablico Federal, o inqu\u00e9rito aberto para investigar as obras da Nissan e o aterro da Lagoa da Turfeira ainda aguarda um parecer da 4\u00aa C\u00e2mara T\u00e9cnica de Meio Ambiente para que o \u00f3rg\u00e3o apresente um Termo de Ajustamento de Conduta (TAC) \u00e0 montadora. Enquanto isso&#8230;<\/p>\n<p>&#8211; &#8230; enquanto isso, a Lagoa da Turfeira agoniza. H\u00e1 muito tempo, antes mesmo do per\u00edodo de estiagem, o que levou o Comit\u00ea pela Transpar\u00eancia e Controle Social de Resende solicitar \u00e0 Nissan a entrega ao Comar e \u00e0 popula\u00e7\u00e3o de Resende, o mais r\u00e1pido poss\u00edvel, o relat\u00f3rio com os primeiros estudos sobre a recupera\u00e7\u00e3o da \u00e1rea. At\u00e9 agora a Nissan nem tchumm! O descaso da montadora far\u00e1 parte da pr\u00f3xima reuni\u00e3o do ComSocial que ser\u00e1 realizada dia 18. A TV Band esteve semana passada fazendo uma mat\u00e9ria em Resende. A TV Rio Sul? Nem tchumm tamb\u00e9m!<\/p>\n<p>&#8211; \u201cNoel de Carvalho foi visto no Cal\u00e7ad\u00e3o\u201d, informou uma fonte ao jornal BEIRA-RIO.<\/p>\n","protected":false},"excerpt":{"rendered":"<p>&#8211; Na edi\u00e7\u00e3o passada, na mat\u00e9ria sobre a aprova\u00e7\u00e3o de estado de greve do funcionalismo p\u00fablico em Itatiaia, a prefeitura informou em nota desconhecer<\/p>\n","protected":false},"author":1,"featured_media":0,"comment_status":"open","ping_status":"open","sticky":false,"template":"","format":"standard","meta":{"pmpro_default_level":"","footnotes":""},"categories":[8],"tags":[],"class_list":["post-9411","post","type-post","status-publish","format-standard","hentry","category-opiniao","pmpro-has-access"],"yoast_head":"<!-- This site is optimized with the Yoast SEO plugin v27.4 - https:\/\/yoast.com\/product\/yoast-seo-wordpress\/ -->\n<title>Acredite se quiser! - JORNAL BEIRA RIO<\/title>\n<meta name=\"robots\" content=\"index, follow, max-snippet:-1, max-image-preview:large, max-video-preview:-1\" \/>\n<link rel=\"canonical\" href=\"https:\/\/jornalbeirario.com.br\/portal\/?p=9411\" \/>\n<meta property=\"og:locale\" content=\"pt_BR\" \/>\n<meta property=\"og:type\" content=\"article\" \/>\n<meta property=\"og:title\" content=\"Acredite se quiser! - JORNAL BEIRA RIO\" \/>\n<meta property=\"og:description\" content=\"&#8211; Na edi\u00e7\u00e3o passada, na mat\u00e9ria sobre a aprova\u00e7\u00e3o de estado de greve do funcionalismo p\u00fablico em Itatiaia, a prefeitura informou em nota desconhecer\" \/>\n<meta property=\"og:url\" content=\"https:\/\/jornalbeirario.com.br\/portal\/?p=9411\" \/>\n<meta property=\"og:site_name\" content=\"JORNAL BEIRA RIO\" \/>\n<meta property=\"article:published_time\" content=\"2013-05-17T11:59:42+00:00\" \/>\n<meta name=\"author\" content=\"Jornal BEIRA-RIO\" \/>\n<meta name=\"twitter:card\" content=\"summary_large_image\" \/>\n<meta name=\"twitter:label1\" content=\"Escrito por\" \/>\n\t<meta name=\"twitter:data1\" content=\"Jornal BEIRA-RIO\" \/>\n\t<meta name=\"twitter:label2\" content=\"Est. tempo de leitura\" \/>\n\t<meta name=\"twitter:data2\" content=\"3 minutos\" \/>\n<script type=\"application\/ld+json\" class=\"yoast-schema-graph\">{\"@context\":\"https:\\\/\\\/schema.org\",\"@graph\":[{\"@type\":\"Article\",\"@id\":\"https:\\\/\\\/jornalbeirario.com.br\\\/portal\\\/?p=9411#article\",\"isPartOf\":{\"@id\":\"https:\\\/\\\/jornalbeirario.com.br\\\/portal\\\/?p=9411\"},\"author\":{\"name\":\"Jornal BEIRA-RIO\",\"@id\":\"https:\\\/\\\/jornalbeirario.com.br\\\/portal\\\/#\\\/schema\\\/person\\\/c6c423e4c2465d2a9233f6539173e7c1\"},\"headline\":\"Acredite se quiser!\",\"datePublished\":\"2013-05-17T11:59:42+00:00\",\"mainEntityOfPage\":{\"@id\":\"https:\\\/\\\/jornalbeirario.com.br\\\/portal\\\/?p=9411\"},\"wordCount\":542,\"commentCount\":0,\"publisher\":{\"@id\":\"https:\\\/\\\/jornalbeirario.com.br\\\/portal\\\/#organization\"},\"articleSection\":[\"Opini\u00e3o\"],\"inLanguage\":\"pt-BR\",\"potentialAction\":[{\"@type\":\"CommentAction\",\"name\":\"Comment\",\"target\":[\"https:\\\/\\\/jornalbeirario.com.br\\\/portal\\\/?p=9411#respond\"]}]},{\"@type\":\"WebPage\",\"@id\":\"https:\\\/\\\/jornalbeirario.com.br\\\/portal\\\/?p=9411\",\"url\":\"https:\\\/\\\/jornalbeirario.com.br\\\/portal\\\/?p=9411\",\"name\":\"Acredite se quiser! - JORNAL BEIRA RIO\",\"isPartOf\":{\"@id\":\"https:\\\/\\\/jornalbeirario.com.br\\\/portal\\\/#website\"},\"datePublished\":\"2013-05-17T11:59:42+00:00\",\"breadcrumb\":{\"@id\":\"https:\\\/\\\/jornalbeirario.com.br\\\/portal\\\/?p=9411#breadcrumb\"},\"inLanguage\":\"pt-BR\",\"potentialAction\":[{\"@type\":\"ReadAction\",\"target\":[\"https:\\\/\\\/jornalbeirario.com.br\\\/portal\\\/?p=9411\"]}]},{\"@type\":\"BreadcrumbList\",\"@id\":\"https:\\\/\\\/jornalbeirario.com.br\\\/portal\\\/?p=9411#breadcrumb\",\"itemListElement\":[{\"@type\":\"ListItem\",\"position\":1,\"name\":\"Home\",\"item\":\"https:\\\/\\\/jornalbeirario.com.br\\\/portal\"},{\"@type\":\"ListItem\",\"position\":2,\"name\":\"Acredite se quiser!\"}]},{\"@type\":\"WebSite\",\"@id\":\"https:\\\/\\\/jornalbeirario.com.br\\\/portal\\\/#website\",\"url\":\"https:\\\/\\\/jornalbeirario.com.br\\\/portal\\\/\",\"name\":\"JORNAL BEIRA RIO\",\"description\":\"\",\"publisher\":{\"@id\":\"https:\\\/\\\/jornalbeirario.com.br\\\/portal\\\/#organization\"},\"potentialAction\":[{\"@type\":\"SearchAction\",\"target\":{\"@type\":\"EntryPoint\",\"urlTemplate\":\"https:\\\/\\\/jornalbeirario.com.br\\\/portal\\\/?s={search_term_string}\"},\"query-input\":{\"@type\":\"PropertyValueSpecification\",\"valueRequired\":true,\"valueName\":\"search_term_string\"}}],\"inLanguage\":\"pt-BR\"},{\"@type\":\"Organization\",\"@id\":\"https:\\\/\\\/jornalbeirario.com.br\\\/portal\\\/#organization\",\"name\":\"JORNAL BEIRA RIO\",\"url\":\"https:\\\/\\\/jornalbeirario.com.br\\\/portal\\\/\",\"logo\":{\"@type\":\"ImageObject\",\"inLanguage\":\"pt-BR\",\"@id\":\"https:\\\/\\\/jornalbeirario.com.br\\\/portal\\\/#\\\/schema\\\/logo\\\/image\\\/\",\"url\":\"https:\\\/\\\/jornalbeirario.com.br\\\/portal\\\/wp-content\\\/uploads\\\/2017\\\/09\\\/BEIRA-RIO_logo600.png\",\"contentUrl\":\"https:\\\/\\\/jornalbeirario.com.br\\\/portal\\\/wp-content\\\/uploads\\\/2017\\\/09\\\/BEIRA-RIO_logo600.png\",\"width\":650,\"height\":108,\"caption\":\"JORNAL BEIRA RIO\"},\"image\":{\"@id\":\"https:\\\/\\\/jornalbeirario.com.br\\\/portal\\\/#\\\/schema\\\/logo\\\/image\\\/\"}},{\"@type\":\"Person\",\"@id\":\"https:\\\/\\\/jornalbeirario.com.br\\\/portal\\\/#\\\/schema\\\/person\\\/c6c423e4c2465d2a9233f6539173e7c1\",\"name\":\"Jornal BEIRA-RIO\",\"image\":{\"@type\":\"ImageObject\",\"inLanguage\":\"pt-BR\",\"@id\":\"https:\\\/\\\/jornalbeirario.com.br\\\/portal\\\/wp-content\\\/uploads\\\/2023\\\/10\\\/logojbr1.jpg\",\"url\":\"https:\\\/\\\/jornalbeirario.com.br\\\/portal\\\/wp-content\\\/uploads\\\/2023\\\/10\\\/logojbr1.jpg\",\"contentUrl\":\"https:\\\/\\\/jornalbeirario.com.br\\\/portal\\\/wp-content\\\/uploads\\\/2023\\\/10\\\/logojbr1.jpg\",\"caption\":\"Jornal BEIRA-RIO\"},\"url\":\"https:\\\/\\\/jornalbeirario.com.br\\\/portal\\\/?author=1\"}]}<\/script>\n<!-- \/ Yoast SEO plugin. -->","yoast_head_json":{"title":"Acredite se quiser! - JORNAL BEIRA RIO","robots":{"index":"index","follow":"follow","max-snippet":"max-snippet:-1","max-image-preview":"max-image-preview:large","max-video-preview":"max-video-preview:-1"},"canonical":"https:\/\/jornalbeirario.com.br\/portal\/?p=9411","og_locale":"pt_BR","og_type":"article","og_title":"Acredite se quiser! - JORNAL BEIRA RIO","og_description":"&#8211; Na edi\u00e7\u00e3o passada, na mat\u00e9ria sobre a aprova\u00e7\u00e3o de estado de greve do funcionalismo p\u00fablico em Itatiaia, a prefeitura informou em nota desconhecer","og_url":"https:\/\/jornalbeirario.com.br\/portal\/?p=9411","og_site_name":"JORNAL BEIRA RIO","article_published_time":"2013-05-17T11:59:42+00:00","author":"Jornal BEIRA-RIO","twitter_card":"summary_large_image","twitter_misc":{"Escrito por":"Jornal BEIRA-RIO","Est. tempo de leitura":"3 minutos"},"schema":{"@context":"https:\/\/schema.org","@graph":[{"@type":"Article","@id":"https:\/\/jornalbeirario.com.br\/portal\/?p=9411#article","isPartOf":{"@id":"https:\/\/jornalbeirario.com.br\/portal\/?p=9411"},"author":{"name":"Jornal BEIRA-RIO","@id":"https:\/\/jornalbeirario.com.br\/portal\/#\/schema\/person\/c6c423e4c2465d2a9233f6539173e7c1"},"headline":"Acredite se quiser!","datePublished":"2013-05-17T11:59:42+00:00","mainEntityOfPage":{"@id":"https:\/\/jornalbeirario.com.br\/portal\/?p=9411"},"wordCount":542,"commentCount":0,"publisher":{"@id":"https:\/\/jornalbeirario.com.br\/portal\/#organization"},"articleSection":["Opini\u00e3o"],"inLanguage":"pt-BR","potentialAction":[{"@type":"CommentAction","name":"Comment","target":["https:\/\/jornalbeirario.com.br\/portal\/?p=9411#respond"]}]},{"@type":"WebPage","@id":"https:\/\/jornalbeirario.com.br\/portal\/?p=9411","url":"https:\/\/jornalbeirario.com.br\/portal\/?p=9411","name":"Acredite se quiser! - JORNAL BEIRA RIO","isPartOf":{"@id":"https:\/\/jornalbeirario.com.br\/portal\/#website"},"datePublished":"2013-05-17T11:59:42+00:00","breadcrumb":{"@id":"https:\/\/jornalbeirario.com.br\/portal\/?p=9411#breadcrumb"},"inLanguage":"pt-BR","potentialAction":[{"@type":"ReadAction","target":["https:\/\/jornalbeirario.com.br\/portal\/?p=9411"]}]},{"@type":"BreadcrumbList","@id":"https:\/\/jornalbeirario.com.br\/portal\/?p=9411#breadcrumb","itemListElement":[{"@type":"ListItem","position":1,"name":"Home","item":"https:\/\/jornalbeirario.com.br\/portal"},{"@type":"ListItem","position":2,"name":"Acredite se quiser!"}]},{"@type":"WebSite","@id":"https:\/\/jornalbeirario.com.br\/portal\/#website","url":"https:\/\/jornalbeirario.com.br\/portal\/","name":"JORNAL BEIRA RIO","description":"","publisher":{"@id":"https:\/\/jornalbeirario.com.br\/portal\/#organization"},"potentialAction":[{"@type":"SearchAction","target":{"@type":"EntryPoint","urlTemplate":"https:\/\/jornalbeirario.com.br\/portal\/?s={search_term_string}"},"query-input":{"@type":"PropertyValueSpecification","valueRequired":true,"valueName":"search_term_string"}}],"inLanguage":"pt-BR"},{"@type":"Organization","@id":"https:\/\/jornalbeirario.com.br\/portal\/#organization","name":"JORNAL BEIRA RIO","url":"https:\/\/jornalbeirario.com.br\/portal\/","logo":{"@type":"ImageObject","inLanguage":"pt-BR","@id":"https:\/\/jornalbeirario.com.br\/portal\/#\/schema\/logo\/image\/","url":"https:\/\/jornalbeirario.com.br\/portal\/wp-content\/uploads\/2017\/09\/BEIRA-RIO_logo600.png","contentUrl":"https:\/\/jornalbeirario.com.br\/portal\/wp-content\/uploads\/2017\/09\/BEIRA-RIO_logo600.png","width":650,"height":108,"caption":"JORNAL BEIRA RIO"},"image":{"@id":"https:\/\/jornalbeirario.com.br\/portal\/#\/schema\/logo\/image\/"}},{"@type":"Person","@id":"https:\/\/jornalbeirario.com.br\/portal\/#\/schema\/person\/c6c423e4c2465d2a9233f6539173e7c1","name":"Jornal BEIRA-RIO","image":{"@type":"ImageObject","inLanguage":"pt-BR","@id":"https:\/\/jornalbeirario.com.br\/portal\/wp-content\/uploads\/2023\/10\/logojbr1.jpg","url":"https:\/\/jornalbeirario.com.br\/portal\/wp-content\/uploads\/2023\/10\/logojbr1.jpg","contentUrl":"https:\/\/jornalbeirario.com.br\/portal\/wp-content\/uploads\/2023\/10\/logojbr1.jpg","caption":"Jornal BEIRA-RIO"},"url":"https:\/\/jornalbeirario.com.br\/portal\/?author=1"}]}},"_links":{"self":[{"href":"https:\/\/jornalbeirario.com.br\/portal\/index.php?rest_route=\/wp\/v2\/posts\/9411","targetHints":{"allow":["GET"]}}],"collection":[{"href":"https:\/\/jornalbeirario.com.br\/portal\/index.php?rest_route=\/wp\/v2\/posts"}],"about":[{"href":"https:\/\/jornalbeirario.com.br\/portal\/index.php?rest_route=\/wp\/v2\/types\/post"}],"author":[{"embeddable":true,"href":"https:\/\/jornalbeirario.com.br\/portal\/index.php?rest_route=\/wp\/v2\/users\/1"}],"replies":[{"embeddable":true,"href":"https:\/\/jornalbeirario.com.br\/portal\/index.php?rest_route=%2Fwp%2Fv2%2Fcomments&post=9411"}],"version-history":[{"count":1,"href":"https:\/\/jornalbeirario.com.br\/portal\/index.php?rest_route=\/wp\/v2\/posts\/9411\/revisions"}],"predecessor-version":[{"id":9412,"href":"https:\/\/jornalbeirario.com.br\/portal\/index.php?rest_route=\/wp\/v2\/posts\/9411\/revisions\/9412"}],"wp:attachment":[{"href":"https:\/\/jornalbeirario.com.br\/portal\/index.php?rest_route=%2Fwp%2Fv2%2Fmedia&parent=9411"}],"wp:term":[{"taxonomy":"category","embeddable":true,"href":"https:\/\/jornalbeirario.com.br\/portal\/index.php?rest_route=%2Fwp%2Fv2%2Fcategories&post=9411"},{"taxonomy":"post_tag","embeddable":true,"href":"https:\/\/jornalbeirario.com.br\/portal\/index.php?rest_route=%2Fwp%2Fv2%2Ftags&post=9411"}],"curies":[{"name":"wp","href":"https:\/\/api.w.org\/{rel}","templated":true}]}}