
{"id":91254,"date":"2022-07-15T12:17:26","date_gmt":"2022-07-15T15:17:26","guid":{"rendered":"http:\/\/jornalbeirario.com.br\/portal\/?p=91254"},"modified":"2022-07-15T12:17:26","modified_gmt":"2022-07-15T15:17:26","slug":"dia-d-de-resende-tem-vacinacao-contra-covid-19-em-calcadao-e-no-estadio-do-trabalhador","status":"publish","type":"post","link":"https:\/\/jornalbeirario.com.br\/portal\/?p=91254","title":{"rendered":"Dia D de Resende tem vacina\u00e7\u00e3o contra Covid-19 em Cal\u00e7ad\u00e3o e no Est\u00e1dio do Trabalhador"},"content":{"rendered":"<p dir=\"ltr\" style=\"text-align: justify;\"><img loading=\"lazy\" decoding=\"async\" class=\"alignleft size-thumbnail wp-image-85766\" src=\"https:\/\/jornalbeirario.com.br\/portal\/wp-content\/uploads\/2022\/03\/logo-jbr-carimbo1-150x150.png\" alt=\"\" width=\"150\" height=\"150\" srcset=\"https:\/\/jornalbeirario.com.br\/portal\/wp-content\/uploads\/2022\/03\/logo-jbr-carimbo1-150x150.png 150w, https:\/\/jornalbeirario.com.br\/portal\/wp-content\/uploads\/2022\/03\/logo-jbr-carimbo1-215x215.png 215w\" sizes=\"auto, (max-width: 150px) 100vw, 150px\" \/><img loading=\"lazy\" decoding=\"async\" class=\"alignright size-medium wp-image-91340\" src=\"https:\/\/jornalbeirario.com.br\/portal\/wp-content\/uploads\/2022\/07\/vacinacao1-300x225.jpg\" alt=\"\" width=\"300\" height=\"225\" srcset=\"https:\/\/jornalbeirario.com.br\/portal\/wp-content\/uploads\/2022\/07\/vacinacao1-300x225.jpg 300w, https:\/\/jornalbeirario.com.br\/portal\/wp-content\/uploads\/2022\/07\/vacinacao1.jpg 640w\" sizes=\"auto, (max-width: 300px) 100vw, 300px\" \/>Neste s\u00e1bado, dia 16, Resende realiza um Dia D de campanha de vacina\u00e7\u00e3o contra a Covid-19. A ideia \u00e9 agilizar a imuniza\u00e7\u00e3o dos moradores contra o v\u00edrus, que h\u00e1 dois anos segue pand\u00eamico. A vacina\u00e7\u00e3o acontecer\u00e1 em dois locais: no Cal\u00e7ad\u00e3o de Campos El\u00edseos, de 9 \u00e0s 14h, e no Est\u00e1dio do Trabalhador, de 8 \u00e0s 12h.<\/p>\n<p dir=\"ltr\" style=\"text-align: justify;\">No Cal\u00e7ad\u00e3o, os profissionais da Sa\u00fade receber\u00e3o a popula\u00e7\u00e3o em uma tenda, e no Est\u00e1dio do Trabalhador a campanha funcionar\u00e1 no sistema drive-thru. Os profissionais ir\u00e3o aplicar da primeira \u00e0 quarta dose em pessoas acima de 18 anos. Para tomar a dose de refor\u00e7o (que pode ser ministrada em qualquer pessoa a partir de 18 anos), \u00e9 necess\u00e1rio respeitar o intervalo de quatro meses desde a \u00faltima dose aplicada.<\/p>\n<p dir=\"ltr\" style=\"text-align: justify;\">Para aqueles que tomaram recentemente a vacina da Influenza, n\u00e3o \u00e9 necess\u00e1rio ter um intervalo entre a aplica\u00e7\u00e3o da Covid-19. Os pacientes que tiveram Covid recentemente devem aguardar o intervalo de 30 dias para receber a vacina.<\/p>\n<p dir=\"ltr\" style=\"text-align: justify;\">Os interessados em receber a imuniza\u00e7\u00e3o devem comparecer com cart\u00e3o de vacina\u00e7\u00e3o com o registro das outras doses, documento de identifica\u00e7\u00e3o com CPF e cart\u00e3o do SUS (se tiver).<\/p>\n<p dir=\"ltr\"><em>Foto: Douglas Pacheco\/Divulga\u00e7\u00e3o PMR<\/em><\/p>\n","protected":false},"excerpt":{"rendered":"<p>Neste s\u00e1bado, dia 16, Resende realiza um Dia D de campanha de vacina\u00e7\u00e3o contra a Covid-19. A ideia \u00e9 agilizar a imuniza\u00e7\u00e3o dos moradores<\/p>\n","protected":false},"author":1,"featured_media":91340,"comment_status":"open","ping_status":"open","sticky":false,"template":"","format":"standard","meta":{"pmpro_default_level":"","footnotes":""},"categories":[1,18],"tags":[],"class_list":["post-91254","post","type-post","status-publish","format-standard","has-post-thumbnail","hentry","category-cidade","category-saude","pmpro-has-access"],"yoast_head":"<!-- This site is optimized with the Yoast SEO plugin v27.4 - https:\/\/yoast.com\/product\/yoast-seo-wordpress\/ -->\n<title>Dia D de Resende tem vacina\u00e7\u00e3o contra Covid-19 em Cal\u00e7ad\u00e3o e no Est\u00e1dio do Trabalhador - JORNAL BEIRA RIO<\/title>\n<meta name=\"robots\" content=\"index, follow, max-snippet:-1, max-image-preview:large, max-video-preview:-1\" \/>\n<link rel=\"canonical\" href=\"https:\/\/jornalbeirario.com.br\/portal\/?p=91254\" \/>\n<meta property=\"og:locale\" content=\"pt_BR\" \/>\n<meta property=\"og:type\" content=\"article\" \/>\n<meta property=\"og:title\" content=\"Dia D de Resende tem vacina\u00e7\u00e3o contra Covid-19 em Cal\u00e7ad\u00e3o e no Est\u00e1dio do Trabalhador - JORNAL BEIRA RIO\" \/>\n<meta property=\"og:description\" content=\"Neste s\u00e1bado, dia 16, Resende realiza um Dia D de campanha de vacina\u00e7\u00e3o contra a Covid-19. A ideia \u00e9 agilizar a imuniza\u00e7\u00e3o dos moradores\" \/>\n<meta property=\"og:url\" content=\"https:\/\/jornalbeirario.com.br\/portal\/?p=91254\" \/>\n<meta property=\"og:site_name\" content=\"JORNAL BEIRA RIO\" \/>\n<meta property=\"article:published_time\" content=\"2022-07-15T15:17:26+00:00\" \/>\n<meta property=\"og:image\" content=\"https:\/\/jornalbeirario.com.br\/portal\/wp-content\/uploads\/2022\/07\/vacinacao1.jpg\" \/>\n\t<meta property=\"og:image:width\" content=\"640\" \/>\n\t<meta property=\"og:image:height\" content=\"480\" \/>\n\t<meta property=\"og:image:type\" content=\"image\/jpeg\" \/>\n<meta name=\"author\" content=\"Jornal BEIRA-RIO\" \/>\n<meta name=\"twitter:card\" content=\"summary_large_image\" \/>\n<meta name=\"twitter:label1\" content=\"Escrito por\" \/>\n\t<meta name=\"twitter:data1\" content=\"Jornal BEIRA-RIO\" \/>\n\t<meta name=\"twitter:label2\" content=\"Est. tempo de leitura\" \/>\n\t<meta name=\"twitter:data2\" content=\"1 minuto\" \/>\n<script type=\"application\/ld+json\" class=\"yoast-schema-graph\">{\"@context\":\"https:\\\/\\\/schema.org\",\"@graph\":[{\"@type\":\"Article\",\"@id\":\"https:\\\/\\\/jornalbeirario.com.br\\\/portal\\\/?p=91254#article\",\"isPartOf\":{\"@id\":\"https:\\\/\\\/jornalbeirario.com.br\\\/portal\\\/?p=91254\"},\"author\":{\"name\":\"Jornal BEIRA-RIO\",\"@id\":\"https:\\\/\\\/jornalbeirario.com.br\\\/portal\\\/#\\\/schema\\\/person\\\/c6c423e4c2465d2a9233f6539173e7c1\"},\"headline\":\"Dia D de Resende tem vacina\u00e7\u00e3o contra Covid-19 em Cal\u00e7ad\u00e3o e no Est\u00e1dio do Trabalhador\",\"datePublished\":\"2022-07-15T15:17:26+00:00\",\"mainEntityOfPage\":{\"@id\":\"https:\\\/\\\/jornalbeirario.com.br\\\/portal\\\/?p=91254\"},\"wordCount\":234,\"commentCount\":0,\"publisher\":{\"@id\":\"https:\\\/\\\/jornalbeirario.com.br\\\/portal\\\/#organization\"},\"image\":{\"@id\":\"https:\\\/\\\/jornalbeirario.com.br\\\/portal\\\/?p=91254#primaryimage\"},\"thumbnailUrl\":\"https:\\\/\\\/jornalbeirario.com.br\\\/portal\\\/wp-content\\\/uploads\\\/2022\\\/07\\\/vacinacao1.jpg\",\"articleSection\":[\"Cidade\",\"Sa\u00fade\"],\"inLanguage\":\"pt-BR\",\"potentialAction\":[{\"@type\":\"CommentAction\",\"name\":\"Comment\",\"target\":[\"https:\\\/\\\/jornalbeirario.com.br\\\/portal\\\/?p=91254#respond\"]}]},{\"@type\":\"WebPage\",\"@id\":\"https:\\\/\\\/jornalbeirario.com.br\\\/portal\\\/?p=91254\",\"url\":\"https:\\\/\\\/jornalbeirario.com.br\\\/portal\\\/?p=91254\",\"name\":\"Dia D de Resende tem vacina\u00e7\u00e3o contra Covid-19 em Cal\u00e7ad\u00e3o e no Est\u00e1dio do Trabalhador - JORNAL BEIRA RIO\",\"isPartOf\":{\"@id\":\"https:\\\/\\\/jornalbeirario.com.br\\\/portal\\\/#website\"},\"primaryImageOfPage\":{\"@id\":\"https:\\\/\\\/jornalbeirario.com.br\\\/portal\\\/?p=91254#primaryimage\"},\"image\":{\"@id\":\"https:\\\/\\\/jornalbeirario.com.br\\\/portal\\\/?p=91254#primaryimage\"},\"thumbnailUrl\":\"https:\\\/\\\/jornalbeirario.com.br\\\/portal\\\/wp-content\\\/uploads\\\/2022\\\/07\\\/vacinacao1.jpg\",\"datePublished\":\"2022-07-15T15:17:26+00:00\",\"breadcrumb\":{\"@id\":\"https:\\\/\\\/jornalbeirario.com.br\\\/portal\\\/?p=91254#breadcrumb\"},\"inLanguage\":\"pt-BR\",\"potentialAction\":[{\"@type\":\"ReadAction\",\"target\":[\"https:\\\/\\\/jornalbeirario.com.br\\\/portal\\\/?p=91254\"]}]},{\"@type\":\"ImageObject\",\"inLanguage\":\"pt-BR\",\"@id\":\"https:\\\/\\\/jornalbeirario.com.br\\\/portal\\\/?p=91254#primaryimage\",\"url\":\"https:\\\/\\\/jornalbeirario.com.br\\\/portal\\\/wp-content\\\/uploads\\\/2022\\\/07\\\/vacinacao1.jpg\",\"contentUrl\":\"https:\\\/\\\/jornalbeirario.com.br\\\/portal\\\/wp-content\\\/uploads\\\/2022\\\/07\\\/vacinacao1.jpg\",\"width\":640,\"height\":480},{\"@type\":\"BreadcrumbList\",\"@id\":\"https:\\\/\\\/jornalbeirario.com.br\\\/portal\\\/?p=91254#breadcrumb\",\"itemListElement\":[{\"@type\":\"ListItem\",\"position\":1,\"name\":\"Home\",\"item\":\"https:\\\/\\\/jornalbeirario.com.br\\\/portal\"},{\"@type\":\"ListItem\",\"position\":2,\"name\":\"Dia D de Resende tem vacina\u00e7\u00e3o contra Covid-19 em Cal\u00e7ad\u00e3o e no Est\u00e1dio do Trabalhador\"}]},{\"@type\":\"WebSite\",\"@id\":\"https:\\\/\\\/jornalbeirario.com.br\\\/portal\\\/#website\",\"url\":\"https:\\\/\\\/jornalbeirario.com.br\\\/portal\\\/\",\"name\":\"JORNAL BEIRA RIO\",\"description\":\"\",\"publisher\":{\"@id\":\"https:\\\/\\\/jornalbeirario.com.br\\\/portal\\\/#organization\"},\"potentialAction\":[{\"@type\":\"SearchAction\",\"target\":{\"@type\":\"EntryPoint\",\"urlTemplate\":\"https:\\\/\\\/jornalbeirario.com.br\\\/portal\\\/?s={search_term_string}\"},\"query-input\":{\"@type\":\"PropertyValueSpecification\",\"valueRequired\":true,\"valueName\":\"search_term_string\"}}],\"inLanguage\":\"pt-BR\"},{\"@type\":\"Organization\",\"@id\":\"https:\\\/\\\/jornalbeirario.com.br\\\/portal\\\/#organization\",\"name\":\"JORNAL BEIRA RIO\",\"url\":\"https:\\\/\\\/jornalbeirario.com.br\\\/portal\\\/\",\"logo\":{\"@type\":\"ImageObject\",\"inLanguage\":\"pt-BR\",\"@id\":\"https:\\\/\\\/jornalbeirario.com.br\\\/portal\\\/#\\\/schema\\\/logo\\\/image\\\/\",\"url\":\"https:\\\/\\\/jornalbeirario.com.br\\\/portal\\\/wp-content\\\/uploads\\\/2017\\\/09\\\/BEIRA-RIO_logo600.png\",\"contentUrl\":\"https:\\\/\\\/jornalbeirario.com.br\\\/portal\\\/wp-content\\\/uploads\\\/2017\\\/09\\\/BEIRA-RIO_logo600.png\",\"width\":650,\"height\":108,\"caption\":\"JORNAL BEIRA RIO\"},\"image\":{\"@id\":\"https:\\\/\\\/jornalbeirario.com.br\\\/portal\\\/#\\\/schema\\\/logo\\\/image\\\/\"}},{\"@type\":\"Person\",\"@id\":\"https:\\\/\\\/jornalbeirario.com.br\\\/portal\\\/#\\\/schema\\\/person\\\/c6c423e4c2465d2a9233f6539173e7c1\",\"name\":\"Jornal BEIRA-RIO\",\"image\":{\"@type\":\"ImageObject\",\"inLanguage\":\"pt-BR\",\"@id\":\"https:\\\/\\\/jornalbeirario.com.br\\\/portal\\\/wp-content\\\/uploads\\\/2023\\\/10\\\/logojbr1.jpg\",\"url\":\"https:\\\/\\\/jornalbeirario.com.br\\\/portal\\\/wp-content\\\/uploads\\\/2023\\\/10\\\/logojbr1.jpg\",\"contentUrl\":\"https:\\\/\\\/jornalbeirario.com.br\\\/portal\\\/wp-content\\\/uploads\\\/2023\\\/10\\\/logojbr1.jpg\",\"caption\":\"Jornal BEIRA-RIO\"},\"url\":\"https:\\\/\\\/jornalbeirario.com.br\\\/portal\\\/?author=1\"}]}<\/script>\n<!-- \/ Yoast SEO plugin. -->","yoast_head_json":{"title":"Dia D de Resende tem vacina\u00e7\u00e3o contra Covid-19 em Cal\u00e7ad\u00e3o e no Est\u00e1dio do Trabalhador - JORNAL BEIRA RIO","robots":{"index":"index","follow":"follow","max-snippet":"max-snippet:-1","max-image-preview":"max-image-preview:large","max-video-preview":"max-video-preview:-1"},"canonical":"https:\/\/jornalbeirario.com.br\/portal\/?p=91254","og_locale":"pt_BR","og_type":"article","og_title":"Dia D de Resende tem vacina\u00e7\u00e3o contra Covid-19 em Cal\u00e7ad\u00e3o e no Est\u00e1dio do Trabalhador - JORNAL BEIRA RIO","og_description":"Neste s\u00e1bado, dia 16, Resende realiza um Dia D de campanha de vacina\u00e7\u00e3o contra a Covid-19. A ideia \u00e9 agilizar a imuniza\u00e7\u00e3o dos moradores","og_url":"https:\/\/jornalbeirario.com.br\/portal\/?p=91254","og_site_name":"JORNAL BEIRA RIO","article_published_time":"2022-07-15T15:17:26+00:00","og_image":[{"width":640,"height":480,"url":"https:\/\/jornalbeirario.com.br\/portal\/wp-content\/uploads\/2022\/07\/vacinacao1.jpg","type":"image\/jpeg"}],"author":"Jornal BEIRA-RIO","twitter_card":"summary_large_image","twitter_misc":{"Escrito por":"Jornal BEIRA-RIO","Est. tempo de leitura":"1 minuto"},"schema":{"@context":"https:\/\/schema.org","@graph":[{"@type":"Article","@id":"https:\/\/jornalbeirario.com.br\/portal\/?p=91254#article","isPartOf":{"@id":"https:\/\/jornalbeirario.com.br\/portal\/?p=91254"},"author":{"name":"Jornal BEIRA-RIO","@id":"https:\/\/jornalbeirario.com.br\/portal\/#\/schema\/person\/c6c423e4c2465d2a9233f6539173e7c1"},"headline":"Dia D de Resende tem vacina\u00e7\u00e3o contra Covid-19 em Cal\u00e7ad\u00e3o e no Est\u00e1dio do Trabalhador","datePublished":"2022-07-15T15:17:26+00:00","mainEntityOfPage":{"@id":"https:\/\/jornalbeirario.com.br\/portal\/?p=91254"},"wordCount":234,"commentCount":0,"publisher":{"@id":"https:\/\/jornalbeirario.com.br\/portal\/#organization"},"image":{"@id":"https:\/\/jornalbeirario.com.br\/portal\/?p=91254#primaryimage"},"thumbnailUrl":"https:\/\/jornalbeirario.com.br\/portal\/wp-content\/uploads\/2022\/07\/vacinacao1.jpg","articleSection":["Cidade","Sa\u00fade"],"inLanguage":"pt-BR","potentialAction":[{"@type":"CommentAction","name":"Comment","target":["https:\/\/jornalbeirario.com.br\/portal\/?p=91254#respond"]}]},{"@type":"WebPage","@id":"https:\/\/jornalbeirario.com.br\/portal\/?p=91254","url":"https:\/\/jornalbeirario.com.br\/portal\/?p=91254","name":"Dia D de Resende tem vacina\u00e7\u00e3o contra Covid-19 em Cal\u00e7ad\u00e3o e no Est\u00e1dio do Trabalhador - JORNAL BEIRA RIO","isPartOf":{"@id":"https:\/\/jornalbeirario.com.br\/portal\/#website"},"primaryImageOfPage":{"@id":"https:\/\/jornalbeirario.com.br\/portal\/?p=91254#primaryimage"},"image":{"@id":"https:\/\/jornalbeirario.com.br\/portal\/?p=91254#primaryimage"},"thumbnailUrl":"https:\/\/jornalbeirario.com.br\/portal\/wp-content\/uploads\/2022\/07\/vacinacao1.jpg","datePublished":"2022-07-15T15:17:26+00:00","breadcrumb":{"@id":"https:\/\/jornalbeirario.com.br\/portal\/?p=91254#breadcrumb"},"inLanguage":"pt-BR","potentialAction":[{"@type":"ReadAction","target":["https:\/\/jornalbeirario.com.br\/portal\/?p=91254"]}]},{"@type":"ImageObject","inLanguage":"pt-BR","@id":"https:\/\/jornalbeirario.com.br\/portal\/?p=91254#primaryimage","url":"https:\/\/jornalbeirario.com.br\/portal\/wp-content\/uploads\/2022\/07\/vacinacao1.jpg","contentUrl":"https:\/\/jornalbeirario.com.br\/portal\/wp-content\/uploads\/2022\/07\/vacinacao1.jpg","width":640,"height":480},{"@type":"BreadcrumbList","@id":"https:\/\/jornalbeirario.com.br\/portal\/?p=91254#breadcrumb","itemListElement":[{"@type":"ListItem","position":1,"name":"Home","item":"https:\/\/jornalbeirario.com.br\/portal"},{"@type":"ListItem","position":2,"name":"Dia D de Resende tem vacina\u00e7\u00e3o contra Covid-19 em Cal\u00e7ad\u00e3o e no Est\u00e1dio do Trabalhador"}]},{"@type":"WebSite","@id":"https:\/\/jornalbeirario.com.br\/portal\/#website","url":"https:\/\/jornalbeirario.com.br\/portal\/","name":"JORNAL BEIRA RIO","description":"","publisher":{"@id":"https:\/\/jornalbeirario.com.br\/portal\/#organization"},"potentialAction":[{"@type":"SearchAction","target":{"@type":"EntryPoint","urlTemplate":"https:\/\/jornalbeirario.com.br\/portal\/?s={search_term_string}"},"query-input":{"@type":"PropertyValueSpecification","valueRequired":true,"valueName":"search_term_string"}}],"inLanguage":"pt-BR"},{"@type":"Organization","@id":"https:\/\/jornalbeirario.com.br\/portal\/#organization","name":"JORNAL BEIRA RIO","url":"https:\/\/jornalbeirario.com.br\/portal\/","logo":{"@type":"ImageObject","inLanguage":"pt-BR","@id":"https:\/\/jornalbeirario.com.br\/portal\/#\/schema\/logo\/image\/","url":"https:\/\/jornalbeirario.com.br\/portal\/wp-content\/uploads\/2017\/09\/BEIRA-RIO_logo600.png","contentUrl":"https:\/\/jornalbeirario.com.br\/portal\/wp-content\/uploads\/2017\/09\/BEIRA-RIO_logo600.png","width":650,"height":108,"caption":"JORNAL BEIRA RIO"},"image":{"@id":"https:\/\/jornalbeirario.com.br\/portal\/#\/schema\/logo\/image\/"}},{"@type":"Person","@id":"https:\/\/jornalbeirario.com.br\/portal\/#\/schema\/person\/c6c423e4c2465d2a9233f6539173e7c1","name":"Jornal BEIRA-RIO","image":{"@type":"ImageObject","inLanguage":"pt-BR","@id":"https:\/\/jornalbeirario.com.br\/portal\/wp-content\/uploads\/2023\/10\/logojbr1.jpg","url":"https:\/\/jornalbeirario.com.br\/portal\/wp-content\/uploads\/2023\/10\/logojbr1.jpg","contentUrl":"https:\/\/jornalbeirario.com.br\/portal\/wp-content\/uploads\/2023\/10\/logojbr1.jpg","caption":"Jornal BEIRA-RIO"},"url":"https:\/\/jornalbeirario.com.br\/portal\/?author=1"}]}},"_links":{"self":[{"href":"https:\/\/jornalbeirario.com.br\/portal\/index.php?rest_route=\/wp\/v2\/posts\/91254","targetHints":{"allow":["GET"]}}],"collection":[{"href":"https:\/\/jornalbeirario.com.br\/portal\/index.php?rest_route=\/wp\/v2\/posts"}],"about":[{"href":"https:\/\/jornalbeirario.com.br\/portal\/index.php?rest_route=\/wp\/v2\/types\/post"}],"author":[{"embeddable":true,"href":"https:\/\/jornalbeirario.com.br\/portal\/index.php?rest_route=\/wp\/v2\/users\/1"}],"replies":[{"embeddable":true,"href":"https:\/\/jornalbeirario.com.br\/portal\/index.php?rest_route=%2Fwp%2Fv2%2Fcomments&post=91254"}],"version-history":[{"count":7,"href":"https:\/\/jornalbeirario.com.br\/portal\/index.php?rest_route=\/wp\/v2\/posts\/91254\/revisions"}],"predecessor-version":[{"id":91341,"href":"https:\/\/jornalbeirario.com.br\/portal\/index.php?rest_route=\/wp\/v2\/posts\/91254\/revisions\/91341"}],"wp:featuredmedia":[{"embeddable":true,"href":"https:\/\/jornalbeirario.com.br\/portal\/index.php?rest_route=\/wp\/v2\/media\/91340"}],"wp:attachment":[{"href":"https:\/\/jornalbeirario.com.br\/portal\/index.php?rest_route=%2Fwp%2Fv2%2Fmedia&parent=91254"}],"wp:term":[{"taxonomy":"category","embeddable":true,"href":"https:\/\/jornalbeirario.com.br\/portal\/index.php?rest_route=%2Fwp%2Fv2%2Fcategories&post=91254"},{"taxonomy":"post_tag","embeddable":true,"href":"https:\/\/jornalbeirario.com.br\/portal\/index.php?rest_route=%2Fwp%2Fv2%2Ftags&post=91254"}],"curies":[{"name":"wp","href":"https:\/\/api.w.org\/{rel}","templated":true}]}}