
{"id":8751,"date":"2013-05-03T11:55:21","date_gmt":"2013-05-03T11:55:21","guid":{"rendered":"http:\/\/jornalbeirario.com.br\/portal\/portal\/?p=8751"},"modified":"2013-05-03T11:55:21","modified_gmt":"2013-05-03T11:55:21","slug":"caso-de-policia-25","status":"publish","type":"post","link":"https:\/\/jornalbeirario.com.br\/portal\/?p=8751","title":{"rendered":"CASO DE POL\u00cdCIA"},"content":{"rendered":"<p style=\"text-align: justify;\">APREENDIDOS na tarde do dia 28, em Itatiaia, um fac\u00e3o, 13 facas, 24 cartuchos calibre 12 vazios, 12 cartuchos calibre 32 intactos, 12 cartuchos calibre 32 vazios, 131 espoletas de carregador de cartucho, um arp\u00e3o de pesca, 70 gramas de p\u00f3lvora, tr\u00eas quilos de chumbo, uma espingarda de press\u00e3o da marca CBC e uma cartucheira calibre 32 da marca Rossi. O material foi apreendido na casa de Wagner Domiciano Reis, de 43 anos, que fica na Rua 13 de maio, no bairro Vila Odete. A Pol\u00edcia Militar chegou por volta das 13h15 ao local ap\u00f3s den\u00fancias, e Reis foi preso em flagrante com base nos artigos 12 e 14 da lei 10826\/03 do estatuto do desarmamento.<\/p>\n<p>MORREU depois de passar mal na boate Appaloosa em Quatis na madrugada do dia 28, por volta das 4h. Patr\u00edcia da Paix\u00e3o Fernandes, de 28 anos, foi socorrida por pessoas que estavam no local, e levada ao Hospital S\u00e3o Lucas, em Quatis. A Pol\u00edcia Militar foi chamada, e ao chegar ao hospital foram informados de que a jovem havia morrido. Segundo um policial militar, ainda n\u00e3o foi determinada a causa do mal s\u00fabito.<\/p>\n<p>COLIS\u00c3O com carros deixa tr\u00eas feridos. Clemilson Jesus de Souza, 20, Fernando Santos Rocha, 30 e Jurandir Oliveira dos Santos, 31, todos pintores de autom\u00f3veis, deram entrada no Hospital de Emerg\u00eancia de Resende depois de uma colis\u00e3o com dois carros no Km 317 em Itatiaia na manh\u00e3 do dia 29. Os homens foram socorridos pela ambul\u00e2ncia da NovaDutra.<\/p>\n<p>FURTO na Casa de Cultura na manh\u00e3 do dia 26. Segundo a funcion\u00e1ria p\u00fablica M\u00e1rcia Rog\u00e9ria Noronha de Melo, 50, ela saiu de sua sala na Casa de Cultura Macedo Miranda, e foi para outra sala, quando retornou, minutos depois, percebeu que seu notebook Samsung havia sido furtado. A funcion\u00e1ria tentou identificar a pessoa que entrou na sala e levou o aparelho, mas n\u00e3o conseguiu.<\/p>\n<p>DETIDOS na Dutra indo para o Rio de Janeiro na tarde do dia 26. Vander Julio Guimar\u00e3es Silva, 22, Franciane Garrido, 25, e um casal de adolescente foram abordados pela Pol\u00edcia Rodovi\u00e1ria Federal, que suspeitaram do carro Celta placa HBG-4201, de Ituiutaba-MG, e mandou que parassem para fiscalizar. Em revista no autom\u00f3vel, encontraram v\u00e1rios cart\u00f5es de banco, tr\u00eas modens, um celular, dois notebooks e dois pendrives. Dentro da bolsa das mulheres foram encontrados quase R$ 3 mil em dinheiro, documentos pessoais, chips da TIM e uma folha com anota\u00e7\u00f5es de nomes e n\u00fameros de ag\u00eancia e conta corrente. Segundo a Pol\u00edcia, Silva confessou que tudo era produto de estelionato, por\u00e9m um dos menores negou dizendo que eles encontraram os cart\u00f5es e iriam devolver. Todos foram conduzidos para a 89\u00aa DP de Resende para prestar esclarecimentos.<\/p>\n<p>COLIS\u00c3O na madrugada do dia 27, no Jardim Bras\u00edlia. Sidney Cordeiro Fonseca, 25, perdeu o controle do Gol, placa LCA 0585, e bateu em um poste. Ele e sua mulher, Lisandra Oliveira Moura, 19, foram encaminhados para o Hospital de Emerg\u00eancia e ficaram em observa\u00e7\u00e3o.<\/p>\n<p>FURTO de bicicleta dia 27 na Cidade Alegria. Uma bicicleta Caloi foi furtada na Rua Perimetral Sul por volta das 8h. A professora Suelen Santana Roberto Costa, 23, estava dentro de uma auto-escola no bairro e quando saiu n\u00e3o encontrou mais a bicicleta. O caso foi registrado na 89\u00aa DP de Resende.<\/p>\n<p>FURTO no Campos El\u00edseos. A cabeleireira Adriana Batista Ferreira de Oliveira, 37, teve seus documentos pessoais, cart\u00e3o de plano de sa\u00fade, um tal\u00e3o de cheque, R$ 50 e v\u00e1rios cart\u00f5es furtados na tarde do dia 27. Segundo Oliveira, ela esteve em v\u00e1rias lojas e quando foi abrir sua bolsa em uma farm\u00e1cia, observou que a carteira havia sumido. O caso foi registrado na 89\u00aa DP de Resende.<\/p>\n<p>ACIDENTE resulta em morte na estrada da Vargem Grande dia 28. Roberto Carlos da Silva Le\u00e3o, 49, morreu depois de um acidente envolvendo um Ford Ka, placa MFY 5819 dirigido por Alceu Neres e a moto da v\u00edtima, uma Yamaha Factor, placa KVL 6053. Segundo Neres, que n\u00e3o sofreu ferimentos, a moto bateu com seu carro em uma curva, onde Roberto foi arremessado, passou por cima do ve\u00edculo e caiu no canto da pista. O filho de Alceu, que estava no carro, teve ferimentos leves e foi encaminhado pelo Corpo de Bombeiros para o Hospital de Emerg\u00eancia de Resende. Alceu responder\u00e1 pelo crime de homic\u00eddio culposo e les\u00e3o corporal culposa, sem inten\u00e7\u00e3o de matar.<\/p>\n<p>FURTO no interior de carro na noite do dia 27. Segundo o industri\u00e1rio Adriano de Souza de Almeida, 31, ele estacionou seu Fiat Uno, placa KZQ-1080 em frente ao Col\u00e9gio Estadual Souza Dantas e entrou no mesmo. Quando voltou percebeu que algu\u00e9m entrou no carro pela porta traseira, que n\u00e3o tinha trancado, e levou sua carteira com documentos pessoais. O industri\u00e1rio registrou o caso na 89\u00aa DP de Resende.<\/p>\n<p>PRESO depois de tentar roubar uma loja no Campos El\u00edseos na tarde do dia 26. Em patrulhamento a Pol\u00edcia Militar foi chamada por pessoas na rua dizendo que havia um roubo em frente a Lojas Cem. Segundo testemunhas, o homem tentou roubar a Joalheria Arco Iris e saiu em dire\u00e7\u00e3o \u00e0 passarela. Os policiais foram verificar e quando Alexsandro Silva de Ara\u00fajo, 24, percebeu que os agentes estavam atr\u00e1s dele, tentou fugir e jogou a arma com numera\u00e7\u00e3o raspada no ch\u00e3o, mas foi detido e encaminhado junto com as v\u00edtimas da loja para a 89\u00aa DP de Resende para prestar esclarecimentos.<\/p>\n<p>CAPOTAMENTO no dia 29, por volta das 19h30 na Rodovia Presidente Dutra, Km 327, altura de Engenheiro Passos. A dona de casa Cristiane Amaral Augusto de Lima, 39, capotou com o carro quando estava em viagem sentido S\u00e3o Paulo. Cristiane mora em Nova Igua\u00e7u e foi encaminhada para o Hospital de Emerg\u00eancia para os primeiros socorros.<\/p>\n<p>TENTATIVA de furto dia 29 no Campos El\u00edseos. O casal Leandro Salvador Efig\u00eanio, o Nego, 21, e Neusa Batista Alves Lima, 46, foram presos depois de furtar v\u00e1rios produtos de higiene pessoal, cremes, chocolates, desodorantes e bebidas, todos de v\u00e1rias marcas. Os policiais foram parados por uma pessoa na rua que disse ter visto um casal transferindo produtos de uma bolsa para outra. Os PMs continuaram a busca e encontraram o casal pr\u00f3ximo \u00e0 Ponte Velha. Na mochila de Nego e na bolsa de Neusa encontraram diversos produtos. Ambos confessaram o furto nas lojas Citycol, Drogaria Pacheco, Stylo Fashion e Real Forte. Ambos foram conduzidos para a 89\u00aa DP de Resende.<\/p>\n<p>DROGAS para consumo pr\u00f3prio. A Pol\u00edcia Militar apreendeu na noite do dia 30 no Jardim Jalisco um adolescente de 16 anos com sete gramas de coca\u00edna. Em patrulhamento, os PMs avistaram dois adolescentes \u2013 que t\u00eam a mesma idade &#8211; em uma bicicleta, quando um deles avistou a viatura, pegou a droga do bolso e jogou no ch\u00e3o. Quando os policiais abordaram e perguntaram sobre a droga, apenas o jovem que foi apreendido estava com a mesma. Ambos foram encaminhados para a 89\u00aa DP de Resende para prestar esclarecimentos.<\/p>\n<p>ROUBO no dia 30. O porteiro Jos\u00e9 Roberto Costa da Silva, 43, foi roubado, por volta das 10h30 na Avenida Riachuelo, no bairro Liberdade. Segundo Silva, enquanto caminhava pelo local, foi abordado por um homem, de bermuda, camisa preta e bon\u00e9 com um canivete obrigando o homem a passar tudo que tinha. O assaltante fugiu com R$ 102, um celular e um cord\u00e3o de prata. O porteiro, que registrou a ocorr\u00eancia na 89\u00aa DP disse, que foi impedido de olhar para o autor.<\/p>\n<p>DETIDO com drogas. Robson de Moraes Santos, 35, foi detido na madrugada do \u00faltimo dia 2, na Rua dos Eucaliptos, na Cidade Alegria com 3,3 g de crack. A Pol\u00edcia Militar recebeu uma den\u00fancia de que na casa de Santos teria drogas. O rapaz disse que a droga era para consumo pr\u00f3prio. Os PMs encaminharam o homem para a 89\u00aa DP de Resende para prestar esclarecimentos.<\/p>\n<p>ROUBO no dia 1\u00ba. O Industri\u00e1rio Alexandre Fagundes Caulit, 42, teve sua carteira com documentos pessoais e R$ 375 roubados, por volta das 2 horas, na Rua Alfredo Botelho, no Manejo. Segundo Fagundes, ele estava andando em uma rua pr\u00f3xima a sua resid\u00eancia quando percebeu que cinco homens estavam andando atr\u00e1s dele, onde parou no port\u00e3o de sua casa e um deles aproveitou para puxar a carteira do bolso traseiro de sua cal\u00e7a. Alexandre ainda tentou segurar, mas o homem o empurrou e todos sa\u00edram correndo em dire\u00e7\u00e3o ao bairro Liberdade. O industri\u00e1rio vinha do Restaurante Celeiro, onde estava com os amigos. Em depoimento na 89\u00aa DP de Resende, ele disse que os rapazes aparentavam estar embriagados ou drogados.<\/p>\n<p>ASSASSINADO o fisioterapeuta Marcos Ricardo da Concei\u00e7\u00e3o Firmino, 30. No in\u00edcio da noite do dia 1\u00ba, por volta das 18h, o fisioterapeuta, foi encontrado morto na sua cl\u00ednica de Pilates em que trabalhava, na Rua Euclides Guimar\u00e3es Cotia, no Centro de Quatis. Um m\u00e9dico, dono do estabelecimento, foi ao local buscar objetos pessoais e encontrou a porta aberta. Ao entrar na cl\u00ednica, encontrou o corpo de Marcos ca\u00eddo no ch\u00e3o, j\u00e1 morto. A Pol\u00edcia trabalha com a hip\u00f3tese do autor do crime ser conhecido pela v\u00edtima, por\u00e9m ainda n\u00e3o foram identificados poss\u00edveis suspeitos. O corpo do rapaz apresentava pancada na cabe\u00e7a, provavelmente\u00a0 feita por barra de ferro, mordidas na barriga e bra\u00e7o e outros ferimentos no rosto.<\/p>\n","protected":false},"excerpt":{"rendered":"<p>APREENDIDOS na tarde do dia 28, em Itatiaia, um fac\u00e3o, 13 facas, 24 cartuchos calibre 12 vazios, 12 cartuchos calibre 32 intactos, 12 cartuchos<\/p>\n","protected":false},"author":1,"featured_media":0,"comment_status":"open","ping_status":"open","sticky":false,"template":"","format":"standard","meta":{"pmpro_default_level":"","footnotes":"","_members_access_role":[],"_members_access_error":""},"categories":[10],"tags":[155],"class_list":["post-8751","post","type-post","status-publish","format-standard","hentry","category-policia","tag-dehoraemhora","pmpro-has-access"],"yoast_head":"<!-- This site is optimized with the Yoast SEO plugin v28.4 - https:\/\/yoast.com\/product\/yoast-seo-wordpress\/ -->\n<title>CASO DE POL\u00cdCIA - JORNAL BEIRA RIO<\/title>\n<meta name=\"robots\" content=\"index, follow, max-snippet:-1, max-image-preview:large, max-video-preview:-1\" \/>\n<link rel=\"canonical\" href=\"https:\/\/jornalbeirario.com.br\/portal\/?p=8751\" \/>\n<meta property=\"og:locale\" content=\"pt_BR\" \/>\n<meta property=\"og:type\" content=\"article\" \/>\n<meta property=\"og:title\" content=\"CASO DE POL\u00cdCIA - JORNAL BEIRA RIO\" \/>\n<meta property=\"og:description\" content=\"APREENDIDOS na tarde do dia 28, em Itatiaia, um fac\u00e3o, 13 facas, 24 cartuchos calibre 12 vazios, 12 cartuchos calibre 32 intactos, 12 cartuchos\" \/>\n<meta property=\"og:url\" content=\"https:\/\/jornalbeirario.com.br\/portal\/?p=8751\" \/>\n<meta property=\"og:site_name\" content=\"JORNAL BEIRA RIO\" \/>\n<meta property=\"article:published_time\" content=\"2013-05-03T11:55:21+00:00\" \/>\n<meta name=\"author\" content=\"Jornal BEIRA-RIO\" \/>\n<meta name=\"twitter:card\" content=\"summary_large_image\" \/>\n<meta name=\"twitter:label1\" content=\"Escrito por\" \/>\n\t<meta name=\"twitter:data1\" content=\"Jornal BEIRA-RIO\" \/>\n\t<meta name=\"twitter:label2\" content=\"Est. tempo de leitura\" \/>\n\t<meta name=\"twitter:data2\" content=\"8 minutos\" \/>\n<script type=\"application\/ld+json\" class=\"yoast-schema-graph\">{\"@context\":\"https:\\\/\\\/schema.org\",\"@graph\":[{\"@type\":\"Article\",\"@id\":\"https:\\\/\\\/jornalbeirario.com.br\\\/portal\\\/?p=8751#article\",\"isPartOf\":{\"@id\":\"https:\\\/\\\/jornalbeirario.com.br\\\/portal\\\/?p=8751\"},\"author\":{\"name\":\"Jornal BEIRA-RIO\",\"@id\":\"https:\\\/\\\/jornalbeirario.com.br\\\/portal\\\/#\\\/schema\\\/person\\\/c6c423e4c2465d2a9233f6539173e7c1\"},\"headline\":\"CASO DE POL\u00cdCIA\",\"datePublished\":\"2013-05-03T11:55:21+00:00\",\"mainEntityOfPage\":{\"@id\":\"https:\\\/\\\/jornalbeirario.com.br\\\/portal\\\/?p=8751\"},\"wordCount\":1577,\"commentCount\":0,\"publisher\":{\"@id\":\"https:\\\/\\\/jornalbeirario.com.br\\\/portal\\\/#organization\"},\"keywords\":[\"dehoraemhora\"],\"articleSection\":[\"Pol\u00edcia\"],\"inLanguage\":\"pt-BR\",\"potentialAction\":[{\"@type\":\"CommentAction\",\"name\":\"Comment\",\"target\":[\"https:\\\/\\\/jornalbeirario.com.br\\\/portal\\\/?p=8751#respond\"]}]},{\"@type\":\"WebPage\",\"@id\":\"https:\\\/\\\/jornalbeirario.com.br\\\/portal\\\/?p=8751\",\"url\":\"https:\\\/\\\/jornalbeirario.com.br\\\/portal\\\/?p=8751\",\"name\":\"CASO DE POL\u00cdCIA - JORNAL BEIRA RIO\",\"isPartOf\":{\"@id\":\"https:\\\/\\\/jornalbeirario.com.br\\\/portal\\\/#website\"},\"datePublished\":\"2013-05-03T11:55:21+00:00\",\"breadcrumb\":{\"@id\":\"https:\\\/\\\/jornalbeirario.com.br\\\/portal\\\/?p=8751#breadcrumb\"},\"inLanguage\":\"pt-BR\",\"potentialAction\":[{\"@type\":\"ReadAction\",\"target\":[\"https:\\\/\\\/jornalbeirario.com.br\\\/portal\\\/?p=8751\"]}]},{\"@type\":\"BreadcrumbList\",\"@id\":\"https:\\\/\\\/jornalbeirario.com.br\\\/portal\\\/?p=8751#breadcrumb\",\"itemListElement\":[{\"@type\":\"ListItem\",\"position\":1,\"name\":\"Home\",\"item\":\"https:\\\/\\\/jornalbeirario.com.br\\\/portal\"},{\"@type\":\"ListItem\",\"position\":2,\"name\":\"CASO DE POL\u00cdCIA\"}]},{\"@type\":\"WebSite\",\"@id\":\"https:\\\/\\\/jornalbeirario.com.br\\\/portal\\\/#website\",\"url\":\"https:\\\/\\\/jornalbeirario.com.br\\\/portal\\\/\",\"name\":\"JORNAL BEIRA RIO\",\"description\":\"\",\"publisher\":{\"@id\":\"https:\\\/\\\/jornalbeirario.com.br\\\/portal\\\/#organization\"},\"potentialAction\":[{\"@type\":\"SearchAction\",\"target\":{\"@type\":\"EntryPoint\",\"urlTemplate\":\"https:\\\/\\\/jornalbeirario.com.br\\\/portal\\\/?s={search_term_string}\"},\"query-input\":{\"@type\":\"PropertyValueSpecification\",\"valueRequired\":true,\"valueName\":\"search_term_string\"}}],\"inLanguage\":\"pt-BR\"},{\"@type\":\"Organization\",\"@id\":\"https:\\\/\\\/jornalbeirario.com.br\\\/portal\\\/#organization\",\"name\":\"JORNAL BEIRA RIO\",\"url\":\"https:\\\/\\\/jornalbeirario.com.br\\\/portal\\\/\",\"logo\":{\"@type\":\"ImageObject\",\"inLanguage\":\"pt-BR\",\"@id\":\"https:\\\/\\\/jornalbeirario.com.br\\\/portal\\\/#\\\/schema\\\/logo\\\/image\\\/\",\"url\":\"https:\\\/\\\/jornalbeirario.com.br\\\/portal\\\/wp-content\\\/uploads\\\/2017\\\/09\\\/BEIRA-RIO_logo600.png\",\"contentUrl\":\"https:\\\/\\\/jornalbeirario.com.br\\\/portal\\\/wp-content\\\/uploads\\\/2017\\\/09\\\/BEIRA-RIO_logo600.png\",\"width\":650,\"height\":108,\"caption\":\"JORNAL BEIRA RIO\"},\"image\":{\"@id\":\"https:\\\/\\\/jornalbeirario.com.br\\\/portal\\\/#\\\/schema\\\/logo\\\/image\\\/\"}},{\"@type\":\"Person\",\"@id\":\"https:\\\/\\\/jornalbeirario.com.br\\\/portal\\\/#\\\/schema\\\/person\\\/c6c423e4c2465d2a9233f6539173e7c1\",\"name\":\"Jornal BEIRA-RIO\",\"image\":{\"@type\":\"ImageObject\",\"inLanguage\":\"pt-BR\",\"@id\":\"https:\\\/\\\/jornalbeirario.com.br\\\/portal\\\/wp-content\\\/uploads\\\/2023\\\/10\\\/logojbr1.jpg\",\"url\":\"https:\\\/\\\/jornalbeirario.com.br\\\/portal\\\/wp-content\\\/uploads\\\/2023\\\/10\\\/logojbr1.jpg\",\"contentUrl\":\"https:\\\/\\\/jornalbeirario.com.br\\\/portal\\\/wp-content\\\/uploads\\\/2023\\\/10\\\/logojbr1.jpg\",\"caption\":\"Jornal BEIRA-RIO\"},\"url\":\"https:\\\/\\\/jornalbeirario.com.br\\\/portal\\\/?author=1\"}]}<\/script>\n<!-- \/ Yoast SEO plugin. -->","yoast_head_json":{"title":"CASO DE POL\u00cdCIA - JORNAL BEIRA RIO","robots":{"index":"index","follow":"follow","max-snippet":"max-snippet:-1","max-image-preview":"max-image-preview:large","max-video-preview":"max-video-preview:-1"},"canonical":"https:\/\/jornalbeirario.com.br\/portal\/?p=8751","og_locale":"pt_BR","og_type":"article","og_title":"CASO DE POL\u00cdCIA - JORNAL BEIRA RIO","og_description":"APREENDIDOS na tarde do dia 28, em Itatiaia, um fac\u00e3o, 13 facas, 24 cartuchos calibre 12 vazios, 12 cartuchos calibre 32 intactos, 12 cartuchos","og_url":"https:\/\/jornalbeirario.com.br\/portal\/?p=8751","og_site_name":"JORNAL BEIRA RIO","article_published_time":"2013-05-03T11:55:21+00:00","author":"Jornal BEIRA-RIO","twitter_card":"summary_large_image","twitter_misc":{"Escrito por":"Jornal BEIRA-RIO","Est. tempo de leitura":"8 minutos"},"schema":{"@context":"https:\/\/schema.org","@graph":[{"@type":"Article","@id":"https:\/\/jornalbeirario.com.br\/portal\/?p=8751#article","isPartOf":{"@id":"https:\/\/jornalbeirario.com.br\/portal\/?p=8751"},"author":{"name":"Jornal BEIRA-RIO","@id":"https:\/\/jornalbeirario.com.br\/portal\/#\/schema\/person\/c6c423e4c2465d2a9233f6539173e7c1"},"headline":"CASO DE POL\u00cdCIA","datePublished":"2013-05-03T11:55:21+00:00","mainEntityOfPage":{"@id":"https:\/\/jornalbeirario.com.br\/portal\/?p=8751"},"wordCount":1577,"commentCount":0,"publisher":{"@id":"https:\/\/jornalbeirario.com.br\/portal\/#organization"},"keywords":["dehoraemhora"],"articleSection":["Pol\u00edcia"],"inLanguage":"pt-BR","potentialAction":[{"@type":"CommentAction","name":"Comment","target":["https:\/\/jornalbeirario.com.br\/portal\/?p=8751#respond"]}]},{"@type":"WebPage","@id":"https:\/\/jornalbeirario.com.br\/portal\/?p=8751","url":"https:\/\/jornalbeirario.com.br\/portal\/?p=8751","name":"CASO DE POL\u00cdCIA - JORNAL BEIRA RIO","isPartOf":{"@id":"https:\/\/jornalbeirario.com.br\/portal\/#website"},"datePublished":"2013-05-03T11:55:21+00:00","breadcrumb":{"@id":"https:\/\/jornalbeirario.com.br\/portal\/?p=8751#breadcrumb"},"inLanguage":"pt-BR","potentialAction":[{"@type":"ReadAction","target":["https:\/\/jornalbeirario.com.br\/portal\/?p=8751"]}]},{"@type":"BreadcrumbList","@id":"https:\/\/jornalbeirario.com.br\/portal\/?p=8751#breadcrumb","itemListElement":[{"@type":"ListItem","position":1,"name":"Home","item":"https:\/\/jornalbeirario.com.br\/portal"},{"@type":"ListItem","position":2,"name":"CASO DE POL\u00cdCIA"}]},{"@type":"WebSite","@id":"https:\/\/jornalbeirario.com.br\/portal\/#website","url":"https:\/\/jornalbeirario.com.br\/portal\/","name":"JORNAL BEIRA RIO","description":"","publisher":{"@id":"https:\/\/jornalbeirario.com.br\/portal\/#organization"},"potentialAction":[{"@type":"SearchAction","target":{"@type":"EntryPoint","urlTemplate":"https:\/\/jornalbeirario.com.br\/portal\/?s={search_term_string}"},"query-input":{"@type":"PropertyValueSpecification","valueRequired":true,"valueName":"search_term_string"}}],"inLanguage":"pt-BR"},{"@type":"Organization","@id":"https:\/\/jornalbeirario.com.br\/portal\/#organization","name":"JORNAL BEIRA RIO","url":"https:\/\/jornalbeirario.com.br\/portal\/","logo":{"@type":"ImageObject","inLanguage":"pt-BR","@id":"https:\/\/jornalbeirario.com.br\/portal\/#\/schema\/logo\/image\/","url":"https:\/\/jornalbeirario.com.br\/portal\/wp-content\/uploads\/2017\/09\/BEIRA-RIO_logo600.png","contentUrl":"https:\/\/jornalbeirario.com.br\/portal\/wp-content\/uploads\/2017\/09\/BEIRA-RIO_logo600.png","width":650,"height":108,"caption":"JORNAL BEIRA RIO"},"image":{"@id":"https:\/\/jornalbeirario.com.br\/portal\/#\/schema\/logo\/image\/"}},{"@type":"Person","@id":"https:\/\/jornalbeirario.com.br\/portal\/#\/schema\/person\/c6c423e4c2465d2a9233f6539173e7c1","name":"Jornal BEIRA-RIO","image":{"@type":"ImageObject","inLanguage":"pt-BR","@id":"https:\/\/jornalbeirario.com.br\/portal\/wp-content\/uploads\/2023\/10\/logojbr1.jpg","url":"https:\/\/jornalbeirario.com.br\/portal\/wp-content\/uploads\/2023\/10\/logojbr1.jpg","contentUrl":"https:\/\/jornalbeirario.com.br\/portal\/wp-content\/uploads\/2023\/10\/logojbr1.jpg","caption":"Jornal BEIRA-RIO"},"url":"https:\/\/jornalbeirario.com.br\/portal\/?author=1"}]}},"_links":{"self":[{"href":"https:\/\/jornalbeirario.com.br\/portal\/index.php?rest_route=\/wp\/v2\/posts\/8751","targetHints":{"allow":["GET"]}}],"collection":[{"href":"https:\/\/jornalbeirario.com.br\/portal\/index.php?rest_route=\/wp\/v2\/posts"}],"about":[{"href":"https:\/\/jornalbeirario.com.br\/portal\/index.php?rest_route=\/wp\/v2\/types\/post"}],"author":[{"embeddable":true,"href":"https:\/\/jornalbeirario.com.br\/portal\/index.php?rest_route=\/wp\/v2\/users\/1"}],"replies":[{"embeddable":true,"href":"https:\/\/jornalbeirario.com.br\/portal\/index.php?rest_route=%2Fwp%2Fv2%2Fcomments&post=8751"}],"version-history":[{"count":2,"href":"https:\/\/jornalbeirario.com.br\/portal\/index.php?rest_route=\/wp\/v2\/posts\/8751\/revisions"}],"predecessor-version":[{"id":8753,"href":"https:\/\/jornalbeirario.com.br\/portal\/index.php?rest_route=\/wp\/v2\/posts\/8751\/revisions\/8753"}],"wp:attachment":[{"href":"https:\/\/jornalbeirario.com.br\/portal\/index.php?rest_route=%2Fwp%2Fv2%2Fmedia&parent=8751"}],"wp:term":[{"taxonomy":"category","embeddable":true,"href":"https:\/\/jornalbeirario.com.br\/portal\/index.php?rest_route=%2Fwp%2Fv2%2Fcategories&post=8751"},{"taxonomy":"post_tag","embeddable":true,"href":"https:\/\/jornalbeirario.com.br\/portal\/index.php?rest_route=%2Fwp%2Fv2%2Ftags&post=8751"}],"curies":[{"name":"wp","href":"https:\/\/api.w.org\/{rel}","templated":true}]}}