
{"id":8745,"date":"2013-05-03T11:53:14","date_gmt":"2013-05-03T11:53:14","guid":{"rendered":"http:\/\/jornalbeirario.com.br\/portal\/portal\/?p=8745"},"modified":"2013-05-03T11:53:14","modified_gmt":"2013-05-03T11:53:14","slug":"social-lais-amaral-8","status":"publish","type":"post","link":"https:\/\/jornalbeirario.com.br\/portal\/?p=8745","title":{"rendered":"SOCIAL LA\u00cdS AMARAL"},"content":{"rendered":"<p style=\"text-align: justify;\">\u2018Nossa\u2019 Detroit, a bola da vez da ind\u00fastria automotiva?<br \/>\nA reportagem de capa da Vejinha (ou de uma das Vejinhas) desta semana, exaltando a \u2018nossa Detroit\u2019, como se referiu o jornalista Ernesto Neves a Resende e Porto Real, uma esp\u00e9cie de novo El Dorado impulsionado pela ind\u00fastria automobil\u00edstica, despertou sentimentos opostos. Das pessoas com as quais conversei, a rea\u00e7\u00e3o foi do ufanismo embriagado a apreens\u00e3o com o futuro da regi\u00e3o. Tirando os \u2018noves fora\u2019 da motiva\u00e7\u00e3o pol\u00edtica (pr\u00f3 e contra), do otimismo exacerbado e do pessimismo empedernido, a mat\u00e9ria dividiu opini\u00f5es, sim, e parece ter mais desagradado que o contr\u00e1rio. Os cautelosos e apreensivos foram mais contundentes em suas manifesta\u00e7\u00f5es.\u00a0 H\u00e1 exagero no verniz e distor\u00e7\u00f5es no rebarbativo texto. Parece que o jornalista reproduziu um cipoal de \u2018press releases\u2019 e pin\u00e7ou alguns entrevistados para autenticar suas conclus\u00f5es. Somem-se aos exageros, os del\u00edrios como atribuir padr\u00f5es escandinavos aos servi\u00e7os p\u00fablicos de Porto Real ou, a partir dos question\u00e1veis indicadores da Firjan, eleger o ex-distrito de Resende como a melhor cidade do Estado para se viver. Menos Ernesto, menos! Claro que a mat\u00e9ria foi feita para um p\u00fablico externo e \u00e9 isso que traz mais apreens\u00e3o. J\u00e1 vimos esse filme e sabemos que o mais leve a\u00e7oite que podemos esperar ser\u00e3o os estratosf\u00e9ricos \u00edndices relacionados ao setor imobili\u00e1rio, que se baseiam,\u00a0 num nada. Uma bolha. Num segundo momento assusta imaginar uma vers\u00e3o atualizada da \u201cCorrida do Ouro\u201d e sua conseq\u00fcente bagagem indesejada como o aumento da viol\u00eancia, por exemplo. Mas Resende est\u00e1 preparada nos tranq\u00fciliza o jornalista: \u201ca prefeitura criou um conselho que conta com especialistas da PUC, da Uerj, da Petrobras e da sociedade civil\u201d. Ele n\u00e3o nominou, mas se referia ao Instituo Marechal Jos\u00e9 Pessoa, um ganho, sim, da sociedade, e que nasceu na atual gest\u00e3o municipal. Aplaudo o conselho e acho que ele passa a ter um papel preponderante a partir de j\u00e1. Nasceu para pensar o futuro de Resende e o futuro bate \u00e0s portas com for\u00e7a. Semana que vem volto ao tema.<\/p>\n<p>Sal\u00e3o do Pinh\u00e3o abre temporada de festas no frio de Mau\u00e1<br \/>\nCome\u00e7ou ontem a temporada da mais tradicional festa na gostosa regi\u00e3o de Visconde de Mau\u00e1: o Sal\u00e3o do Pinh\u00e3o, em sua oitava edi\u00e7\u00e3o, no Centro Cultural Visconde de Mau\u00e1. O tema deste ano \u00e9 \u201cArte e Natureza\u201d para as categorias pintura, desenho e escultura. E na abertura em grande estilo, a boa m\u00fasica dos craques Thiago Zaidan ao viol\u00e3o e Fernando Farias, no violino. A Arauc\u00e1ria, s\u00edmbolo da Serra da Mantiqueira, \u00e9 o destaque da exposi\u00e7\u00e3o deste ano. Na biblioteca do CCVM uma exposi\u00e7\u00e3o e venda de obras sobre o tema. A exposi\u00e7\u00e3o ficar\u00e1 aberta s\u00e1bados, domingos e feriados, das 10h \u00e0s 18h, do dia 3 de maio a 9 de junho. Durante a semana s\u00e3o proporcionadas as visitas guiadas escolares, que devem ser previamente agendadas. O Centro Cultural Visconde de Mau\u00e1 fica na Aldeia dos Imigrantes, na Vila de Mau\u00e1 e \u00e9\u00a0 dirigido pela M\u00e1rcia Patroc\u00ednio. E no terceiro fim de semana de maio, acontece o tradicional \u2018Festival do Pinh\u00e3o\u2019, incluindo o refinado concurso gastron\u00f4mico com pratos \u00e0 base da semente da Arauc\u00e1ria. Renato Teixeira \u00e9 o grande nome j\u00e1 confirmado para a festa.<\/p>\n<p>TRIPA<br \/>\n* A Festa do Trabalhador , nesse 1\u00ba de Maio em Resende, marcou o in\u00edcio de uma parceria entre os sindicatos dos Metal\u00fargicos do Sul Fluminense e dos Servidores P\u00fablicos Municipais.\u00a0 Foi um fest\u00e3o no Parque das Exposi\u00e7\u00f5es que recebeu um grande p\u00fablico para shows musicais e sorteios de pr\u00eamios, entre os quais duas motos e dois autom\u00f3veis * Falando em Festa do Trabalhador, a dupla, Jo\u00e3o L\u00e1zaro e Agnaldo sagrou-se bi-campe\u00e3 do tradicional torneio de truco que abre a festa. A disputa reuniu 78 duplas no galp\u00e3o dos pequenos animais * Um abra\u00e7\u00e3o ao Marcos \u2018Paran\u00e1\u2019 que h\u00e1 dois anos abandonou o futebol e hoje \u00e9 o melhor ciclista de Resende na sua categoria de veteranos * Amanh\u00e3, dia 4, \u00e9 dia de Vappu, o animad\u00edssimo baile \u00e0 fantasia do Clube Finl\u00e2ndia, em Penedo. O baile come\u00e7a \u00e0s 21 horas e a fantasia n\u00e3o \u00e9 obrigat\u00f3ria * Segue at\u00e9 8 de maio o prazo para inscri\u00e7\u00f5es da mostra competitiva \u201cGraffiti: Mem\u00f3ria e Arte\u201d que tem como tema a arquitetura hist\u00f3rica da cidade, com a reprodu\u00e7\u00e3o do casario, pr\u00e9dios tombados, igrejas e pontes da cidade. As inscri\u00e7\u00f5es s\u00e3o Museu da Imagem e do Som na Casa da Cultura. Mais informa\u00e7\u00f5es pelo telefone (24) 3354-7530 * Domingo tem Botafogo e Fluminense no Raulino de Oliveira. Nada contra. O est\u00e1dio \u00e9 muito bom e o Sul Fluminense merece. Mas ser\u00e1 que o Maracan\u00e3, assim como a Fonte Nova em Salvador, n\u00e3o merecia ser reaberto com um grande cl\u00e1ssico e decisivo ? Botafogo e Fluminense \u00e9 o mais antigo cl\u00e1ssico do futebol carioca. \u00c9 conhecido como \u2018cl\u00e1ssico vov\u00f4\u2019. Tudo isso ajuda a reduzir ainda mais a express\u00e3o de uma competi\u00e7\u00e3o que atualmente j\u00e1 n\u00e3o \u00e9 grande coisa mesmo. Coisas do nosso futebol * Aten\u00e7\u00e3o Botafolgada, domingo todo mundo em Volta Redonda. O time est\u00e1 bem, num momento melhor que o Flu, mas o tricolor tem uma camisa acostumada a t\u00edtulos. Mesmo quando n\u00e3o tem time. E agora tem. Todo cuidado \u00e9 pouco.<\/p>\n<p>ANIVERS\u00c1RIO<br \/>\nOs amigos Marcelo Carneiro, Jorge Luis Ferreira e tamb\u00e9m o Luis Lind\u00e3o, mudaram de idade nessa Segunda-feira, dia 29. Na Ter\u00e7a (30), foi a vez da Cintia Periard, meio atriz, meio nutricionista, inaugurar idade nova. No 1\u00ba de Maio: o Thirso Naval (Thirsinho), a Rosinha, da A\u00e7\u00e3o Social e a Cristina Alves. Ontem (2), o Rodrigo Veiga e a minha amiga, vereadora Soraia Balieiro ficaram mais experientes. Hoje (Sexta, dia 3), uma turma grande de amigos aniversaria: Mabelle Balieiro (um dia depois da m\u00e3e), Tiago Fuma\u00e7a, Fernando Fran\u00e7a (apare\u00e7a, amigo), a Helena Botelho, minha tutora na UAB e a minha amiga, Luciaria Diniz. Amanh\u00e3 (4), mais amigos sopram velinhas: as g\u00eameas Cida e Silvia M\u00f4nica e o Vagner Firmo e no domingo (5), um tima\u00e7o gente-fina recebe os \u2018parab\u00e9ns\u2019. S\u00e3o eles o Luis Morisson, a Cl\u00e1udia Luisa, o Jorge Colistet e o Laercinho Almada. Parab\u00e9ns e todas as felicidades do mundo a todos eles e elas.<\/p>\n","protected":false},"excerpt":{"rendered":"<p>\u2018Nossa\u2019 Detroit, a bola da vez da ind\u00fastria automotiva? A reportagem de capa da Vejinha (ou de uma das Vejinhas) desta semana, exaltando a<\/p>\n","protected":false},"author":1,"featured_media":0,"comment_status":"open","ping_status":"open","sticky":false,"template":"","format":"standard","meta":{"pmpro_default_level":"","footnotes":""},"categories":[13],"tags":[],"class_list":["post-8745","post","type-post","status-publish","format-standard","hentry","category-social","pmpro-has-access"],"yoast_head":"<!-- This site is optimized with the Yoast SEO plugin v27.4 - https:\/\/yoast.com\/product\/yoast-seo-wordpress\/ -->\n<title>SOCIAL LA\u00cdS AMARAL - JORNAL BEIRA RIO<\/title>\n<meta name=\"robots\" content=\"index, follow, max-snippet:-1, max-image-preview:large, max-video-preview:-1\" \/>\n<link rel=\"canonical\" href=\"https:\/\/jornalbeirario.com.br\/portal\/?p=8745\" \/>\n<meta property=\"og:locale\" content=\"pt_BR\" \/>\n<meta property=\"og:type\" content=\"article\" \/>\n<meta property=\"og:title\" content=\"SOCIAL LA\u00cdS AMARAL - JORNAL BEIRA RIO\" \/>\n<meta property=\"og:description\" content=\"\u2018Nossa\u2019 Detroit, a bola da vez da ind\u00fastria automotiva? A reportagem de capa da Vejinha (ou de uma das Vejinhas) desta semana, exaltando a\" \/>\n<meta property=\"og:url\" content=\"https:\/\/jornalbeirario.com.br\/portal\/?p=8745\" \/>\n<meta property=\"og:site_name\" content=\"JORNAL BEIRA RIO\" \/>\n<meta property=\"article:published_time\" content=\"2013-05-03T11:53:14+00:00\" \/>\n<meta name=\"author\" content=\"Jornal BEIRA-RIO\" \/>\n<meta name=\"twitter:card\" content=\"summary_large_image\" \/>\n<meta name=\"twitter:label1\" content=\"Escrito por\" \/>\n\t<meta name=\"twitter:data1\" content=\"Jornal BEIRA-RIO\" \/>\n\t<meta name=\"twitter:label2\" content=\"Est. tempo de leitura\" \/>\n\t<meta name=\"twitter:data2\" content=\"5 minutos\" \/>\n<script type=\"application\/ld+json\" class=\"yoast-schema-graph\">{\"@context\":\"https:\\\/\\\/schema.org\",\"@graph\":[{\"@type\":\"Article\",\"@id\":\"https:\\\/\\\/jornalbeirario.com.br\\\/portal\\\/?p=8745#article\",\"isPartOf\":{\"@id\":\"https:\\\/\\\/jornalbeirario.com.br\\\/portal\\\/?p=8745\"},\"author\":{\"name\":\"Jornal BEIRA-RIO\",\"@id\":\"https:\\\/\\\/jornalbeirario.com.br\\\/portal\\\/#\\\/schema\\\/person\\\/c6c423e4c2465d2a9233f6539173e7c1\"},\"headline\":\"SOCIAL LA\u00cdS AMARAL\",\"datePublished\":\"2013-05-03T11:53:14+00:00\",\"mainEntityOfPage\":{\"@id\":\"https:\\\/\\\/jornalbeirario.com.br\\\/portal\\\/?p=8745\"},\"wordCount\":1091,\"commentCount\":0,\"publisher\":{\"@id\":\"https:\\\/\\\/jornalbeirario.com.br\\\/portal\\\/#organization\"},\"articleSection\":[\"Social\"],\"inLanguage\":\"pt-BR\",\"potentialAction\":[{\"@type\":\"CommentAction\",\"name\":\"Comment\",\"target\":[\"https:\\\/\\\/jornalbeirario.com.br\\\/portal\\\/?p=8745#respond\"]}]},{\"@type\":\"WebPage\",\"@id\":\"https:\\\/\\\/jornalbeirario.com.br\\\/portal\\\/?p=8745\",\"url\":\"https:\\\/\\\/jornalbeirario.com.br\\\/portal\\\/?p=8745\",\"name\":\"SOCIAL LA\u00cdS AMARAL - JORNAL BEIRA RIO\",\"isPartOf\":{\"@id\":\"https:\\\/\\\/jornalbeirario.com.br\\\/portal\\\/#website\"},\"datePublished\":\"2013-05-03T11:53:14+00:00\",\"breadcrumb\":{\"@id\":\"https:\\\/\\\/jornalbeirario.com.br\\\/portal\\\/?p=8745#breadcrumb\"},\"inLanguage\":\"pt-BR\",\"potentialAction\":[{\"@type\":\"ReadAction\",\"target\":[\"https:\\\/\\\/jornalbeirario.com.br\\\/portal\\\/?p=8745\"]}]},{\"@type\":\"BreadcrumbList\",\"@id\":\"https:\\\/\\\/jornalbeirario.com.br\\\/portal\\\/?p=8745#breadcrumb\",\"itemListElement\":[{\"@type\":\"ListItem\",\"position\":1,\"name\":\"Home\",\"item\":\"https:\\\/\\\/jornalbeirario.com.br\\\/portal\"},{\"@type\":\"ListItem\",\"position\":2,\"name\":\"SOCIAL LA\u00cdS AMARAL\"}]},{\"@type\":\"WebSite\",\"@id\":\"https:\\\/\\\/jornalbeirario.com.br\\\/portal\\\/#website\",\"url\":\"https:\\\/\\\/jornalbeirario.com.br\\\/portal\\\/\",\"name\":\"JORNAL BEIRA RIO\",\"description\":\"\",\"publisher\":{\"@id\":\"https:\\\/\\\/jornalbeirario.com.br\\\/portal\\\/#organization\"},\"potentialAction\":[{\"@type\":\"SearchAction\",\"target\":{\"@type\":\"EntryPoint\",\"urlTemplate\":\"https:\\\/\\\/jornalbeirario.com.br\\\/portal\\\/?s={search_term_string}\"},\"query-input\":{\"@type\":\"PropertyValueSpecification\",\"valueRequired\":true,\"valueName\":\"search_term_string\"}}],\"inLanguage\":\"pt-BR\"},{\"@type\":\"Organization\",\"@id\":\"https:\\\/\\\/jornalbeirario.com.br\\\/portal\\\/#organization\",\"name\":\"JORNAL BEIRA RIO\",\"url\":\"https:\\\/\\\/jornalbeirario.com.br\\\/portal\\\/\",\"logo\":{\"@type\":\"ImageObject\",\"inLanguage\":\"pt-BR\",\"@id\":\"https:\\\/\\\/jornalbeirario.com.br\\\/portal\\\/#\\\/schema\\\/logo\\\/image\\\/\",\"url\":\"https:\\\/\\\/jornalbeirario.com.br\\\/portal\\\/wp-content\\\/uploads\\\/2017\\\/09\\\/BEIRA-RIO_logo600.png\",\"contentUrl\":\"https:\\\/\\\/jornalbeirario.com.br\\\/portal\\\/wp-content\\\/uploads\\\/2017\\\/09\\\/BEIRA-RIO_logo600.png\",\"width\":650,\"height\":108,\"caption\":\"JORNAL BEIRA RIO\"},\"image\":{\"@id\":\"https:\\\/\\\/jornalbeirario.com.br\\\/portal\\\/#\\\/schema\\\/logo\\\/image\\\/\"}},{\"@type\":\"Person\",\"@id\":\"https:\\\/\\\/jornalbeirario.com.br\\\/portal\\\/#\\\/schema\\\/person\\\/c6c423e4c2465d2a9233f6539173e7c1\",\"name\":\"Jornal BEIRA-RIO\",\"image\":{\"@type\":\"ImageObject\",\"inLanguage\":\"pt-BR\",\"@id\":\"https:\\\/\\\/jornalbeirario.com.br\\\/portal\\\/wp-content\\\/uploads\\\/2023\\\/10\\\/logojbr1.jpg\",\"url\":\"https:\\\/\\\/jornalbeirario.com.br\\\/portal\\\/wp-content\\\/uploads\\\/2023\\\/10\\\/logojbr1.jpg\",\"contentUrl\":\"https:\\\/\\\/jornalbeirario.com.br\\\/portal\\\/wp-content\\\/uploads\\\/2023\\\/10\\\/logojbr1.jpg\",\"caption\":\"Jornal BEIRA-RIO\"},\"url\":\"https:\\\/\\\/jornalbeirario.com.br\\\/portal\\\/?author=1\"}]}<\/script>\n<!-- \/ Yoast SEO plugin. -->","yoast_head_json":{"title":"SOCIAL LA\u00cdS AMARAL - JORNAL BEIRA RIO","robots":{"index":"index","follow":"follow","max-snippet":"max-snippet:-1","max-image-preview":"max-image-preview:large","max-video-preview":"max-video-preview:-1"},"canonical":"https:\/\/jornalbeirario.com.br\/portal\/?p=8745","og_locale":"pt_BR","og_type":"article","og_title":"SOCIAL LA\u00cdS AMARAL - JORNAL BEIRA RIO","og_description":"\u2018Nossa\u2019 Detroit, a bola da vez da ind\u00fastria automotiva? A reportagem de capa da Vejinha (ou de uma das Vejinhas) desta semana, exaltando a","og_url":"https:\/\/jornalbeirario.com.br\/portal\/?p=8745","og_site_name":"JORNAL BEIRA RIO","article_published_time":"2013-05-03T11:53:14+00:00","author":"Jornal BEIRA-RIO","twitter_card":"summary_large_image","twitter_misc":{"Escrito por":"Jornal BEIRA-RIO","Est. tempo de leitura":"5 minutos"},"schema":{"@context":"https:\/\/schema.org","@graph":[{"@type":"Article","@id":"https:\/\/jornalbeirario.com.br\/portal\/?p=8745#article","isPartOf":{"@id":"https:\/\/jornalbeirario.com.br\/portal\/?p=8745"},"author":{"name":"Jornal BEIRA-RIO","@id":"https:\/\/jornalbeirario.com.br\/portal\/#\/schema\/person\/c6c423e4c2465d2a9233f6539173e7c1"},"headline":"SOCIAL LA\u00cdS AMARAL","datePublished":"2013-05-03T11:53:14+00:00","mainEntityOfPage":{"@id":"https:\/\/jornalbeirario.com.br\/portal\/?p=8745"},"wordCount":1091,"commentCount":0,"publisher":{"@id":"https:\/\/jornalbeirario.com.br\/portal\/#organization"},"articleSection":["Social"],"inLanguage":"pt-BR","potentialAction":[{"@type":"CommentAction","name":"Comment","target":["https:\/\/jornalbeirario.com.br\/portal\/?p=8745#respond"]}]},{"@type":"WebPage","@id":"https:\/\/jornalbeirario.com.br\/portal\/?p=8745","url":"https:\/\/jornalbeirario.com.br\/portal\/?p=8745","name":"SOCIAL LA\u00cdS AMARAL - JORNAL BEIRA RIO","isPartOf":{"@id":"https:\/\/jornalbeirario.com.br\/portal\/#website"},"datePublished":"2013-05-03T11:53:14+00:00","breadcrumb":{"@id":"https:\/\/jornalbeirario.com.br\/portal\/?p=8745#breadcrumb"},"inLanguage":"pt-BR","potentialAction":[{"@type":"ReadAction","target":["https:\/\/jornalbeirario.com.br\/portal\/?p=8745"]}]},{"@type":"BreadcrumbList","@id":"https:\/\/jornalbeirario.com.br\/portal\/?p=8745#breadcrumb","itemListElement":[{"@type":"ListItem","position":1,"name":"Home","item":"https:\/\/jornalbeirario.com.br\/portal"},{"@type":"ListItem","position":2,"name":"SOCIAL LA\u00cdS AMARAL"}]},{"@type":"WebSite","@id":"https:\/\/jornalbeirario.com.br\/portal\/#website","url":"https:\/\/jornalbeirario.com.br\/portal\/","name":"JORNAL BEIRA RIO","description":"","publisher":{"@id":"https:\/\/jornalbeirario.com.br\/portal\/#organization"},"potentialAction":[{"@type":"SearchAction","target":{"@type":"EntryPoint","urlTemplate":"https:\/\/jornalbeirario.com.br\/portal\/?s={search_term_string}"},"query-input":{"@type":"PropertyValueSpecification","valueRequired":true,"valueName":"search_term_string"}}],"inLanguage":"pt-BR"},{"@type":"Organization","@id":"https:\/\/jornalbeirario.com.br\/portal\/#organization","name":"JORNAL BEIRA RIO","url":"https:\/\/jornalbeirario.com.br\/portal\/","logo":{"@type":"ImageObject","inLanguage":"pt-BR","@id":"https:\/\/jornalbeirario.com.br\/portal\/#\/schema\/logo\/image\/","url":"https:\/\/jornalbeirario.com.br\/portal\/wp-content\/uploads\/2017\/09\/BEIRA-RIO_logo600.png","contentUrl":"https:\/\/jornalbeirario.com.br\/portal\/wp-content\/uploads\/2017\/09\/BEIRA-RIO_logo600.png","width":650,"height":108,"caption":"JORNAL BEIRA RIO"},"image":{"@id":"https:\/\/jornalbeirario.com.br\/portal\/#\/schema\/logo\/image\/"}},{"@type":"Person","@id":"https:\/\/jornalbeirario.com.br\/portal\/#\/schema\/person\/c6c423e4c2465d2a9233f6539173e7c1","name":"Jornal BEIRA-RIO","image":{"@type":"ImageObject","inLanguage":"pt-BR","@id":"https:\/\/jornalbeirario.com.br\/portal\/wp-content\/uploads\/2023\/10\/logojbr1.jpg","url":"https:\/\/jornalbeirario.com.br\/portal\/wp-content\/uploads\/2023\/10\/logojbr1.jpg","contentUrl":"https:\/\/jornalbeirario.com.br\/portal\/wp-content\/uploads\/2023\/10\/logojbr1.jpg","caption":"Jornal BEIRA-RIO"},"url":"https:\/\/jornalbeirario.com.br\/portal\/?author=1"}]}},"_links":{"self":[{"href":"https:\/\/jornalbeirario.com.br\/portal\/index.php?rest_route=\/wp\/v2\/posts\/8745","targetHints":{"allow":["GET"]}}],"collection":[{"href":"https:\/\/jornalbeirario.com.br\/portal\/index.php?rest_route=\/wp\/v2\/posts"}],"about":[{"href":"https:\/\/jornalbeirario.com.br\/portal\/index.php?rest_route=\/wp\/v2\/types\/post"}],"author":[{"embeddable":true,"href":"https:\/\/jornalbeirario.com.br\/portal\/index.php?rest_route=\/wp\/v2\/users\/1"}],"replies":[{"embeddable":true,"href":"https:\/\/jornalbeirario.com.br\/portal\/index.php?rest_route=%2Fwp%2Fv2%2Fcomments&post=8745"}],"version-history":[{"count":1,"href":"https:\/\/jornalbeirario.com.br\/portal\/index.php?rest_route=\/wp\/v2\/posts\/8745\/revisions"}],"predecessor-version":[{"id":8746,"href":"https:\/\/jornalbeirario.com.br\/portal\/index.php?rest_route=\/wp\/v2\/posts\/8745\/revisions\/8746"}],"wp:attachment":[{"href":"https:\/\/jornalbeirario.com.br\/portal\/index.php?rest_route=%2Fwp%2Fv2%2Fmedia&parent=8745"}],"wp:term":[{"taxonomy":"category","embeddable":true,"href":"https:\/\/jornalbeirario.com.br\/portal\/index.php?rest_route=%2Fwp%2Fv2%2Fcategories&post=8745"},{"taxonomy":"post_tag","embeddable":true,"href":"https:\/\/jornalbeirario.com.br\/portal\/index.php?rest_route=%2Fwp%2Fv2%2Ftags&post=8745"}],"curies":[{"name":"wp","href":"https:\/\/api.w.org\/{rel}","templated":true}]}}