
{"id":87294,"date":"2022-05-02T13:15:15","date_gmt":"2022-05-02T16:15:15","guid":{"rendered":"http:\/\/jornalbeirario.com.br\/portal\/?p=87294"},"modified":"2022-05-02T13:15:39","modified_gmt":"2022-05-02T16:15:39","slug":"prazo-para-emitir-ou-regularizar-titulo-eleitoral-termina-nesta-quarta-feira","status":"publish","type":"post","link":"https:\/\/jornalbeirario.com.br\/portal\/?p=87294","title":{"rendered":"Prazo para emitir ou regularizar t\u00edtulo eleitoral termina nesta quarta-feira"},"content":{"rendered":"<p style=\"text-align: justify;\"><img loading=\"lazy\" decoding=\"async\" class=\"alignleft size-thumbnail wp-image-85766\" src=\"https:\/\/jornalbeirario.com.br\/portal\/wp-content\/uploads\/2022\/03\/logo-jbr-carimbo1-150x150.png\" alt=\"\" width=\"150\" height=\"150\" srcset=\"https:\/\/jornalbeirario.com.br\/portal\/wp-content\/uploads\/2022\/03\/logo-jbr-carimbo1-150x150.png 150w, https:\/\/jornalbeirario.com.br\/portal\/wp-content\/uploads\/2022\/03\/logo-jbr-carimbo1-215x215.png 215w\" sizes=\"auto, (max-width: 150px) 100vw, 150px\" \/><img loading=\"lazy\" decoding=\"async\" class=\"alignright wp-image-40224 size-medium\" src=\"https:\/\/jornalbeirario.com.br\/portal\/wp-content\/uploads\/2016\/05\/titulo-de-eleitor2-300x225.jpg\" alt=\"\" width=\"300\" height=\"225\" srcset=\"https:\/\/jornalbeirario.com.br\/portal\/wp-content\/uploads\/2016\/05\/titulo-de-eleitor2-300x225.jpg 300w, https:\/\/jornalbeirario.com.br\/portal\/wp-content\/uploads\/2016\/05\/titulo-de-eleitor2.jpg 640w\" sizes=\"auto, (max-width: 300px) 100vw, 300px\" \/>Quem quiser votar nas elei\u00e7\u00f5es deste ano tem at\u00e9 a pr\u00f3xima quarta-feira, dia 4, para emitir ou regularizar o t\u00edtulo de eleitor. Esse \u00e9 o prazo legal para que a Justi\u00e7a Eleitoral conclua o cadastro de todo o eleitorado apto a votar em outubro.<\/p>\n<p style=\"text-align: justify;\">O mesmo prazo vale para quem quiser transferir o domic\u00edlio eleitoral, mudando o munic\u00edpio onde vota, bem como para incluir o nome social no t\u00edtulo de eleitor \u2013 no caso de pessoas transsexuais e travestis. A data vale tamb\u00e9m para idosos e pessoas com mobilidade reduzida solicitarem a transfer\u00eancia do local de vota\u00e7\u00e3o para uma se\u00e7\u00e3o acess\u00edvel.<\/p>\n<p style=\"text-align: justify;\">Assim como em todo ciclo eleitoral, a busca por regularizar a situa\u00e7\u00e3o do t\u00edtulo tem aumentado com a proximidade do fim do prazo, o que levou a Justi\u00e7a Eleitoral de diversos estados a ampliar o hor\u00e1rio de funcionamento dos cart\u00f3rios eleitorais (os cart\u00f3rios de Resende e Itatiaia &#8211; 31\u00aa e 198\u00aa ZE &#8211; ficam na Pra\u00e7a da Conc\u00f3rdia, no Centro, no Antigo F\u00f3rum).<\/p>\n<p style=\"text-align: justify;\">Vale lembrar, contudo, que todos os procedimentos relativos ao t\u00edtulo de eleitor, incluindo a emiss\u00e3o do documento pela primeira vez, podem ser realizados inteiramente online, sem a necessidade de sair de casa, por meio do Atendimento Online ao eleitor.<\/p>\n<p style=\"text-align: justify;\">Por meio da internet \u00e9 poss\u00edvel, por exemplo, pagar multas eleitorais atrasadas e solicitar a revis\u00e3o de dados no caso de t\u00edtulo cancelados. De acordo com a Justi\u00e7a Eleitoral, mais de 6 milh\u00f5es de t\u00edtulos foram cancelados de 2018 a 2021.<\/p>\n<p style=\"text-align: justify;\">Isso pode acontecer, por exemplo, quando o eleitor n\u00e3o comparece \u00e0 vota\u00e7\u00e3o nem justifica a aus\u00eancia por tr\u00eas elei\u00e7\u00f5es consecutivas, apesar de se enquadrar nos crit\u00e9rios de obrigatoriedade do voto.<\/p>\n<p style=\"text-align: justify;\">Contudo, quem teve o t\u00edtulo cancelado por ter faltado \u00e0 revis\u00e3o do eleitorado e \u00e0 coleta de biometria em seu estado n\u00e3o precisa se preocupar. No m\u00eas passado, o Tribunal Superior Eleitoral (TSE) suspendeu os efeitos do cancelamento devido \u00e0 continuidade da pandemia de covid-19. Dessa maneira, os eleitores nessa situa\u00e7\u00e3o poder\u00e3o votar normalmente em outubro.<\/p>\n<p style=\"text-align: justify;\">Para verificar e resolver pend\u00eancias relativas ao t\u00edtulo, o eleitor dever\u00e1 ter em m\u00e3os documentos como cadastro de pessoa f\u00edsica. Em alguns casos \u00e9 necess\u00e1rio tirar fotos de rosto e de documentos, entre eles RG e comprovante de resid\u00eancia, para solicitar determinados procedimentos. Todas as informa\u00e7\u00f5es est\u00e3o dispon\u00edveis <a href=\"https:\/\/www.tre-rj.jus.br\/eleitor\/atendimento-on-line\/atendimento-on-line\">no portal da Justi\u00e7a Eleitoral<\/a>.<\/p>\n<p style=\"text-align: justify;\">O prazo limite para emitir ou modificar informa\u00e7\u00f5es relativas ao t\u00edtulo de eleitor \u00e9 decorrente da Lei das Elei\u00e7\u00f5es, que prev\u00ea o fechamento do cadastro eleitoral 150 dias antes do pleito. Neste ano, a data do fechamento \u00e9 5 de maio.<\/p>\n<p style=\"text-align: justify;\"><em>Fonte: Gra\u00e7a Adjuto\/Ag\u00eancia Brasil<\/em><\/p>\n","protected":false},"excerpt":{"rendered":"<p>Quem quiser votar nas elei\u00e7\u00f5es deste ano tem at\u00e9 a pr\u00f3xima quarta-feira, dia 4, para emitir ou regularizar o t\u00edtulo de eleitor. Esse \u00e9<\/p>\n","protected":false},"author":1,"featured_media":40224,"comment_status":"open","ping_status":"open","sticky":false,"template":"","format":"standard","meta":{"pmpro_default_level":"","footnotes":""},"categories":[1,250],"tags":[],"class_list":["post-87294","post","type-post","status-publish","format-standard","has-post-thumbnail","hentry","category-cidade","category-eleicoes-2022","pmpro-has-access"],"yoast_head":"<!-- This site is optimized with the Yoast SEO plugin v27.4 - https:\/\/yoast.com\/product\/yoast-seo-wordpress\/ -->\n<title>Prazo para emitir ou regularizar t\u00edtulo eleitoral termina nesta quarta-feira - JORNAL BEIRA RIO<\/title>\n<meta name=\"robots\" content=\"index, follow, max-snippet:-1, max-image-preview:large, max-video-preview:-1\" \/>\n<link rel=\"canonical\" href=\"https:\/\/jornalbeirario.com.br\/portal\/?p=87294\" \/>\n<meta property=\"og:locale\" content=\"pt_BR\" \/>\n<meta property=\"og:type\" content=\"article\" \/>\n<meta property=\"og:title\" content=\"Prazo para emitir ou regularizar t\u00edtulo eleitoral termina nesta quarta-feira - JORNAL BEIRA RIO\" \/>\n<meta property=\"og:description\" content=\"Quem quiser votar nas elei\u00e7\u00f5es deste ano tem at\u00e9 a pr\u00f3xima quarta-feira, dia 4, para emitir ou regularizar o t\u00edtulo de eleitor. Esse \u00e9\" \/>\n<meta property=\"og:url\" content=\"https:\/\/jornalbeirario.com.br\/portal\/?p=87294\" \/>\n<meta property=\"og:site_name\" content=\"JORNAL BEIRA RIO\" \/>\n<meta property=\"article:published_time\" content=\"2022-05-02T16:15:15+00:00\" \/>\n<meta property=\"article:modified_time\" content=\"2022-05-02T16:15:39+00:00\" \/>\n<meta property=\"og:image\" content=\"https:\/\/jornalbeirario.com.br\/portal\/wp-content\/uploads\/2016\/05\/titulo-de-eleitor2.jpg\" \/>\n\t<meta property=\"og:image:width\" content=\"640\" \/>\n\t<meta property=\"og:image:height\" content=\"480\" \/>\n\t<meta property=\"og:image:type\" content=\"image\/jpeg\" \/>\n<meta name=\"author\" content=\"Jornal BEIRA-RIO\" \/>\n<meta name=\"twitter:card\" content=\"summary_large_image\" \/>\n<meta name=\"twitter:label1\" content=\"Escrito por\" \/>\n\t<meta name=\"twitter:data1\" content=\"Jornal BEIRA-RIO\" \/>\n\t<meta name=\"twitter:label2\" content=\"Est. tempo de leitura\" \/>\n\t<meta name=\"twitter:data2\" content=\"2 minutos\" \/>\n<script type=\"application\/ld+json\" class=\"yoast-schema-graph\">{\"@context\":\"https:\\\/\\\/schema.org\",\"@graph\":[{\"@type\":\"Article\",\"@id\":\"https:\\\/\\\/jornalbeirario.com.br\\\/portal\\\/?p=87294#article\",\"isPartOf\":{\"@id\":\"https:\\\/\\\/jornalbeirario.com.br\\\/portal\\\/?p=87294\"},\"author\":{\"name\":\"Jornal BEIRA-RIO\",\"@id\":\"https:\\\/\\\/jornalbeirario.com.br\\\/portal\\\/#\\\/schema\\\/person\\\/c6c423e4c2465d2a9233f6539173e7c1\"},\"headline\":\"Prazo para emitir ou regularizar t\u00edtulo eleitoral termina nesta quarta-feira\",\"datePublished\":\"2022-05-02T16:15:15+00:00\",\"dateModified\":\"2022-05-02T16:15:39+00:00\",\"mainEntityOfPage\":{\"@id\":\"https:\\\/\\\/jornalbeirario.com.br\\\/portal\\\/?p=87294\"},\"wordCount\":478,\"commentCount\":0,\"publisher\":{\"@id\":\"https:\\\/\\\/jornalbeirario.com.br\\\/portal\\\/#organization\"},\"image\":{\"@id\":\"https:\\\/\\\/jornalbeirario.com.br\\\/portal\\\/?p=87294#primaryimage\"},\"thumbnailUrl\":\"https:\\\/\\\/jornalbeirario.com.br\\\/portal\\\/wp-content\\\/uploads\\\/2016\\\/05\\\/titulo-de-eleitor2.jpg\",\"articleSection\":[\"Cidade\",\"Elei\u00e7\u00f5es 2022\"],\"inLanguage\":\"pt-BR\",\"potentialAction\":[{\"@type\":\"CommentAction\",\"name\":\"Comment\",\"target\":[\"https:\\\/\\\/jornalbeirario.com.br\\\/portal\\\/?p=87294#respond\"]}]},{\"@type\":\"WebPage\",\"@id\":\"https:\\\/\\\/jornalbeirario.com.br\\\/portal\\\/?p=87294\",\"url\":\"https:\\\/\\\/jornalbeirario.com.br\\\/portal\\\/?p=87294\",\"name\":\"Prazo para emitir ou regularizar t\u00edtulo eleitoral termina nesta quarta-feira - JORNAL BEIRA RIO\",\"isPartOf\":{\"@id\":\"https:\\\/\\\/jornalbeirario.com.br\\\/portal\\\/#website\"},\"primaryImageOfPage\":{\"@id\":\"https:\\\/\\\/jornalbeirario.com.br\\\/portal\\\/?p=87294#primaryimage\"},\"image\":{\"@id\":\"https:\\\/\\\/jornalbeirario.com.br\\\/portal\\\/?p=87294#primaryimage\"},\"thumbnailUrl\":\"https:\\\/\\\/jornalbeirario.com.br\\\/portal\\\/wp-content\\\/uploads\\\/2016\\\/05\\\/titulo-de-eleitor2.jpg\",\"datePublished\":\"2022-05-02T16:15:15+00:00\",\"dateModified\":\"2022-05-02T16:15:39+00:00\",\"breadcrumb\":{\"@id\":\"https:\\\/\\\/jornalbeirario.com.br\\\/portal\\\/?p=87294#breadcrumb\"},\"inLanguage\":\"pt-BR\",\"potentialAction\":[{\"@type\":\"ReadAction\",\"target\":[\"https:\\\/\\\/jornalbeirario.com.br\\\/portal\\\/?p=87294\"]}]},{\"@type\":\"ImageObject\",\"inLanguage\":\"pt-BR\",\"@id\":\"https:\\\/\\\/jornalbeirario.com.br\\\/portal\\\/?p=87294#primaryimage\",\"url\":\"https:\\\/\\\/jornalbeirario.com.br\\\/portal\\\/wp-content\\\/uploads\\\/2016\\\/05\\\/titulo-de-eleitor2.jpg\",\"contentUrl\":\"https:\\\/\\\/jornalbeirario.com.br\\\/portal\\\/wp-content\\\/uploads\\\/2016\\\/05\\\/titulo-de-eleitor2.jpg\",\"width\":640,\"height\":480},{\"@type\":\"BreadcrumbList\",\"@id\":\"https:\\\/\\\/jornalbeirario.com.br\\\/portal\\\/?p=87294#breadcrumb\",\"itemListElement\":[{\"@type\":\"ListItem\",\"position\":1,\"name\":\"Home\",\"item\":\"https:\\\/\\\/jornalbeirario.com.br\\\/portal\"},{\"@type\":\"ListItem\",\"position\":2,\"name\":\"Prazo para emitir ou regularizar t\u00edtulo eleitoral termina nesta quarta-feira\"}]},{\"@type\":\"WebSite\",\"@id\":\"https:\\\/\\\/jornalbeirario.com.br\\\/portal\\\/#website\",\"url\":\"https:\\\/\\\/jornalbeirario.com.br\\\/portal\\\/\",\"name\":\"JORNAL BEIRA RIO\",\"description\":\"\",\"publisher\":{\"@id\":\"https:\\\/\\\/jornalbeirario.com.br\\\/portal\\\/#organization\"},\"potentialAction\":[{\"@type\":\"SearchAction\",\"target\":{\"@type\":\"EntryPoint\",\"urlTemplate\":\"https:\\\/\\\/jornalbeirario.com.br\\\/portal\\\/?s={search_term_string}\"},\"query-input\":{\"@type\":\"PropertyValueSpecification\",\"valueRequired\":true,\"valueName\":\"search_term_string\"}}],\"inLanguage\":\"pt-BR\"},{\"@type\":\"Organization\",\"@id\":\"https:\\\/\\\/jornalbeirario.com.br\\\/portal\\\/#organization\",\"name\":\"JORNAL BEIRA RIO\",\"url\":\"https:\\\/\\\/jornalbeirario.com.br\\\/portal\\\/\",\"logo\":{\"@type\":\"ImageObject\",\"inLanguage\":\"pt-BR\",\"@id\":\"https:\\\/\\\/jornalbeirario.com.br\\\/portal\\\/#\\\/schema\\\/logo\\\/image\\\/\",\"url\":\"https:\\\/\\\/jornalbeirario.com.br\\\/portal\\\/wp-content\\\/uploads\\\/2017\\\/09\\\/BEIRA-RIO_logo600.png\",\"contentUrl\":\"https:\\\/\\\/jornalbeirario.com.br\\\/portal\\\/wp-content\\\/uploads\\\/2017\\\/09\\\/BEIRA-RIO_logo600.png\",\"width\":650,\"height\":108,\"caption\":\"JORNAL BEIRA RIO\"},\"image\":{\"@id\":\"https:\\\/\\\/jornalbeirario.com.br\\\/portal\\\/#\\\/schema\\\/logo\\\/image\\\/\"}},{\"@type\":\"Person\",\"@id\":\"https:\\\/\\\/jornalbeirario.com.br\\\/portal\\\/#\\\/schema\\\/person\\\/c6c423e4c2465d2a9233f6539173e7c1\",\"name\":\"Jornal BEIRA-RIO\",\"image\":{\"@type\":\"ImageObject\",\"inLanguage\":\"pt-BR\",\"@id\":\"https:\\\/\\\/jornalbeirario.com.br\\\/portal\\\/wp-content\\\/uploads\\\/2023\\\/10\\\/logojbr1.jpg\",\"url\":\"https:\\\/\\\/jornalbeirario.com.br\\\/portal\\\/wp-content\\\/uploads\\\/2023\\\/10\\\/logojbr1.jpg\",\"contentUrl\":\"https:\\\/\\\/jornalbeirario.com.br\\\/portal\\\/wp-content\\\/uploads\\\/2023\\\/10\\\/logojbr1.jpg\",\"caption\":\"Jornal BEIRA-RIO\"},\"url\":\"https:\\\/\\\/jornalbeirario.com.br\\\/portal\\\/?author=1\"}]}<\/script>\n<!-- \/ Yoast SEO plugin. -->","yoast_head_json":{"title":"Prazo para emitir ou regularizar t\u00edtulo eleitoral termina nesta quarta-feira - JORNAL BEIRA RIO","robots":{"index":"index","follow":"follow","max-snippet":"max-snippet:-1","max-image-preview":"max-image-preview:large","max-video-preview":"max-video-preview:-1"},"canonical":"https:\/\/jornalbeirario.com.br\/portal\/?p=87294","og_locale":"pt_BR","og_type":"article","og_title":"Prazo para emitir ou regularizar t\u00edtulo eleitoral termina nesta quarta-feira - JORNAL BEIRA RIO","og_description":"Quem quiser votar nas elei\u00e7\u00f5es deste ano tem at\u00e9 a pr\u00f3xima quarta-feira, dia 4, para emitir ou regularizar o t\u00edtulo de eleitor. Esse \u00e9","og_url":"https:\/\/jornalbeirario.com.br\/portal\/?p=87294","og_site_name":"JORNAL BEIRA RIO","article_published_time":"2022-05-02T16:15:15+00:00","article_modified_time":"2022-05-02T16:15:39+00:00","og_image":[{"width":640,"height":480,"url":"https:\/\/jornalbeirario.com.br\/portal\/wp-content\/uploads\/2016\/05\/titulo-de-eleitor2.jpg","type":"image\/jpeg"}],"author":"Jornal BEIRA-RIO","twitter_card":"summary_large_image","twitter_misc":{"Escrito por":"Jornal BEIRA-RIO","Est. tempo de leitura":"2 minutos"},"schema":{"@context":"https:\/\/schema.org","@graph":[{"@type":"Article","@id":"https:\/\/jornalbeirario.com.br\/portal\/?p=87294#article","isPartOf":{"@id":"https:\/\/jornalbeirario.com.br\/portal\/?p=87294"},"author":{"name":"Jornal BEIRA-RIO","@id":"https:\/\/jornalbeirario.com.br\/portal\/#\/schema\/person\/c6c423e4c2465d2a9233f6539173e7c1"},"headline":"Prazo para emitir ou regularizar t\u00edtulo eleitoral termina nesta quarta-feira","datePublished":"2022-05-02T16:15:15+00:00","dateModified":"2022-05-02T16:15:39+00:00","mainEntityOfPage":{"@id":"https:\/\/jornalbeirario.com.br\/portal\/?p=87294"},"wordCount":478,"commentCount":0,"publisher":{"@id":"https:\/\/jornalbeirario.com.br\/portal\/#organization"},"image":{"@id":"https:\/\/jornalbeirario.com.br\/portal\/?p=87294#primaryimage"},"thumbnailUrl":"https:\/\/jornalbeirario.com.br\/portal\/wp-content\/uploads\/2016\/05\/titulo-de-eleitor2.jpg","articleSection":["Cidade","Elei\u00e7\u00f5es 2022"],"inLanguage":"pt-BR","potentialAction":[{"@type":"CommentAction","name":"Comment","target":["https:\/\/jornalbeirario.com.br\/portal\/?p=87294#respond"]}]},{"@type":"WebPage","@id":"https:\/\/jornalbeirario.com.br\/portal\/?p=87294","url":"https:\/\/jornalbeirario.com.br\/portal\/?p=87294","name":"Prazo para emitir ou regularizar t\u00edtulo eleitoral termina nesta quarta-feira - JORNAL BEIRA RIO","isPartOf":{"@id":"https:\/\/jornalbeirario.com.br\/portal\/#website"},"primaryImageOfPage":{"@id":"https:\/\/jornalbeirario.com.br\/portal\/?p=87294#primaryimage"},"image":{"@id":"https:\/\/jornalbeirario.com.br\/portal\/?p=87294#primaryimage"},"thumbnailUrl":"https:\/\/jornalbeirario.com.br\/portal\/wp-content\/uploads\/2016\/05\/titulo-de-eleitor2.jpg","datePublished":"2022-05-02T16:15:15+00:00","dateModified":"2022-05-02T16:15:39+00:00","breadcrumb":{"@id":"https:\/\/jornalbeirario.com.br\/portal\/?p=87294#breadcrumb"},"inLanguage":"pt-BR","potentialAction":[{"@type":"ReadAction","target":["https:\/\/jornalbeirario.com.br\/portal\/?p=87294"]}]},{"@type":"ImageObject","inLanguage":"pt-BR","@id":"https:\/\/jornalbeirario.com.br\/portal\/?p=87294#primaryimage","url":"https:\/\/jornalbeirario.com.br\/portal\/wp-content\/uploads\/2016\/05\/titulo-de-eleitor2.jpg","contentUrl":"https:\/\/jornalbeirario.com.br\/portal\/wp-content\/uploads\/2016\/05\/titulo-de-eleitor2.jpg","width":640,"height":480},{"@type":"BreadcrumbList","@id":"https:\/\/jornalbeirario.com.br\/portal\/?p=87294#breadcrumb","itemListElement":[{"@type":"ListItem","position":1,"name":"Home","item":"https:\/\/jornalbeirario.com.br\/portal"},{"@type":"ListItem","position":2,"name":"Prazo para emitir ou regularizar t\u00edtulo eleitoral termina nesta quarta-feira"}]},{"@type":"WebSite","@id":"https:\/\/jornalbeirario.com.br\/portal\/#website","url":"https:\/\/jornalbeirario.com.br\/portal\/","name":"JORNAL BEIRA RIO","description":"","publisher":{"@id":"https:\/\/jornalbeirario.com.br\/portal\/#organization"},"potentialAction":[{"@type":"SearchAction","target":{"@type":"EntryPoint","urlTemplate":"https:\/\/jornalbeirario.com.br\/portal\/?s={search_term_string}"},"query-input":{"@type":"PropertyValueSpecification","valueRequired":true,"valueName":"search_term_string"}}],"inLanguage":"pt-BR"},{"@type":"Organization","@id":"https:\/\/jornalbeirario.com.br\/portal\/#organization","name":"JORNAL BEIRA RIO","url":"https:\/\/jornalbeirario.com.br\/portal\/","logo":{"@type":"ImageObject","inLanguage":"pt-BR","@id":"https:\/\/jornalbeirario.com.br\/portal\/#\/schema\/logo\/image\/","url":"https:\/\/jornalbeirario.com.br\/portal\/wp-content\/uploads\/2017\/09\/BEIRA-RIO_logo600.png","contentUrl":"https:\/\/jornalbeirario.com.br\/portal\/wp-content\/uploads\/2017\/09\/BEIRA-RIO_logo600.png","width":650,"height":108,"caption":"JORNAL BEIRA RIO"},"image":{"@id":"https:\/\/jornalbeirario.com.br\/portal\/#\/schema\/logo\/image\/"}},{"@type":"Person","@id":"https:\/\/jornalbeirario.com.br\/portal\/#\/schema\/person\/c6c423e4c2465d2a9233f6539173e7c1","name":"Jornal BEIRA-RIO","image":{"@type":"ImageObject","inLanguage":"pt-BR","@id":"https:\/\/jornalbeirario.com.br\/portal\/wp-content\/uploads\/2023\/10\/logojbr1.jpg","url":"https:\/\/jornalbeirario.com.br\/portal\/wp-content\/uploads\/2023\/10\/logojbr1.jpg","contentUrl":"https:\/\/jornalbeirario.com.br\/portal\/wp-content\/uploads\/2023\/10\/logojbr1.jpg","caption":"Jornal BEIRA-RIO"},"url":"https:\/\/jornalbeirario.com.br\/portal\/?author=1"}]}},"_links":{"self":[{"href":"https:\/\/jornalbeirario.com.br\/portal\/index.php?rest_route=\/wp\/v2\/posts\/87294","targetHints":{"allow":["GET"]}}],"collection":[{"href":"https:\/\/jornalbeirario.com.br\/portal\/index.php?rest_route=\/wp\/v2\/posts"}],"about":[{"href":"https:\/\/jornalbeirario.com.br\/portal\/index.php?rest_route=\/wp\/v2\/types\/post"}],"author":[{"embeddable":true,"href":"https:\/\/jornalbeirario.com.br\/portal\/index.php?rest_route=\/wp\/v2\/users\/1"}],"replies":[{"embeddable":true,"href":"https:\/\/jornalbeirario.com.br\/portal\/index.php?rest_route=%2Fwp%2Fv2%2Fcomments&post=87294"}],"version-history":[{"count":5,"href":"https:\/\/jornalbeirario.com.br\/portal\/index.php?rest_route=\/wp\/v2\/posts\/87294\/revisions"}],"predecessor-version":[{"id":87299,"href":"https:\/\/jornalbeirario.com.br\/portal\/index.php?rest_route=\/wp\/v2\/posts\/87294\/revisions\/87299"}],"wp:featuredmedia":[{"embeddable":true,"href":"https:\/\/jornalbeirario.com.br\/portal\/index.php?rest_route=\/wp\/v2\/media\/40224"}],"wp:attachment":[{"href":"https:\/\/jornalbeirario.com.br\/portal\/index.php?rest_route=%2Fwp%2Fv2%2Fmedia&parent=87294"}],"wp:term":[{"taxonomy":"category","embeddable":true,"href":"https:\/\/jornalbeirario.com.br\/portal\/index.php?rest_route=%2Fwp%2Fv2%2Fcategories&post=87294"},{"taxonomy":"post_tag","embeddable":true,"href":"https:\/\/jornalbeirario.com.br\/portal\/index.php?rest_route=%2Fwp%2Fv2%2Ftags&post=87294"}],"curies":[{"name":"wp","href":"https:\/\/api.w.org\/{rel}","templated":true}]}}