
{"id":87284,"date":"2022-05-02T12:12:39","date_gmt":"2022-05-02T15:12:39","guid":{"rendered":"http:\/\/jornalbeirario.com.br\/portal\/?p=87284"},"modified":"2022-05-17T15:36:50","modified_gmt":"2022-05-17T18:36:50","slug":"obituario-de-19-a-25-de-abril-de-2022","status":"publish","type":"post","link":"https:\/\/jornalbeirario.com.br\/portal\/?p=87284","title":{"rendered":"Obitu\u00e1rio (de 19 a 25 de abril de 2022)"},"content":{"rendered":"<p style=\"text-align: justify;\"><img loading=\"lazy\" decoding=\"async\" class=\"alignleft size-thumbnail wp-image-85766\" src=\"https:\/\/jornalbeirario.com.br\/portal\/wp-content\/uploads\/2022\/03\/logo-jbr-carimbo1-150x150.png\" alt=\"\" width=\"150\" height=\"150\" srcset=\"https:\/\/jornalbeirario.com.br\/portal\/wp-content\/uploads\/2022\/03\/logo-jbr-carimbo1-150x150.png 150w, https:\/\/jornalbeirario.com.br\/portal\/wp-content\/uploads\/2022\/03\/logo-jbr-carimbo1-215x215.png 215w\" sizes=\"auto, (max-width: 150px) 100vw, 150px\" \/><img loading=\"lazy\" decoding=\"async\" class=\"alignright size-medium wp-image-10125\" src=\"https:\/\/jornalbeirario.com.br\/portal\/wp-content\/uploads\/2013\/05\/mortes1-300x225.jpg\" alt=\"\" width=\"300\" height=\"225\" srcset=\"https:\/\/jornalbeirario.com.br\/portal\/wp-content\/uploads\/2013\/05\/mortes1-300x225.jpg 300w, https:\/\/jornalbeirario.com.br\/portal\/wp-content\/uploads\/2013\/05\/mortes1.jpg 640w\" sizes=\"auto, (max-width: 300px) 100vw, 300px\" \/>O aposentado Jos\u00e9 C\u00e9sar de Almeida, 68, morreu dia\u00a019 no no Hospital Municipal S\u00e3o Francisco de Assis, em Porto Real, de parada cardiorrespirat\u00f3ria, doen\u00e7a pulmonar obstrutiva cr\u00f4nica e fal\u00eancia m\u00faltipla de \u00f3rg\u00e3os.<\/p>\n<p style=\"text-align: justify;\">Morreu dia 19 o desempregado Valdinei Santos de Almeida, 35, na Santa Casa de Resende, de choque cardiog\u00eanico, neoplasia mediastinal, dist\u00farbio psiqui\u00e1trico e infarto agudo do mioc\u00e1rdio.<\/p>\n<p style=\"text-align: justify;\">Dia 19, morreu o estudante Matheus dos Santos Salles, 20, no Hospital de Emerg\u00eancia, de choque s\u00e9ptico, sepse de foco cut\u00e2neo, \u00falcera de dec\u00fabito lombo-sacral e paraplegia h\u00e1 cinco anos.<\/p>\n<p style=\"text-align: justify;\">A dona de casa Aiza Carvalho Santos, 72, morreu dia 19 em casa no bairro Morada do Contorno, de insufici\u00eancia respirat\u00f3ria aguda, desnutri\u00e7\u00e3o e Alzheimer.<\/p>\n<p style=\"text-align: justify;\">Morreu dia 19 a pensionista Cristina Nogueira, 50, no Hospital Regional do M\u00e9dio Para\u00edba, em Volta Redonda, de choque s\u00e9ptico, sepse pulmonar e pneumonia bacteriana.<\/p>\n<p style=\"text-align: justify;\">Dia 19, morreu a dom\u00e9stica Josefa Maria de Teixeira, 68, em casa no bairro Vila Ara\u00fajo, de infarto agudo do mioc\u00e1rdio, cirurgia de revasculariza\u00e7\u00e3o mioc\u00e1rdia, doen\u00e7a ateroscler\u00f3tica do cora\u00e7\u00e3o, hipertens\u00e3o arterial, diabetes e dislipdemia.<\/p>\n<p style=\"text-align: justify;\">O estudante Edenilson Braz J\u00fanior, 16, morreu dia 22 no Hospital de Emerg\u00eancia, de causa pendente do laudo pericial segundo atestado de \u00f3bito assinado pelo m\u00e9dico Ricardo Campos Barcellos.<\/p>\n<p style=\"text-align: justify;\">Dia 23, morreu o pedreiro Alailton Raimundo de Oliveira, 51, no Hospital Municipal de Itatiaia, de infarto agudo do mioc\u00e1rdio.<\/p>\n<p style=\"text-align: justify;\">Morreu dia 24 a dona de casa Geralda Aparecida, 86, no Hospital de Emerg\u00eancia, de choque cardiog\u00eanico.<\/p>\n<p style=\"text-align: justify;\">Dia 25, morreu a dom\u00e9stica Maria Jos\u00e9 Alcides Severino, 85, na Santa Casa de Resende, de fal\u00eancia m\u00faltipla dos \u00f3rg\u00e3os.<\/p>\n<p style=\"text-align: justify;\">O aut\u00f4nomo Rodrigo Teodoro Silva, 29, morreu dia 25 na Santa Casa de Resende, de causa pendente do laudo pericial segundo atestado de \u00f3bito assinado pelo m\u00e9dico Pedro Gustavo Ferreira Falc\u00e3o.<\/p>\n<p style=\"text-align: justify;\">Morreu dia 25 o ajudante de pedreiro Hugo da Concei\u00e7\u00e3o Silva, 21, em via p\u00fablica no bairro Novo Surubi, de causa pendente do laudo pericial, segundo atestado de \u00f3bito assinado pelo m\u00e9dico M\u00e1rcio Eduardo Braga.<\/p>\n","protected":false},"excerpt":{"rendered":"<p>O aposentado Jos\u00e9 C\u00e9sar de Almeida, 68, morreu dia\u00a019 no no Hospital Municipal S\u00e3o Francisco de Assis, em Porto Real, de parada cardiorrespirat\u00f3ria, doen\u00e7a<\/p>\n","protected":false},"author":1,"featured_media":10125,"comment_status":"open","ping_status":"open","sticky":false,"template":"","format":"standard","meta":{"pmpro_default_level":"","footnotes":""},"categories":[164],"tags":[],"class_list":["post-87284","post","type-post","status-publish","format-standard","has-post-thumbnail","hentry","category-obituario","pmpro-has-access"],"yoast_head":"<!-- This site is optimized with the Yoast SEO plugin v27.4 - https:\/\/yoast.com\/product\/yoast-seo-wordpress\/ -->\n<title>Obitu\u00e1rio (de 19 a 25 de abril de 2022) - JORNAL BEIRA RIO<\/title>\n<meta name=\"robots\" content=\"index, follow, max-snippet:-1, max-image-preview:large, max-video-preview:-1\" \/>\n<link rel=\"canonical\" href=\"https:\/\/jornalbeirario.com.br\/portal\/?p=87284\" \/>\n<meta property=\"og:locale\" content=\"pt_BR\" \/>\n<meta property=\"og:type\" content=\"article\" \/>\n<meta property=\"og:title\" content=\"Obitu\u00e1rio (de 19 a 25 de abril de 2022) - JORNAL BEIRA RIO\" \/>\n<meta property=\"og:description\" content=\"O aposentado Jos\u00e9 C\u00e9sar de Almeida, 68, morreu dia\u00a019 no no Hospital Municipal S\u00e3o Francisco de Assis, em Porto Real, de parada cardiorrespirat\u00f3ria, doen\u00e7a\" \/>\n<meta property=\"og:url\" content=\"https:\/\/jornalbeirario.com.br\/portal\/?p=87284\" \/>\n<meta property=\"og:site_name\" content=\"JORNAL BEIRA RIO\" \/>\n<meta property=\"article:published_time\" content=\"2022-05-02T15:12:39+00:00\" \/>\n<meta property=\"article:modified_time\" content=\"2022-05-17T18:36:50+00:00\" \/>\n<meta property=\"og:image\" content=\"https:\/\/jornalbeirario.com.br\/portal\/wp-content\/uploads\/2013\/05\/mortes1.jpg\" \/>\n\t<meta property=\"og:image:width\" content=\"640\" \/>\n\t<meta property=\"og:image:height\" content=\"480\" \/>\n\t<meta property=\"og:image:type\" content=\"image\/jpeg\" \/>\n<meta name=\"author\" content=\"Jornal BEIRA-RIO\" \/>\n<meta name=\"twitter:card\" content=\"summary_large_image\" \/>\n<meta name=\"twitter:label1\" content=\"Escrito por\" \/>\n\t<meta name=\"twitter:data1\" content=\"Jornal BEIRA-RIO\" \/>\n\t<meta name=\"twitter:label2\" content=\"Est. tempo de leitura\" \/>\n\t<meta name=\"twitter:data2\" content=\"2 minutos\" \/>\n<script type=\"application\/ld+json\" class=\"yoast-schema-graph\">{\"@context\":\"https:\\\/\\\/schema.org\",\"@graph\":[{\"@type\":\"Article\",\"@id\":\"https:\\\/\\\/jornalbeirario.com.br\\\/portal\\\/?p=87284#article\",\"isPartOf\":{\"@id\":\"https:\\\/\\\/jornalbeirario.com.br\\\/portal\\\/?p=87284\"},\"author\":{\"name\":\"Jornal BEIRA-RIO\",\"@id\":\"https:\\\/\\\/jornalbeirario.com.br\\\/portal\\\/#\\\/schema\\\/person\\\/c6c423e4c2465d2a9233f6539173e7c1\"},\"headline\":\"Obitu\u00e1rio (de 19 a 25 de abril de 2022)\",\"datePublished\":\"2022-05-02T15:12:39+00:00\",\"dateModified\":\"2022-05-17T18:36:50+00:00\",\"mainEntityOfPage\":{\"@id\":\"https:\\\/\\\/jornalbeirario.com.br\\\/portal\\\/?p=87284\"},\"wordCount\":357,\"commentCount\":0,\"publisher\":{\"@id\":\"https:\\\/\\\/jornalbeirario.com.br\\\/portal\\\/#organization\"},\"image\":{\"@id\":\"https:\\\/\\\/jornalbeirario.com.br\\\/portal\\\/?p=87284#primaryimage\"},\"thumbnailUrl\":\"https:\\\/\\\/jornalbeirario.com.br\\\/portal\\\/wp-content\\\/uploads\\\/2013\\\/05\\\/mortes1.jpg\",\"articleSection\":[\"Obitu\u00e1rio\"],\"inLanguage\":\"pt-BR\",\"potentialAction\":[{\"@type\":\"CommentAction\",\"name\":\"Comment\",\"target\":[\"https:\\\/\\\/jornalbeirario.com.br\\\/portal\\\/?p=87284#respond\"]}]},{\"@type\":\"WebPage\",\"@id\":\"https:\\\/\\\/jornalbeirario.com.br\\\/portal\\\/?p=87284\",\"url\":\"https:\\\/\\\/jornalbeirario.com.br\\\/portal\\\/?p=87284\",\"name\":\"Obitu\u00e1rio (de 19 a 25 de abril de 2022) - JORNAL BEIRA RIO\",\"isPartOf\":{\"@id\":\"https:\\\/\\\/jornalbeirario.com.br\\\/portal\\\/#website\"},\"primaryImageOfPage\":{\"@id\":\"https:\\\/\\\/jornalbeirario.com.br\\\/portal\\\/?p=87284#primaryimage\"},\"image\":{\"@id\":\"https:\\\/\\\/jornalbeirario.com.br\\\/portal\\\/?p=87284#primaryimage\"},\"thumbnailUrl\":\"https:\\\/\\\/jornalbeirario.com.br\\\/portal\\\/wp-content\\\/uploads\\\/2013\\\/05\\\/mortes1.jpg\",\"datePublished\":\"2022-05-02T15:12:39+00:00\",\"dateModified\":\"2022-05-17T18:36:50+00:00\",\"breadcrumb\":{\"@id\":\"https:\\\/\\\/jornalbeirario.com.br\\\/portal\\\/?p=87284#breadcrumb\"},\"inLanguage\":\"pt-BR\",\"potentialAction\":[{\"@type\":\"ReadAction\",\"target\":[\"https:\\\/\\\/jornalbeirario.com.br\\\/portal\\\/?p=87284\"]}]},{\"@type\":\"ImageObject\",\"inLanguage\":\"pt-BR\",\"@id\":\"https:\\\/\\\/jornalbeirario.com.br\\\/portal\\\/?p=87284#primaryimage\",\"url\":\"https:\\\/\\\/jornalbeirario.com.br\\\/portal\\\/wp-content\\\/uploads\\\/2013\\\/05\\\/mortes1.jpg\",\"contentUrl\":\"https:\\\/\\\/jornalbeirario.com.br\\\/portal\\\/wp-content\\\/uploads\\\/2013\\\/05\\\/mortes1.jpg\",\"width\":\"640\",\"height\":\"480\"},{\"@type\":\"BreadcrumbList\",\"@id\":\"https:\\\/\\\/jornalbeirario.com.br\\\/portal\\\/?p=87284#breadcrumb\",\"itemListElement\":[{\"@type\":\"ListItem\",\"position\":1,\"name\":\"Home\",\"item\":\"https:\\\/\\\/jornalbeirario.com.br\\\/portal\"},{\"@type\":\"ListItem\",\"position\":2,\"name\":\"Obitu\u00e1rio (de 19 a 25 de abril de 2022)\"}]},{\"@type\":\"WebSite\",\"@id\":\"https:\\\/\\\/jornalbeirario.com.br\\\/portal\\\/#website\",\"url\":\"https:\\\/\\\/jornalbeirario.com.br\\\/portal\\\/\",\"name\":\"JORNAL BEIRA RIO\",\"description\":\"\",\"publisher\":{\"@id\":\"https:\\\/\\\/jornalbeirario.com.br\\\/portal\\\/#organization\"},\"potentialAction\":[{\"@type\":\"SearchAction\",\"target\":{\"@type\":\"EntryPoint\",\"urlTemplate\":\"https:\\\/\\\/jornalbeirario.com.br\\\/portal\\\/?s={search_term_string}\"},\"query-input\":{\"@type\":\"PropertyValueSpecification\",\"valueRequired\":true,\"valueName\":\"search_term_string\"}}],\"inLanguage\":\"pt-BR\"},{\"@type\":\"Organization\",\"@id\":\"https:\\\/\\\/jornalbeirario.com.br\\\/portal\\\/#organization\",\"name\":\"JORNAL BEIRA RIO\",\"url\":\"https:\\\/\\\/jornalbeirario.com.br\\\/portal\\\/\",\"logo\":{\"@type\":\"ImageObject\",\"inLanguage\":\"pt-BR\",\"@id\":\"https:\\\/\\\/jornalbeirario.com.br\\\/portal\\\/#\\\/schema\\\/logo\\\/image\\\/\",\"url\":\"https:\\\/\\\/jornalbeirario.com.br\\\/portal\\\/wp-content\\\/uploads\\\/2017\\\/09\\\/BEIRA-RIO_logo600.png\",\"contentUrl\":\"https:\\\/\\\/jornalbeirario.com.br\\\/portal\\\/wp-content\\\/uploads\\\/2017\\\/09\\\/BEIRA-RIO_logo600.png\",\"width\":650,\"height\":108,\"caption\":\"JORNAL BEIRA RIO\"},\"image\":{\"@id\":\"https:\\\/\\\/jornalbeirario.com.br\\\/portal\\\/#\\\/schema\\\/logo\\\/image\\\/\"}},{\"@type\":\"Person\",\"@id\":\"https:\\\/\\\/jornalbeirario.com.br\\\/portal\\\/#\\\/schema\\\/person\\\/c6c423e4c2465d2a9233f6539173e7c1\",\"name\":\"Jornal BEIRA-RIO\",\"image\":{\"@type\":\"ImageObject\",\"inLanguage\":\"pt-BR\",\"@id\":\"https:\\\/\\\/jornalbeirario.com.br\\\/portal\\\/wp-content\\\/uploads\\\/2023\\\/10\\\/logojbr1.jpg\",\"url\":\"https:\\\/\\\/jornalbeirario.com.br\\\/portal\\\/wp-content\\\/uploads\\\/2023\\\/10\\\/logojbr1.jpg\",\"contentUrl\":\"https:\\\/\\\/jornalbeirario.com.br\\\/portal\\\/wp-content\\\/uploads\\\/2023\\\/10\\\/logojbr1.jpg\",\"caption\":\"Jornal BEIRA-RIO\"},\"url\":\"https:\\\/\\\/jornalbeirario.com.br\\\/portal\\\/?author=1\"}]}<\/script>\n<!-- \/ Yoast SEO plugin. -->","yoast_head_json":{"title":"Obitu\u00e1rio (de 19 a 25 de abril de 2022) - JORNAL BEIRA RIO","robots":{"index":"index","follow":"follow","max-snippet":"max-snippet:-1","max-image-preview":"max-image-preview:large","max-video-preview":"max-video-preview:-1"},"canonical":"https:\/\/jornalbeirario.com.br\/portal\/?p=87284","og_locale":"pt_BR","og_type":"article","og_title":"Obitu\u00e1rio (de 19 a 25 de abril de 2022) - JORNAL BEIRA RIO","og_description":"O aposentado Jos\u00e9 C\u00e9sar de Almeida, 68, morreu dia\u00a019 no no Hospital Municipal S\u00e3o Francisco de Assis, em Porto Real, de parada cardiorrespirat\u00f3ria, doen\u00e7a","og_url":"https:\/\/jornalbeirario.com.br\/portal\/?p=87284","og_site_name":"JORNAL BEIRA RIO","article_published_time":"2022-05-02T15:12:39+00:00","article_modified_time":"2022-05-17T18:36:50+00:00","og_image":[{"width":640,"height":480,"url":"https:\/\/jornalbeirario.com.br\/portal\/wp-content\/uploads\/2013\/05\/mortes1.jpg","type":"image\/jpeg"}],"author":"Jornal BEIRA-RIO","twitter_card":"summary_large_image","twitter_misc":{"Escrito por":"Jornal BEIRA-RIO","Est. tempo de leitura":"2 minutos"},"schema":{"@context":"https:\/\/schema.org","@graph":[{"@type":"Article","@id":"https:\/\/jornalbeirario.com.br\/portal\/?p=87284#article","isPartOf":{"@id":"https:\/\/jornalbeirario.com.br\/portal\/?p=87284"},"author":{"name":"Jornal BEIRA-RIO","@id":"https:\/\/jornalbeirario.com.br\/portal\/#\/schema\/person\/c6c423e4c2465d2a9233f6539173e7c1"},"headline":"Obitu\u00e1rio (de 19 a 25 de abril de 2022)","datePublished":"2022-05-02T15:12:39+00:00","dateModified":"2022-05-17T18:36:50+00:00","mainEntityOfPage":{"@id":"https:\/\/jornalbeirario.com.br\/portal\/?p=87284"},"wordCount":357,"commentCount":0,"publisher":{"@id":"https:\/\/jornalbeirario.com.br\/portal\/#organization"},"image":{"@id":"https:\/\/jornalbeirario.com.br\/portal\/?p=87284#primaryimage"},"thumbnailUrl":"https:\/\/jornalbeirario.com.br\/portal\/wp-content\/uploads\/2013\/05\/mortes1.jpg","articleSection":["Obitu\u00e1rio"],"inLanguage":"pt-BR","potentialAction":[{"@type":"CommentAction","name":"Comment","target":["https:\/\/jornalbeirario.com.br\/portal\/?p=87284#respond"]}]},{"@type":"WebPage","@id":"https:\/\/jornalbeirario.com.br\/portal\/?p=87284","url":"https:\/\/jornalbeirario.com.br\/portal\/?p=87284","name":"Obitu\u00e1rio (de 19 a 25 de abril de 2022) - JORNAL BEIRA RIO","isPartOf":{"@id":"https:\/\/jornalbeirario.com.br\/portal\/#website"},"primaryImageOfPage":{"@id":"https:\/\/jornalbeirario.com.br\/portal\/?p=87284#primaryimage"},"image":{"@id":"https:\/\/jornalbeirario.com.br\/portal\/?p=87284#primaryimage"},"thumbnailUrl":"https:\/\/jornalbeirario.com.br\/portal\/wp-content\/uploads\/2013\/05\/mortes1.jpg","datePublished":"2022-05-02T15:12:39+00:00","dateModified":"2022-05-17T18:36:50+00:00","breadcrumb":{"@id":"https:\/\/jornalbeirario.com.br\/portal\/?p=87284#breadcrumb"},"inLanguage":"pt-BR","potentialAction":[{"@type":"ReadAction","target":["https:\/\/jornalbeirario.com.br\/portal\/?p=87284"]}]},{"@type":"ImageObject","inLanguage":"pt-BR","@id":"https:\/\/jornalbeirario.com.br\/portal\/?p=87284#primaryimage","url":"https:\/\/jornalbeirario.com.br\/portal\/wp-content\/uploads\/2013\/05\/mortes1.jpg","contentUrl":"https:\/\/jornalbeirario.com.br\/portal\/wp-content\/uploads\/2013\/05\/mortes1.jpg","width":"640","height":"480"},{"@type":"BreadcrumbList","@id":"https:\/\/jornalbeirario.com.br\/portal\/?p=87284#breadcrumb","itemListElement":[{"@type":"ListItem","position":1,"name":"Home","item":"https:\/\/jornalbeirario.com.br\/portal"},{"@type":"ListItem","position":2,"name":"Obitu\u00e1rio (de 19 a 25 de abril de 2022)"}]},{"@type":"WebSite","@id":"https:\/\/jornalbeirario.com.br\/portal\/#website","url":"https:\/\/jornalbeirario.com.br\/portal\/","name":"JORNAL BEIRA RIO","description":"","publisher":{"@id":"https:\/\/jornalbeirario.com.br\/portal\/#organization"},"potentialAction":[{"@type":"SearchAction","target":{"@type":"EntryPoint","urlTemplate":"https:\/\/jornalbeirario.com.br\/portal\/?s={search_term_string}"},"query-input":{"@type":"PropertyValueSpecification","valueRequired":true,"valueName":"search_term_string"}}],"inLanguage":"pt-BR"},{"@type":"Organization","@id":"https:\/\/jornalbeirario.com.br\/portal\/#organization","name":"JORNAL BEIRA RIO","url":"https:\/\/jornalbeirario.com.br\/portal\/","logo":{"@type":"ImageObject","inLanguage":"pt-BR","@id":"https:\/\/jornalbeirario.com.br\/portal\/#\/schema\/logo\/image\/","url":"https:\/\/jornalbeirario.com.br\/portal\/wp-content\/uploads\/2017\/09\/BEIRA-RIO_logo600.png","contentUrl":"https:\/\/jornalbeirario.com.br\/portal\/wp-content\/uploads\/2017\/09\/BEIRA-RIO_logo600.png","width":650,"height":108,"caption":"JORNAL BEIRA RIO"},"image":{"@id":"https:\/\/jornalbeirario.com.br\/portal\/#\/schema\/logo\/image\/"}},{"@type":"Person","@id":"https:\/\/jornalbeirario.com.br\/portal\/#\/schema\/person\/c6c423e4c2465d2a9233f6539173e7c1","name":"Jornal BEIRA-RIO","image":{"@type":"ImageObject","inLanguage":"pt-BR","@id":"https:\/\/jornalbeirario.com.br\/portal\/wp-content\/uploads\/2023\/10\/logojbr1.jpg","url":"https:\/\/jornalbeirario.com.br\/portal\/wp-content\/uploads\/2023\/10\/logojbr1.jpg","contentUrl":"https:\/\/jornalbeirario.com.br\/portal\/wp-content\/uploads\/2023\/10\/logojbr1.jpg","caption":"Jornal BEIRA-RIO"},"url":"https:\/\/jornalbeirario.com.br\/portal\/?author=1"}]}},"_links":{"self":[{"href":"https:\/\/jornalbeirario.com.br\/portal\/index.php?rest_route=\/wp\/v2\/posts\/87284","targetHints":{"allow":["GET"]}}],"collection":[{"href":"https:\/\/jornalbeirario.com.br\/portal\/index.php?rest_route=\/wp\/v2\/posts"}],"about":[{"href":"https:\/\/jornalbeirario.com.br\/portal\/index.php?rest_route=\/wp\/v2\/types\/post"}],"author":[{"embeddable":true,"href":"https:\/\/jornalbeirario.com.br\/portal\/index.php?rest_route=\/wp\/v2\/users\/1"}],"replies":[{"embeddable":true,"href":"https:\/\/jornalbeirario.com.br\/portal\/index.php?rest_route=%2Fwp%2Fv2%2Fcomments&post=87284"}],"version-history":[{"count":7,"href":"https:\/\/jornalbeirario.com.br\/portal\/index.php?rest_route=\/wp\/v2\/posts\/87284\/revisions"}],"predecessor-version":[{"id":88572,"href":"https:\/\/jornalbeirario.com.br\/portal\/index.php?rest_route=\/wp\/v2\/posts\/87284\/revisions\/88572"}],"wp:featuredmedia":[{"embeddable":true,"href":"https:\/\/jornalbeirario.com.br\/portal\/index.php?rest_route=\/wp\/v2\/media\/10125"}],"wp:attachment":[{"href":"https:\/\/jornalbeirario.com.br\/portal\/index.php?rest_route=%2Fwp%2Fv2%2Fmedia&parent=87284"}],"wp:term":[{"taxonomy":"category","embeddable":true,"href":"https:\/\/jornalbeirario.com.br\/portal\/index.php?rest_route=%2Fwp%2Fv2%2Fcategories&post=87284"},{"taxonomy":"post_tag","embeddable":true,"href":"https:\/\/jornalbeirario.com.br\/portal\/index.php?rest_route=%2Fwp%2Fv2%2Ftags&post=87284"}],"curies":[{"name":"wp","href":"https:\/\/api.w.org\/{rel}","templated":true}]}}