
{"id":86668,"date":"2022-04-20T12:22:26","date_gmt":"2022-04-20T15:22:26","guid":{"rendered":"http:\/\/jornalbeirario.com.br\/portal\/?p=86668"},"modified":"2022-05-17T15:33:20","modified_gmt":"2022-05-17T18:33:20","slug":"obituario-de-5-a-11-de-abril-de-2022","status":"publish","type":"post","link":"https:\/\/jornalbeirario.com.br\/portal\/?p=86668","title":{"rendered":"Obitu\u00e1rio (de 5 a 11 de abril de 2022)"},"content":{"rendered":"<p style=\"text-align: justify;\"><img loading=\"lazy\" decoding=\"async\" class=\"size-medium wp-image-51903 alignright\" src=\"https:\/\/jornalbeirario.com.br\/portal\/wp-content\/uploads\/2017\/07\/morte-1-300x225.jpg\" alt=\"\" width=\"300\" height=\"225\" srcset=\"https:\/\/jornalbeirario.com.br\/portal\/wp-content\/uploads\/2017\/07\/morte-1-300x225.jpg 300w, https:\/\/jornalbeirario.com.br\/portal\/wp-content\/uploads\/2017\/07\/morte-1.jpg 640w\" sizes=\"auto, (max-width: 300px) 100vw, 300px\" \/><img loading=\"lazy\" decoding=\"async\" class=\"alignleft size-thumbnail wp-image-85766\" src=\"https:\/\/jornalbeirario.com.br\/portal\/wp-content\/uploads\/2022\/03\/logo-jbr-carimbo1-150x150.png\" alt=\"\" width=\"150\" height=\"150\" srcset=\"https:\/\/jornalbeirario.com.br\/portal\/wp-content\/uploads\/2022\/03\/logo-jbr-carimbo1-150x150.png 150w, https:\/\/jornalbeirario.com.br\/portal\/wp-content\/uploads\/2022\/03\/logo-jbr-carimbo1-215x215.png 215w\" sizes=\"auto, (max-width: 150px) 100vw, 150px\" \/>A aposentada Iron\u00eddia dos Santos Almeida, 80, morreu dia 5, no Hospital de Emerg\u00eancia, de sepse urin\u00e1ria, pielonefrite, anemia e caquexia.<\/p>\n<p style=\"text-align: justify;\">Morreu dia 5 o entregador Oswaldo Ribeiro de Almeida, 53, na Santa Casa de Resende, de choque, insufici\u00eancia respirat\u00f3ria aguda, p\u00f3s-operat\u00f3rio de refossicmoidectomia e vulvo de sigm\u00f3ide.<\/p>\n<p style=\"text-align: justify;\">Dia 5, morreu a guia tur\u00edstica Aparecida C\u00e2ndida de Oliveira, 52, no Hospital de Emerg\u00eancia, de AVC hemorr\u00e1gico intraparenquimatoso, hidrocefalia e AVC isqu\u00eamico pr\u00e9vio.<\/p>\n<p style=\"text-align: justify;\">A dona de casa Elza de Paula Carneiro, 91, morreu dia 6, na Santa Casa de Resende, de insufici\u00eancia respirat\u00f3ria aguda, pneumonia broncoaspirativa e AVE isqu\u00eamico.<\/p>\n<p style=\"text-align: justify;\">Morreu dia 7 a lojista aposentada Ros\u00e2ngela Ribeiro Machado, 63, no Hospital de Emerg\u00eancia, de choque s\u00e9ptico, pneumonia bacteriana e doen\u00e7a pulmonar obstrutiva cr\u00f4nica exacerbada.<\/p>\n<p style=\"text-align: justify;\">Dia 7, morreu o agente policial aposentado Luiz Fl\u00e1vio Morais Lawall, 65, na UPA de Jaboticabal\/SP, de hemorragia digestiva alta e c\u00e2ncer g\u00e1strico avan\u00e7ado.<\/p>\n<p style=\"text-align: justify;\">O desempregado Lu\u00eds Ot\u00e1vio dos Santos Mesquita, 35, morreu dia 7 no Hospital Samer, de choque n\u00e3o especificado, pneumonia e massa intrabdominal.<\/p>\n<p style=\"text-align: justify;\">Morreu dia 7 o motorista Jos\u00e9 Gon\u00e7alves da Silva, 70, em casa no bairro Alto dos Passos, de insufici\u00eancia respirat\u00f3ria aguda e doen\u00e7a pulmonar obstrutiva cr\u00f4nica.<\/p>\n<p style=\"text-align: justify;\">Dia 7, morreu a dona de casa Josefa Maria dos Santos Costa, 84, na Santa Casa de Cruzeiro\/SP, de choque s\u00e9ptico, pneumonia bacteriana e doen\u00e7a renal cr\u00f4nica.<\/p>\n<p style=\"text-align: justify;\">O aposentado Paulo Fernando de Almeida, 66, morreu dia 7\u00a0 no SPA Conforto, em Volta Redonda, de parada cardiorrespirat\u00f3ria, insufici\u00eancia card\u00edaca, fibrila\u00e7\u00e3o atrial, hipertens\u00e3o arterial e diabetes.<\/p>\n<p style=\"text-align: justify;\">Morreu dia 8 o cen\u00f3grafo Pl\u00ednio Denegri, 87, em via p\u00fablica no bairro Surubi, de causa pendente do laudo pericial, segundo atestado de \u00f3bito assinado pelo m\u00e9dico Rog\u00e9rio Machado Falc\u00e3o.<\/p>\n<p style=\"text-align: justify;\">Dia 8, morreu o motorista Jo\u00e3o Manuel dos Santos, 90, na Santa Casa de Resende, de insufici\u00eancia respirat\u00f3ria aguda, coma e AVC.<\/p>\n<p style=\"text-align: justify;\">A dona de casa Olga dos Santos Amorim, 91, morreu dia 9 no Hospital Samer, de choque s\u00e9ptico, sepse de foco urin\u00e1rio, infec\u00e7\u00e3o urin\u00e1ria, infarto agudo do mioc\u00e1rdio e insufici\u00eancia renal cr\u00f4nica agudizada.<\/p>\n<p style=\"text-align: justify;\">Morreu dia 11 a dona de casa Carolina Silva Dias de Oliveira, 32, no Hospital de Emerg\u00eancia, de septicemia, pneumonia, Covid-19 e HIV.<\/p>\n<p style=\"text-align: justify;\">Dia 11, morreu Clarice de Oliveira Dias, 91, no Hospital da Unimed Resende, de insufici\u00eandia respirat\u00f3ria aguda, choque cardiog\u00eanico, caquexia e hipertens\u00e3o arterial.<\/p>\n","protected":false},"excerpt":{"rendered":"<p>A aposentada Iron\u00eddia dos Santos Almeida, 80, morreu dia 5, no Hospital de Emerg\u00eancia, de sepse urin\u00e1ria, pielonefrite, anemia e caquexia. Morreu dia 5<\/p>\n","protected":false},"author":1,"featured_media":51903,"comment_status":"open","ping_status":"open","sticky":false,"template":"","format":"standard","meta":{"pmpro_default_level":"","footnotes":""},"categories":[164],"tags":[],"class_list":["post-86668","post","type-post","status-publish","format-standard","has-post-thumbnail","hentry","category-obituario","pmpro-has-access"],"yoast_head":"<!-- This site is optimized with the Yoast SEO plugin v27.4 - https:\/\/yoast.com\/product\/yoast-seo-wordpress\/ -->\n<title>Obitu\u00e1rio (de 5 a 11 de abril de 2022) - JORNAL BEIRA RIO<\/title>\n<meta name=\"robots\" content=\"index, follow, max-snippet:-1, max-image-preview:large, max-video-preview:-1\" \/>\n<link rel=\"canonical\" href=\"https:\/\/jornalbeirario.com.br\/portal\/?p=86668\" \/>\n<meta property=\"og:locale\" content=\"pt_BR\" \/>\n<meta property=\"og:type\" content=\"article\" \/>\n<meta property=\"og:title\" content=\"Obitu\u00e1rio (de 5 a 11 de abril de 2022) - JORNAL BEIRA RIO\" \/>\n<meta property=\"og:description\" content=\"A aposentada Iron\u00eddia dos Santos Almeida, 80, morreu dia 5, no Hospital de Emerg\u00eancia, de sepse urin\u00e1ria, pielonefrite, anemia e caquexia. Morreu dia 5\" \/>\n<meta property=\"og:url\" content=\"https:\/\/jornalbeirario.com.br\/portal\/?p=86668\" \/>\n<meta property=\"og:site_name\" content=\"JORNAL BEIRA RIO\" \/>\n<meta property=\"article:published_time\" content=\"2022-04-20T15:22:26+00:00\" \/>\n<meta property=\"article:modified_time\" content=\"2022-05-17T18:33:20+00:00\" \/>\n<meta property=\"og:image\" content=\"https:\/\/jornalbeirario.com.br\/portal\/wp-content\/uploads\/2017\/07\/morte-1.jpg\" \/>\n\t<meta property=\"og:image:width\" content=\"640\" \/>\n\t<meta property=\"og:image:height\" content=\"480\" \/>\n\t<meta property=\"og:image:type\" content=\"image\/jpeg\" \/>\n<meta name=\"author\" content=\"Jornal BEIRA-RIO\" \/>\n<meta name=\"twitter:card\" content=\"summary_large_image\" \/>\n<meta name=\"twitter:label1\" content=\"Escrito por\" \/>\n\t<meta name=\"twitter:data1\" content=\"Jornal BEIRA-RIO\" \/>\n\t<meta name=\"twitter:label2\" content=\"Est. tempo de leitura\" \/>\n\t<meta name=\"twitter:data2\" content=\"2 minutos\" \/>\n<script type=\"application\/ld+json\" class=\"yoast-schema-graph\">{\"@context\":\"https:\\\/\\\/schema.org\",\"@graph\":[{\"@type\":\"Article\",\"@id\":\"https:\\\/\\\/jornalbeirario.com.br\\\/portal\\\/?p=86668#article\",\"isPartOf\":{\"@id\":\"https:\\\/\\\/jornalbeirario.com.br\\\/portal\\\/?p=86668\"},\"author\":{\"name\":\"Jornal BEIRA-RIO\",\"@id\":\"https:\\\/\\\/jornalbeirario.com.br\\\/portal\\\/#\\\/schema\\\/person\\\/c6c423e4c2465d2a9233f6539173e7c1\"},\"headline\":\"Obitu\u00e1rio (de 5 a 11 de abril de 2022)\",\"datePublished\":\"2022-04-20T15:22:26+00:00\",\"dateModified\":\"2022-05-17T18:33:20+00:00\",\"mainEntityOfPage\":{\"@id\":\"https:\\\/\\\/jornalbeirario.com.br\\\/portal\\\/?p=86668\"},\"wordCount\":422,\"commentCount\":0,\"publisher\":{\"@id\":\"https:\\\/\\\/jornalbeirario.com.br\\\/portal\\\/#organization\"},\"image\":{\"@id\":\"https:\\\/\\\/jornalbeirario.com.br\\\/portal\\\/?p=86668#primaryimage\"},\"thumbnailUrl\":\"https:\\\/\\\/jornalbeirario.com.br\\\/portal\\\/wp-content\\\/uploads\\\/2017\\\/07\\\/morte-1.jpg\",\"articleSection\":[\"Obitu\u00e1rio\"],\"inLanguage\":\"pt-BR\",\"potentialAction\":[{\"@type\":\"CommentAction\",\"name\":\"Comment\",\"target\":[\"https:\\\/\\\/jornalbeirario.com.br\\\/portal\\\/?p=86668#respond\"]}]},{\"@type\":\"WebPage\",\"@id\":\"https:\\\/\\\/jornalbeirario.com.br\\\/portal\\\/?p=86668\",\"url\":\"https:\\\/\\\/jornalbeirario.com.br\\\/portal\\\/?p=86668\",\"name\":\"Obitu\u00e1rio (de 5 a 11 de abril de 2022) - JORNAL BEIRA RIO\",\"isPartOf\":{\"@id\":\"https:\\\/\\\/jornalbeirario.com.br\\\/portal\\\/#website\"},\"primaryImageOfPage\":{\"@id\":\"https:\\\/\\\/jornalbeirario.com.br\\\/portal\\\/?p=86668#primaryimage\"},\"image\":{\"@id\":\"https:\\\/\\\/jornalbeirario.com.br\\\/portal\\\/?p=86668#primaryimage\"},\"thumbnailUrl\":\"https:\\\/\\\/jornalbeirario.com.br\\\/portal\\\/wp-content\\\/uploads\\\/2017\\\/07\\\/morte-1.jpg\",\"datePublished\":\"2022-04-20T15:22:26+00:00\",\"dateModified\":\"2022-05-17T18:33:20+00:00\",\"breadcrumb\":{\"@id\":\"https:\\\/\\\/jornalbeirario.com.br\\\/portal\\\/?p=86668#breadcrumb\"},\"inLanguage\":\"pt-BR\",\"potentialAction\":[{\"@type\":\"ReadAction\",\"target\":[\"https:\\\/\\\/jornalbeirario.com.br\\\/portal\\\/?p=86668\"]}]},{\"@type\":\"ImageObject\",\"inLanguage\":\"pt-BR\",\"@id\":\"https:\\\/\\\/jornalbeirario.com.br\\\/portal\\\/?p=86668#primaryimage\",\"url\":\"https:\\\/\\\/jornalbeirario.com.br\\\/portal\\\/wp-content\\\/uploads\\\/2017\\\/07\\\/morte-1.jpg\",\"contentUrl\":\"https:\\\/\\\/jornalbeirario.com.br\\\/portal\\\/wp-content\\\/uploads\\\/2017\\\/07\\\/morte-1.jpg\",\"width\":640,\"height\":480},{\"@type\":\"BreadcrumbList\",\"@id\":\"https:\\\/\\\/jornalbeirario.com.br\\\/portal\\\/?p=86668#breadcrumb\",\"itemListElement\":[{\"@type\":\"ListItem\",\"position\":1,\"name\":\"Home\",\"item\":\"https:\\\/\\\/jornalbeirario.com.br\\\/portal\"},{\"@type\":\"ListItem\",\"position\":2,\"name\":\"Obitu\u00e1rio (de 5 a 11 de abril de 2022)\"}]},{\"@type\":\"WebSite\",\"@id\":\"https:\\\/\\\/jornalbeirario.com.br\\\/portal\\\/#website\",\"url\":\"https:\\\/\\\/jornalbeirario.com.br\\\/portal\\\/\",\"name\":\"JORNAL BEIRA RIO\",\"description\":\"\",\"publisher\":{\"@id\":\"https:\\\/\\\/jornalbeirario.com.br\\\/portal\\\/#organization\"},\"potentialAction\":[{\"@type\":\"SearchAction\",\"target\":{\"@type\":\"EntryPoint\",\"urlTemplate\":\"https:\\\/\\\/jornalbeirario.com.br\\\/portal\\\/?s={search_term_string}\"},\"query-input\":{\"@type\":\"PropertyValueSpecification\",\"valueRequired\":true,\"valueName\":\"search_term_string\"}}],\"inLanguage\":\"pt-BR\"},{\"@type\":\"Organization\",\"@id\":\"https:\\\/\\\/jornalbeirario.com.br\\\/portal\\\/#organization\",\"name\":\"JORNAL BEIRA RIO\",\"url\":\"https:\\\/\\\/jornalbeirario.com.br\\\/portal\\\/\",\"logo\":{\"@type\":\"ImageObject\",\"inLanguage\":\"pt-BR\",\"@id\":\"https:\\\/\\\/jornalbeirario.com.br\\\/portal\\\/#\\\/schema\\\/logo\\\/image\\\/\",\"url\":\"https:\\\/\\\/jornalbeirario.com.br\\\/portal\\\/wp-content\\\/uploads\\\/2017\\\/09\\\/BEIRA-RIO_logo600.png\",\"contentUrl\":\"https:\\\/\\\/jornalbeirario.com.br\\\/portal\\\/wp-content\\\/uploads\\\/2017\\\/09\\\/BEIRA-RIO_logo600.png\",\"width\":650,\"height\":108,\"caption\":\"JORNAL BEIRA RIO\"},\"image\":{\"@id\":\"https:\\\/\\\/jornalbeirario.com.br\\\/portal\\\/#\\\/schema\\\/logo\\\/image\\\/\"}},{\"@type\":\"Person\",\"@id\":\"https:\\\/\\\/jornalbeirario.com.br\\\/portal\\\/#\\\/schema\\\/person\\\/c6c423e4c2465d2a9233f6539173e7c1\",\"name\":\"Jornal BEIRA-RIO\",\"image\":{\"@type\":\"ImageObject\",\"inLanguage\":\"pt-BR\",\"@id\":\"https:\\\/\\\/jornalbeirario.com.br\\\/portal\\\/wp-content\\\/uploads\\\/2023\\\/10\\\/logojbr1.jpg\",\"url\":\"https:\\\/\\\/jornalbeirario.com.br\\\/portal\\\/wp-content\\\/uploads\\\/2023\\\/10\\\/logojbr1.jpg\",\"contentUrl\":\"https:\\\/\\\/jornalbeirario.com.br\\\/portal\\\/wp-content\\\/uploads\\\/2023\\\/10\\\/logojbr1.jpg\",\"caption\":\"Jornal BEIRA-RIO\"},\"url\":\"https:\\\/\\\/jornalbeirario.com.br\\\/portal\\\/?author=1\"}]}<\/script>\n<!-- \/ Yoast SEO plugin. -->","yoast_head_json":{"title":"Obitu\u00e1rio (de 5 a 11 de abril de 2022) - JORNAL BEIRA RIO","robots":{"index":"index","follow":"follow","max-snippet":"max-snippet:-1","max-image-preview":"max-image-preview:large","max-video-preview":"max-video-preview:-1"},"canonical":"https:\/\/jornalbeirario.com.br\/portal\/?p=86668","og_locale":"pt_BR","og_type":"article","og_title":"Obitu\u00e1rio (de 5 a 11 de abril de 2022) - JORNAL BEIRA RIO","og_description":"A aposentada Iron\u00eddia dos Santos Almeida, 80, morreu dia 5, no Hospital de Emerg\u00eancia, de sepse urin\u00e1ria, pielonefrite, anemia e caquexia. Morreu dia 5","og_url":"https:\/\/jornalbeirario.com.br\/portal\/?p=86668","og_site_name":"JORNAL BEIRA RIO","article_published_time":"2022-04-20T15:22:26+00:00","article_modified_time":"2022-05-17T18:33:20+00:00","og_image":[{"width":640,"height":480,"url":"https:\/\/jornalbeirario.com.br\/portal\/wp-content\/uploads\/2017\/07\/morte-1.jpg","type":"image\/jpeg"}],"author":"Jornal BEIRA-RIO","twitter_card":"summary_large_image","twitter_misc":{"Escrito por":"Jornal BEIRA-RIO","Est. tempo de leitura":"2 minutos"},"schema":{"@context":"https:\/\/schema.org","@graph":[{"@type":"Article","@id":"https:\/\/jornalbeirario.com.br\/portal\/?p=86668#article","isPartOf":{"@id":"https:\/\/jornalbeirario.com.br\/portal\/?p=86668"},"author":{"name":"Jornal BEIRA-RIO","@id":"https:\/\/jornalbeirario.com.br\/portal\/#\/schema\/person\/c6c423e4c2465d2a9233f6539173e7c1"},"headline":"Obitu\u00e1rio (de 5 a 11 de abril de 2022)","datePublished":"2022-04-20T15:22:26+00:00","dateModified":"2022-05-17T18:33:20+00:00","mainEntityOfPage":{"@id":"https:\/\/jornalbeirario.com.br\/portal\/?p=86668"},"wordCount":422,"commentCount":0,"publisher":{"@id":"https:\/\/jornalbeirario.com.br\/portal\/#organization"},"image":{"@id":"https:\/\/jornalbeirario.com.br\/portal\/?p=86668#primaryimage"},"thumbnailUrl":"https:\/\/jornalbeirario.com.br\/portal\/wp-content\/uploads\/2017\/07\/morte-1.jpg","articleSection":["Obitu\u00e1rio"],"inLanguage":"pt-BR","potentialAction":[{"@type":"CommentAction","name":"Comment","target":["https:\/\/jornalbeirario.com.br\/portal\/?p=86668#respond"]}]},{"@type":"WebPage","@id":"https:\/\/jornalbeirario.com.br\/portal\/?p=86668","url":"https:\/\/jornalbeirario.com.br\/portal\/?p=86668","name":"Obitu\u00e1rio (de 5 a 11 de abril de 2022) - JORNAL BEIRA RIO","isPartOf":{"@id":"https:\/\/jornalbeirario.com.br\/portal\/#website"},"primaryImageOfPage":{"@id":"https:\/\/jornalbeirario.com.br\/portal\/?p=86668#primaryimage"},"image":{"@id":"https:\/\/jornalbeirario.com.br\/portal\/?p=86668#primaryimage"},"thumbnailUrl":"https:\/\/jornalbeirario.com.br\/portal\/wp-content\/uploads\/2017\/07\/morte-1.jpg","datePublished":"2022-04-20T15:22:26+00:00","dateModified":"2022-05-17T18:33:20+00:00","breadcrumb":{"@id":"https:\/\/jornalbeirario.com.br\/portal\/?p=86668#breadcrumb"},"inLanguage":"pt-BR","potentialAction":[{"@type":"ReadAction","target":["https:\/\/jornalbeirario.com.br\/portal\/?p=86668"]}]},{"@type":"ImageObject","inLanguage":"pt-BR","@id":"https:\/\/jornalbeirario.com.br\/portal\/?p=86668#primaryimage","url":"https:\/\/jornalbeirario.com.br\/portal\/wp-content\/uploads\/2017\/07\/morte-1.jpg","contentUrl":"https:\/\/jornalbeirario.com.br\/portal\/wp-content\/uploads\/2017\/07\/morte-1.jpg","width":640,"height":480},{"@type":"BreadcrumbList","@id":"https:\/\/jornalbeirario.com.br\/portal\/?p=86668#breadcrumb","itemListElement":[{"@type":"ListItem","position":1,"name":"Home","item":"https:\/\/jornalbeirario.com.br\/portal"},{"@type":"ListItem","position":2,"name":"Obitu\u00e1rio (de 5 a 11 de abril de 2022)"}]},{"@type":"WebSite","@id":"https:\/\/jornalbeirario.com.br\/portal\/#website","url":"https:\/\/jornalbeirario.com.br\/portal\/","name":"JORNAL BEIRA RIO","description":"","publisher":{"@id":"https:\/\/jornalbeirario.com.br\/portal\/#organization"},"potentialAction":[{"@type":"SearchAction","target":{"@type":"EntryPoint","urlTemplate":"https:\/\/jornalbeirario.com.br\/portal\/?s={search_term_string}"},"query-input":{"@type":"PropertyValueSpecification","valueRequired":true,"valueName":"search_term_string"}}],"inLanguage":"pt-BR"},{"@type":"Organization","@id":"https:\/\/jornalbeirario.com.br\/portal\/#organization","name":"JORNAL BEIRA RIO","url":"https:\/\/jornalbeirario.com.br\/portal\/","logo":{"@type":"ImageObject","inLanguage":"pt-BR","@id":"https:\/\/jornalbeirario.com.br\/portal\/#\/schema\/logo\/image\/","url":"https:\/\/jornalbeirario.com.br\/portal\/wp-content\/uploads\/2017\/09\/BEIRA-RIO_logo600.png","contentUrl":"https:\/\/jornalbeirario.com.br\/portal\/wp-content\/uploads\/2017\/09\/BEIRA-RIO_logo600.png","width":650,"height":108,"caption":"JORNAL BEIRA RIO"},"image":{"@id":"https:\/\/jornalbeirario.com.br\/portal\/#\/schema\/logo\/image\/"}},{"@type":"Person","@id":"https:\/\/jornalbeirario.com.br\/portal\/#\/schema\/person\/c6c423e4c2465d2a9233f6539173e7c1","name":"Jornal BEIRA-RIO","image":{"@type":"ImageObject","inLanguage":"pt-BR","@id":"https:\/\/jornalbeirario.com.br\/portal\/wp-content\/uploads\/2023\/10\/logojbr1.jpg","url":"https:\/\/jornalbeirario.com.br\/portal\/wp-content\/uploads\/2023\/10\/logojbr1.jpg","contentUrl":"https:\/\/jornalbeirario.com.br\/portal\/wp-content\/uploads\/2023\/10\/logojbr1.jpg","caption":"Jornal BEIRA-RIO"},"url":"https:\/\/jornalbeirario.com.br\/portal\/?author=1"}]}},"_links":{"self":[{"href":"https:\/\/jornalbeirario.com.br\/portal\/index.php?rest_route=\/wp\/v2\/posts\/86668","targetHints":{"allow":["GET"]}}],"collection":[{"href":"https:\/\/jornalbeirario.com.br\/portal\/index.php?rest_route=\/wp\/v2\/posts"}],"about":[{"href":"https:\/\/jornalbeirario.com.br\/portal\/index.php?rest_route=\/wp\/v2\/types\/post"}],"author":[{"embeddable":true,"href":"https:\/\/jornalbeirario.com.br\/portal\/index.php?rest_route=\/wp\/v2\/users\/1"}],"replies":[{"embeddable":true,"href":"https:\/\/jornalbeirario.com.br\/portal\/index.php?rest_route=%2Fwp%2Fv2%2Fcomments&post=86668"}],"version-history":[{"count":23,"href":"https:\/\/jornalbeirario.com.br\/portal\/index.php?rest_route=\/wp\/v2\/posts\/86668\/revisions"}],"predecessor-version":[{"id":88571,"href":"https:\/\/jornalbeirario.com.br\/portal\/index.php?rest_route=\/wp\/v2\/posts\/86668\/revisions\/88571"}],"wp:featuredmedia":[{"embeddable":true,"href":"https:\/\/jornalbeirario.com.br\/portal\/index.php?rest_route=\/wp\/v2\/media\/51903"}],"wp:attachment":[{"href":"https:\/\/jornalbeirario.com.br\/portal\/index.php?rest_route=%2Fwp%2Fv2%2Fmedia&parent=86668"}],"wp:term":[{"taxonomy":"category","embeddable":true,"href":"https:\/\/jornalbeirario.com.br\/portal\/index.php?rest_route=%2Fwp%2Fv2%2Fcategories&post=86668"},{"taxonomy":"post_tag","embeddable":true,"href":"https:\/\/jornalbeirario.com.br\/portal\/index.php?rest_route=%2Fwp%2Fv2%2Ftags&post=86668"}],"curies":[{"name":"wp","href":"https:\/\/api.w.org\/{rel}","templated":true}]}}