
{"id":86064,"date":"2022-04-04T09:18:13","date_gmt":"2022-04-04T12:18:13","guid":{"rendered":"http:\/\/jornalbeirario.com.br\/portal\/?p=86064"},"modified":"2022-04-04T09:23:05","modified_gmt":"2022-04-04T12:23:05","slug":"regiao-comeca-vacinacao-contra-gripe-e-sarampo-nesta-segunda-feira","status":"publish","type":"post","link":"https:\/\/jornalbeirario.com.br\/portal\/?p=86064","title":{"rendered":"Regi\u00e3o come\u00e7a vacina\u00e7\u00e3o contra gripe e sarampo para profissionais da sa\u00fade, crian\u00e7as e idosos"},"content":{"rendered":"<figure id=\"attachment_86070\" aria-describedby=\"caption-attachment-86070\" style=\"width: 300px\" class=\"wp-caption alignright\"><img loading=\"lazy\" decoding=\"async\" class=\"wp-image-86070 size-medium\" src=\"https:\/\/jornalbeirario.com.br\/portal\/wp-content\/uploads\/2022\/04\/vac-influenza2-300x225.jpg\" alt=\"\" width=\"300\" height=\"225\" srcset=\"https:\/\/jornalbeirario.com.br\/portal\/wp-content\/uploads\/2022\/04\/vac-influenza2-300x225.jpg 300w, https:\/\/jornalbeirario.com.br\/portal\/wp-content\/uploads\/2022\/04\/vac-influenza2.jpg 640w\" sizes=\"auto, (max-width: 300px) 100vw, 300px\" \/><figcaption id=\"caption-attachment-86070\" class=\"wp-caption-text\">Al\u00e9m da vacina contra gripe, crian\u00e7as tamb\u00e9m receber\u00e3o vacina contra o sarampo (Fotos: Raimundo Brasil\/Divulga\u00e7\u00e3o PMR)<\/figcaption><\/figure>\n<p style=\"text-align: justify;\"><img loading=\"lazy\" decoding=\"async\" class=\"alignleft size-thumbnail wp-image-85766\" src=\"https:\/\/jornalbeirario.com.br\/portal\/wp-content\/uploads\/2022\/03\/logo-jbr-carimbo1-150x150.png\" alt=\"\" width=\"150\" height=\"150\" srcset=\"https:\/\/jornalbeirario.com.br\/portal\/wp-content\/uploads\/2022\/03\/logo-jbr-carimbo1-150x150.png 150w, https:\/\/jornalbeirario.com.br\/portal\/wp-content\/uploads\/2022\/03\/logo-jbr-carimbo1-215x215.png 215w\" sizes=\"auto, (max-width: 150px) 100vw, 150px\" \/>Seguindo o calend\u00e1rio de vacina\u00e7\u00e3o oficial em todo o pa\u00eds, Resende e outros munic\u00edpios da regi\u00e3o do M\u00e9dio Para\u00edba come\u00e7am nesta segunda-feira, dia 4, a vacinar contra a gripe (influenza) e o sarampo. No maior munic\u00edpio da Regi\u00e3o das Agulhas Negras o in\u00edcio da campanha na pr\u00f3xima segunda-feira, dia 4, as campanhas de vacina\u00e7\u00e3o, que acontecer\u00e3o at\u00e9 o dia 3 de junho.<\/p>\n<p style=\"text-align: justify;\">A imuniza\u00e7\u00e3o ser\u00e1 voltada para os grupos priorit\u00e1rios das campanhas, no Centro Municipal de Imuniza\u00e7\u00e3o (conhecido como Posto do Estado), de segunda a sexta-feira, das 9 \u00e0s 16h. E tamb\u00e9m as unidades b\u00e1sicas de sa\u00fade estar\u00e3o abertas \u00e0s segundas, quintas e sextas-feiras, das 9 \u00e0s 16h, e \u00e0s ter\u00e7as e quartas-feiras, das 13 \u00e0s 16h.<\/p>\n<p style=\"text-align: justify;\">Vale lembrar que tamb\u00e9m haver\u00e1 um dia D de Vacina\u00e7\u00e3o contra gripe e sarampo, no dia 30 de abril, nestas mesmas unidades de sa\u00fade.<\/p>\n<p style=\"text-align: justify;\">A vacina\u00e7\u00e3o contra gripe \u00e9 voltada para os seguintes grupos priorit\u00e1rios: idosos acima de 60 anos; trabalhadores da sa\u00fade; gestantes e pu\u00e9rperas; crian\u00e7as de seis meses a 5 anos; comorbidades; pessoas com defici\u00eancia; professores; caminhoneiros; trabalhadores de transporte coletivo rodovi\u00e1rio; e for\u00e7as de seguran\u00e7a.<\/p>\n<p style=\"text-align: justify;\">A imuniza\u00e7\u00e3o contra gripe inicia-se com os idosos acima de 80 anos e trabalhadores da sa\u00fade. A gest\u00e3o municipal destaca que o grupo de idosos acima de 80 anos poder\u00e1 receber a vacina juntamente com a segunda dose de refor\u00e7o (quarta dose) da vacina contra Covid-19, que j\u00e1 est\u00e1 dispon\u00edvel para eles. J\u00e1 o Dia D ser\u00e1 voltado para idosos acima de 60 anos, trabalhadores da sa\u00fade e crian\u00e7as de seis meses a 5 anos.<\/p>\n<p style=\"text-align: justify;\">A vacina\u00e7\u00e3o contra o sarampo acontecer\u00e1 tamb\u00e9m de 4 de abril a 3 de junho, com o dia D sendo tamb\u00e9m em 30 de abril. O p\u00fablico-alvo desta campanha \u00e9 formado por crian\u00e7as de seis meses a menores de 5 anos e trabalhadores da sa\u00fade, para atualizar a situa\u00e7\u00e3o vacinal. Confira o calend\u00e1rio de vacina\u00e7\u00e3o em Resende:<\/p>\n<p style=\"text-align: justify;\">&#8211; 4 a 8 de abril: idosos acima de 80 anos e trabalhadores da sa\u00fade<br \/>\n&#8211; 11 a 15 de abril: idosos acima de 70 anos e trabalhadores da sa\u00fade<br \/>\n&#8211; 18 a 29 de abril: idosos acima de 60 anos e trabalhadores da sa\u00fade<br \/>\n&#8211; 30 de abril: Dia D &#8211; idosos, trabalhadores de sa\u00fade, crian\u00e7as de seis meses a 5 anos<br \/>\n&#8211; 2 de maio a 3 de junho: gestantes, pu\u00e9rperas, crian\u00e7as de seis meses a 5 anos<br \/>\n&#8211; 9 a 13 de maio: comorbidades<br \/>\n&#8211; 16 a 20 de maio: pessoas com defici\u00eancia<br \/>\n&#8211; 23 a 27 de maio: professores, caminhoneiros, trabalhadores de transporte coletivo rodovi\u00e1rio<br \/>\n&#8211; 30 de maio a 3 de junho: for\u00e7as de seguran\u00e7a, salvamento e armadas<\/p>\n<figure id=\"attachment_86069\" aria-describedby=\"caption-attachment-86069\" style=\"width: 300px\" class=\"wp-caption alignleft\"><img loading=\"lazy\" decoding=\"async\" class=\"size-medium wp-image-86069\" src=\"https:\/\/jornalbeirario.com.br\/portal\/wp-content\/uploads\/2022\/04\/vac-influenza3-300x225.jpg\" alt=\"\" width=\"300\" height=\"225\" srcset=\"https:\/\/jornalbeirario.com.br\/portal\/wp-content\/uploads\/2022\/04\/vac-influenza3-300x225.jpg 300w, https:\/\/jornalbeirario.com.br\/portal\/wp-content\/uploads\/2022\/04\/vac-influenza3.jpg 640w\" sizes=\"auto, (max-width: 300px) 100vw, 300px\" \/><figcaption id=\"caption-attachment-86069\" class=\"wp-caption-text\">Idosos tamb\u00e9m ser\u00e3o vacinados contra gripe, sendo que Porto Real imunizar\u00e1 acamados em casa<\/figcaption><\/figure>\n<p style=\"text-align: justify;\">Em Porto Real, a prefeitura promove a campanha em profissionais da sa\u00fade a partir de ter\u00e7a-feira, dia 5, voltada para profissionais da \u00e1rea da Sa\u00fade. A a\u00e7\u00e3o acontece at\u00e9 o dia 30 do mesmo m\u00eas e visa atualizar o cart\u00e3o de vacina\u00e7\u00e3o destes profissionais. A Secretaria refor\u00e7a que para receberem a vacina, basta os profissionais se dirigirem ao Policl\u00ednico do bairro F\u00e1tima ou nas Unidades de Sa\u00fade da Fam\u00edlia (USFS), das 8h30 \u00e0s 15h30, tendo em m\u00e3o: cart\u00e3o de Vacina\u00e7\u00e3o, Cart\u00e3o do SUS ou CPF, e comprovante do Conselho de Classe da Categoria Profissional de Sa\u00fade. Al\u00e9m disso, a SMS realizar\u00e1 dois pontos especiais de vacina\u00e7\u00e3o nas seguintes datas:<\/p>\n<p style=\"text-align: justify;\">&#8211; 5 e 6 de abril: Sede da SMS, das 9h \u00e0s 15h.<br \/>\n&#8211; 6 e 7 de abril: Vacina\u00e7\u00e3o somente para os Profissionais do Hospital Municipal, no pr\u00f3prio Hospital.<\/p>\n<p style=\"text-align: justify;\">No mesmo dia, haver\u00e1 o in\u00edcio da Campanha de Vacina\u00e7\u00e3o Domiciliar contra gripe para acamados acima dos 60 anos, cadastrados na Aten\u00e7\u00e3o B\u00e1sica, que ser\u00e1 realizada at\u00e9 15 de abril. A Secretaria refor\u00e7a que para outras informa\u00e7\u00f5es sobre a vacina\u00e7\u00e3o, \u00e9 necess\u00e1rio procurar as Unidades de Sa\u00fade da Fam\u00edlia (USFs) mais pr\u00f3xima de sua resid\u00eancia.<\/p>\n<p style=\"text-align: justify;\">E em Barra Mansa,\u00a0a campanha tamb\u00e9m come\u00e7a nesta segunda-feira e segue at\u00e9 o dia 3 de junho. No mesmo per\u00edodo acontecer\u00e1 a vacina\u00e7\u00e3o contra sarampo para trabalhadores da Sa\u00fade e crian\u00e7as de 6 meses a menores de 5 anos. A aplica\u00e7\u00e3o das vacinas ocorrer\u00e1 das 9 \u00e0s 16h em todas as unidades de sa\u00fade do munic\u00edpio, que ficam abertas de segunda a sexta-feira, das 9 \u00e0s 16h. O PSF Ano Bom funciona em hor\u00e1rio estendido, das 9 \u00e0s 20h. Para receber os imunizantes \u00e9 necess\u00e1ria a apresenta\u00e7\u00e3o de RG, CPF, comprovante de resid\u00eancia nominal atualizado e cart\u00e3o de vacina. Confira o calend\u00e1rio de vacina\u00e7\u00e3o:<\/p>\n<p style=\"text-align: justify;\">&#8211; 04 a 08\/04: idosos com 80 anos ou mais, residentes de longa perman\u00eancia e trabalhadores da Sa\u00fade com 60 anos ou mais em qualquer unidade de sa\u00fade. Demais trabalhadores do setor, em seu local de trabalho.<br \/>\n&#8211; 11 a 15\/04: 70 anos ou mais e trabalhadores da Sa\u00fade com 60 anos ou mais em qualquer unidade de sa\u00fade. Demais trabalhadores do setor, em seu local de trabalho.<br \/>\n&#8211; 18 a 22\/04: 65 anos ou mais e trabalhadores da Sa\u00fade com 60 anos ou mais em qualquer unidade de sa\u00fade. Demais trabalhadores do setor, em seu local de trabalho.<br \/>\n&#8211; 25 a 29\/04: 60 anos ou mais e trabalhadores da Sa\u00fade com 60 anos ou mais em qualquer unidade de sa\u00fade. Demais trabalhadores do setor, em seu local de trabalho.<br \/>\n&#8211; 30\/04 (Dia D): todo o p\u00fablico-alvo vacinado at\u00e9 esta data, conforme disponibilidade de vacina.<br \/>\n&#8211; 02 a 06\/05: crian\u00e7as com 6 meses a 4 anos, 11 meses e 29 dias; gestantes e pu\u00e9rperas.<br \/>\n&#8211; 09 a 13\/05: demais grupos priorit\u00e1rios com pessoas entre 50 e 59 anos e repescagem geral.<br \/>\n&#8211; 16 a 20\/05: demais grupos priorit\u00e1rios com pessoas entre 40 e 49 anos e repescagem geral.<br \/>\n&#8211; 23 a 27\/05: demais grupos priorit\u00e1rios com pessoas entre 30 e 39 anos e repescagem geral.<br \/>\n&#8211; 30\/05 a 03\/06: demais grupos priorit\u00e1rios com pessoas entre 05 e 29 anos e repescagem geral.<\/p>\n","protected":false},"excerpt":{"rendered":"<p>Seguindo o calend\u00e1rio de vacina\u00e7\u00e3o oficial em todo o pa\u00eds, Resende e outros munic\u00edpios da regi\u00e3o do M\u00e9dio Para\u00edba come\u00e7am nesta segunda-feira, dia 4,<\/p>\n","protected":false},"author":1,"featured_media":86071,"comment_status":"open","ping_status":"open","sticky":false,"template":"","format":"standard","meta":{"pmpro_default_level":"","footnotes":"","_members_access_role":[],"_members_access_error":""},"categories":[227,233,18],"tags":[],"class_list":["post-86064","post","type-post","status-publish","format-standard","has-post-thumbnail","hentry","category-manchete","category-regiao","category-saude","pmpro-has-access"],"yoast_head":"<!-- This site is optimized with the Yoast SEO plugin v28.4 - https:\/\/yoast.com\/product\/yoast-seo-wordpress\/ -->\n<title>Regi\u00e3o come\u00e7a vacina\u00e7\u00e3o contra gripe e sarampo para profissionais da sa\u00fade, crian\u00e7as e idosos - JORNAL BEIRA RIO<\/title>\n<meta name=\"robots\" content=\"index, follow, max-snippet:-1, max-image-preview:large, max-video-preview:-1\" \/>\n<link rel=\"canonical\" href=\"https:\/\/jornalbeirario.com.br\/portal\/?p=86064\" \/>\n<meta property=\"og:locale\" content=\"pt_BR\" \/>\n<meta property=\"og:type\" content=\"article\" \/>\n<meta property=\"og:title\" content=\"Regi\u00e3o come\u00e7a vacina\u00e7\u00e3o contra gripe e sarampo para profissionais da sa\u00fade, crian\u00e7as e idosos - JORNAL BEIRA RIO\" \/>\n<meta property=\"og:description\" content=\"Seguindo o calend\u00e1rio de vacina\u00e7\u00e3o oficial em todo o pa\u00eds, Resende e outros munic\u00edpios da regi\u00e3o do M\u00e9dio Para\u00edba come\u00e7am nesta segunda-feira, dia 4,\" \/>\n<meta property=\"og:url\" content=\"https:\/\/jornalbeirario.com.br\/portal\/?p=86064\" \/>\n<meta property=\"og:site_name\" content=\"JORNAL BEIRA RIO\" \/>\n<meta property=\"article:published_time\" content=\"2022-04-04T12:18:13+00:00\" \/>\n<meta property=\"article:modified_time\" content=\"2022-04-04T12:23:05+00:00\" \/>\n<meta property=\"og:image\" content=\"https:\/\/jornalbeirario.com.br\/portal\/wp-content\/uploads\/2022\/04\/vac-influenza1.jpg\" \/>\n\t<meta property=\"og:image:width\" content=\"1100\" \/>\n\t<meta property=\"og:image:height\" content=\"470\" \/>\n\t<meta property=\"og:image:type\" content=\"image\/jpeg\" \/>\n<meta name=\"author\" content=\"Jornal BEIRA-RIO\" \/>\n<meta name=\"twitter:card\" content=\"summary_large_image\" \/>\n<meta name=\"twitter:label1\" content=\"Escrito por\" \/>\n\t<meta name=\"twitter:data1\" content=\"Jornal BEIRA-RIO\" \/>\n\t<meta name=\"twitter:label2\" content=\"Est. tempo de leitura\" \/>\n\t<meta name=\"twitter:data2\" content=\"5 minutos\" \/>\n<script type=\"application\/ld+json\" class=\"yoast-schema-graph\">{\"@context\":\"https:\\\/\\\/schema.org\",\"@graph\":[{\"@type\":\"Article\",\"@id\":\"https:\\\/\\\/jornalbeirario.com.br\\\/portal\\\/?p=86064#article\",\"isPartOf\":{\"@id\":\"https:\\\/\\\/jornalbeirario.com.br\\\/portal\\\/?p=86064\"},\"author\":{\"name\":\"Jornal BEIRA-RIO\",\"@id\":\"https:\\\/\\\/jornalbeirario.com.br\\\/portal\\\/#\\\/schema\\\/person\\\/c6c423e4c2465d2a9233f6539173e7c1\"},\"headline\":\"Regi\u00e3o come\u00e7a vacina\u00e7\u00e3o contra gripe e sarampo para profissionais da sa\u00fade, crian\u00e7as e idosos\",\"datePublished\":\"2022-04-04T12:18:13+00:00\",\"dateModified\":\"2022-04-04T12:23:05+00:00\",\"mainEntityOfPage\":{\"@id\":\"https:\\\/\\\/jornalbeirario.com.br\\\/portal\\\/?p=86064\"},\"wordCount\":1072,\"commentCount\":0,\"publisher\":{\"@id\":\"https:\\\/\\\/jornalbeirario.com.br\\\/portal\\\/#organization\"},\"image\":{\"@id\":\"https:\\\/\\\/jornalbeirario.com.br\\\/portal\\\/?p=86064#primaryimage\"},\"thumbnailUrl\":\"https:\\\/\\\/jornalbeirario.com.br\\\/portal\\\/wp-content\\\/uploads\\\/2022\\\/04\\\/vac-influenza1.jpg\",\"articleSection\":[\"Manchete\",\"Regi\u00e3o\",\"Sa\u00fade\"],\"inLanguage\":\"pt-BR\",\"potentialAction\":[{\"@type\":\"CommentAction\",\"name\":\"Comment\",\"target\":[\"https:\\\/\\\/jornalbeirario.com.br\\\/portal\\\/?p=86064#respond\"]}]},{\"@type\":\"WebPage\",\"@id\":\"https:\\\/\\\/jornalbeirario.com.br\\\/portal\\\/?p=86064\",\"url\":\"https:\\\/\\\/jornalbeirario.com.br\\\/portal\\\/?p=86064\",\"name\":\"Regi\u00e3o come\u00e7a vacina\u00e7\u00e3o contra gripe e sarampo para profissionais da sa\u00fade, crian\u00e7as e idosos - JORNAL BEIRA RIO\",\"isPartOf\":{\"@id\":\"https:\\\/\\\/jornalbeirario.com.br\\\/portal\\\/#website\"},\"primaryImageOfPage\":{\"@id\":\"https:\\\/\\\/jornalbeirario.com.br\\\/portal\\\/?p=86064#primaryimage\"},\"image\":{\"@id\":\"https:\\\/\\\/jornalbeirario.com.br\\\/portal\\\/?p=86064#primaryimage\"},\"thumbnailUrl\":\"https:\\\/\\\/jornalbeirario.com.br\\\/portal\\\/wp-content\\\/uploads\\\/2022\\\/04\\\/vac-influenza1.jpg\",\"datePublished\":\"2022-04-04T12:18:13+00:00\",\"dateModified\":\"2022-04-04T12:23:05+00:00\",\"breadcrumb\":{\"@id\":\"https:\\\/\\\/jornalbeirario.com.br\\\/portal\\\/?p=86064#breadcrumb\"},\"inLanguage\":\"pt-BR\",\"potentialAction\":[{\"@type\":\"ReadAction\",\"target\":[\"https:\\\/\\\/jornalbeirario.com.br\\\/portal\\\/?p=86064\"]}]},{\"@type\":\"ImageObject\",\"inLanguage\":\"pt-BR\",\"@id\":\"https:\\\/\\\/jornalbeirario.com.br\\\/portal\\\/?p=86064#primaryimage\",\"url\":\"https:\\\/\\\/jornalbeirario.com.br\\\/portal\\\/wp-content\\\/uploads\\\/2022\\\/04\\\/vac-influenza1.jpg\",\"contentUrl\":\"https:\\\/\\\/jornalbeirario.com.br\\\/portal\\\/wp-content\\\/uploads\\\/2022\\\/04\\\/vac-influenza1.jpg\",\"width\":1100,\"height\":470},{\"@type\":\"BreadcrumbList\",\"@id\":\"https:\\\/\\\/jornalbeirario.com.br\\\/portal\\\/?p=86064#breadcrumb\",\"itemListElement\":[{\"@type\":\"ListItem\",\"position\":1,\"name\":\"Home\",\"item\":\"https:\\\/\\\/jornalbeirario.com.br\\\/portal\"},{\"@type\":\"ListItem\",\"position\":2,\"name\":\"Regi\u00e3o come\u00e7a vacina\u00e7\u00e3o contra gripe e sarampo para profissionais da sa\u00fade, crian\u00e7as e idosos\"}]},{\"@type\":\"WebSite\",\"@id\":\"https:\\\/\\\/jornalbeirario.com.br\\\/portal\\\/#website\",\"url\":\"https:\\\/\\\/jornalbeirario.com.br\\\/portal\\\/\",\"name\":\"JORNAL BEIRA RIO\",\"description\":\"\",\"publisher\":{\"@id\":\"https:\\\/\\\/jornalbeirario.com.br\\\/portal\\\/#organization\"},\"potentialAction\":[{\"@type\":\"SearchAction\",\"target\":{\"@type\":\"EntryPoint\",\"urlTemplate\":\"https:\\\/\\\/jornalbeirario.com.br\\\/portal\\\/?s={search_term_string}\"},\"query-input\":{\"@type\":\"PropertyValueSpecification\",\"valueRequired\":true,\"valueName\":\"search_term_string\"}}],\"inLanguage\":\"pt-BR\"},{\"@type\":\"Organization\",\"@id\":\"https:\\\/\\\/jornalbeirario.com.br\\\/portal\\\/#organization\",\"name\":\"JORNAL BEIRA RIO\",\"url\":\"https:\\\/\\\/jornalbeirario.com.br\\\/portal\\\/\",\"logo\":{\"@type\":\"ImageObject\",\"inLanguage\":\"pt-BR\",\"@id\":\"https:\\\/\\\/jornalbeirario.com.br\\\/portal\\\/#\\\/schema\\\/logo\\\/image\\\/\",\"url\":\"https:\\\/\\\/jornalbeirario.com.br\\\/portal\\\/wp-content\\\/uploads\\\/2017\\\/09\\\/BEIRA-RIO_logo600.png\",\"contentUrl\":\"https:\\\/\\\/jornalbeirario.com.br\\\/portal\\\/wp-content\\\/uploads\\\/2017\\\/09\\\/BEIRA-RIO_logo600.png\",\"width\":650,\"height\":108,\"caption\":\"JORNAL BEIRA RIO\"},\"image\":{\"@id\":\"https:\\\/\\\/jornalbeirario.com.br\\\/portal\\\/#\\\/schema\\\/logo\\\/image\\\/\"}},{\"@type\":\"Person\",\"@id\":\"https:\\\/\\\/jornalbeirario.com.br\\\/portal\\\/#\\\/schema\\\/person\\\/c6c423e4c2465d2a9233f6539173e7c1\",\"name\":\"Jornal BEIRA-RIO\",\"image\":{\"@type\":\"ImageObject\",\"inLanguage\":\"pt-BR\",\"@id\":\"https:\\\/\\\/jornalbeirario.com.br\\\/portal\\\/wp-content\\\/uploads\\\/2023\\\/10\\\/logojbr1.jpg\",\"url\":\"https:\\\/\\\/jornalbeirario.com.br\\\/portal\\\/wp-content\\\/uploads\\\/2023\\\/10\\\/logojbr1.jpg\",\"contentUrl\":\"https:\\\/\\\/jornalbeirario.com.br\\\/portal\\\/wp-content\\\/uploads\\\/2023\\\/10\\\/logojbr1.jpg\",\"caption\":\"Jornal BEIRA-RIO\"},\"url\":\"https:\\\/\\\/jornalbeirario.com.br\\\/portal\\\/?author=1\"}]}<\/script>\n<!-- \/ Yoast SEO plugin. -->","yoast_head_json":{"title":"Regi\u00e3o come\u00e7a vacina\u00e7\u00e3o contra gripe e sarampo para profissionais da sa\u00fade, crian\u00e7as e idosos - JORNAL BEIRA RIO","robots":{"index":"index","follow":"follow","max-snippet":"max-snippet:-1","max-image-preview":"max-image-preview:large","max-video-preview":"max-video-preview:-1"},"canonical":"https:\/\/jornalbeirario.com.br\/portal\/?p=86064","og_locale":"pt_BR","og_type":"article","og_title":"Regi\u00e3o come\u00e7a vacina\u00e7\u00e3o contra gripe e sarampo para profissionais da sa\u00fade, crian\u00e7as e idosos - JORNAL BEIRA RIO","og_description":"Seguindo o calend\u00e1rio de vacina\u00e7\u00e3o oficial em todo o pa\u00eds, Resende e outros munic\u00edpios da regi\u00e3o do M\u00e9dio Para\u00edba come\u00e7am nesta segunda-feira, dia 4,","og_url":"https:\/\/jornalbeirario.com.br\/portal\/?p=86064","og_site_name":"JORNAL BEIRA RIO","article_published_time":"2022-04-04T12:18:13+00:00","article_modified_time":"2022-04-04T12:23:05+00:00","og_image":[{"width":1100,"height":470,"url":"https:\/\/jornalbeirario.com.br\/portal\/wp-content\/uploads\/2022\/04\/vac-influenza1.jpg","type":"image\/jpeg"}],"author":"Jornal BEIRA-RIO","twitter_card":"summary_large_image","twitter_misc":{"Escrito por":"Jornal BEIRA-RIO","Est. tempo de leitura":"5 minutos"},"schema":{"@context":"https:\/\/schema.org","@graph":[{"@type":"Article","@id":"https:\/\/jornalbeirario.com.br\/portal\/?p=86064#article","isPartOf":{"@id":"https:\/\/jornalbeirario.com.br\/portal\/?p=86064"},"author":{"name":"Jornal BEIRA-RIO","@id":"https:\/\/jornalbeirario.com.br\/portal\/#\/schema\/person\/c6c423e4c2465d2a9233f6539173e7c1"},"headline":"Regi\u00e3o come\u00e7a vacina\u00e7\u00e3o contra gripe e sarampo para profissionais da sa\u00fade, crian\u00e7as e idosos","datePublished":"2022-04-04T12:18:13+00:00","dateModified":"2022-04-04T12:23:05+00:00","mainEntityOfPage":{"@id":"https:\/\/jornalbeirario.com.br\/portal\/?p=86064"},"wordCount":1072,"commentCount":0,"publisher":{"@id":"https:\/\/jornalbeirario.com.br\/portal\/#organization"},"image":{"@id":"https:\/\/jornalbeirario.com.br\/portal\/?p=86064#primaryimage"},"thumbnailUrl":"https:\/\/jornalbeirario.com.br\/portal\/wp-content\/uploads\/2022\/04\/vac-influenza1.jpg","articleSection":["Manchete","Regi\u00e3o","Sa\u00fade"],"inLanguage":"pt-BR","potentialAction":[{"@type":"CommentAction","name":"Comment","target":["https:\/\/jornalbeirario.com.br\/portal\/?p=86064#respond"]}]},{"@type":"WebPage","@id":"https:\/\/jornalbeirario.com.br\/portal\/?p=86064","url":"https:\/\/jornalbeirario.com.br\/portal\/?p=86064","name":"Regi\u00e3o come\u00e7a vacina\u00e7\u00e3o contra gripe e sarampo para profissionais da sa\u00fade, crian\u00e7as e idosos - JORNAL BEIRA RIO","isPartOf":{"@id":"https:\/\/jornalbeirario.com.br\/portal\/#website"},"primaryImageOfPage":{"@id":"https:\/\/jornalbeirario.com.br\/portal\/?p=86064#primaryimage"},"image":{"@id":"https:\/\/jornalbeirario.com.br\/portal\/?p=86064#primaryimage"},"thumbnailUrl":"https:\/\/jornalbeirario.com.br\/portal\/wp-content\/uploads\/2022\/04\/vac-influenza1.jpg","datePublished":"2022-04-04T12:18:13+00:00","dateModified":"2022-04-04T12:23:05+00:00","breadcrumb":{"@id":"https:\/\/jornalbeirario.com.br\/portal\/?p=86064#breadcrumb"},"inLanguage":"pt-BR","potentialAction":[{"@type":"ReadAction","target":["https:\/\/jornalbeirario.com.br\/portal\/?p=86064"]}]},{"@type":"ImageObject","inLanguage":"pt-BR","@id":"https:\/\/jornalbeirario.com.br\/portal\/?p=86064#primaryimage","url":"https:\/\/jornalbeirario.com.br\/portal\/wp-content\/uploads\/2022\/04\/vac-influenza1.jpg","contentUrl":"https:\/\/jornalbeirario.com.br\/portal\/wp-content\/uploads\/2022\/04\/vac-influenza1.jpg","width":1100,"height":470},{"@type":"BreadcrumbList","@id":"https:\/\/jornalbeirario.com.br\/portal\/?p=86064#breadcrumb","itemListElement":[{"@type":"ListItem","position":1,"name":"Home","item":"https:\/\/jornalbeirario.com.br\/portal"},{"@type":"ListItem","position":2,"name":"Regi\u00e3o come\u00e7a vacina\u00e7\u00e3o contra gripe e sarampo para profissionais da sa\u00fade, crian\u00e7as e idosos"}]},{"@type":"WebSite","@id":"https:\/\/jornalbeirario.com.br\/portal\/#website","url":"https:\/\/jornalbeirario.com.br\/portal\/","name":"JORNAL BEIRA RIO","description":"","publisher":{"@id":"https:\/\/jornalbeirario.com.br\/portal\/#organization"},"potentialAction":[{"@type":"SearchAction","target":{"@type":"EntryPoint","urlTemplate":"https:\/\/jornalbeirario.com.br\/portal\/?s={search_term_string}"},"query-input":{"@type":"PropertyValueSpecification","valueRequired":true,"valueName":"search_term_string"}}],"inLanguage":"pt-BR"},{"@type":"Organization","@id":"https:\/\/jornalbeirario.com.br\/portal\/#organization","name":"JORNAL BEIRA RIO","url":"https:\/\/jornalbeirario.com.br\/portal\/","logo":{"@type":"ImageObject","inLanguage":"pt-BR","@id":"https:\/\/jornalbeirario.com.br\/portal\/#\/schema\/logo\/image\/","url":"https:\/\/jornalbeirario.com.br\/portal\/wp-content\/uploads\/2017\/09\/BEIRA-RIO_logo600.png","contentUrl":"https:\/\/jornalbeirario.com.br\/portal\/wp-content\/uploads\/2017\/09\/BEIRA-RIO_logo600.png","width":650,"height":108,"caption":"JORNAL BEIRA RIO"},"image":{"@id":"https:\/\/jornalbeirario.com.br\/portal\/#\/schema\/logo\/image\/"}},{"@type":"Person","@id":"https:\/\/jornalbeirario.com.br\/portal\/#\/schema\/person\/c6c423e4c2465d2a9233f6539173e7c1","name":"Jornal BEIRA-RIO","image":{"@type":"ImageObject","inLanguage":"pt-BR","@id":"https:\/\/jornalbeirario.com.br\/portal\/wp-content\/uploads\/2023\/10\/logojbr1.jpg","url":"https:\/\/jornalbeirario.com.br\/portal\/wp-content\/uploads\/2023\/10\/logojbr1.jpg","contentUrl":"https:\/\/jornalbeirario.com.br\/portal\/wp-content\/uploads\/2023\/10\/logojbr1.jpg","caption":"Jornal BEIRA-RIO"},"url":"https:\/\/jornalbeirario.com.br\/portal\/?author=1"}]}},"_links":{"self":[{"href":"https:\/\/jornalbeirario.com.br\/portal\/index.php?rest_route=\/wp\/v2\/posts\/86064","targetHints":{"allow":["GET"]}}],"collection":[{"href":"https:\/\/jornalbeirario.com.br\/portal\/index.php?rest_route=\/wp\/v2\/posts"}],"about":[{"href":"https:\/\/jornalbeirario.com.br\/portal\/index.php?rest_route=\/wp\/v2\/types\/post"}],"author":[{"embeddable":true,"href":"https:\/\/jornalbeirario.com.br\/portal\/index.php?rest_route=\/wp\/v2\/users\/1"}],"replies":[{"embeddable":true,"href":"https:\/\/jornalbeirario.com.br\/portal\/index.php?rest_route=%2Fwp%2Fv2%2Fcomments&post=86064"}],"version-history":[{"count":11,"href":"https:\/\/jornalbeirario.com.br\/portal\/index.php?rest_route=\/wp\/v2\/posts\/86064\/revisions"}],"predecessor-version":[{"id":86078,"href":"https:\/\/jornalbeirario.com.br\/portal\/index.php?rest_route=\/wp\/v2\/posts\/86064\/revisions\/86078"}],"wp:featuredmedia":[{"embeddable":true,"href":"https:\/\/jornalbeirario.com.br\/portal\/index.php?rest_route=\/wp\/v2\/media\/86071"}],"wp:attachment":[{"href":"https:\/\/jornalbeirario.com.br\/portal\/index.php?rest_route=%2Fwp%2Fv2%2Fmedia&parent=86064"}],"wp:term":[{"taxonomy":"category","embeddable":true,"href":"https:\/\/jornalbeirario.com.br\/portal\/index.php?rest_route=%2Fwp%2Fv2%2Fcategories&post=86064"},{"taxonomy":"post_tag","embeddable":true,"href":"https:\/\/jornalbeirario.com.br\/portal\/index.php?rest_route=%2Fwp%2Fv2%2Ftags&post=86064"}],"curies":[{"name":"wp","href":"https:\/\/api.w.org\/{rel}","templated":true}]}}