
{"id":85788,"date":"2022-03-28T15:32:30","date_gmt":"2022-03-28T18:32:30","guid":{"rendered":"http:\/\/jornalbeirario.com.br\/portal\/?p=85788"},"modified":"2022-03-28T15:32:30","modified_gmt":"2022-03-28T18:32:30","slug":"confira-o-calendario-semanal-de-vacinacao-contra-covid-19-em-resende","status":"publish","type":"post","link":"https:\/\/jornalbeirario.com.br\/portal\/?p=85788","title":{"rendered":"Confira o calend\u00e1rio semanal de vacina\u00e7\u00e3o contra Covid-19 em Resende"},"content":{"rendered":"<p style=\"text-align: justify;\"><img loading=\"lazy\" decoding=\"async\" class=\"size-medium wp-image-85793 alignright\" src=\"https:\/\/jornalbeirario.com.br\/portal\/wp-content\/uploads\/2022\/03\/vacinacaores1-300x225.png\" alt=\"\" width=\"300\" height=\"225\" srcset=\"https:\/\/jornalbeirario.com.br\/portal\/wp-content\/uploads\/2022\/03\/vacinacaores1-300x225.png 300w, https:\/\/jornalbeirario.com.br\/portal\/wp-content\/uploads\/2022\/03\/vacinacaores1.png 640w\" sizes=\"auto, (max-width: 300px) 100vw, 300px\" \/><img loading=\"lazy\" decoding=\"async\" class=\"alignleft size-thumbnail wp-image-85766\" src=\"https:\/\/jornalbeirario.com.br\/portal\/wp-content\/uploads\/2022\/03\/logo-jbr-carimbo1-150x150.png\" alt=\"\" width=\"150\" height=\"150\" srcset=\"https:\/\/jornalbeirario.com.br\/portal\/wp-content\/uploads\/2022\/03\/logo-jbr-carimbo1-150x150.png 150w, https:\/\/jornalbeirario.com.br\/portal\/wp-content\/uploads\/2022\/03\/logo-jbr-carimbo1-215x215.png 215w\" sizes=\"auto, (max-width: 150px) 100vw, 150px\" \/>Resende divulgou para os dias 29 a 31 deste m\u00eas (ter\u00e7a a quinta-feira), mais um calend\u00e1rio de vacina\u00e7\u00e3o contra a Covid-19. Na quarta-feira, dia 30, acontece a vacina\u00e7\u00e3o com a Janssen para o p\u00fablico a partir de 18 anos, com aplica\u00e7\u00f5es de primeira dose para quem ainda n\u00e3o se vacinou; segunda dose (refor\u00e7o) para aqueles vacinados com a primeira da Janssen at\u00e9 30 de janeiro; doses de refor\u00e7o para moradores a partir de 18 anos, vacinados com 2\u00aa dose da Coronavac, Pfizer ou AstraZeneca at\u00e9 30 de novembro; quarta dose para os imunossuprimidos graves, vacinados com tr\u00eas doses at\u00e9 30 de novembro; e inicia-se a aplica\u00e7\u00e3o da quarta dose para os idosos a partir de 85 anos, vacinados com tr\u00eas doses at\u00e9 30 de novembro.<\/p>\n<p style=\"text-align: justify;\">A imuniza\u00e7\u00e3o de quarta-feira com a Janssen acontecer\u00e1 das 9 \u00e0s 16h, nas seguintes unidades: PSF Centro; PSF Liberdade; PSF Para\u00edso; PSF Morro do Cruzeiro; PSF Cabral\/Alambari; PSF S\u00e3o Caetano; PSF Barra I; PSF Barra II; PSF Barra III; PSF Novo Surubi; PSF Surubi Velho; PSF Vicentina; PSF Parque Minas Gerais; PSF Morada da Barra; PSF Engenheiro Passos; PSF Mau\u00e1; PSF Fuma\u00e7a; PSF Baixada Olaria; Policl\u00ednica Manejo e Centro Municipal de Imuniza\u00e7\u00e3o. E das 9 \u00e0s 20h, a Cl\u00ednica da Fam\u00edlia estar\u00e1 aberta para estas etapas.<\/p>\n<p style=\"text-align: justify;\">Ainda na quarta-feira, dia 30, ter\u00e1 imuniza\u00e7\u00e3o com AstraZeneca, das 9 \u00e0s 16h, nas unidades: PSF Jardim Alegria; PSF Grande Alegria; PSF Itapuca; Cl\u00ednica da Fam\u00edlia; PSF Nova Alegria; e PSF Caixa d&#8217;\u00e1gua, al\u00e9m da Cl\u00ednica da Fam\u00edlia, das 9 \u00e0s 20h. Ser\u00e3o aplicadas primeiras doses da AstraZeneca para pessoas a partir de 18 anos; segunda dose para popula\u00e7\u00e3o a partir de 18 anos, vacinados com AstraZeneca at\u00e9 30 de janeiro; dose de refor\u00e7o para pessoas a partir de 18 anos, vacinadas com segunda dose da Coronavac, Pfizer ou AstraZeneca at\u00e9 30 de novembro; e quartas doses para os imunossuprimidos graves maiores de 18 anos, vacinados com tr\u00eas doses at\u00e9 30 de novembro; e tamb\u00e9m para os idosos a partir de 85 anos, vacinados com tr\u00eas doses at\u00e9 30 de novembro.<\/p>\n<p style=\"text-align: justify;\">J\u00e1 na quinta-feira, dia 31, Resende realiza vacina\u00e7\u00e3o em hor\u00e1rio estendido com a Janssen para o p\u00fablico maior de 18 anos. A a\u00e7\u00e3o acontecer\u00e1 das 17 \u00e0s 20h, na Cl\u00ednica da Fam\u00edlia, Policl\u00ednica Manejo e PSF Para\u00edso. As equipes aplicar\u00e3o primeira dose para pessoas que ainda n\u00e3o se vacinaram; segunda dose (refor\u00e7o) da Janssen para os vacinados com a primeira da Janssen at\u00e9 31 de janeiro; dose de refor\u00e7o para moradores, vacinados com segunda dose da Coronavac, Pfizer ou AstraZeneca at\u00e9 31 de novembro; quarta dose para os imunossuprimidos graves, vacinados com tr\u00eas doses at\u00e9 31 de novembro e tamb\u00e9m os idosos a partir de 85 anos, vacinados com tr\u00eas doses at\u00e9 30 de novembro, j\u00e1 est\u00e3o aptos a receber a quarta dose.<\/p>\n<p style=\"text-align: justify;\">Resende tamb\u00e9m realiza nesta quinta-feira, dia 31, a imuniza\u00e7\u00e3o de crian\u00e7as com as vacinas Pfizer pedi\u00e1trica e Coronavac. Das 9 \u00e0s 16h, as equipes aplicar\u00e3o a primeira dose da Pfizer pedi\u00e1trica em crian\u00e7as de 5 a 11 anos; e segunda dose em crian\u00e7as de 5 a 11 anos, vacinadas com a primeira da Pfizer pedi\u00e1trica at\u00e9 31 de janeiro. Esta etapa acontecer\u00e1 nos postos de sa\u00fade, Policl\u00ednica Manejo e Centro Municipal de Imuniza\u00e7\u00e3o.<\/p>\n<p style=\"text-align: justify;\">J\u00e1 a vacina\u00e7\u00e3o com a Coronavac em crian\u00e7as a partir de seis anos, na quinta-feira, dia 31, acontece em hor\u00e1rio estendido, das 17 \u00e0s 20h, na Policl\u00ednica Manejo, Cl\u00ednica da Fam\u00edlia e PSF Para\u00edso. Ser\u00e3o aplicadas primeira dose da Coronavac em crian\u00e7as a partir de seis anos, e segunda dose em crian\u00e7as, vacinadas com primeira da Coronavac at\u00e9 28 de fevereiro. Lembrando que crian\u00e7as imunossuprimidas n\u00e3o podem se vacinar com a Coronavac.<\/p>\n<p style=\"text-align: justify;\">PRONTO ATENDIMENTO PARA\u00cdSO<br \/>\nNos dias 29 e 31 de mar\u00e7o, o Servi\u00e7o de Pronto Atendimento Para\u00edso, tamb\u00e9m estar\u00e1 aberto para a\u00e7\u00f5es de repescagem de vacina\u00e7\u00e3o. Ser\u00e3o aplicadas: primeiras doses para pessoas a partir de 12 anos; segunda dose da Pfizer para maiores de 12 anos; segunda dose da AstraZeneca ou Coronavac para maiores de 18 anos, que perderam a data; terceira dose para pessoas a partir de 18 anos, vacinadas com duas doses da Coronavac, Pfizer ou AstraZeneca at\u00e9 29 de novembro; terceira dose da Pfizer para os adolescentes de 12 a 17 anos (imunossuprimidas) e gestantes e pu\u00e9rperas (imunossuprimidas), ambos vacinados com duas doses at\u00e9 29 de janeiro; al\u00e9m de quarta dose em imunossuprimidos graves, maiores de 18 anos, vacinados com tr\u00eas doses at\u00e9 29 de novembro, e em idosos a partir de 85 anos, vacinados com tr\u00eas doses at\u00e9 29 de novembro.<\/p>\n<p><em>Foto: Raimundo Brasil\/Divulga\u00e7\u00e3o PMR<\/em><\/p>\n","protected":false},"excerpt":{"rendered":"<p>Resende divulgou para os dias 29 a 31 deste m\u00eas (ter\u00e7a a quinta-feira), mais um calend\u00e1rio de vacina\u00e7\u00e3o contra a Covid-19. Na quarta-feira, dia<\/p>\n","protected":false},"author":1,"featured_media":85793,"comment_status":"open","ping_status":"open","sticky":false,"template":"","format":"standard","meta":{"pmpro_default_level":"","footnotes":""},"categories":[1,18],"tags":[],"class_list":["post-85788","post","type-post","status-publish","format-standard","has-post-thumbnail","hentry","category-cidade","category-saude","pmpro-has-access"],"yoast_head":"<!-- This site is optimized with the Yoast SEO plugin v27.4 - https:\/\/yoast.com\/product\/yoast-seo-wordpress\/ -->\n<title>Confira o calend\u00e1rio semanal de vacina\u00e7\u00e3o contra Covid-19 em Resende - JORNAL BEIRA RIO<\/title>\n<meta name=\"robots\" content=\"index, follow, max-snippet:-1, max-image-preview:large, max-video-preview:-1\" \/>\n<link rel=\"canonical\" href=\"https:\/\/jornalbeirario.com.br\/portal\/?p=85788\" \/>\n<meta property=\"og:locale\" content=\"pt_BR\" \/>\n<meta property=\"og:type\" content=\"article\" \/>\n<meta property=\"og:title\" content=\"Confira o calend\u00e1rio semanal de vacina\u00e7\u00e3o contra Covid-19 em Resende - JORNAL BEIRA RIO\" \/>\n<meta property=\"og:description\" content=\"Resende divulgou para os dias 29 a 31 deste m\u00eas (ter\u00e7a a quinta-feira), mais um calend\u00e1rio de vacina\u00e7\u00e3o contra a Covid-19. Na quarta-feira, dia\" \/>\n<meta property=\"og:url\" content=\"https:\/\/jornalbeirario.com.br\/portal\/?p=85788\" \/>\n<meta property=\"og:site_name\" content=\"JORNAL BEIRA RIO\" \/>\n<meta property=\"article:published_time\" content=\"2022-03-28T18:32:30+00:00\" \/>\n<meta property=\"og:image\" content=\"https:\/\/jornalbeirario.com.br\/portal\/wp-content\/uploads\/2022\/03\/vacinacaores1.png\" \/>\n\t<meta property=\"og:image:width\" content=\"640\" \/>\n\t<meta property=\"og:image:height\" content=\"480\" \/>\n\t<meta property=\"og:image:type\" content=\"image\/png\" \/>\n<meta name=\"author\" content=\"Jornal BEIRA-RIO\" \/>\n<meta name=\"twitter:card\" content=\"summary_large_image\" \/>\n<meta name=\"twitter:label1\" content=\"Escrito por\" \/>\n\t<meta name=\"twitter:data1\" content=\"Jornal BEIRA-RIO\" \/>\n\t<meta name=\"twitter:label2\" content=\"Est. tempo de leitura\" \/>\n\t<meta name=\"twitter:data2\" content=\"4 minutos\" \/>\n<script type=\"application\/ld+json\" class=\"yoast-schema-graph\">{\"@context\":\"https:\\\/\\\/schema.org\",\"@graph\":[{\"@type\":\"Article\",\"@id\":\"https:\\\/\\\/jornalbeirario.com.br\\\/portal\\\/?p=85788#article\",\"isPartOf\":{\"@id\":\"https:\\\/\\\/jornalbeirario.com.br\\\/portal\\\/?p=85788\"},\"author\":{\"name\":\"Jornal BEIRA-RIO\",\"@id\":\"https:\\\/\\\/jornalbeirario.com.br\\\/portal\\\/#\\\/schema\\\/person\\\/c6c423e4c2465d2a9233f6539173e7c1\"},\"headline\":\"Confira o calend\u00e1rio semanal de vacina\u00e7\u00e3o contra Covid-19 em Resende\",\"datePublished\":\"2022-03-28T18:32:30+00:00\",\"mainEntityOfPage\":{\"@id\":\"https:\\\/\\\/jornalbeirario.com.br\\\/portal\\\/?p=85788\"},\"wordCount\":802,\"commentCount\":0,\"publisher\":{\"@id\":\"https:\\\/\\\/jornalbeirario.com.br\\\/portal\\\/#organization\"},\"image\":{\"@id\":\"https:\\\/\\\/jornalbeirario.com.br\\\/portal\\\/?p=85788#primaryimage\"},\"thumbnailUrl\":\"https:\\\/\\\/jornalbeirario.com.br\\\/portal\\\/wp-content\\\/uploads\\\/2022\\\/03\\\/vacinacaores1.png\",\"articleSection\":[\"Cidade\",\"Sa\u00fade\"],\"inLanguage\":\"pt-BR\",\"potentialAction\":[{\"@type\":\"CommentAction\",\"name\":\"Comment\",\"target\":[\"https:\\\/\\\/jornalbeirario.com.br\\\/portal\\\/?p=85788#respond\"]}]},{\"@type\":\"WebPage\",\"@id\":\"https:\\\/\\\/jornalbeirario.com.br\\\/portal\\\/?p=85788\",\"url\":\"https:\\\/\\\/jornalbeirario.com.br\\\/portal\\\/?p=85788\",\"name\":\"Confira o calend\u00e1rio semanal de vacina\u00e7\u00e3o contra Covid-19 em Resende - JORNAL BEIRA RIO\",\"isPartOf\":{\"@id\":\"https:\\\/\\\/jornalbeirario.com.br\\\/portal\\\/#website\"},\"primaryImageOfPage\":{\"@id\":\"https:\\\/\\\/jornalbeirario.com.br\\\/portal\\\/?p=85788#primaryimage\"},\"image\":{\"@id\":\"https:\\\/\\\/jornalbeirario.com.br\\\/portal\\\/?p=85788#primaryimage\"},\"thumbnailUrl\":\"https:\\\/\\\/jornalbeirario.com.br\\\/portal\\\/wp-content\\\/uploads\\\/2022\\\/03\\\/vacinacaores1.png\",\"datePublished\":\"2022-03-28T18:32:30+00:00\",\"breadcrumb\":{\"@id\":\"https:\\\/\\\/jornalbeirario.com.br\\\/portal\\\/?p=85788#breadcrumb\"},\"inLanguage\":\"pt-BR\",\"potentialAction\":[{\"@type\":\"ReadAction\",\"target\":[\"https:\\\/\\\/jornalbeirario.com.br\\\/portal\\\/?p=85788\"]}]},{\"@type\":\"ImageObject\",\"inLanguage\":\"pt-BR\",\"@id\":\"https:\\\/\\\/jornalbeirario.com.br\\\/portal\\\/?p=85788#primaryimage\",\"url\":\"https:\\\/\\\/jornalbeirario.com.br\\\/portal\\\/wp-content\\\/uploads\\\/2022\\\/03\\\/vacinacaores1.png\",\"contentUrl\":\"https:\\\/\\\/jornalbeirario.com.br\\\/portal\\\/wp-content\\\/uploads\\\/2022\\\/03\\\/vacinacaores1.png\",\"width\":640,\"height\":480},{\"@type\":\"BreadcrumbList\",\"@id\":\"https:\\\/\\\/jornalbeirario.com.br\\\/portal\\\/?p=85788#breadcrumb\",\"itemListElement\":[{\"@type\":\"ListItem\",\"position\":1,\"name\":\"Home\",\"item\":\"https:\\\/\\\/jornalbeirario.com.br\\\/portal\"},{\"@type\":\"ListItem\",\"position\":2,\"name\":\"Confira o calend\u00e1rio semanal de vacina\u00e7\u00e3o contra Covid-19 em Resende\"}]},{\"@type\":\"WebSite\",\"@id\":\"https:\\\/\\\/jornalbeirario.com.br\\\/portal\\\/#website\",\"url\":\"https:\\\/\\\/jornalbeirario.com.br\\\/portal\\\/\",\"name\":\"JORNAL BEIRA RIO\",\"description\":\"\",\"publisher\":{\"@id\":\"https:\\\/\\\/jornalbeirario.com.br\\\/portal\\\/#organization\"},\"potentialAction\":[{\"@type\":\"SearchAction\",\"target\":{\"@type\":\"EntryPoint\",\"urlTemplate\":\"https:\\\/\\\/jornalbeirario.com.br\\\/portal\\\/?s={search_term_string}\"},\"query-input\":{\"@type\":\"PropertyValueSpecification\",\"valueRequired\":true,\"valueName\":\"search_term_string\"}}],\"inLanguage\":\"pt-BR\"},{\"@type\":\"Organization\",\"@id\":\"https:\\\/\\\/jornalbeirario.com.br\\\/portal\\\/#organization\",\"name\":\"JORNAL BEIRA RIO\",\"url\":\"https:\\\/\\\/jornalbeirario.com.br\\\/portal\\\/\",\"logo\":{\"@type\":\"ImageObject\",\"inLanguage\":\"pt-BR\",\"@id\":\"https:\\\/\\\/jornalbeirario.com.br\\\/portal\\\/#\\\/schema\\\/logo\\\/image\\\/\",\"url\":\"https:\\\/\\\/jornalbeirario.com.br\\\/portal\\\/wp-content\\\/uploads\\\/2017\\\/09\\\/BEIRA-RIO_logo600.png\",\"contentUrl\":\"https:\\\/\\\/jornalbeirario.com.br\\\/portal\\\/wp-content\\\/uploads\\\/2017\\\/09\\\/BEIRA-RIO_logo600.png\",\"width\":650,\"height\":108,\"caption\":\"JORNAL BEIRA RIO\"},\"image\":{\"@id\":\"https:\\\/\\\/jornalbeirario.com.br\\\/portal\\\/#\\\/schema\\\/logo\\\/image\\\/\"}},{\"@type\":\"Person\",\"@id\":\"https:\\\/\\\/jornalbeirario.com.br\\\/portal\\\/#\\\/schema\\\/person\\\/c6c423e4c2465d2a9233f6539173e7c1\",\"name\":\"Jornal BEIRA-RIO\",\"image\":{\"@type\":\"ImageObject\",\"inLanguage\":\"pt-BR\",\"@id\":\"https:\\\/\\\/jornalbeirario.com.br\\\/portal\\\/wp-content\\\/uploads\\\/2023\\\/10\\\/logojbr1.jpg\",\"url\":\"https:\\\/\\\/jornalbeirario.com.br\\\/portal\\\/wp-content\\\/uploads\\\/2023\\\/10\\\/logojbr1.jpg\",\"contentUrl\":\"https:\\\/\\\/jornalbeirario.com.br\\\/portal\\\/wp-content\\\/uploads\\\/2023\\\/10\\\/logojbr1.jpg\",\"caption\":\"Jornal BEIRA-RIO\"},\"url\":\"https:\\\/\\\/jornalbeirario.com.br\\\/portal\\\/?author=1\"}]}<\/script>\n<!-- \/ Yoast SEO plugin. -->","yoast_head_json":{"title":"Confira o calend\u00e1rio semanal de vacina\u00e7\u00e3o contra Covid-19 em Resende - JORNAL BEIRA RIO","robots":{"index":"index","follow":"follow","max-snippet":"max-snippet:-1","max-image-preview":"max-image-preview:large","max-video-preview":"max-video-preview:-1"},"canonical":"https:\/\/jornalbeirario.com.br\/portal\/?p=85788","og_locale":"pt_BR","og_type":"article","og_title":"Confira o calend\u00e1rio semanal de vacina\u00e7\u00e3o contra Covid-19 em Resende - JORNAL BEIRA RIO","og_description":"Resende divulgou para os dias 29 a 31 deste m\u00eas (ter\u00e7a a quinta-feira), mais um calend\u00e1rio de vacina\u00e7\u00e3o contra a Covid-19. Na quarta-feira, dia","og_url":"https:\/\/jornalbeirario.com.br\/portal\/?p=85788","og_site_name":"JORNAL BEIRA RIO","article_published_time":"2022-03-28T18:32:30+00:00","og_image":[{"width":640,"height":480,"url":"https:\/\/jornalbeirario.com.br\/portal\/wp-content\/uploads\/2022\/03\/vacinacaores1.png","type":"image\/png"}],"author":"Jornal BEIRA-RIO","twitter_card":"summary_large_image","twitter_misc":{"Escrito por":"Jornal BEIRA-RIO","Est. tempo de leitura":"4 minutos"},"schema":{"@context":"https:\/\/schema.org","@graph":[{"@type":"Article","@id":"https:\/\/jornalbeirario.com.br\/portal\/?p=85788#article","isPartOf":{"@id":"https:\/\/jornalbeirario.com.br\/portal\/?p=85788"},"author":{"name":"Jornal BEIRA-RIO","@id":"https:\/\/jornalbeirario.com.br\/portal\/#\/schema\/person\/c6c423e4c2465d2a9233f6539173e7c1"},"headline":"Confira o calend\u00e1rio semanal de vacina\u00e7\u00e3o contra Covid-19 em Resende","datePublished":"2022-03-28T18:32:30+00:00","mainEntityOfPage":{"@id":"https:\/\/jornalbeirario.com.br\/portal\/?p=85788"},"wordCount":802,"commentCount":0,"publisher":{"@id":"https:\/\/jornalbeirario.com.br\/portal\/#organization"},"image":{"@id":"https:\/\/jornalbeirario.com.br\/portal\/?p=85788#primaryimage"},"thumbnailUrl":"https:\/\/jornalbeirario.com.br\/portal\/wp-content\/uploads\/2022\/03\/vacinacaores1.png","articleSection":["Cidade","Sa\u00fade"],"inLanguage":"pt-BR","potentialAction":[{"@type":"CommentAction","name":"Comment","target":["https:\/\/jornalbeirario.com.br\/portal\/?p=85788#respond"]}]},{"@type":"WebPage","@id":"https:\/\/jornalbeirario.com.br\/portal\/?p=85788","url":"https:\/\/jornalbeirario.com.br\/portal\/?p=85788","name":"Confira o calend\u00e1rio semanal de vacina\u00e7\u00e3o contra Covid-19 em Resende - JORNAL BEIRA RIO","isPartOf":{"@id":"https:\/\/jornalbeirario.com.br\/portal\/#website"},"primaryImageOfPage":{"@id":"https:\/\/jornalbeirario.com.br\/portal\/?p=85788#primaryimage"},"image":{"@id":"https:\/\/jornalbeirario.com.br\/portal\/?p=85788#primaryimage"},"thumbnailUrl":"https:\/\/jornalbeirario.com.br\/portal\/wp-content\/uploads\/2022\/03\/vacinacaores1.png","datePublished":"2022-03-28T18:32:30+00:00","breadcrumb":{"@id":"https:\/\/jornalbeirario.com.br\/portal\/?p=85788#breadcrumb"},"inLanguage":"pt-BR","potentialAction":[{"@type":"ReadAction","target":["https:\/\/jornalbeirario.com.br\/portal\/?p=85788"]}]},{"@type":"ImageObject","inLanguage":"pt-BR","@id":"https:\/\/jornalbeirario.com.br\/portal\/?p=85788#primaryimage","url":"https:\/\/jornalbeirario.com.br\/portal\/wp-content\/uploads\/2022\/03\/vacinacaores1.png","contentUrl":"https:\/\/jornalbeirario.com.br\/portal\/wp-content\/uploads\/2022\/03\/vacinacaores1.png","width":640,"height":480},{"@type":"BreadcrumbList","@id":"https:\/\/jornalbeirario.com.br\/portal\/?p=85788#breadcrumb","itemListElement":[{"@type":"ListItem","position":1,"name":"Home","item":"https:\/\/jornalbeirario.com.br\/portal"},{"@type":"ListItem","position":2,"name":"Confira o calend\u00e1rio semanal de vacina\u00e7\u00e3o contra Covid-19 em Resende"}]},{"@type":"WebSite","@id":"https:\/\/jornalbeirario.com.br\/portal\/#website","url":"https:\/\/jornalbeirario.com.br\/portal\/","name":"JORNAL BEIRA RIO","description":"","publisher":{"@id":"https:\/\/jornalbeirario.com.br\/portal\/#organization"},"potentialAction":[{"@type":"SearchAction","target":{"@type":"EntryPoint","urlTemplate":"https:\/\/jornalbeirario.com.br\/portal\/?s={search_term_string}"},"query-input":{"@type":"PropertyValueSpecification","valueRequired":true,"valueName":"search_term_string"}}],"inLanguage":"pt-BR"},{"@type":"Organization","@id":"https:\/\/jornalbeirario.com.br\/portal\/#organization","name":"JORNAL BEIRA RIO","url":"https:\/\/jornalbeirario.com.br\/portal\/","logo":{"@type":"ImageObject","inLanguage":"pt-BR","@id":"https:\/\/jornalbeirario.com.br\/portal\/#\/schema\/logo\/image\/","url":"https:\/\/jornalbeirario.com.br\/portal\/wp-content\/uploads\/2017\/09\/BEIRA-RIO_logo600.png","contentUrl":"https:\/\/jornalbeirario.com.br\/portal\/wp-content\/uploads\/2017\/09\/BEIRA-RIO_logo600.png","width":650,"height":108,"caption":"JORNAL BEIRA RIO"},"image":{"@id":"https:\/\/jornalbeirario.com.br\/portal\/#\/schema\/logo\/image\/"}},{"@type":"Person","@id":"https:\/\/jornalbeirario.com.br\/portal\/#\/schema\/person\/c6c423e4c2465d2a9233f6539173e7c1","name":"Jornal BEIRA-RIO","image":{"@type":"ImageObject","inLanguage":"pt-BR","@id":"https:\/\/jornalbeirario.com.br\/portal\/wp-content\/uploads\/2023\/10\/logojbr1.jpg","url":"https:\/\/jornalbeirario.com.br\/portal\/wp-content\/uploads\/2023\/10\/logojbr1.jpg","contentUrl":"https:\/\/jornalbeirario.com.br\/portal\/wp-content\/uploads\/2023\/10\/logojbr1.jpg","caption":"Jornal BEIRA-RIO"},"url":"https:\/\/jornalbeirario.com.br\/portal\/?author=1"}]}},"_links":{"self":[{"href":"https:\/\/jornalbeirario.com.br\/portal\/index.php?rest_route=\/wp\/v2\/posts\/85788","targetHints":{"allow":["GET"]}}],"collection":[{"href":"https:\/\/jornalbeirario.com.br\/portal\/index.php?rest_route=\/wp\/v2\/posts"}],"about":[{"href":"https:\/\/jornalbeirario.com.br\/portal\/index.php?rest_route=\/wp\/v2\/types\/post"}],"author":[{"embeddable":true,"href":"https:\/\/jornalbeirario.com.br\/portal\/index.php?rest_route=\/wp\/v2\/users\/1"}],"replies":[{"embeddable":true,"href":"https:\/\/jornalbeirario.com.br\/portal\/index.php?rest_route=%2Fwp%2Fv2%2Fcomments&post=85788"}],"version-history":[{"count":4,"href":"https:\/\/jornalbeirario.com.br\/portal\/index.php?rest_route=\/wp\/v2\/posts\/85788\/revisions"}],"predecessor-version":[{"id":85794,"href":"https:\/\/jornalbeirario.com.br\/portal\/index.php?rest_route=\/wp\/v2\/posts\/85788\/revisions\/85794"}],"wp:featuredmedia":[{"embeddable":true,"href":"https:\/\/jornalbeirario.com.br\/portal\/index.php?rest_route=\/wp\/v2\/media\/85793"}],"wp:attachment":[{"href":"https:\/\/jornalbeirario.com.br\/portal\/index.php?rest_route=%2Fwp%2Fv2%2Fmedia&parent=85788"}],"wp:term":[{"taxonomy":"category","embeddable":true,"href":"https:\/\/jornalbeirario.com.br\/portal\/index.php?rest_route=%2Fwp%2Fv2%2Fcategories&post=85788"},{"taxonomy":"post_tag","embeddable":true,"href":"https:\/\/jornalbeirario.com.br\/portal\/index.php?rest_route=%2Fwp%2Fv2%2Ftags&post=85788"}],"curies":[{"name":"wp","href":"https:\/\/api.w.org\/{rel}","templated":true}]}}