
{"id":84961,"date":"2022-03-07T09:42:04","date_gmt":"2022-03-07T12:42:04","guid":{"rendered":"http:\/\/jornalbeirario.com.br\/portal\/?p=84961"},"modified":"2022-03-07T09:50:59","modified_gmt":"2022-03-07T12:50:59","slug":"mapa-de-risco-da-covid-19-passa-por-melhorias-para-avaliacoes-precoces","status":"publish","type":"post","link":"https:\/\/jornalbeirario.com.br\/portal\/?p=84961","title":{"rendered":"Mapa de Risco da Covid-19 passa por melhorias para avalia\u00e7\u00f5es precoces"},"content":{"rendered":"<figure id=\"attachment_84965\" aria-describedby=\"caption-attachment-84965\" style=\"width: 300px\" class=\"wp-caption alignright\"><img loading=\"lazy\" decoding=\"async\" class=\"wp-image-84965 size-medium\" src=\"https:\/\/jornalbeirario.com.br\/portal\/wp-content\/uploads\/2022\/03\/indicadores1-300x189.jpg\" alt=\"\" width=\"300\" height=\"189\" srcset=\"https:\/\/jornalbeirario.com.br\/portal\/wp-content\/uploads\/2022\/03\/indicadores1-300x189.jpg 300w, https:\/\/jornalbeirario.com.br\/portal\/wp-content\/uploads\/2022\/03\/indicadores1-115x73.jpg 115w, https:\/\/jornalbeirario.com.br\/portal\/wp-content\/uploads\/2022\/03\/indicadores1.jpg 760w\" sizes=\"auto, (max-width: 300px) 100vw, 300px\" \/><figcaption id=\"caption-attachment-84965\" class=\"wp-caption-text\">Estado do Rio de Janeiro teve melhoras nos \u00edndices da Covid-19 e apresenta regi\u00f5es e cidades sob bandeira verde (Fotos: Reprodu\u00e7\u00e3o\/SES)<\/figcaption><\/figure>\n<p style=\"text-align: justify;\">A Secretaria de Estado de Sa\u00fade (SES) publicou nesta sexta-feira, dia 4, uma atualiza\u00e7\u00e3o dos indicadores precoces usados para a elabora\u00e7\u00e3o do Mapa de Risco da Covid-19. Segundo a secretaria, a avalia\u00e7\u00e3o dos indicadores precoces \u00e9 de suma import\u00e2ncia, pois eles refletem de maneira mais r\u00e1pida e sens\u00edvel a real demanda de atendimento de casos no Estado do Rio de Janeiro, sem interfer\u00eancia de atraso na informa\u00e7\u00e3o.<\/p>\n<p style=\"text-align: justify;\">Essa maneira de an\u00e1lise busca compensar os atrasos de notifica\u00e7\u00e3o dos dados que s\u00e3o levados em conta para o c\u00e1lculo dos indicadores epidemiol\u00f3gicos do painel de risco. O objetivo \u00e9 avaliar, de maneira mais precoce, indicadores do volume de demanda por leitos para Covid-19, como atendimento em UPAS, n\u00famero de solicita\u00e7\u00f5es por leitos e fila de espera por leitos, e fornecer dados mais atualizados. O documento <a href=\"https:\/\/jornalbeirario.com.br\/portal\/wp-content\/uploads\/2022\/03\/Nota-INDICADORES-PRECOCES-03032022.pdf\">pode ser acessado no Painel Covid-19<\/a>.<\/p>\n<p style=\"text-align: justify;\">O levantamento da \u00faltima semana do Mapa de Risco da Covid-19, divulgado tamb\u00e9m no dia 4, mostra que o estado do Rio de Janeiro permanece pela quarta semana consecutiva em classifica\u00e7\u00e3o de baixo risco para a doen\u00e7a, representado pela bandeira amarela. A compara\u00e7\u00e3o entre a oitava semana epidemiol\u00f3gica (SE 08) deste ano, de 20 a 26 de fevereiro, e a sexta semana (SE 06), de 06 a 12 de fevereiro, aponta que a Regi\u00e3o Metropolitana II teve uma melhora, saindo da bandeira amarela (baixo risco) para bandeira verde (risco muito baixo).<\/p>\n<p style=\"text-align: justify;\">Outra regi\u00e3o que teve melhora no cen\u00e1rio epidemiol\u00f3gico e assistencial foi a Noroeste, que saiu da bandeira vermelha (risco alto) para bandeira laranja (risco moderado). As regi\u00f5es M\u00e9dio Para\u00edba, Serrana, Norte, Metropolitana I, Baixada Litor\u00e2nea e Ba\u00eda da Ilha Grande permanecem em bandeira amarela (risco baixo). A Regi\u00e3o Centro-Sul continua classificada em bandeira laranja (risco moderado).<\/p>\n<figure id=\"attachment_84966\" aria-describedby=\"caption-attachment-84966\" style=\"width: 300px\" class=\"wp-caption alignleft\"><img loading=\"lazy\" decoding=\"async\" class=\"wp-image-84966 size-medium\" src=\"https:\/\/jornalbeirario.com.br\/portal\/wp-content\/uploads\/2022\/03\/mapa-municipios-300x225.jpg\" alt=\"\" width=\"300\" height=\"225\" srcset=\"https:\/\/jornalbeirario.com.br\/portal\/wp-content\/uploads\/2022\/03\/mapa-municipios-300x225.jpg 300w, https:\/\/jornalbeirario.com.br\/portal\/wp-content\/uploads\/2022\/03\/mapa-municipios.jpg 640w\" sizes=\"auto, (max-width: 300px) 100vw, 300px\" \/><figcaption id=\"caption-attachment-84966\" class=\"wp-caption-text\">Munic\u00edpios das Agulhas Negras est\u00e3o sob bandeira amarela<\/figcaption><\/figure>\n<p style=\"text-align: justify;\">A an\u00e1lise do per\u00edodo mostra que a m\u00e9dia m\u00f3vel de solicita\u00e7\u00e3o de leitos para os \u00faltimos 7 dias foi de 7 para UTI e 7 para Enfermaria, demonstrando uma queda de 37% em rela\u00e7\u00e3o a 14 dias. No m\u00eas de fevereiro, a taxa de positividade ficou em queda e, no per\u00edodo de 23 de fevereiro a 01 de mar\u00e7o, a positividade dos exames de RT-PCR foi de 10,5% em todo o estado. Nesta quinta-feira (04.03), a taxa de ocupa\u00e7\u00e3o de leitos para Covid-19 estava em 41,2% para UTI e 23,6% para enfermaria.<\/p>\n<p style=\"text-align: justify;\">Nesta edi\u00e7\u00e3o do Mapa de Risco, cinco munic\u00edpios est\u00e3o classificados com bandeira verde (risco muito baixo), 72 munic\u00edpios com bandeira amarela (risco baixo), cinco com bandeira laranja (risco moderado) e 10 munic\u00edpios com bandeira vermelha (risco alto). A Regi\u00e3o das Agulhas Negras tamb\u00e9m apresentou risco baixo, com todos os munic\u00edpios em bandeira amarela.<\/p>\n","protected":false},"excerpt":{"rendered":"<p>A Secretaria de Estado de Sa\u00fade (SES) publicou nesta sexta-feira, dia 4, uma atualiza\u00e7\u00e3o dos indicadores precoces usados para a elabora\u00e7\u00e3o do Mapa de<\/p>\n","protected":false},"author":1,"featured_media":84971,"comment_status":"open","ping_status":"open","sticky":false,"template":"","format":"standard","meta":{"pmpro_default_level":"","footnotes":""},"categories":[227,158,18],"tags":[],"class_list":["post-84961","post","type-post","status-publish","format-standard","has-post-thumbnail","hentry","category-manchete","category-rio-de-janeiro","category-saude","pmpro-has-access"],"yoast_head":"<!-- This site is optimized with the Yoast SEO plugin v27.4 - https:\/\/yoast.com\/product\/yoast-seo-wordpress\/ -->\n<title>Mapa de Risco da Covid-19 passa por melhorias para avalia\u00e7\u00f5es precoces - JORNAL BEIRA RIO<\/title>\n<meta name=\"robots\" content=\"index, follow, max-snippet:-1, max-image-preview:large, max-video-preview:-1\" \/>\n<link rel=\"canonical\" href=\"https:\/\/jornalbeirario.com.br\/portal\/?p=84961\" \/>\n<meta property=\"og:locale\" content=\"pt_BR\" \/>\n<meta property=\"og:type\" content=\"article\" \/>\n<meta property=\"og:title\" content=\"Mapa de Risco da Covid-19 passa por melhorias para avalia\u00e7\u00f5es precoces - JORNAL BEIRA RIO\" \/>\n<meta property=\"og:description\" content=\"A Secretaria de Estado de Sa\u00fade (SES) publicou nesta sexta-feira, dia 4, uma atualiza\u00e7\u00e3o dos indicadores precoces usados para a elabora\u00e7\u00e3o do Mapa de\" \/>\n<meta property=\"og:url\" content=\"https:\/\/jornalbeirario.com.br\/portal\/?p=84961\" \/>\n<meta property=\"og:site_name\" content=\"JORNAL BEIRA RIO\" \/>\n<meta property=\"article:published_time\" content=\"2022-03-07T12:42:04+00:00\" \/>\n<meta property=\"article:modified_time\" content=\"2022-03-07T12:50:59+00:00\" \/>\n<meta property=\"og:image\" content=\"https:\/\/jornalbeirario.com.br\/portal\/wp-content\/uploads\/2022\/03\/indicadores2.jpg\" \/>\n\t<meta property=\"og:image:width\" content=\"1100\" \/>\n\t<meta property=\"og:image:height\" content=\"470\" \/>\n\t<meta property=\"og:image:type\" content=\"image\/jpeg\" \/>\n<meta name=\"author\" content=\"Jornal BEIRA-RIO\" \/>\n<meta name=\"twitter:card\" content=\"summary_large_image\" \/>\n<meta name=\"twitter:label1\" content=\"Escrito por\" \/>\n\t<meta name=\"twitter:data1\" content=\"Jornal BEIRA-RIO\" \/>\n\t<meta name=\"twitter:label2\" content=\"Est. tempo de leitura\" \/>\n\t<meta name=\"twitter:data2\" content=\"3 minutos\" \/>\n<script type=\"application\/ld+json\" class=\"yoast-schema-graph\">{\"@context\":\"https:\\\/\\\/schema.org\",\"@graph\":[{\"@type\":\"Article\",\"@id\":\"https:\\\/\\\/jornalbeirario.com.br\\\/portal\\\/?p=84961#article\",\"isPartOf\":{\"@id\":\"https:\\\/\\\/jornalbeirario.com.br\\\/portal\\\/?p=84961\"},\"author\":{\"name\":\"Jornal BEIRA-RIO\",\"@id\":\"https:\\\/\\\/jornalbeirario.com.br\\\/portal\\\/#\\\/schema\\\/person\\\/c6c423e4c2465d2a9233f6539173e7c1\"},\"headline\":\"Mapa de Risco da Covid-19 passa por melhorias para avalia\u00e7\u00f5es precoces\",\"datePublished\":\"2022-03-07T12:42:04+00:00\",\"dateModified\":\"2022-03-07T12:50:59+00:00\",\"mainEntityOfPage\":{\"@id\":\"https:\\\/\\\/jornalbeirario.com.br\\\/portal\\\/?p=84961\"},\"wordCount\":517,\"commentCount\":0,\"publisher\":{\"@id\":\"https:\\\/\\\/jornalbeirario.com.br\\\/portal\\\/#organization\"},\"image\":{\"@id\":\"https:\\\/\\\/jornalbeirario.com.br\\\/portal\\\/?p=84961#primaryimage\"},\"thumbnailUrl\":\"https:\\\/\\\/jornalbeirario.com.br\\\/portal\\\/wp-content\\\/uploads\\\/2022\\\/03\\\/indicadores2.jpg\",\"articleSection\":[\"Manchete\",\"Rio de Janeiro\",\"Sa\u00fade\"],\"inLanguage\":\"pt-BR\",\"potentialAction\":[{\"@type\":\"CommentAction\",\"name\":\"Comment\",\"target\":[\"https:\\\/\\\/jornalbeirario.com.br\\\/portal\\\/?p=84961#respond\"]}]},{\"@type\":\"WebPage\",\"@id\":\"https:\\\/\\\/jornalbeirario.com.br\\\/portal\\\/?p=84961\",\"url\":\"https:\\\/\\\/jornalbeirario.com.br\\\/portal\\\/?p=84961\",\"name\":\"Mapa de Risco da Covid-19 passa por melhorias para avalia\u00e7\u00f5es precoces - JORNAL BEIRA RIO\",\"isPartOf\":{\"@id\":\"https:\\\/\\\/jornalbeirario.com.br\\\/portal\\\/#website\"},\"primaryImageOfPage\":{\"@id\":\"https:\\\/\\\/jornalbeirario.com.br\\\/portal\\\/?p=84961#primaryimage\"},\"image\":{\"@id\":\"https:\\\/\\\/jornalbeirario.com.br\\\/portal\\\/?p=84961#primaryimage\"},\"thumbnailUrl\":\"https:\\\/\\\/jornalbeirario.com.br\\\/portal\\\/wp-content\\\/uploads\\\/2022\\\/03\\\/indicadores2.jpg\",\"datePublished\":\"2022-03-07T12:42:04+00:00\",\"dateModified\":\"2022-03-07T12:50:59+00:00\",\"breadcrumb\":{\"@id\":\"https:\\\/\\\/jornalbeirario.com.br\\\/portal\\\/?p=84961#breadcrumb\"},\"inLanguage\":\"pt-BR\",\"potentialAction\":[{\"@type\":\"ReadAction\",\"target\":[\"https:\\\/\\\/jornalbeirario.com.br\\\/portal\\\/?p=84961\"]}]},{\"@type\":\"ImageObject\",\"inLanguage\":\"pt-BR\",\"@id\":\"https:\\\/\\\/jornalbeirario.com.br\\\/portal\\\/?p=84961#primaryimage\",\"url\":\"https:\\\/\\\/jornalbeirario.com.br\\\/portal\\\/wp-content\\\/uploads\\\/2022\\\/03\\\/indicadores2.jpg\",\"contentUrl\":\"https:\\\/\\\/jornalbeirario.com.br\\\/portal\\\/wp-content\\\/uploads\\\/2022\\\/03\\\/indicadores2.jpg\",\"width\":1100,\"height\":470},{\"@type\":\"BreadcrumbList\",\"@id\":\"https:\\\/\\\/jornalbeirario.com.br\\\/portal\\\/?p=84961#breadcrumb\",\"itemListElement\":[{\"@type\":\"ListItem\",\"position\":1,\"name\":\"Home\",\"item\":\"https:\\\/\\\/jornalbeirario.com.br\\\/portal\"},{\"@type\":\"ListItem\",\"position\":2,\"name\":\"Mapa de Risco da Covid-19 passa por melhorias para avalia\u00e7\u00f5es precoces\"}]},{\"@type\":\"WebSite\",\"@id\":\"https:\\\/\\\/jornalbeirario.com.br\\\/portal\\\/#website\",\"url\":\"https:\\\/\\\/jornalbeirario.com.br\\\/portal\\\/\",\"name\":\"JORNAL BEIRA RIO\",\"description\":\"\",\"publisher\":{\"@id\":\"https:\\\/\\\/jornalbeirario.com.br\\\/portal\\\/#organization\"},\"potentialAction\":[{\"@type\":\"SearchAction\",\"target\":{\"@type\":\"EntryPoint\",\"urlTemplate\":\"https:\\\/\\\/jornalbeirario.com.br\\\/portal\\\/?s={search_term_string}\"},\"query-input\":{\"@type\":\"PropertyValueSpecification\",\"valueRequired\":true,\"valueName\":\"search_term_string\"}}],\"inLanguage\":\"pt-BR\"},{\"@type\":\"Organization\",\"@id\":\"https:\\\/\\\/jornalbeirario.com.br\\\/portal\\\/#organization\",\"name\":\"JORNAL BEIRA RIO\",\"url\":\"https:\\\/\\\/jornalbeirario.com.br\\\/portal\\\/\",\"logo\":{\"@type\":\"ImageObject\",\"inLanguage\":\"pt-BR\",\"@id\":\"https:\\\/\\\/jornalbeirario.com.br\\\/portal\\\/#\\\/schema\\\/logo\\\/image\\\/\",\"url\":\"https:\\\/\\\/jornalbeirario.com.br\\\/portal\\\/wp-content\\\/uploads\\\/2017\\\/09\\\/BEIRA-RIO_logo600.png\",\"contentUrl\":\"https:\\\/\\\/jornalbeirario.com.br\\\/portal\\\/wp-content\\\/uploads\\\/2017\\\/09\\\/BEIRA-RIO_logo600.png\",\"width\":650,\"height\":108,\"caption\":\"JORNAL BEIRA RIO\"},\"image\":{\"@id\":\"https:\\\/\\\/jornalbeirario.com.br\\\/portal\\\/#\\\/schema\\\/logo\\\/image\\\/\"}},{\"@type\":\"Person\",\"@id\":\"https:\\\/\\\/jornalbeirario.com.br\\\/portal\\\/#\\\/schema\\\/person\\\/c6c423e4c2465d2a9233f6539173e7c1\",\"name\":\"Jornal BEIRA-RIO\",\"image\":{\"@type\":\"ImageObject\",\"inLanguage\":\"pt-BR\",\"@id\":\"https:\\\/\\\/jornalbeirario.com.br\\\/portal\\\/wp-content\\\/uploads\\\/2023\\\/10\\\/logojbr1.jpg\",\"url\":\"https:\\\/\\\/jornalbeirario.com.br\\\/portal\\\/wp-content\\\/uploads\\\/2023\\\/10\\\/logojbr1.jpg\",\"contentUrl\":\"https:\\\/\\\/jornalbeirario.com.br\\\/portal\\\/wp-content\\\/uploads\\\/2023\\\/10\\\/logojbr1.jpg\",\"caption\":\"Jornal BEIRA-RIO\"},\"url\":\"https:\\\/\\\/jornalbeirario.com.br\\\/portal\\\/?author=1\"}]}<\/script>\n<!-- \/ Yoast SEO plugin. -->","yoast_head_json":{"title":"Mapa de Risco da Covid-19 passa por melhorias para avalia\u00e7\u00f5es precoces - JORNAL BEIRA RIO","robots":{"index":"index","follow":"follow","max-snippet":"max-snippet:-1","max-image-preview":"max-image-preview:large","max-video-preview":"max-video-preview:-1"},"canonical":"https:\/\/jornalbeirario.com.br\/portal\/?p=84961","og_locale":"pt_BR","og_type":"article","og_title":"Mapa de Risco da Covid-19 passa por melhorias para avalia\u00e7\u00f5es precoces - JORNAL BEIRA RIO","og_description":"A Secretaria de Estado de Sa\u00fade (SES) publicou nesta sexta-feira, dia 4, uma atualiza\u00e7\u00e3o dos indicadores precoces usados para a elabora\u00e7\u00e3o do Mapa de","og_url":"https:\/\/jornalbeirario.com.br\/portal\/?p=84961","og_site_name":"JORNAL BEIRA RIO","article_published_time":"2022-03-07T12:42:04+00:00","article_modified_time":"2022-03-07T12:50:59+00:00","og_image":[{"width":1100,"height":470,"url":"https:\/\/jornalbeirario.com.br\/portal\/wp-content\/uploads\/2022\/03\/indicadores2.jpg","type":"image\/jpeg"}],"author":"Jornal BEIRA-RIO","twitter_card":"summary_large_image","twitter_misc":{"Escrito por":"Jornal BEIRA-RIO","Est. tempo de leitura":"3 minutos"},"schema":{"@context":"https:\/\/schema.org","@graph":[{"@type":"Article","@id":"https:\/\/jornalbeirario.com.br\/portal\/?p=84961#article","isPartOf":{"@id":"https:\/\/jornalbeirario.com.br\/portal\/?p=84961"},"author":{"name":"Jornal BEIRA-RIO","@id":"https:\/\/jornalbeirario.com.br\/portal\/#\/schema\/person\/c6c423e4c2465d2a9233f6539173e7c1"},"headline":"Mapa de Risco da Covid-19 passa por melhorias para avalia\u00e7\u00f5es precoces","datePublished":"2022-03-07T12:42:04+00:00","dateModified":"2022-03-07T12:50:59+00:00","mainEntityOfPage":{"@id":"https:\/\/jornalbeirario.com.br\/portal\/?p=84961"},"wordCount":517,"commentCount":0,"publisher":{"@id":"https:\/\/jornalbeirario.com.br\/portal\/#organization"},"image":{"@id":"https:\/\/jornalbeirario.com.br\/portal\/?p=84961#primaryimage"},"thumbnailUrl":"https:\/\/jornalbeirario.com.br\/portal\/wp-content\/uploads\/2022\/03\/indicadores2.jpg","articleSection":["Manchete","Rio de Janeiro","Sa\u00fade"],"inLanguage":"pt-BR","potentialAction":[{"@type":"CommentAction","name":"Comment","target":["https:\/\/jornalbeirario.com.br\/portal\/?p=84961#respond"]}]},{"@type":"WebPage","@id":"https:\/\/jornalbeirario.com.br\/portal\/?p=84961","url":"https:\/\/jornalbeirario.com.br\/portal\/?p=84961","name":"Mapa de Risco da Covid-19 passa por melhorias para avalia\u00e7\u00f5es precoces - JORNAL BEIRA RIO","isPartOf":{"@id":"https:\/\/jornalbeirario.com.br\/portal\/#website"},"primaryImageOfPage":{"@id":"https:\/\/jornalbeirario.com.br\/portal\/?p=84961#primaryimage"},"image":{"@id":"https:\/\/jornalbeirario.com.br\/portal\/?p=84961#primaryimage"},"thumbnailUrl":"https:\/\/jornalbeirario.com.br\/portal\/wp-content\/uploads\/2022\/03\/indicadores2.jpg","datePublished":"2022-03-07T12:42:04+00:00","dateModified":"2022-03-07T12:50:59+00:00","breadcrumb":{"@id":"https:\/\/jornalbeirario.com.br\/portal\/?p=84961#breadcrumb"},"inLanguage":"pt-BR","potentialAction":[{"@type":"ReadAction","target":["https:\/\/jornalbeirario.com.br\/portal\/?p=84961"]}]},{"@type":"ImageObject","inLanguage":"pt-BR","@id":"https:\/\/jornalbeirario.com.br\/portal\/?p=84961#primaryimage","url":"https:\/\/jornalbeirario.com.br\/portal\/wp-content\/uploads\/2022\/03\/indicadores2.jpg","contentUrl":"https:\/\/jornalbeirario.com.br\/portal\/wp-content\/uploads\/2022\/03\/indicadores2.jpg","width":1100,"height":470},{"@type":"BreadcrumbList","@id":"https:\/\/jornalbeirario.com.br\/portal\/?p=84961#breadcrumb","itemListElement":[{"@type":"ListItem","position":1,"name":"Home","item":"https:\/\/jornalbeirario.com.br\/portal"},{"@type":"ListItem","position":2,"name":"Mapa de Risco da Covid-19 passa por melhorias para avalia\u00e7\u00f5es precoces"}]},{"@type":"WebSite","@id":"https:\/\/jornalbeirario.com.br\/portal\/#website","url":"https:\/\/jornalbeirario.com.br\/portal\/","name":"JORNAL BEIRA RIO","description":"","publisher":{"@id":"https:\/\/jornalbeirario.com.br\/portal\/#organization"},"potentialAction":[{"@type":"SearchAction","target":{"@type":"EntryPoint","urlTemplate":"https:\/\/jornalbeirario.com.br\/portal\/?s={search_term_string}"},"query-input":{"@type":"PropertyValueSpecification","valueRequired":true,"valueName":"search_term_string"}}],"inLanguage":"pt-BR"},{"@type":"Organization","@id":"https:\/\/jornalbeirario.com.br\/portal\/#organization","name":"JORNAL BEIRA RIO","url":"https:\/\/jornalbeirario.com.br\/portal\/","logo":{"@type":"ImageObject","inLanguage":"pt-BR","@id":"https:\/\/jornalbeirario.com.br\/portal\/#\/schema\/logo\/image\/","url":"https:\/\/jornalbeirario.com.br\/portal\/wp-content\/uploads\/2017\/09\/BEIRA-RIO_logo600.png","contentUrl":"https:\/\/jornalbeirario.com.br\/portal\/wp-content\/uploads\/2017\/09\/BEIRA-RIO_logo600.png","width":650,"height":108,"caption":"JORNAL BEIRA RIO"},"image":{"@id":"https:\/\/jornalbeirario.com.br\/portal\/#\/schema\/logo\/image\/"}},{"@type":"Person","@id":"https:\/\/jornalbeirario.com.br\/portal\/#\/schema\/person\/c6c423e4c2465d2a9233f6539173e7c1","name":"Jornal BEIRA-RIO","image":{"@type":"ImageObject","inLanguage":"pt-BR","@id":"https:\/\/jornalbeirario.com.br\/portal\/wp-content\/uploads\/2023\/10\/logojbr1.jpg","url":"https:\/\/jornalbeirario.com.br\/portal\/wp-content\/uploads\/2023\/10\/logojbr1.jpg","contentUrl":"https:\/\/jornalbeirario.com.br\/portal\/wp-content\/uploads\/2023\/10\/logojbr1.jpg","caption":"Jornal BEIRA-RIO"},"url":"https:\/\/jornalbeirario.com.br\/portal\/?author=1"}]}},"_links":{"self":[{"href":"https:\/\/jornalbeirario.com.br\/portal\/index.php?rest_route=\/wp\/v2\/posts\/84961","targetHints":{"allow":["GET"]}}],"collection":[{"href":"https:\/\/jornalbeirario.com.br\/portal\/index.php?rest_route=\/wp\/v2\/posts"}],"about":[{"href":"https:\/\/jornalbeirario.com.br\/portal\/index.php?rest_route=\/wp\/v2\/types\/post"}],"author":[{"embeddable":true,"href":"https:\/\/jornalbeirario.com.br\/portal\/index.php?rest_route=\/wp\/v2\/users\/1"}],"replies":[{"embeddable":true,"href":"https:\/\/jornalbeirario.com.br\/portal\/index.php?rest_route=%2Fwp%2Fv2%2Fcomments&post=84961"}],"version-history":[{"count":6,"href":"https:\/\/jornalbeirario.com.br\/portal\/index.php?rest_route=\/wp\/v2\/posts\/84961\/revisions"}],"predecessor-version":[{"id":84970,"href":"https:\/\/jornalbeirario.com.br\/portal\/index.php?rest_route=\/wp\/v2\/posts\/84961\/revisions\/84970"}],"wp:featuredmedia":[{"embeddable":true,"href":"https:\/\/jornalbeirario.com.br\/portal\/index.php?rest_route=\/wp\/v2\/media\/84971"}],"wp:attachment":[{"href":"https:\/\/jornalbeirario.com.br\/portal\/index.php?rest_route=%2Fwp%2Fv2%2Fmedia&parent=84961"}],"wp:term":[{"taxonomy":"category","embeddable":true,"href":"https:\/\/jornalbeirario.com.br\/portal\/index.php?rest_route=%2Fwp%2Fv2%2Fcategories&post=84961"},{"taxonomy":"post_tag","embeddable":true,"href":"https:\/\/jornalbeirario.com.br\/portal\/index.php?rest_route=%2Fwp%2Fv2%2Ftags&post=84961"}],"curies":[{"name":"wp","href":"https:\/\/api.w.org\/{rel}","templated":true}]}}