
{"id":8420,"date":"2013-04-26T11:42:34","date_gmt":"2013-04-26T11:42:34","guid":{"rendered":"http:\/\/jornalbeirario.com.br\/portal\/portal\/?p=8420"},"modified":"2013-04-26T11:42:34","modified_gmt":"2013-04-26T11:42:34","slug":"lais-amaral-17","status":"publish","type":"post","link":"https:\/\/jornalbeirario.com.br\/portal\/?p=8420","title":{"rendered":"LA\u00cdS AMARAL"},"content":{"rendered":"<p style=\"text-align: justify;\">C\u00e9rgio \u00e9 o Rei do J\u00e1 Te Vi<br \/>\nComida de boteco est\u00e1 na moda. Agora mesmo est\u00e3o sendo realizados festivais de \u201cComida Di Buteco\u201d (se escreve assim no evento pioneiro, em Belo Horizonte) em v\u00e1rias cidades do pa\u00eds. Aqui em Resende j\u00e1 poder\u00edamos tentar algo parecido. Parece que tem gente pensando nisso. Quando estive na \u2018Cultura\u2019 tinha planos incentivar a cria\u00e7\u00e3o do \u2018Festival de Tira-Gosto\u2019, na mesma linha. Conhe\u00e7o poucos botecos e bares, mas s\u00f3 para citar uns desses podemos testemunhar del\u00edcias como o bolinho de feijoada, no boteco do Alexandre, a oferta variada do Eduardo Catarino, o jil\u00f3 do Ribamar e um card\u00e1pio sofisticado de \u2018Jatevis\u2019, prato franc\u00eas que vem se tornando a verdadeira coqueluche do bar do C\u00e9rgio (com C). Sem contar o feij\u00e3o sujo, claro. H\u00e1 quem garanta que C\u00e9rgio tem curso no Le Cordon Bleu. N\u00e3o posso afian\u00e7ar. Mas conhe\u00e7o alguns dos seus \u2018Jatevis\u2019, \u201cum tipo de prato\u201d, explica ele, \u201cque une a qualidade e a capacidade de sobreviv\u00eancia do produto com as regras do politicamente correto, que tem na reciclagem uma de suas principais referencias\u201d. Por isso aconselho conhecer a \u2018l\u00edngua \u00e0 milanesa\u2019, ou a \u2018carne-seca ao provolone\u2019 ou ainda o \u2018caldo de jil\u00f3\u2019. N\u00e3o s\u00e3o pratos muito constantes, devo alertar, e est\u00e1 a\u00ed um dos mist\u00e9rios que confere alguma exclusividade e charme a eles. Vale conferir.<\/p>\n<p>Em maio o cinema franc\u00eas est\u00e1 de volta \u00e0s telonas de Resende<br \/>\nTa\u00ed o Schwarzenegger trazendo para o Brasil uma estranha mostra de fort\u00f5es. Coisa muito esquisita. Um festival de tr\u00edceps, b\u00edceps, homens suados. \u00c9 com certeza uma atra\u00e7\u00e3o para um p\u00fablico muito espec\u00edfico. T\u00f4 fora. Mas falei no ex-governador da Calif\u00f3rnia e ator de Holywood, para comentar rapidamente o Festival Varilux de Cinema Franc\u00eas, que est\u00e1 de volta aos cinemas do Resende Shopping em maio. Assisti alguns filmes no festival do ano passado e gostei muito. \u00c9 como um o\u00e1sis em meio ao deserto de filmes americanos com seu ritmo fabril de produ\u00e7\u00e3o e que ocupa quase 100% das exibi\u00e7\u00f5es em nossas salas. Foi muito bom curtir, ou rever, uma outra linguagem de cinema. Mais humana talvez. As com\u00e9dias ent\u00e3o s\u00e3o deliciosas, sem aqueles toques moralistas das comedias hollywoodianas e coisa e tal. Mas chega de papo. O Festival Variluz vai do dia 1\u00ba a 16 de Maio, dividido em duas partes: de 1\u00ba a 9 de maio num grupo de cidades e de 10 a 16 no outro grupo. S\u00e3o ao todo 45 cidades e Resende est\u00e1 no primeiro grupo, com in\u00edcio no dia 1\u00ba de Maio, feriado. Imperd\u00edvel ! As salas do Shopping est\u00e3o entre as 80 salas escolhidas para o festival. Al\u00e9m das com\u00e9dias, h\u00e1 dramas e filmes de suspense. \u201cAconteceu em SaintTropez\u201d, \u201cO homem que Ri\u201d, \u201cPedalando com Moli\u00e8re\u201d e o filme de anima\u00e7\u00e3o, \u201cO menino da Floresta\u201d, j\u00e1 chegam com boas indica\u00e7\u00f5es.<\/p>\n<p>TRIPA<br \/>\n* A AEDB (Faculdades Dom Bosco) promove amanh\u00e3, s\u00e1bado (dia 27), o Festival Latino-Americano Software Livre. O objetivo do encontro que acontece anualmente em toda a Am\u00e9rica Latina \u00e9 divulgar o Software Livre. O Festival ser\u00e1 realizado l\u00e1 mesmo na AEDB, de 8h ao meio-dia. Haver\u00e1 instala\u00e7\u00e3o de software livre em notebooks, gratuitamente. Para participar das oficinas, \u00e9 necess\u00e1rio fazer pr\u00e9-inscri\u00e7\u00e3o. Mais informa\u00e7\u00f5es, no link: http:\/\/www.flisol.info\/FLISOL2013\/Brasil\/Resende * A grande festa do Trabalhador, no dia 1\u00ba de maio, no Parque de Exposi\u00e7\u00f5es, vai ser de arrebentar. Come\u00e7a com o torneio de truco, logo pela manh\u00e3. E aqui uma perguntinha: ser\u00e1 que o \u2018Rub\u00e3o\u2019 conseguiu se inscrever? Parece que tinha gente com medo do homem. Ele \u00e9 campeon\u00edssimo no truco * Segunda, dia 29, \u00e9 dia de \u2018Inhoque da Fortuna\u2019, no Odylo. Del\u00edcia! * Nasceu no dia 23, dia de S\u00e3o Jorge, o Felipe, mais um neto que a minha filha de cora\u00e7\u00e3o, Cristiane Coupe\u00e9 me deu.\u00a0 Beij\u00e3o para ela, pro paiz\u00e3o Fernando e que seja muito bem-vindo o garot\u00e3o * No dia 16, foram comemorados os 108 anos da Ponte Velha. A comemora\u00e7\u00e3o na verdade foi uma pesquisa organizada pelo Claudionor Rosa, que contou o n\u00famero de passantes entre 7 e 19 horas daquele dia. O resultado est\u00e1 dispon\u00edvel no Arquivo Hist\u00f3rico. Houve um aumento de 30% em rela\u00e7\u00e3o h\u00e1 tr\u00eas anos. No sentido Centro \u2013 Campos El\u00edseos passaram 5.120 pessoas e no sentido contr\u00e1rio 6.148 pessoas. Al\u00e9m de 52 bicicletas, 11 carinhos de beb\u00ea, 06 cadeirantes, 09 carrinhos de picol\u00e9, 03 ciganos e 08 cachorros * Domingo tem jogo decisivo Botafogo x Resende. E agora? Perguntou o botafoguense Claudionor Rosa. Sugest\u00e3o: dormir na hora jogo. Sem compromisso com torcer para esse ou aquele alvinegro * Essa semana retorna o rod\u00edzio de caldos do \u2018Uai, Su !\u2019 * N\u00e3o sei n\u00e3o, mas essa copa do mundo no Brasil&#8230; Vamos ter que combinar com os chucrutes.<\/p>\n<p>ANIVERS\u00c1RIOS<br \/>\nDia 22, segunda-feira, inauguraram idade nova o Ubiratan de Oliveira, o\u00a0 \u2018Birinha\u2019, a Viviane Santos e o Marcelo Almeida. Na ter\u00e7a, dia 23, dia de S\u00e3o Jorge, mudou de idade o Gui Cabral, da R\u00e1dio Real FM. Na quarta (24), receberam os \u2018parab\u00e9ns\u2019 o professor Elon Viana e a Ana Cristina, a \u2018Tininha\u2019. Amanh\u00e3 (27), um trio bem legal ficar\u00e1 mais experiente: F\u00e1bio Mera, Cl\u00e1udia Whately e o cantor Nill. No domingo (28), quem aniversaria \u00e9 o Ricardo Sim\u00e3o, que quer de presente a vit\u00f3ria do Resende sobre o Fog\u00e3o. Parab\u00e9ns e todas as felicidades do mundo a eles e elas.<\/p>\n","protected":false},"excerpt":{"rendered":"<p>C\u00e9rgio \u00e9 o Rei do J\u00e1 Te Vi Comida de boteco est\u00e1 na moda. Agora mesmo est\u00e3o sendo realizados festivais de \u201cComida Di Buteco\u201d<\/p>\n","protected":false},"author":1,"featured_media":0,"comment_status":"open","ping_status":"open","sticky":false,"template":"","format":"standard","meta":{"pmpro_default_level":"","footnotes":""},"categories":[13],"tags":[],"class_list":["post-8420","post","type-post","status-publish","format-standard","hentry","category-social","pmpro-has-access"],"yoast_head":"<!-- This site is optimized with the Yoast SEO plugin v27.4 - https:\/\/yoast.com\/product\/yoast-seo-wordpress\/ -->\n<title>LA\u00cdS AMARAL - JORNAL BEIRA RIO<\/title>\n<meta name=\"robots\" content=\"index, follow, max-snippet:-1, max-image-preview:large, max-video-preview:-1\" \/>\n<link rel=\"canonical\" href=\"https:\/\/jornalbeirario.com.br\/portal\/?p=8420\" \/>\n<meta property=\"og:locale\" content=\"pt_BR\" \/>\n<meta property=\"og:type\" content=\"article\" \/>\n<meta property=\"og:title\" content=\"LA\u00cdS AMARAL - JORNAL BEIRA RIO\" \/>\n<meta property=\"og:description\" content=\"C\u00e9rgio \u00e9 o Rei do J\u00e1 Te Vi Comida de boteco est\u00e1 na moda. Agora mesmo est\u00e3o sendo realizados festivais de \u201cComida Di Buteco\u201d\" \/>\n<meta property=\"og:url\" content=\"https:\/\/jornalbeirario.com.br\/portal\/?p=8420\" \/>\n<meta property=\"og:site_name\" content=\"JORNAL BEIRA RIO\" \/>\n<meta property=\"article:published_time\" content=\"2013-04-26T11:42:34+00:00\" \/>\n<meta name=\"author\" content=\"Jornal BEIRA-RIO\" \/>\n<meta name=\"twitter:card\" content=\"summary_large_image\" \/>\n<meta name=\"twitter:label1\" content=\"Escrito por\" \/>\n\t<meta name=\"twitter:data1\" content=\"Jornal BEIRA-RIO\" \/>\n\t<meta name=\"twitter:label2\" content=\"Est. tempo de leitura\" \/>\n\t<meta name=\"twitter:data2\" content=\"5 minutos\" \/>\n<script type=\"application\/ld+json\" class=\"yoast-schema-graph\">{\"@context\":\"https:\\\/\\\/schema.org\",\"@graph\":[{\"@type\":\"Article\",\"@id\":\"https:\\\/\\\/jornalbeirario.com.br\\\/portal\\\/?p=8420#article\",\"isPartOf\":{\"@id\":\"https:\\\/\\\/jornalbeirario.com.br\\\/portal\\\/?p=8420\"},\"author\":{\"name\":\"Jornal BEIRA-RIO\",\"@id\":\"https:\\\/\\\/jornalbeirario.com.br\\\/portal\\\/#\\\/schema\\\/person\\\/c6c423e4c2465d2a9233f6539173e7c1\"},\"headline\":\"LA\u00cdS AMARAL\",\"datePublished\":\"2013-04-26T11:42:34+00:00\",\"mainEntityOfPage\":{\"@id\":\"https:\\\/\\\/jornalbeirario.com.br\\\/portal\\\/?p=8420\"},\"wordCount\":930,\"commentCount\":1,\"publisher\":{\"@id\":\"https:\\\/\\\/jornalbeirario.com.br\\\/portal\\\/#organization\"},\"articleSection\":[\"Social\"],\"inLanguage\":\"pt-BR\",\"potentialAction\":[{\"@type\":\"CommentAction\",\"name\":\"Comment\",\"target\":[\"https:\\\/\\\/jornalbeirario.com.br\\\/portal\\\/?p=8420#respond\"]}]},{\"@type\":\"WebPage\",\"@id\":\"https:\\\/\\\/jornalbeirario.com.br\\\/portal\\\/?p=8420\",\"url\":\"https:\\\/\\\/jornalbeirario.com.br\\\/portal\\\/?p=8420\",\"name\":\"LA\u00cdS AMARAL - JORNAL BEIRA RIO\",\"isPartOf\":{\"@id\":\"https:\\\/\\\/jornalbeirario.com.br\\\/portal\\\/#website\"},\"datePublished\":\"2013-04-26T11:42:34+00:00\",\"breadcrumb\":{\"@id\":\"https:\\\/\\\/jornalbeirario.com.br\\\/portal\\\/?p=8420#breadcrumb\"},\"inLanguage\":\"pt-BR\",\"potentialAction\":[{\"@type\":\"ReadAction\",\"target\":[\"https:\\\/\\\/jornalbeirario.com.br\\\/portal\\\/?p=8420\"]}]},{\"@type\":\"BreadcrumbList\",\"@id\":\"https:\\\/\\\/jornalbeirario.com.br\\\/portal\\\/?p=8420#breadcrumb\",\"itemListElement\":[{\"@type\":\"ListItem\",\"position\":1,\"name\":\"Home\",\"item\":\"https:\\\/\\\/jornalbeirario.com.br\\\/portal\"},{\"@type\":\"ListItem\",\"position\":2,\"name\":\"LA\u00cdS AMARAL\"}]},{\"@type\":\"WebSite\",\"@id\":\"https:\\\/\\\/jornalbeirario.com.br\\\/portal\\\/#website\",\"url\":\"https:\\\/\\\/jornalbeirario.com.br\\\/portal\\\/\",\"name\":\"JORNAL BEIRA RIO\",\"description\":\"\",\"publisher\":{\"@id\":\"https:\\\/\\\/jornalbeirario.com.br\\\/portal\\\/#organization\"},\"potentialAction\":[{\"@type\":\"SearchAction\",\"target\":{\"@type\":\"EntryPoint\",\"urlTemplate\":\"https:\\\/\\\/jornalbeirario.com.br\\\/portal\\\/?s={search_term_string}\"},\"query-input\":{\"@type\":\"PropertyValueSpecification\",\"valueRequired\":true,\"valueName\":\"search_term_string\"}}],\"inLanguage\":\"pt-BR\"},{\"@type\":\"Organization\",\"@id\":\"https:\\\/\\\/jornalbeirario.com.br\\\/portal\\\/#organization\",\"name\":\"JORNAL BEIRA RIO\",\"url\":\"https:\\\/\\\/jornalbeirario.com.br\\\/portal\\\/\",\"logo\":{\"@type\":\"ImageObject\",\"inLanguage\":\"pt-BR\",\"@id\":\"https:\\\/\\\/jornalbeirario.com.br\\\/portal\\\/#\\\/schema\\\/logo\\\/image\\\/\",\"url\":\"https:\\\/\\\/jornalbeirario.com.br\\\/portal\\\/wp-content\\\/uploads\\\/2017\\\/09\\\/BEIRA-RIO_logo600.png\",\"contentUrl\":\"https:\\\/\\\/jornalbeirario.com.br\\\/portal\\\/wp-content\\\/uploads\\\/2017\\\/09\\\/BEIRA-RIO_logo600.png\",\"width\":650,\"height\":108,\"caption\":\"JORNAL BEIRA RIO\"},\"image\":{\"@id\":\"https:\\\/\\\/jornalbeirario.com.br\\\/portal\\\/#\\\/schema\\\/logo\\\/image\\\/\"}},{\"@type\":\"Person\",\"@id\":\"https:\\\/\\\/jornalbeirario.com.br\\\/portal\\\/#\\\/schema\\\/person\\\/c6c423e4c2465d2a9233f6539173e7c1\",\"name\":\"Jornal BEIRA-RIO\",\"image\":{\"@type\":\"ImageObject\",\"inLanguage\":\"pt-BR\",\"@id\":\"https:\\\/\\\/jornalbeirario.com.br\\\/portal\\\/wp-content\\\/uploads\\\/2023\\\/10\\\/logojbr1.jpg\",\"url\":\"https:\\\/\\\/jornalbeirario.com.br\\\/portal\\\/wp-content\\\/uploads\\\/2023\\\/10\\\/logojbr1.jpg\",\"contentUrl\":\"https:\\\/\\\/jornalbeirario.com.br\\\/portal\\\/wp-content\\\/uploads\\\/2023\\\/10\\\/logojbr1.jpg\",\"caption\":\"Jornal BEIRA-RIO\"},\"url\":\"https:\\\/\\\/jornalbeirario.com.br\\\/portal\\\/?author=1\"}]}<\/script>\n<!-- \/ Yoast SEO plugin. -->","yoast_head_json":{"title":"LA\u00cdS AMARAL - JORNAL BEIRA RIO","robots":{"index":"index","follow":"follow","max-snippet":"max-snippet:-1","max-image-preview":"max-image-preview:large","max-video-preview":"max-video-preview:-1"},"canonical":"https:\/\/jornalbeirario.com.br\/portal\/?p=8420","og_locale":"pt_BR","og_type":"article","og_title":"LA\u00cdS AMARAL - JORNAL BEIRA RIO","og_description":"C\u00e9rgio \u00e9 o Rei do J\u00e1 Te Vi Comida de boteco est\u00e1 na moda. Agora mesmo est\u00e3o sendo realizados festivais de \u201cComida Di Buteco\u201d","og_url":"https:\/\/jornalbeirario.com.br\/portal\/?p=8420","og_site_name":"JORNAL BEIRA RIO","article_published_time":"2013-04-26T11:42:34+00:00","author":"Jornal BEIRA-RIO","twitter_card":"summary_large_image","twitter_misc":{"Escrito por":"Jornal BEIRA-RIO","Est. tempo de leitura":"5 minutos"},"schema":{"@context":"https:\/\/schema.org","@graph":[{"@type":"Article","@id":"https:\/\/jornalbeirario.com.br\/portal\/?p=8420#article","isPartOf":{"@id":"https:\/\/jornalbeirario.com.br\/portal\/?p=8420"},"author":{"name":"Jornal BEIRA-RIO","@id":"https:\/\/jornalbeirario.com.br\/portal\/#\/schema\/person\/c6c423e4c2465d2a9233f6539173e7c1"},"headline":"LA\u00cdS AMARAL","datePublished":"2013-04-26T11:42:34+00:00","mainEntityOfPage":{"@id":"https:\/\/jornalbeirario.com.br\/portal\/?p=8420"},"wordCount":930,"commentCount":1,"publisher":{"@id":"https:\/\/jornalbeirario.com.br\/portal\/#organization"},"articleSection":["Social"],"inLanguage":"pt-BR","potentialAction":[{"@type":"CommentAction","name":"Comment","target":["https:\/\/jornalbeirario.com.br\/portal\/?p=8420#respond"]}]},{"@type":"WebPage","@id":"https:\/\/jornalbeirario.com.br\/portal\/?p=8420","url":"https:\/\/jornalbeirario.com.br\/portal\/?p=8420","name":"LA\u00cdS AMARAL - JORNAL BEIRA RIO","isPartOf":{"@id":"https:\/\/jornalbeirario.com.br\/portal\/#website"},"datePublished":"2013-04-26T11:42:34+00:00","breadcrumb":{"@id":"https:\/\/jornalbeirario.com.br\/portal\/?p=8420#breadcrumb"},"inLanguage":"pt-BR","potentialAction":[{"@type":"ReadAction","target":["https:\/\/jornalbeirario.com.br\/portal\/?p=8420"]}]},{"@type":"BreadcrumbList","@id":"https:\/\/jornalbeirario.com.br\/portal\/?p=8420#breadcrumb","itemListElement":[{"@type":"ListItem","position":1,"name":"Home","item":"https:\/\/jornalbeirario.com.br\/portal"},{"@type":"ListItem","position":2,"name":"LA\u00cdS AMARAL"}]},{"@type":"WebSite","@id":"https:\/\/jornalbeirario.com.br\/portal\/#website","url":"https:\/\/jornalbeirario.com.br\/portal\/","name":"JORNAL BEIRA RIO","description":"","publisher":{"@id":"https:\/\/jornalbeirario.com.br\/portal\/#organization"},"potentialAction":[{"@type":"SearchAction","target":{"@type":"EntryPoint","urlTemplate":"https:\/\/jornalbeirario.com.br\/portal\/?s={search_term_string}"},"query-input":{"@type":"PropertyValueSpecification","valueRequired":true,"valueName":"search_term_string"}}],"inLanguage":"pt-BR"},{"@type":"Organization","@id":"https:\/\/jornalbeirario.com.br\/portal\/#organization","name":"JORNAL BEIRA RIO","url":"https:\/\/jornalbeirario.com.br\/portal\/","logo":{"@type":"ImageObject","inLanguage":"pt-BR","@id":"https:\/\/jornalbeirario.com.br\/portal\/#\/schema\/logo\/image\/","url":"https:\/\/jornalbeirario.com.br\/portal\/wp-content\/uploads\/2017\/09\/BEIRA-RIO_logo600.png","contentUrl":"https:\/\/jornalbeirario.com.br\/portal\/wp-content\/uploads\/2017\/09\/BEIRA-RIO_logo600.png","width":650,"height":108,"caption":"JORNAL BEIRA RIO"},"image":{"@id":"https:\/\/jornalbeirario.com.br\/portal\/#\/schema\/logo\/image\/"}},{"@type":"Person","@id":"https:\/\/jornalbeirario.com.br\/portal\/#\/schema\/person\/c6c423e4c2465d2a9233f6539173e7c1","name":"Jornal BEIRA-RIO","image":{"@type":"ImageObject","inLanguage":"pt-BR","@id":"https:\/\/jornalbeirario.com.br\/portal\/wp-content\/uploads\/2023\/10\/logojbr1.jpg","url":"https:\/\/jornalbeirario.com.br\/portal\/wp-content\/uploads\/2023\/10\/logojbr1.jpg","contentUrl":"https:\/\/jornalbeirario.com.br\/portal\/wp-content\/uploads\/2023\/10\/logojbr1.jpg","caption":"Jornal BEIRA-RIO"},"url":"https:\/\/jornalbeirario.com.br\/portal\/?author=1"}]}},"_links":{"self":[{"href":"https:\/\/jornalbeirario.com.br\/portal\/index.php?rest_route=\/wp\/v2\/posts\/8420","targetHints":{"allow":["GET"]}}],"collection":[{"href":"https:\/\/jornalbeirario.com.br\/portal\/index.php?rest_route=\/wp\/v2\/posts"}],"about":[{"href":"https:\/\/jornalbeirario.com.br\/portal\/index.php?rest_route=\/wp\/v2\/types\/post"}],"author":[{"embeddable":true,"href":"https:\/\/jornalbeirario.com.br\/portal\/index.php?rest_route=\/wp\/v2\/users\/1"}],"replies":[{"embeddable":true,"href":"https:\/\/jornalbeirario.com.br\/portal\/index.php?rest_route=%2Fwp%2Fv2%2Fcomments&post=8420"}],"version-history":[{"count":1,"href":"https:\/\/jornalbeirario.com.br\/portal\/index.php?rest_route=\/wp\/v2\/posts\/8420\/revisions"}],"predecessor-version":[{"id":8421,"href":"https:\/\/jornalbeirario.com.br\/portal\/index.php?rest_route=\/wp\/v2\/posts\/8420\/revisions\/8421"}],"wp:attachment":[{"href":"https:\/\/jornalbeirario.com.br\/portal\/index.php?rest_route=%2Fwp%2Fv2%2Fmedia&parent=8420"}],"wp:term":[{"taxonomy":"category","embeddable":true,"href":"https:\/\/jornalbeirario.com.br\/portal\/index.php?rest_route=%2Fwp%2Fv2%2Fcategories&post=8420"},{"taxonomy":"post_tag","embeddable":true,"href":"https:\/\/jornalbeirario.com.br\/portal\/index.php?rest_route=%2Fwp%2Fv2%2Ftags&post=8420"}],"curies":[{"name":"wp","href":"https:\/\/api.w.org\/{rel}","templated":true}]}}