
{"id":83990,"date":"2022-02-05T13:39:05","date_gmt":"2022-02-05T16:39:05","guid":{"rendered":"http:\/\/jornalbeirario.com.br\/portal\/?p=83990"},"modified":"2022-02-05T15:48:37","modified_gmt":"2022-02-05T18:48:37","slug":"itatiaia-tenta-escolher-seu-representante-definitivo-mais-uma-vez-sera-que-agora-vai","status":"publish","type":"post","link":"https:\/\/jornalbeirario.com.br\/portal\/?p=83990","title":{"rendered":"Interino afastado e elei\u00e7\u00f5es adiadas: Itatiaia \u00e0s v\u00e9speras do pleito suplementar"},"content":{"rendered":"<figure id=\"attachment_84033\" aria-describedby=\"caption-attachment-84033\" style=\"width: 300px\" class=\"wp-caption alignleft\"><img loading=\"lazy\" decoding=\"async\" class=\"size-medium wp-image-84033\" src=\"https:\/\/jornalbeirario.com.br\/portal\/wp-content\/uploads\/2022\/02\/irineu1-300x225.jpg\" alt=\"\" width=\"300\" height=\"225\" srcset=\"https:\/\/jornalbeirario.com.br\/portal\/wp-content\/uploads\/2022\/02\/irineu1-300x225.jpg 300w, https:\/\/jornalbeirario.com.br\/portal\/wp-content\/uploads\/2022\/02\/irineu1.jpg 640w\" sizes=\"auto, (max-width: 300px) 100vw, 300px\" \/><figcaption id=\"caption-attachment-84033\" class=\"wp-caption-text\">\u00danico candidato que inscreveu chapa em todas as tentativas de realiza\u00e7\u00e3o das elei\u00e7\u00f5es suplementares, Irineu (terceiro da esquerda pra direita) concorre mais uma vez<\/figcaption><\/figure>\n<p style=\"text-align: justify;\">Um &#8220;adesiva\u00e7o&#8221; realizado na manh\u00e3 deste s\u00e1bado, dia 5, na entrada do Centro de Itatiaia, abriu oficialmente a campanha para as elei\u00e7\u00f5es suplementares do munic\u00edpio, programadas para o dia 13 de mar\u00e7o, dos candidatos Irineu Nogueira (PTB) e de seu vice Denilson Sampaio (PSDB). Al\u00e9m deles, mais duas candidaturas tamb\u00e9m estar\u00e3o disputando a prefeitura: a do vereador Bruno Diniz (Solidariedade) com o candidato a vice Dr. M\u00e1rcio Braga (Cidadania), e a do ex-prefeito interino Silvano Rodrigues da Silva, o Vaninho (PSC) (atualmente presidente interino da C\u00e2mara) com o candidato a vice Dudu Pereira, do mesmo partido.<\/p>\n<p style=\"text-align: justify;\">Esta \u00e9 a terceira tentativa feita pelo Tribunal Regional Eleitoral do Rio de Janeiro (TRE-RJ) de promover as elei\u00e7\u00f5es suplementares no munic\u00edpio, uma vez que no ano de 2020 o ex-prefeito Eduardo Guedes e seu vice Jab\u00e1, ent\u00e3o eleitos, tiveram suas candidaturas indeferidas, deixando de ser diplomados e n\u00e3o podendo tomar posse, devido ao fato de Guedes ter concorrido para um terceiro mandato, o que \u00e9 proibido pela Constitui\u00e7\u00e3o nacional. E enquanto aguarda pelo novo pleito, tamb\u00e9m teve tr\u00eas diferentes prefeitos interinos, sendo um deles afastado por improbidade administrativa.<\/p>\n<p style=\"text-align: justify;\">A primeira tentativa era para que as elei\u00e7\u00f5es acontecessem no dia 12 de abril. Na ocasi\u00e3o, o Brasil &#8211; ainda iniciando a sua campanha de vacina\u00e7\u00e3o &#8211; vivia seu pior momento durante a pandemia da Covid-19, com um n\u00famero significativo de interna\u00e7\u00f5es em UTIs e enfermarias, al\u00e9m de um elevado n\u00famero de mortes, <a href=\"https:\/\/jornalbeirario.com.br\/portal\/?p=74072\">o que fez o tribunal adiar a data das suplementares<\/a> para Itatiaia e mais outros dois munic\u00edpios fluminenses, posteriormente remarcada para 12 de setembro.<\/p>\n<p style=\"text-align: justify;\">Nesse per\u00edodo, o munic\u00edpio passou por um momento turbulento na pol\u00edtica. Escolhido por unanimidade pelos vereadores no in\u00edcio do ano passado, o ent\u00e3o presidente eleito da C\u00e2mara, Imber\u00ea Moreira (PRTB), assumiu interinamente a prefeitura. Durante o per\u00edodo de campanha para as elei\u00e7\u00f5es suplementares de 11 de abril, chegou a se candidatar para permanecer no cargo, <a href=\"https:\/\/jornalbeirario.com.br\/portal\/?p=76166\">acabou sendo afastado ap\u00f3s a deflagra\u00e7\u00e3o da Opera\u00e7\u00e3o Aphantropia<\/a>, quando no dia 8 de junho, Imber\u00ea e mais tr\u00eas nomes de seu secretariado foram presos e afastados de seus cargos, sob a acusa\u00e7\u00e3o pela pr\u00e1tica de atos de improbidade administrativa.<\/p>\n<figure id=\"attachment_84032\" aria-describedby=\"caption-attachment-84032\" style=\"width: 300px\" class=\"wp-caption alignright\"><img loading=\"lazy\" decoding=\"async\" class=\"size-medium wp-image-84032\" src=\"https:\/\/jornalbeirario.com.br\/portal\/wp-content\/uploads\/2022\/02\/bruno1-300x225.jpg\" alt=\"\" width=\"300\" height=\"225\" srcset=\"https:\/\/jornalbeirario.com.br\/portal\/wp-content\/uploads\/2022\/02\/bruno1-300x225.jpg 300w, https:\/\/jornalbeirario.com.br\/portal\/wp-content\/uploads\/2022\/02\/bruno1.jpg 640w\" sizes=\"auto, (max-width: 300px) 100vw, 300px\" \/><figcaption id=\"caption-attachment-84032\" class=\"wp-caption-text\">Atualmente vereador no munic\u00edpio, o jovem Bruno Diniz tamb\u00e9m lan\u00e7ou sua campanha, ao lado de M\u00e1rcio Braga<\/figcaption><\/figure>\n<p style=\"text-align: justify;\">Em seu lugar, <a href=\"https:\/\/jornalbeirario.com.br\/portal\/?p=76241\">assumiu Vaninho, que era o presidente da C\u00e2mara na ocasi\u00e3o<\/a>, um dia ap\u00f3s o afastamento de Imber\u00ea (PRTB), com a determina\u00e7\u00e3o da ju\u00edza da Vara \u00danica de Itatiaia, Carolina Dubois, sendo <a href=\"https:\/\/jornalbeirario.com.br\/portal\/?p=76265\">que o mesmo tomou posse no dia seguinte ao da determina\u00e7\u00e3o judicial<\/a>. No m\u00eas seguinte, o TRE-RJ <a href=\"https:\/\/jornalbeirario.com.br\/portal\/?p=76798\">definiu uma nova data para as elei\u00e7\u00f5es<\/a>, que aconteceriam em 12 de setembro para Itatiaia, Silva Jardim, Santa Maria Madalena e Carapebus (os tr\u00eas \u00faltimos munic\u00edpios das regi\u00f5es Serrana e Baixada Litor\u00e2nea Fluminense).<\/p>\n<p style=\"text-align: justify;\">Para a segunda tentativa de pleito, <a href=\"https:\/\/jornalbeirario.com.br\/portal\/?p=77237\">al\u00e9m do empres\u00e1rio Irineu Nogueira, novos nomes entraram para concorrer, incluindo o de Vaninho<\/a>. Mas o munic\u00edpio, os candidatos e os eleitores levaram uma nova ducha de \u00e1gua fria. Em agosto, o ex-prefeito Eduardo Guedes <a href=\"https:\/\/jornalbeirario.com.br\/portal\/?p=78461\">conseguiu uma liminar no Supremo Tribunal Federal (STF)<\/a>, acolhida pelo ministro Ricardo Lewandowski, o que acabou suspendendo as elei\u00e7\u00f5es de setembro. Em novembro, o mesmo ministro <a href=\"https:\/\/jornalbeirario.com.br\/portal\/?p=82063\">voltou atr\u00e1s e derrubou a liminar<\/a>. Com isso, o TRE-RJ <a href=\"https:\/\/jornalbeirario.com.br\/portal\/?p=82634\">remarcou as elei\u00e7\u00f5es no m\u00eas seguinte para mar\u00e7o deste ano<\/a>.<\/p>\n<p style=\"text-align: justify;\">No final do ano passado, o munic\u00edpio trocou de interino mais uma vez. Ainda no mesmo m\u00eas em que foi derrubada a liminar do STF, a C\u00e2mara declarou vago o cargo de Presidente, at\u00e9 ent\u00e3o ocupado por Imber\u00ea. Com isso, houve a necessidade da realiza\u00e7\u00e3o de uma nova elei\u00e7\u00e3o para presidente do Legislativo no dia 15 de dezembro, sendo eleito novo prefeito interino e tomando posse no mesmo dia o vereador Thiago Rodrigues Moreira, conhecido como Thiaguinho (DEM), que permanecer\u00e1 no cargo at\u00e9 a posse do prefeito eleito nas elei\u00e7\u00f5es suplementares.<\/p>\n<figure id=\"attachment_76338\" aria-describedby=\"caption-attachment-76338\" style=\"width: 300px\" class=\"wp-caption alignleft\"><img loading=\"lazy\" decoding=\"async\" class=\"size-medium wp-image-76338\" src=\"https:\/\/jornalbeirario.com.br\/portal\/wp-content\/uploads\/2021\/06\/vaninho2-1-300x225.jpg\" alt=\"\" width=\"300\" height=\"225\" srcset=\"https:\/\/jornalbeirario.com.br\/portal\/wp-content\/uploads\/2021\/06\/vaninho2-1-300x225.jpg 300w, https:\/\/jornalbeirario.com.br\/portal\/wp-content\/uploads\/2021\/06\/vaninho2-1.jpg 640w\" sizes=\"auto, (max-width: 300px) 100vw, 300px\" \/><figcaption id=\"caption-attachment-76338\" class=\"wp-caption-text\">O ex-interino Vaninho tenta retornar em definitivo ao cargo de prefeito<\/figcaption><\/figure>\n<p style=\"text-align: justify;\">SEM R\u00c1DIO NEM TV<br \/>\nO TRE-RJ liberou neste s\u00e1bado a propaganda dos candidatos \u00e0s elei\u00e7\u00f5es suplementares de Itatiaia, sendo que as regras para a propaganda eleitoral nas elei\u00e7\u00f5es suplementares de Itatiaia foram estabelecidas na Resolu\u00e7\u00e3o TRE-RJ 1.201\/21.<\/p>\n<p style=\"text-align: justify;\">Segundo a resolu\u00e7\u00e3o, \u00e9 permitida a distribui\u00e7\u00e3o de material gr\u00e1fico de campanha e a propaganda por meio de adesivos em autom\u00f3veis, caminh\u00f5es, bicicletas, motocicletas e janelas residenciais, desde que n\u00e3o exceda o limite legal. E tamb\u00e9m a propaganda na internet, desde que gratuita, exceto o impulsionamento de conte\u00fados contratado por partidos, coliga\u00e7\u00f5es, candidatos e representantes legais. No entanto, n\u00e3o haver\u00e1 hor\u00e1rio eleitoral gratuito no r\u00e1dio e televis\u00e3o.<\/p>\n<p style=\"text-align: justify;\">Por outro lado, s\u00e3o proibidas quaisquer formas de propaganda em vias, locais ou edif\u00edcios p\u00fablicos, ou em bens privados abertos ao p\u00fablico. Tamb\u00e9m s\u00e3o proibidas a confec\u00e7\u00e3o e a distribui\u00e7\u00e3o de camisetas ou quaisquer outros brindes com as marcas ou dizeres da campanha, al\u00e9m da distribui\u00e7\u00e3o de cestas b\u00e1sicas, material de constru\u00e7\u00e3o ou qualquer outra oferta de benef\u00edcio ao eleitor ou \u00e0 eleitora em troca do voto.<\/p>\n<p style=\"text-align: justify;\">Devido a pandemia da Covid-19, eventos de propaganda eleitoral que envolvam contato pessoal e aglomera\u00e7\u00e3o de pessoas ter\u00e3o que respeitar restri\u00e7\u00f5es eventualmente impostas pelas autoridades p\u00fablicas. Os dados dos candidatos podem ser consultados no <a href=\"https:\/\/divulgacandcontas.tse.jus.br\/divulga\/#\/municipios\/2020\/1055102020\/58440\/candidatos\">DivulgaCandContas<\/a>.<\/p>\n<p><em>Fotos: Reprodu\u00e7\u00e3o\/Redes Sociais<\/em><\/p>\n","protected":false},"excerpt":{"rendered":"<p>Um &#8220;adesiva\u00e7o&#8221; realizado na manh\u00e3 deste s\u00e1bado, dia 5, na entrada do Centro de Itatiaia, abriu oficialmente a campanha para as elei\u00e7\u00f5es suplementares do<\/p>\n","protected":false},"author":1,"featured_media":73061,"comment_status":"open","ping_status":"open","sticky":false,"template":"","format":"standard","meta":{"pmpro_default_level":"","footnotes":""},"categories":[1,246,227],"tags":[],"class_list":["post-83990","post","type-post","status-publish","format-standard","has-post-thumbnail","hentry","category-cidade","category-eleicoes-suplementares","category-manchete","pmpro-has-access"],"yoast_head":"<!-- This site is optimized with the Yoast SEO plugin v27.4 - https:\/\/yoast.com\/product\/yoast-seo-wordpress\/ -->\n<title>Interino afastado e elei\u00e7\u00f5es adiadas: Itatiaia \u00e0s v\u00e9speras do pleito suplementar - JORNAL BEIRA RIO<\/title>\n<meta name=\"robots\" content=\"index, follow, max-snippet:-1, max-image-preview:large, max-video-preview:-1\" \/>\n<link rel=\"canonical\" href=\"https:\/\/jornalbeirario.com.br\/portal\/?p=83990\" \/>\n<meta property=\"og:locale\" content=\"pt_BR\" \/>\n<meta property=\"og:type\" content=\"article\" \/>\n<meta property=\"og:title\" content=\"Interino afastado e elei\u00e7\u00f5es adiadas: Itatiaia \u00e0s v\u00e9speras do pleito suplementar - JORNAL BEIRA RIO\" \/>\n<meta property=\"og:description\" content=\"Um &#8220;adesiva\u00e7o&#8221; realizado na manh\u00e3 deste s\u00e1bado, dia 5, na entrada do Centro de Itatiaia, abriu oficialmente a campanha para as elei\u00e7\u00f5es suplementares do\" \/>\n<meta property=\"og:url\" content=\"https:\/\/jornalbeirario.com.br\/portal\/?p=83990\" \/>\n<meta property=\"og:site_name\" content=\"JORNAL BEIRA RIO\" \/>\n<meta property=\"article:published_time\" content=\"2022-02-05T16:39:05+00:00\" \/>\n<meta property=\"article:modified_time\" content=\"2022-02-05T18:48:37+00:00\" \/>\n<meta property=\"og:image\" content=\"https:\/\/jornalbeirario.com.br\/portal\/wp-content\/uploads\/2021\/02\/itatiaiaeleicoes1.jpg\" \/>\n\t<meta property=\"og:image:width\" content=\"1100\" \/>\n\t<meta property=\"og:image:height\" content=\"470\" \/>\n\t<meta property=\"og:image:type\" content=\"image\/jpeg\" \/>\n<meta name=\"author\" content=\"Jornal BEIRA-RIO\" \/>\n<meta name=\"twitter:card\" content=\"summary_large_image\" \/>\n<meta name=\"twitter:label1\" content=\"Escrito por\" \/>\n\t<meta name=\"twitter:data1\" content=\"Jornal BEIRA-RIO\" \/>\n\t<meta name=\"twitter:label2\" content=\"Est. tempo de leitura\" \/>\n\t<meta name=\"twitter:data2\" content=\"5 minutos\" \/>\n<script type=\"application\/ld+json\" class=\"yoast-schema-graph\">{\"@context\":\"https:\\\/\\\/schema.org\",\"@graph\":[{\"@type\":\"Article\",\"@id\":\"https:\\\/\\\/jornalbeirario.com.br\\\/portal\\\/?p=83990#article\",\"isPartOf\":{\"@id\":\"https:\\\/\\\/jornalbeirario.com.br\\\/portal\\\/?p=83990\"},\"author\":{\"name\":\"Jornal BEIRA-RIO\",\"@id\":\"https:\\\/\\\/jornalbeirario.com.br\\\/portal\\\/#\\\/schema\\\/person\\\/c6c423e4c2465d2a9233f6539173e7c1\"},\"headline\":\"Interino afastado e elei\u00e7\u00f5es adiadas: Itatiaia \u00e0s v\u00e9speras do pleito suplementar\",\"datePublished\":\"2022-02-05T16:39:05+00:00\",\"dateModified\":\"2022-02-05T18:48:37+00:00\",\"mainEntityOfPage\":{\"@id\":\"https:\\\/\\\/jornalbeirario.com.br\\\/portal\\\/?p=83990\"},\"wordCount\":1009,\"commentCount\":0,\"publisher\":{\"@id\":\"https:\\\/\\\/jornalbeirario.com.br\\\/portal\\\/#organization\"},\"image\":{\"@id\":\"https:\\\/\\\/jornalbeirario.com.br\\\/portal\\\/?p=83990#primaryimage\"},\"thumbnailUrl\":\"https:\\\/\\\/jornalbeirario.com.br\\\/portal\\\/wp-content\\\/uploads\\\/2021\\\/02\\\/itatiaiaeleicoes1.jpg\",\"articleSection\":[\"Cidade\",\"Elei\u00e7\u00f5es Suplementares\",\"Manchete\"],\"inLanguage\":\"pt-BR\",\"potentialAction\":[{\"@type\":\"CommentAction\",\"name\":\"Comment\",\"target\":[\"https:\\\/\\\/jornalbeirario.com.br\\\/portal\\\/?p=83990#respond\"]}]},{\"@type\":\"WebPage\",\"@id\":\"https:\\\/\\\/jornalbeirario.com.br\\\/portal\\\/?p=83990\",\"url\":\"https:\\\/\\\/jornalbeirario.com.br\\\/portal\\\/?p=83990\",\"name\":\"Interino afastado e elei\u00e7\u00f5es adiadas: Itatiaia \u00e0s v\u00e9speras do pleito suplementar - JORNAL BEIRA RIO\",\"isPartOf\":{\"@id\":\"https:\\\/\\\/jornalbeirario.com.br\\\/portal\\\/#website\"},\"primaryImageOfPage\":{\"@id\":\"https:\\\/\\\/jornalbeirario.com.br\\\/portal\\\/?p=83990#primaryimage\"},\"image\":{\"@id\":\"https:\\\/\\\/jornalbeirario.com.br\\\/portal\\\/?p=83990#primaryimage\"},\"thumbnailUrl\":\"https:\\\/\\\/jornalbeirario.com.br\\\/portal\\\/wp-content\\\/uploads\\\/2021\\\/02\\\/itatiaiaeleicoes1.jpg\",\"datePublished\":\"2022-02-05T16:39:05+00:00\",\"dateModified\":\"2022-02-05T18:48:37+00:00\",\"breadcrumb\":{\"@id\":\"https:\\\/\\\/jornalbeirario.com.br\\\/portal\\\/?p=83990#breadcrumb\"},\"inLanguage\":\"pt-BR\",\"potentialAction\":[{\"@type\":\"ReadAction\",\"target\":[\"https:\\\/\\\/jornalbeirario.com.br\\\/portal\\\/?p=83990\"]}]},{\"@type\":\"ImageObject\",\"inLanguage\":\"pt-BR\",\"@id\":\"https:\\\/\\\/jornalbeirario.com.br\\\/portal\\\/?p=83990#primaryimage\",\"url\":\"https:\\\/\\\/jornalbeirario.com.br\\\/portal\\\/wp-content\\\/uploads\\\/2021\\\/02\\\/itatiaiaeleicoes1.jpg\",\"contentUrl\":\"https:\\\/\\\/jornalbeirario.com.br\\\/portal\\\/wp-content\\\/uploads\\\/2021\\\/02\\\/itatiaiaeleicoes1.jpg\",\"width\":1100,\"height\":470},{\"@type\":\"BreadcrumbList\",\"@id\":\"https:\\\/\\\/jornalbeirario.com.br\\\/portal\\\/?p=83990#breadcrumb\",\"itemListElement\":[{\"@type\":\"ListItem\",\"position\":1,\"name\":\"Home\",\"item\":\"https:\\\/\\\/jornalbeirario.com.br\\\/portal\"},{\"@type\":\"ListItem\",\"position\":2,\"name\":\"Interino afastado e elei\u00e7\u00f5es adiadas: Itatiaia \u00e0s v\u00e9speras do pleito suplementar\"}]},{\"@type\":\"WebSite\",\"@id\":\"https:\\\/\\\/jornalbeirario.com.br\\\/portal\\\/#website\",\"url\":\"https:\\\/\\\/jornalbeirario.com.br\\\/portal\\\/\",\"name\":\"JORNAL BEIRA RIO\",\"description\":\"\",\"publisher\":{\"@id\":\"https:\\\/\\\/jornalbeirario.com.br\\\/portal\\\/#organization\"},\"potentialAction\":[{\"@type\":\"SearchAction\",\"target\":{\"@type\":\"EntryPoint\",\"urlTemplate\":\"https:\\\/\\\/jornalbeirario.com.br\\\/portal\\\/?s={search_term_string}\"},\"query-input\":{\"@type\":\"PropertyValueSpecification\",\"valueRequired\":true,\"valueName\":\"search_term_string\"}}],\"inLanguage\":\"pt-BR\"},{\"@type\":\"Organization\",\"@id\":\"https:\\\/\\\/jornalbeirario.com.br\\\/portal\\\/#organization\",\"name\":\"JORNAL BEIRA RIO\",\"url\":\"https:\\\/\\\/jornalbeirario.com.br\\\/portal\\\/\",\"logo\":{\"@type\":\"ImageObject\",\"inLanguage\":\"pt-BR\",\"@id\":\"https:\\\/\\\/jornalbeirario.com.br\\\/portal\\\/#\\\/schema\\\/logo\\\/image\\\/\",\"url\":\"https:\\\/\\\/jornalbeirario.com.br\\\/portal\\\/wp-content\\\/uploads\\\/2017\\\/09\\\/BEIRA-RIO_logo600.png\",\"contentUrl\":\"https:\\\/\\\/jornalbeirario.com.br\\\/portal\\\/wp-content\\\/uploads\\\/2017\\\/09\\\/BEIRA-RIO_logo600.png\",\"width\":650,\"height\":108,\"caption\":\"JORNAL BEIRA RIO\"},\"image\":{\"@id\":\"https:\\\/\\\/jornalbeirario.com.br\\\/portal\\\/#\\\/schema\\\/logo\\\/image\\\/\"}},{\"@type\":\"Person\",\"@id\":\"https:\\\/\\\/jornalbeirario.com.br\\\/portal\\\/#\\\/schema\\\/person\\\/c6c423e4c2465d2a9233f6539173e7c1\",\"name\":\"Jornal BEIRA-RIO\",\"image\":{\"@type\":\"ImageObject\",\"inLanguage\":\"pt-BR\",\"@id\":\"https:\\\/\\\/jornalbeirario.com.br\\\/portal\\\/wp-content\\\/uploads\\\/2023\\\/10\\\/logojbr1.jpg\",\"url\":\"https:\\\/\\\/jornalbeirario.com.br\\\/portal\\\/wp-content\\\/uploads\\\/2023\\\/10\\\/logojbr1.jpg\",\"contentUrl\":\"https:\\\/\\\/jornalbeirario.com.br\\\/portal\\\/wp-content\\\/uploads\\\/2023\\\/10\\\/logojbr1.jpg\",\"caption\":\"Jornal BEIRA-RIO\"},\"url\":\"https:\\\/\\\/jornalbeirario.com.br\\\/portal\\\/?author=1\"}]}<\/script>\n<!-- \/ Yoast SEO plugin. -->","yoast_head_json":{"title":"Interino afastado e elei\u00e7\u00f5es adiadas: Itatiaia \u00e0s v\u00e9speras do pleito suplementar - JORNAL BEIRA RIO","robots":{"index":"index","follow":"follow","max-snippet":"max-snippet:-1","max-image-preview":"max-image-preview:large","max-video-preview":"max-video-preview:-1"},"canonical":"https:\/\/jornalbeirario.com.br\/portal\/?p=83990","og_locale":"pt_BR","og_type":"article","og_title":"Interino afastado e elei\u00e7\u00f5es adiadas: Itatiaia \u00e0s v\u00e9speras do pleito suplementar - JORNAL BEIRA RIO","og_description":"Um &#8220;adesiva\u00e7o&#8221; realizado na manh\u00e3 deste s\u00e1bado, dia 5, na entrada do Centro de Itatiaia, abriu oficialmente a campanha para as elei\u00e7\u00f5es suplementares do","og_url":"https:\/\/jornalbeirario.com.br\/portal\/?p=83990","og_site_name":"JORNAL BEIRA RIO","article_published_time":"2022-02-05T16:39:05+00:00","article_modified_time":"2022-02-05T18:48:37+00:00","og_image":[{"width":1100,"height":470,"url":"https:\/\/jornalbeirario.com.br\/portal\/wp-content\/uploads\/2021\/02\/itatiaiaeleicoes1.jpg","type":"image\/jpeg"}],"author":"Jornal BEIRA-RIO","twitter_card":"summary_large_image","twitter_misc":{"Escrito por":"Jornal BEIRA-RIO","Est. tempo de leitura":"5 minutos"},"schema":{"@context":"https:\/\/schema.org","@graph":[{"@type":"Article","@id":"https:\/\/jornalbeirario.com.br\/portal\/?p=83990#article","isPartOf":{"@id":"https:\/\/jornalbeirario.com.br\/portal\/?p=83990"},"author":{"name":"Jornal BEIRA-RIO","@id":"https:\/\/jornalbeirario.com.br\/portal\/#\/schema\/person\/c6c423e4c2465d2a9233f6539173e7c1"},"headline":"Interino afastado e elei\u00e7\u00f5es adiadas: Itatiaia \u00e0s v\u00e9speras do pleito suplementar","datePublished":"2022-02-05T16:39:05+00:00","dateModified":"2022-02-05T18:48:37+00:00","mainEntityOfPage":{"@id":"https:\/\/jornalbeirario.com.br\/portal\/?p=83990"},"wordCount":1009,"commentCount":0,"publisher":{"@id":"https:\/\/jornalbeirario.com.br\/portal\/#organization"},"image":{"@id":"https:\/\/jornalbeirario.com.br\/portal\/?p=83990#primaryimage"},"thumbnailUrl":"https:\/\/jornalbeirario.com.br\/portal\/wp-content\/uploads\/2021\/02\/itatiaiaeleicoes1.jpg","articleSection":["Cidade","Elei\u00e7\u00f5es Suplementares","Manchete"],"inLanguage":"pt-BR","potentialAction":[{"@type":"CommentAction","name":"Comment","target":["https:\/\/jornalbeirario.com.br\/portal\/?p=83990#respond"]}]},{"@type":"WebPage","@id":"https:\/\/jornalbeirario.com.br\/portal\/?p=83990","url":"https:\/\/jornalbeirario.com.br\/portal\/?p=83990","name":"Interino afastado e elei\u00e7\u00f5es adiadas: Itatiaia \u00e0s v\u00e9speras do pleito suplementar - JORNAL BEIRA RIO","isPartOf":{"@id":"https:\/\/jornalbeirario.com.br\/portal\/#website"},"primaryImageOfPage":{"@id":"https:\/\/jornalbeirario.com.br\/portal\/?p=83990#primaryimage"},"image":{"@id":"https:\/\/jornalbeirario.com.br\/portal\/?p=83990#primaryimage"},"thumbnailUrl":"https:\/\/jornalbeirario.com.br\/portal\/wp-content\/uploads\/2021\/02\/itatiaiaeleicoes1.jpg","datePublished":"2022-02-05T16:39:05+00:00","dateModified":"2022-02-05T18:48:37+00:00","breadcrumb":{"@id":"https:\/\/jornalbeirario.com.br\/portal\/?p=83990#breadcrumb"},"inLanguage":"pt-BR","potentialAction":[{"@type":"ReadAction","target":["https:\/\/jornalbeirario.com.br\/portal\/?p=83990"]}]},{"@type":"ImageObject","inLanguage":"pt-BR","@id":"https:\/\/jornalbeirario.com.br\/portal\/?p=83990#primaryimage","url":"https:\/\/jornalbeirario.com.br\/portal\/wp-content\/uploads\/2021\/02\/itatiaiaeleicoes1.jpg","contentUrl":"https:\/\/jornalbeirario.com.br\/portal\/wp-content\/uploads\/2021\/02\/itatiaiaeleicoes1.jpg","width":1100,"height":470},{"@type":"BreadcrumbList","@id":"https:\/\/jornalbeirario.com.br\/portal\/?p=83990#breadcrumb","itemListElement":[{"@type":"ListItem","position":1,"name":"Home","item":"https:\/\/jornalbeirario.com.br\/portal"},{"@type":"ListItem","position":2,"name":"Interino afastado e elei\u00e7\u00f5es adiadas: Itatiaia \u00e0s v\u00e9speras do pleito suplementar"}]},{"@type":"WebSite","@id":"https:\/\/jornalbeirario.com.br\/portal\/#website","url":"https:\/\/jornalbeirario.com.br\/portal\/","name":"JORNAL BEIRA RIO","description":"","publisher":{"@id":"https:\/\/jornalbeirario.com.br\/portal\/#organization"},"potentialAction":[{"@type":"SearchAction","target":{"@type":"EntryPoint","urlTemplate":"https:\/\/jornalbeirario.com.br\/portal\/?s={search_term_string}"},"query-input":{"@type":"PropertyValueSpecification","valueRequired":true,"valueName":"search_term_string"}}],"inLanguage":"pt-BR"},{"@type":"Organization","@id":"https:\/\/jornalbeirario.com.br\/portal\/#organization","name":"JORNAL BEIRA RIO","url":"https:\/\/jornalbeirario.com.br\/portal\/","logo":{"@type":"ImageObject","inLanguage":"pt-BR","@id":"https:\/\/jornalbeirario.com.br\/portal\/#\/schema\/logo\/image\/","url":"https:\/\/jornalbeirario.com.br\/portal\/wp-content\/uploads\/2017\/09\/BEIRA-RIO_logo600.png","contentUrl":"https:\/\/jornalbeirario.com.br\/portal\/wp-content\/uploads\/2017\/09\/BEIRA-RIO_logo600.png","width":650,"height":108,"caption":"JORNAL BEIRA RIO"},"image":{"@id":"https:\/\/jornalbeirario.com.br\/portal\/#\/schema\/logo\/image\/"}},{"@type":"Person","@id":"https:\/\/jornalbeirario.com.br\/portal\/#\/schema\/person\/c6c423e4c2465d2a9233f6539173e7c1","name":"Jornal BEIRA-RIO","image":{"@type":"ImageObject","inLanguage":"pt-BR","@id":"https:\/\/jornalbeirario.com.br\/portal\/wp-content\/uploads\/2023\/10\/logojbr1.jpg","url":"https:\/\/jornalbeirario.com.br\/portal\/wp-content\/uploads\/2023\/10\/logojbr1.jpg","contentUrl":"https:\/\/jornalbeirario.com.br\/portal\/wp-content\/uploads\/2023\/10\/logojbr1.jpg","caption":"Jornal BEIRA-RIO"},"url":"https:\/\/jornalbeirario.com.br\/portal\/?author=1"}]}},"_links":{"self":[{"href":"https:\/\/jornalbeirario.com.br\/portal\/index.php?rest_route=\/wp\/v2\/posts\/83990","targetHints":{"allow":["GET"]}}],"collection":[{"href":"https:\/\/jornalbeirario.com.br\/portal\/index.php?rest_route=\/wp\/v2\/posts"}],"about":[{"href":"https:\/\/jornalbeirario.com.br\/portal\/index.php?rest_route=\/wp\/v2\/types\/post"}],"author":[{"embeddable":true,"href":"https:\/\/jornalbeirario.com.br\/portal\/index.php?rest_route=\/wp\/v2\/users\/1"}],"replies":[{"embeddable":true,"href":"https:\/\/jornalbeirario.com.br\/portal\/index.php?rest_route=%2Fwp%2Fv2%2Fcomments&post=83990"}],"version-history":[{"count":40,"href":"https:\/\/jornalbeirario.com.br\/portal\/index.php?rest_route=\/wp\/v2\/posts\/83990\/revisions"}],"predecessor-version":[{"id":84042,"href":"https:\/\/jornalbeirario.com.br\/portal\/index.php?rest_route=\/wp\/v2\/posts\/83990\/revisions\/84042"}],"wp:featuredmedia":[{"embeddable":true,"href":"https:\/\/jornalbeirario.com.br\/portal\/index.php?rest_route=\/wp\/v2\/media\/73061"}],"wp:attachment":[{"href":"https:\/\/jornalbeirario.com.br\/portal\/index.php?rest_route=%2Fwp%2Fv2%2Fmedia&parent=83990"}],"wp:term":[{"taxonomy":"category","embeddable":true,"href":"https:\/\/jornalbeirario.com.br\/portal\/index.php?rest_route=%2Fwp%2Fv2%2Fcategories&post=83990"},{"taxonomy":"post_tag","embeddable":true,"href":"https:\/\/jornalbeirario.com.br\/portal\/index.php?rest_route=%2Fwp%2Fv2%2Ftags&post=83990"}],"curies":[{"name":"wp","href":"https:\/\/api.w.org\/{rel}","templated":true}]}}