
{"id":83412,"date":"2022-01-21T17:05:04","date_gmt":"2022-01-21T20:05:04","guid":{"rendered":"http:\/\/jornalbeirario.com.br\/portal\/?p=83412"},"modified":"2022-01-21T18:32:37","modified_gmt":"2022-01-21T21:32:37","slug":"criancas-com-armas-na-area-de-treino-de-tiros-da-aman","status":"publish","type":"post","link":"https:\/\/jornalbeirario.com.br\/portal\/?p=83412","title":{"rendered":"Crian\u00e7as com armas na \u00e1rea de treino de tiros da Aman"},"content":{"rendered":"<figure id=\"attachment_83423\" aria-describedby=\"caption-attachment-83423\" style=\"width: 300px\" class=\"wp-caption alignright\"><img loading=\"lazy\" decoding=\"async\" class=\"wp-image-83423 size-medium\" src=\"https:\/\/jornalbeirario.com.br\/portal\/wp-content\/uploads\/2022\/01\/criancaarma1-300x225.jpg\" alt=\"\" width=\"300\" height=\"225\" srcset=\"https:\/\/jornalbeirario.com.br\/portal\/wp-content\/uploads\/2022\/01\/criancaarma1-300x225.jpg 300w, https:\/\/jornalbeirario.com.br\/portal\/wp-content\/uploads\/2022\/01\/criancaarma1.jpg 640w\" sizes=\"auto, (max-width: 300px) 100vw, 300px\" \/><figcaption id=\"caption-attachment-83423\" class=\"wp-caption-text\">Militar aproveitou per\u00edodo de lazer para levar filho em Estande de Tiro (Foto: Reprodu\u00e7\u00e3o\/Redes Sociais)<\/figcaption><\/figure>\n<p style=\"text-align: justify;\">O jornal BEIRA-RIO recebeu nesta quinta-feira, dia 20, fotos que circulam nas redes sociais mostrando uma crian\u00e7a segurando arma no Estande de Tiro da Aman, levada pelo pai, que atua como terceiro-sargento (o jornal n\u00e3o citar\u00e1 o nome do militar para n\u00e3o expor a fam\u00edlia). O militar registrou o momento, demonstrando o mesmo ser um programa de entretenimento em fam\u00edlia.<\/p>\n<p style=\"text-align: justify;\">O ato \u00e9 considerado ilegal, de acordo com o artigo 16 da <a href=\"http:\/\/www.planalto.gov.br\/ccivil_03\/leis\/2003\/l10.826.htm\">Lei n\u00ba 10.826\/03, no \u00a7 1\u00ba, inciso V<\/a>, que pune as condutas de vender, entregar ou fornecer, ainda que gratuitamente, arma de fogo, acess\u00f3rio, muni\u00e7\u00e3o ou explosivo a crian\u00e7a ou adolescente. O Estatuto da Crian\u00e7a e do Adolescente tamb\u00e9m inclui essa proibi\u00e7\u00e3o em seu artigo 242.<\/p>\n<p style=\"text-align: justify;\">O ato cometido pelo terceiro-sargento da Aman repete o mau exemplo dado pelo presidente da Rep\u00fablica, Jair Bolsonaro (PL), que em alguns compromissos p\u00fablicos tem naturalizado a transgress\u00e3o da lei, quando com crian\u00e7as no colo faz o &#8220;gesto da arminha&#8221; e que defende abertamente a aquisi\u00e7\u00e3o de armas no pa\u00eds.<\/p>\n<figure id=\"attachment_83422\" aria-describedby=\"caption-attachment-83422\" style=\"width: 300px\" class=\"wp-caption alignleft\"><img loading=\"lazy\" decoding=\"async\" class=\"size-medium wp-image-83422\" src=\"https:\/\/jornalbeirario.com.br\/portal\/wp-content\/uploads\/2022\/01\/bolsonarocrianca1-300x225.jpg\" alt=\"\" width=\"300\" height=\"225\" srcset=\"https:\/\/jornalbeirario.com.br\/portal\/wp-content\/uploads\/2022\/01\/bolsonarocrianca1-300x225.jpg 300w, https:\/\/jornalbeirario.com.br\/portal\/wp-content\/uploads\/2022\/01\/bolsonarocrianca1.jpg 640w\" sizes=\"auto, (max-width: 300px) 100vw, 300px\" \/><figcaption id=\"caption-attachment-83422\" class=\"wp-caption-text\">Bolsonaro fez gesto da arminha com crian\u00e7a no colo durante campanha presidencial (Foto reprodu\u00e7\u00e3o: Dida Sampaio\/Estad\u00e3o Conte\u00fado)<\/figcaption><\/figure>\n<p style=\"text-align: justify;\">O <strong>BEIRA-RIO<\/strong> solicitou \u00e0 assessoria de comunica\u00e7\u00e3o da Aman um pronunciamento sobre o assunto. Em nota, a Se\u00e7\u00e3o de Comunica\u00e7\u00e3o Social da Aman informou que o e-mail com a informa\u00e7\u00e3o foi enviado no dia 30 de dezembro de 2021, mas s\u00f3 tomou conhecimento, no in\u00edcio de janeiro por causa do recesso do final do ano, sobre a publica\u00e7\u00e3o em redes sociais das fotos do militar, acompanhado de sua fam\u00edlia, no Estande de Tiro.<\/p>\n<p style=\"text-align: justify;\">Ainda de acordo com a nota, no mesmo dia, o Comando da Academia Militar determinou a abertura de Procedimento Administrativo para apurar poss\u00edveis viola\u00e7\u00f5es de regulamento ou qualquer norma vigente. O BEIRA-RIO perguntou sobre o prazo para a investiga\u00e7\u00e3o e que tipo de procedimento foi aberto, mas a Assessoria n\u00e3o soube responder.<\/p>\n<p style=\"text-align: justify;\">O BEIRA-RIO entrou em contato com o coordenador do Conselho Tutelar de Resende, Jos\u00e9 Henrique Vale Freire e enviou as fotos tiradas das redes sociais. Freire informou que &#8220;o Conselho desconhecia as fotos e vai apurar os fatos e fazer contato com a Aman para notificar o pai&#8221;.<\/p>\n","protected":false},"excerpt":{"rendered":"<p>O jornal BEIRA-RIO recebeu nesta quinta-feira, dia 20, fotos que circulam nas redes sociais mostrando uma crian\u00e7a segurando arma no Estande de Tiro da<\/p>\n","protected":false},"author":1,"featured_media":83423,"comment_status":"open","ping_status":"open","sticky":false,"template":"","format":"standard","meta":{"pmpro_default_level":"","footnotes":""},"categories":[1,28,175,11],"tags":[],"class_list":["post-83412","post","type-post","status-publish","format-standard","has-post-thumbnail","hentry","category-cidade","category-educacao","category-justica","category-politica","pmpro-has-access"],"yoast_head":"<!-- This site is optimized with the Yoast SEO plugin v27.4 - https:\/\/yoast.com\/product\/yoast-seo-wordpress\/ -->\n<title>Crian\u00e7as com armas na \u00e1rea de treino de tiros da Aman - JORNAL BEIRA RIO<\/title>\n<meta name=\"robots\" content=\"index, follow, max-snippet:-1, max-image-preview:large, max-video-preview:-1\" \/>\n<link rel=\"canonical\" href=\"https:\/\/jornalbeirario.com.br\/portal\/?p=83412\" \/>\n<meta property=\"og:locale\" content=\"pt_BR\" \/>\n<meta property=\"og:type\" content=\"article\" \/>\n<meta property=\"og:title\" content=\"Crian\u00e7as com armas na \u00e1rea de treino de tiros da Aman - JORNAL BEIRA RIO\" \/>\n<meta property=\"og:description\" content=\"O jornal BEIRA-RIO recebeu nesta quinta-feira, dia 20, fotos que circulam nas redes sociais mostrando uma crian\u00e7a segurando arma no Estande de Tiro da\" \/>\n<meta property=\"og:url\" content=\"https:\/\/jornalbeirario.com.br\/portal\/?p=83412\" \/>\n<meta property=\"og:site_name\" content=\"JORNAL BEIRA RIO\" \/>\n<meta property=\"article:published_time\" content=\"2022-01-21T20:05:04+00:00\" \/>\n<meta property=\"article:modified_time\" content=\"2022-01-21T21:32:37+00:00\" \/>\n<meta property=\"og:image\" content=\"https:\/\/jornalbeirario.com.br\/portal\/wp-content\/uploads\/2022\/01\/criancaarma1.jpg\" \/>\n\t<meta property=\"og:image:width\" content=\"640\" \/>\n\t<meta property=\"og:image:height\" content=\"480\" \/>\n\t<meta property=\"og:image:type\" content=\"image\/jpeg\" \/>\n<meta name=\"author\" content=\"Jornal BEIRA-RIO\" \/>\n<meta name=\"twitter:card\" content=\"summary_large_image\" \/>\n<meta name=\"twitter:label1\" content=\"Escrito por\" \/>\n\t<meta name=\"twitter:data1\" content=\"Jornal BEIRA-RIO\" \/>\n\t<meta name=\"twitter:label2\" content=\"Est. tempo de leitura\" \/>\n\t<meta name=\"twitter:data2\" content=\"2 minutos\" \/>\n<script type=\"application\/ld+json\" class=\"yoast-schema-graph\">{\"@context\":\"https:\\\/\\\/schema.org\",\"@graph\":[{\"@type\":\"Article\",\"@id\":\"https:\\\/\\\/jornalbeirario.com.br\\\/portal\\\/?p=83412#article\",\"isPartOf\":{\"@id\":\"https:\\\/\\\/jornalbeirario.com.br\\\/portal\\\/?p=83412\"},\"author\":{\"name\":\"Jornal BEIRA-RIO\",\"@id\":\"https:\\\/\\\/jornalbeirario.com.br\\\/portal\\\/#\\\/schema\\\/person\\\/c6c423e4c2465d2a9233f6539173e7c1\"},\"headline\":\"Crian\u00e7as com armas na \u00e1rea de treino de tiros da Aman\",\"datePublished\":\"2022-01-21T20:05:04+00:00\",\"dateModified\":\"2022-01-21T21:32:37+00:00\",\"mainEntityOfPage\":{\"@id\":\"https:\\\/\\\/jornalbeirario.com.br\\\/portal\\\/?p=83412\"},\"wordCount\":425,\"commentCount\":2,\"publisher\":{\"@id\":\"https:\\\/\\\/jornalbeirario.com.br\\\/portal\\\/#organization\"},\"image\":{\"@id\":\"https:\\\/\\\/jornalbeirario.com.br\\\/portal\\\/?p=83412#primaryimage\"},\"thumbnailUrl\":\"https:\\\/\\\/jornalbeirario.com.br\\\/portal\\\/wp-content\\\/uploads\\\/2022\\\/01\\\/criancaarma1.jpg\",\"articleSection\":[\"Cidade\",\"Educa\u00e7\u00e3o\",\"Justi\u00e7a\",\"Pol\u00edtica\"],\"inLanguage\":\"pt-BR\",\"potentialAction\":[{\"@type\":\"CommentAction\",\"name\":\"Comment\",\"target\":[\"https:\\\/\\\/jornalbeirario.com.br\\\/portal\\\/?p=83412#respond\"]}]},{\"@type\":\"WebPage\",\"@id\":\"https:\\\/\\\/jornalbeirario.com.br\\\/portal\\\/?p=83412\",\"url\":\"https:\\\/\\\/jornalbeirario.com.br\\\/portal\\\/?p=83412\",\"name\":\"Crian\u00e7as com armas na \u00e1rea de treino de tiros da Aman - JORNAL BEIRA RIO\",\"isPartOf\":{\"@id\":\"https:\\\/\\\/jornalbeirario.com.br\\\/portal\\\/#website\"},\"primaryImageOfPage\":{\"@id\":\"https:\\\/\\\/jornalbeirario.com.br\\\/portal\\\/?p=83412#primaryimage\"},\"image\":{\"@id\":\"https:\\\/\\\/jornalbeirario.com.br\\\/portal\\\/?p=83412#primaryimage\"},\"thumbnailUrl\":\"https:\\\/\\\/jornalbeirario.com.br\\\/portal\\\/wp-content\\\/uploads\\\/2022\\\/01\\\/criancaarma1.jpg\",\"datePublished\":\"2022-01-21T20:05:04+00:00\",\"dateModified\":\"2022-01-21T21:32:37+00:00\",\"breadcrumb\":{\"@id\":\"https:\\\/\\\/jornalbeirario.com.br\\\/portal\\\/?p=83412#breadcrumb\"},\"inLanguage\":\"pt-BR\",\"potentialAction\":[{\"@type\":\"ReadAction\",\"target\":[\"https:\\\/\\\/jornalbeirario.com.br\\\/portal\\\/?p=83412\"]}]},{\"@type\":\"ImageObject\",\"inLanguage\":\"pt-BR\",\"@id\":\"https:\\\/\\\/jornalbeirario.com.br\\\/portal\\\/?p=83412#primaryimage\",\"url\":\"https:\\\/\\\/jornalbeirario.com.br\\\/portal\\\/wp-content\\\/uploads\\\/2022\\\/01\\\/criancaarma1.jpg\",\"contentUrl\":\"https:\\\/\\\/jornalbeirario.com.br\\\/portal\\\/wp-content\\\/uploads\\\/2022\\\/01\\\/criancaarma1.jpg\",\"width\":640,\"height\":480},{\"@type\":\"BreadcrumbList\",\"@id\":\"https:\\\/\\\/jornalbeirario.com.br\\\/portal\\\/?p=83412#breadcrumb\",\"itemListElement\":[{\"@type\":\"ListItem\",\"position\":1,\"name\":\"Home\",\"item\":\"https:\\\/\\\/jornalbeirario.com.br\\\/portal\"},{\"@type\":\"ListItem\",\"position\":2,\"name\":\"Crian\u00e7as com armas na \u00e1rea de treino de tiros da Aman\"}]},{\"@type\":\"WebSite\",\"@id\":\"https:\\\/\\\/jornalbeirario.com.br\\\/portal\\\/#website\",\"url\":\"https:\\\/\\\/jornalbeirario.com.br\\\/portal\\\/\",\"name\":\"JORNAL BEIRA RIO\",\"description\":\"\",\"publisher\":{\"@id\":\"https:\\\/\\\/jornalbeirario.com.br\\\/portal\\\/#organization\"},\"potentialAction\":[{\"@type\":\"SearchAction\",\"target\":{\"@type\":\"EntryPoint\",\"urlTemplate\":\"https:\\\/\\\/jornalbeirario.com.br\\\/portal\\\/?s={search_term_string}\"},\"query-input\":{\"@type\":\"PropertyValueSpecification\",\"valueRequired\":true,\"valueName\":\"search_term_string\"}}],\"inLanguage\":\"pt-BR\"},{\"@type\":\"Organization\",\"@id\":\"https:\\\/\\\/jornalbeirario.com.br\\\/portal\\\/#organization\",\"name\":\"JORNAL BEIRA RIO\",\"url\":\"https:\\\/\\\/jornalbeirario.com.br\\\/portal\\\/\",\"logo\":{\"@type\":\"ImageObject\",\"inLanguage\":\"pt-BR\",\"@id\":\"https:\\\/\\\/jornalbeirario.com.br\\\/portal\\\/#\\\/schema\\\/logo\\\/image\\\/\",\"url\":\"https:\\\/\\\/jornalbeirario.com.br\\\/portal\\\/wp-content\\\/uploads\\\/2017\\\/09\\\/BEIRA-RIO_logo600.png\",\"contentUrl\":\"https:\\\/\\\/jornalbeirario.com.br\\\/portal\\\/wp-content\\\/uploads\\\/2017\\\/09\\\/BEIRA-RIO_logo600.png\",\"width\":650,\"height\":108,\"caption\":\"JORNAL BEIRA RIO\"},\"image\":{\"@id\":\"https:\\\/\\\/jornalbeirario.com.br\\\/portal\\\/#\\\/schema\\\/logo\\\/image\\\/\"}},{\"@type\":\"Person\",\"@id\":\"https:\\\/\\\/jornalbeirario.com.br\\\/portal\\\/#\\\/schema\\\/person\\\/c6c423e4c2465d2a9233f6539173e7c1\",\"name\":\"Jornal BEIRA-RIO\",\"image\":{\"@type\":\"ImageObject\",\"inLanguage\":\"pt-BR\",\"@id\":\"https:\\\/\\\/jornalbeirario.com.br\\\/portal\\\/wp-content\\\/uploads\\\/2023\\\/10\\\/logojbr1.jpg\",\"url\":\"https:\\\/\\\/jornalbeirario.com.br\\\/portal\\\/wp-content\\\/uploads\\\/2023\\\/10\\\/logojbr1.jpg\",\"contentUrl\":\"https:\\\/\\\/jornalbeirario.com.br\\\/portal\\\/wp-content\\\/uploads\\\/2023\\\/10\\\/logojbr1.jpg\",\"caption\":\"Jornal BEIRA-RIO\"},\"url\":\"https:\\\/\\\/jornalbeirario.com.br\\\/portal\\\/?author=1\"}]}<\/script>\n<!-- \/ Yoast SEO plugin. -->","yoast_head_json":{"title":"Crian\u00e7as com armas na \u00e1rea de treino de tiros da Aman - JORNAL BEIRA RIO","robots":{"index":"index","follow":"follow","max-snippet":"max-snippet:-1","max-image-preview":"max-image-preview:large","max-video-preview":"max-video-preview:-1"},"canonical":"https:\/\/jornalbeirario.com.br\/portal\/?p=83412","og_locale":"pt_BR","og_type":"article","og_title":"Crian\u00e7as com armas na \u00e1rea de treino de tiros da Aman - JORNAL BEIRA RIO","og_description":"O jornal BEIRA-RIO recebeu nesta quinta-feira, dia 20, fotos que circulam nas redes sociais mostrando uma crian\u00e7a segurando arma no Estande de Tiro da","og_url":"https:\/\/jornalbeirario.com.br\/portal\/?p=83412","og_site_name":"JORNAL BEIRA RIO","article_published_time":"2022-01-21T20:05:04+00:00","article_modified_time":"2022-01-21T21:32:37+00:00","og_image":[{"width":640,"height":480,"url":"https:\/\/jornalbeirario.com.br\/portal\/wp-content\/uploads\/2022\/01\/criancaarma1.jpg","type":"image\/jpeg"}],"author":"Jornal BEIRA-RIO","twitter_card":"summary_large_image","twitter_misc":{"Escrito por":"Jornal BEIRA-RIO","Est. tempo de leitura":"2 minutos"},"schema":{"@context":"https:\/\/schema.org","@graph":[{"@type":"Article","@id":"https:\/\/jornalbeirario.com.br\/portal\/?p=83412#article","isPartOf":{"@id":"https:\/\/jornalbeirario.com.br\/portal\/?p=83412"},"author":{"name":"Jornal BEIRA-RIO","@id":"https:\/\/jornalbeirario.com.br\/portal\/#\/schema\/person\/c6c423e4c2465d2a9233f6539173e7c1"},"headline":"Crian\u00e7as com armas na \u00e1rea de treino de tiros da Aman","datePublished":"2022-01-21T20:05:04+00:00","dateModified":"2022-01-21T21:32:37+00:00","mainEntityOfPage":{"@id":"https:\/\/jornalbeirario.com.br\/portal\/?p=83412"},"wordCount":425,"commentCount":2,"publisher":{"@id":"https:\/\/jornalbeirario.com.br\/portal\/#organization"},"image":{"@id":"https:\/\/jornalbeirario.com.br\/portal\/?p=83412#primaryimage"},"thumbnailUrl":"https:\/\/jornalbeirario.com.br\/portal\/wp-content\/uploads\/2022\/01\/criancaarma1.jpg","articleSection":["Cidade","Educa\u00e7\u00e3o","Justi\u00e7a","Pol\u00edtica"],"inLanguage":"pt-BR","potentialAction":[{"@type":"CommentAction","name":"Comment","target":["https:\/\/jornalbeirario.com.br\/portal\/?p=83412#respond"]}]},{"@type":"WebPage","@id":"https:\/\/jornalbeirario.com.br\/portal\/?p=83412","url":"https:\/\/jornalbeirario.com.br\/portal\/?p=83412","name":"Crian\u00e7as com armas na \u00e1rea de treino de tiros da Aman - JORNAL BEIRA RIO","isPartOf":{"@id":"https:\/\/jornalbeirario.com.br\/portal\/#website"},"primaryImageOfPage":{"@id":"https:\/\/jornalbeirario.com.br\/portal\/?p=83412#primaryimage"},"image":{"@id":"https:\/\/jornalbeirario.com.br\/portal\/?p=83412#primaryimage"},"thumbnailUrl":"https:\/\/jornalbeirario.com.br\/portal\/wp-content\/uploads\/2022\/01\/criancaarma1.jpg","datePublished":"2022-01-21T20:05:04+00:00","dateModified":"2022-01-21T21:32:37+00:00","breadcrumb":{"@id":"https:\/\/jornalbeirario.com.br\/portal\/?p=83412#breadcrumb"},"inLanguage":"pt-BR","potentialAction":[{"@type":"ReadAction","target":["https:\/\/jornalbeirario.com.br\/portal\/?p=83412"]}]},{"@type":"ImageObject","inLanguage":"pt-BR","@id":"https:\/\/jornalbeirario.com.br\/portal\/?p=83412#primaryimage","url":"https:\/\/jornalbeirario.com.br\/portal\/wp-content\/uploads\/2022\/01\/criancaarma1.jpg","contentUrl":"https:\/\/jornalbeirario.com.br\/portal\/wp-content\/uploads\/2022\/01\/criancaarma1.jpg","width":640,"height":480},{"@type":"BreadcrumbList","@id":"https:\/\/jornalbeirario.com.br\/portal\/?p=83412#breadcrumb","itemListElement":[{"@type":"ListItem","position":1,"name":"Home","item":"https:\/\/jornalbeirario.com.br\/portal"},{"@type":"ListItem","position":2,"name":"Crian\u00e7as com armas na \u00e1rea de treino de tiros da Aman"}]},{"@type":"WebSite","@id":"https:\/\/jornalbeirario.com.br\/portal\/#website","url":"https:\/\/jornalbeirario.com.br\/portal\/","name":"JORNAL BEIRA RIO","description":"","publisher":{"@id":"https:\/\/jornalbeirario.com.br\/portal\/#organization"},"potentialAction":[{"@type":"SearchAction","target":{"@type":"EntryPoint","urlTemplate":"https:\/\/jornalbeirario.com.br\/portal\/?s={search_term_string}"},"query-input":{"@type":"PropertyValueSpecification","valueRequired":true,"valueName":"search_term_string"}}],"inLanguage":"pt-BR"},{"@type":"Organization","@id":"https:\/\/jornalbeirario.com.br\/portal\/#organization","name":"JORNAL BEIRA RIO","url":"https:\/\/jornalbeirario.com.br\/portal\/","logo":{"@type":"ImageObject","inLanguage":"pt-BR","@id":"https:\/\/jornalbeirario.com.br\/portal\/#\/schema\/logo\/image\/","url":"https:\/\/jornalbeirario.com.br\/portal\/wp-content\/uploads\/2017\/09\/BEIRA-RIO_logo600.png","contentUrl":"https:\/\/jornalbeirario.com.br\/portal\/wp-content\/uploads\/2017\/09\/BEIRA-RIO_logo600.png","width":650,"height":108,"caption":"JORNAL BEIRA RIO"},"image":{"@id":"https:\/\/jornalbeirario.com.br\/portal\/#\/schema\/logo\/image\/"}},{"@type":"Person","@id":"https:\/\/jornalbeirario.com.br\/portal\/#\/schema\/person\/c6c423e4c2465d2a9233f6539173e7c1","name":"Jornal BEIRA-RIO","image":{"@type":"ImageObject","inLanguage":"pt-BR","@id":"https:\/\/jornalbeirario.com.br\/portal\/wp-content\/uploads\/2023\/10\/logojbr1.jpg","url":"https:\/\/jornalbeirario.com.br\/portal\/wp-content\/uploads\/2023\/10\/logojbr1.jpg","contentUrl":"https:\/\/jornalbeirario.com.br\/portal\/wp-content\/uploads\/2023\/10\/logojbr1.jpg","caption":"Jornal BEIRA-RIO"},"url":"https:\/\/jornalbeirario.com.br\/portal\/?author=1"}]}},"_links":{"self":[{"href":"https:\/\/jornalbeirario.com.br\/portal\/index.php?rest_route=\/wp\/v2\/posts\/83412","targetHints":{"allow":["GET"]}}],"collection":[{"href":"https:\/\/jornalbeirario.com.br\/portal\/index.php?rest_route=\/wp\/v2\/posts"}],"about":[{"href":"https:\/\/jornalbeirario.com.br\/portal\/index.php?rest_route=\/wp\/v2\/types\/post"}],"author":[{"embeddable":true,"href":"https:\/\/jornalbeirario.com.br\/portal\/index.php?rest_route=\/wp\/v2\/users\/1"}],"replies":[{"embeddable":true,"href":"https:\/\/jornalbeirario.com.br\/portal\/index.php?rest_route=%2Fwp%2Fv2%2Fcomments&post=83412"}],"version-history":[{"count":27,"href":"https:\/\/jornalbeirario.com.br\/portal\/index.php?rest_route=\/wp\/v2\/posts\/83412\/revisions"}],"predecessor-version":[{"id":83456,"href":"https:\/\/jornalbeirario.com.br\/portal\/index.php?rest_route=\/wp\/v2\/posts\/83412\/revisions\/83456"}],"wp:featuredmedia":[{"embeddable":true,"href":"https:\/\/jornalbeirario.com.br\/portal\/index.php?rest_route=\/wp\/v2\/media\/83423"}],"wp:attachment":[{"href":"https:\/\/jornalbeirario.com.br\/portal\/index.php?rest_route=%2Fwp%2Fv2%2Fmedia&parent=83412"}],"wp:term":[{"taxonomy":"category","embeddable":true,"href":"https:\/\/jornalbeirario.com.br\/portal\/index.php?rest_route=%2Fwp%2Fv2%2Fcategories&post=83412"},{"taxonomy":"post_tag","embeddable":true,"href":"https:\/\/jornalbeirario.com.br\/portal\/index.php?rest_route=%2Fwp%2Fv2%2Ftags&post=83412"}],"curies":[{"name":"wp","href":"https:\/\/api.w.org\/{rel}","templated":true}]}}