
{"id":83373,"date":"2022-01-20T08:59:29","date_gmt":"2022-01-20T11:59:29","guid":{"rendered":"http:\/\/jornalbeirario.com.br\/portal\/?p=83373"},"modified":"2022-01-20T08:59:29","modified_gmt":"2022-01-20T11:59:29","slug":"no-dia-de-hoje-20-de-janeiro","status":"publish","type":"post","link":"https:\/\/jornalbeirario.com.br\/portal\/?p=83373","title":{"rendered":"No Dia de Hoje &#8211; 20 de janeiro"},"content":{"rendered":"<figure id=\"attachment_83376\" aria-describedby=\"caption-attachment-83376\" style=\"width: 300px\" class=\"wp-caption alignright\"><img loading=\"lazy\" decoding=\"async\" class=\"size-medium wp-image-83376\" src=\"https:\/\/jornalbeirario.com.br\/portal\/wp-content\/uploads\/2022\/01\/saosebastiao1-300x225.jpg\" alt=\"\" width=\"300\" height=\"225\" srcset=\"https:\/\/jornalbeirario.com.br\/portal\/wp-content\/uploads\/2022\/01\/saosebastiao1-300x225.jpg 300w, https:\/\/jornalbeirario.com.br\/portal\/wp-content\/uploads\/2022\/01\/saosebastiao1.jpg 640w\" sizes=\"auto, (max-width: 300px) 100vw, 300px\" \/><figcaption id=\"caption-attachment-83376\" class=\"wp-caption-text\">Imagem de S\u00e3o Sebasti\u00e3o em frente \u00e0 Igreja Matriz, em Barra Mansa (Foto: Reprodu\u00e7\u00e3o\/Redes Sociais)<\/figcaption><\/figure>\n<p style=\"text-align: justify;\">Dia 20 de janeiro \u00e9 celebrado o Dia de S\u00e3o Sebasti\u00e3o. Nascido em Narbonne, na Fran\u00e7a, no ano de 256, e morador de Mil\u00e3o, foi um m\u00e1rtir e santo crist\u00e3o, morto durante a persegui\u00e7\u00e3o levada a cabo pelo imperador romano Diocleciano.<\/p>\n<p style=\"text-align: justify;\">De acordo com textos ap\u00f3crifos, atribu\u00eddos a Santo Ambr\u00f3sio de Mil\u00e3o, Sebasti\u00e3o era um soldado que teria se alistado no ex\u00e9rcito romano por volta de 283 com a \u00fanica inten\u00e7\u00e3o de afirmar o cora\u00e7\u00e3o dos crist\u00e3os, enfraquecido diante das torturas. Era querido dos imperadores Diocleciano e Maximiano, que o queriam sempre pr\u00f3ximo, ignorando tratar-se de um crist\u00e3o e, por isso, o designaram capit\u00e3o da sua guarda pessoal, a Guarda Pretoriana.<\/p>\n<p style=\"text-align: justify;\">Por volta de 286, a sua conduta branda para com os prisioneiros crist\u00e3os levou o imperador a julg\u00e1-lo sumariamente como traidor, tendo ordenado a sua execu\u00e7\u00e3o por meio de flechas (que se tornaram s\u00edmbolo constante na sua iconografia). Foi dado como morto e atirado em um rio, por\u00e9m, Sebasti\u00e3o n\u00e3o havia falecido. Encontrado e socorrido por Irene (Santa Irene), apresentou-se novamente diante de Diocleciano, que ordenou ent\u00e3o que ele fosse espancado at\u00e9 a morte. Seu corpo foi jogado no esgoto p\u00fablico de Roma. Luciana (Santa Luciana, cujo dia \u00e9 comemorado a 30 de Junho) resgatou seu corpo, limpou-o, e sepultou-o nas catacumbas.<\/p>\n<p style=\"text-align: justify;\">Existem inconsist\u00eancias no relato da vida de S\u00e3o Sebasti\u00e3o: o \u00e9dito que autorizava a persegui\u00e7\u00e3o sistem\u00e1tica dos crist\u00e3os pelo Imp\u00e9rio foi publicado apenas em 303 (depois da Era Comum), pelo que a data tradicional do mart\u00edrio de S\u00e3o Sebasti\u00e3o parece precoce. O simbolismo na Hist\u00f3ria, como no caso de Jonas, No\u00e9 e tamb\u00e9m de S\u00e3o Sebasti\u00e3o, \u00e9 visto, pelas lideran\u00e7as crist\u00e3s atuais, como alegoria, mito, fragmento de hist\u00f3rias, uma constru\u00e7\u00e3o hist\u00f3rica que atravessou s\u00e9culos.<\/p>\n<p style=\"text-align: justify;\">Tal como S\u00e3o Jorge, Sebasti\u00e3o foi um dos soldados romanos m\u00e1rtires e santos, cujo culto nasceu no s\u00e9culo IV e que atingiu o seu auge na Baixa Idade M\u00e9dia, designadamente nos s\u00e9culos XIV e XV, tanto na Igreja Cat\u00f3lica como na Igreja Ortodoxa. Embora os seus mart\u00edrios possam provocar algum ceticismo junto dos estudiosos atuais, certos detalhes s\u00e3o consistentes com atitudes de m\u00e1rtires crist\u00e3os seus contempor\u00e2neos.<\/p>\n<p style=\"text-align: justify;\">No Brasil, ele \u00e9 celebrado com festas e feriados no dia 20 de janeiro como padroeiro de v\u00e1rias cidades. No territ\u00f3rio fluminense, a cidade do Rio de Janeiro, assim como Barra Mansa, Tr\u00eas Rios, Aperib\u00e9, Araruama, Nil\u00f3polis, Mesquita, Macabuzinho (2\u00ba distrito de Concei\u00e7\u00e3o de Macabu), S\u00e3o Sebasti\u00e3o do Alto e Austin (Unidade Regional de Nova Igua\u00e7u) celebram a data.<\/p>\n<p style=\"text-align: justify;\"><em>Fonte: Wikip\u00e9dia<\/em><\/p>\n","protected":false},"excerpt":{"rendered":"<p>Dia 20 de janeiro \u00e9 celebrado o Dia de S\u00e3o Sebasti\u00e3o. Nascido em Narbonne, na Fran\u00e7a, no ano de 256, e morador de Mil\u00e3o,<\/p>\n","protected":false},"author":1,"featured_media":83376,"comment_status":"open","ping_status":"open","sticky":false,"template":"","format":"standard","meta":{"pmpro_default_level":"","footnotes":"","_members_access_role":[],"_members_access_error":""},"categories":[248],"tags":[],"class_list":["post-83373","post","type-post","status-publish","format-standard","has-post-thumbnail","hentry","category-fatos-e-curiosidades","pmpro-has-access"],"yoast_head":"<!-- This site is optimized with the Yoast SEO plugin v28.4 - https:\/\/yoast.com\/product\/yoast-seo-wordpress\/ -->\n<title>No Dia de Hoje - 20 de janeiro - JORNAL BEIRA RIO<\/title>\n<meta name=\"robots\" content=\"index, follow, max-snippet:-1, max-image-preview:large, max-video-preview:-1\" \/>\n<link rel=\"canonical\" href=\"https:\/\/jornalbeirario.com.br\/portal\/?p=83373\" \/>\n<meta property=\"og:locale\" content=\"pt_BR\" \/>\n<meta property=\"og:type\" content=\"article\" \/>\n<meta property=\"og:title\" content=\"No Dia de Hoje - 20 de janeiro - JORNAL BEIRA RIO\" \/>\n<meta property=\"og:description\" content=\"Dia 20 de janeiro \u00e9 celebrado o Dia de S\u00e3o Sebasti\u00e3o. Nascido em Narbonne, na Fran\u00e7a, no ano de 256, e morador de Mil\u00e3o,\" \/>\n<meta property=\"og:url\" content=\"https:\/\/jornalbeirario.com.br\/portal\/?p=83373\" \/>\n<meta property=\"og:site_name\" content=\"JORNAL BEIRA RIO\" \/>\n<meta property=\"article:published_time\" content=\"2022-01-20T11:59:29+00:00\" \/>\n<meta property=\"og:image\" content=\"https:\/\/jornalbeirario.com.br\/portal\/wp-content\/uploads\/2022\/01\/saosebastiao1.jpg\" \/>\n\t<meta property=\"og:image:width\" content=\"640\" \/>\n\t<meta property=\"og:image:height\" content=\"480\" \/>\n\t<meta property=\"og:image:type\" content=\"image\/jpeg\" \/>\n<meta name=\"author\" content=\"Jornal BEIRA-RIO\" \/>\n<meta name=\"twitter:card\" content=\"summary_large_image\" \/>\n<meta name=\"twitter:label1\" content=\"Escrito por\" \/>\n\t<meta name=\"twitter:data1\" content=\"Jornal BEIRA-RIO\" \/>\n\t<meta name=\"twitter:label2\" content=\"Est. tempo de leitura\" \/>\n\t<meta name=\"twitter:data2\" content=\"2 minutos\" \/>\n<script type=\"application\/ld+json\" class=\"yoast-schema-graph\">{\"@context\":\"https:\\\/\\\/schema.org\",\"@graph\":[{\"@type\":\"Article\",\"@id\":\"https:\\\/\\\/jornalbeirario.com.br\\\/portal\\\/?p=83373#article\",\"isPartOf\":{\"@id\":\"https:\\\/\\\/jornalbeirario.com.br\\\/portal\\\/?p=83373\"},\"author\":{\"name\":\"Jornal BEIRA-RIO\",\"@id\":\"https:\\\/\\\/jornalbeirario.com.br\\\/portal\\\/#\\\/schema\\\/person\\\/c6c423e4c2465d2a9233f6539173e7c1\"},\"headline\":\"No Dia de Hoje &#8211; 20 de janeiro\",\"datePublished\":\"2022-01-20T11:59:29+00:00\",\"mainEntityOfPage\":{\"@id\":\"https:\\\/\\\/jornalbeirario.com.br\\\/portal\\\/?p=83373\"},\"wordCount\":503,\"commentCount\":0,\"publisher\":{\"@id\":\"https:\\\/\\\/jornalbeirario.com.br\\\/portal\\\/#organization\"},\"image\":{\"@id\":\"https:\\\/\\\/jornalbeirario.com.br\\\/portal\\\/?p=83373#primaryimage\"},\"thumbnailUrl\":\"https:\\\/\\\/jornalbeirario.com.br\\\/portal\\\/wp-content\\\/uploads\\\/2022\\\/01\\\/saosebastiao1.jpg\",\"articleSection\":[\"Fatos e curiosidades\"],\"inLanguage\":\"pt-BR\",\"potentialAction\":[{\"@type\":\"CommentAction\",\"name\":\"Comment\",\"target\":[\"https:\\\/\\\/jornalbeirario.com.br\\\/portal\\\/?p=83373#respond\"]}]},{\"@type\":\"WebPage\",\"@id\":\"https:\\\/\\\/jornalbeirario.com.br\\\/portal\\\/?p=83373\",\"url\":\"https:\\\/\\\/jornalbeirario.com.br\\\/portal\\\/?p=83373\",\"name\":\"No Dia de Hoje - 20 de janeiro - JORNAL BEIRA RIO\",\"isPartOf\":{\"@id\":\"https:\\\/\\\/jornalbeirario.com.br\\\/portal\\\/#website\"},\"primaryImageOfPage\":{\"@id\":\"https:\\\/\\\/jornalbeirario.com.br\\\/portal\\\/?p=83373#primaryimage\"},\"image\":{\"@id\":\"https:\\\/\\\/jornalbeirario.com.br\\\/portal\\\/?p=83373#primaryimage\"},\"thumbnailUrl\":\"https:\\\/\\\/jornalbeirario.com.br\\\/portal\\\/wp-content\\\/uploads\\\/2022\\\/01\\\/saosebastiao1.jpg\",\"datePublished\":\"2022-01-20T11:59:29+00:00\",\"breadcrumb\":{\"@id\":\"https:\\\/\\\/jornalbeirario.com.br\\\/portal\\\/?p=83373#breadcrumb\"},\"inLanguage\":\"pt-BR\",\"potentialAction\":[{\"@type\":\"ReadAction\",\"target\":[\"https:\\\/\\\/jornalbeirario.com.br\\\/portal\\\/?p=83373\"]}]},{\"@type\":\"ImageObject\",\"inLanguage\":\"pt-BR\",\"@id\":\"https:\\\/\\\/jornalbeirario.com.br\\\/portal\\\/?p=83373#primaryimage\",\"url\":\"https:\\\/\\\/jornalbeirario.com.br\\\/portal\\\/wp-content\\\/uploads\\\/2022\\\/01\\\/saosebastiao1.jpg\",\"contentUrl\":\"https:\\\/\\\/jornalbeirario.com.br\\\/portal\\\/wp-content\\\/uploads\\\/2022\\\/01\\\/saosebastiao1.jpg\",\"width\":640,\"height\":480,\"caption\":\"Imagem de S\u00e3o Sebasti\u00e3o em frente \u00e0 Igreja Matriz, em Barra Mansa (Foto: Reprodu\u00e7\u00e3o\\\/Redes Sociais)\"},{\"@type\":\"BreadcrumbList\",\"@id\":\"https:\\\/\\\/jornalbeirario.com.br\\\/portal\\\/?p=83373#breadcrumb\",\"itemListElement\":[{\"@type\":\"ListItem\",\"position\":1,\"name\":\"Home\",\"item\":\"https:\\\/\\\/jornalbeirario.com.br\\\/portal\"},{\"@type\":\"ListItem\",\"position\":2,\"name\":\"No Dia de Hoje &#8211; 20 de janeiro\"}]},{\"@type\":\"WebSite\",\"@id\":\"https:\\\/\\\/jornalbeirario.com.br\\\/portal\\\/#website\",\"url\":\"https:\\\/\\\/jornalbeirario.com.br\\\/portal\\\/\",\"name\":\"JORNAL BEIRA RIO\",\"description\":\"\",\"publisher\":{\"@id\":\"https:\\\/\\\/jornalbeirario.com.br\\\/portal\\\/#organization\"},\"potentialAction\":[{\"@type\":\"SearchAction\",\"target\":{\"@type\":\"EntryPoint\",\"urlTemplate\":\"https:\\\/\\\/jornalbeirario.com.br\\\/portal\\\/?s={search_term_string}\"},\"query-input\":{\"@type\":\"PropertyValueSpecification\",\"valueRequired\":true,\"valueName\":\"search_term_string\"}}],\"inLanguage\":\"pt-BR\"},{\"@type\":\"Organization\",\"@id\":\"https:\\\/\\\/jornalbeirario.com.br\\\/portal\\\/#organization\",\"name\":\"JORNAL BEIRA RIO\",\"url\":\"https:\\\/\\\/jornalbeirario.com.br\\\/portal\\\/\",\"logo\":{\"@type\":\"ImageObject\",\"inLanguage\":\"pt-BR\",\"@id\":\"https:\\\/\\\/jornalbeirario.com.br\\\/portal\\\/#\\\/schema\\\/logo\\\/image\\\/\",\"url\":\"https:\\\/\\\/jornalbeirario.com.br\\\/portal\\\/wp-content\\\/uploads\\\/2017\\\/09\\\/BEIRA-RIO_logo600.png\",\"contentUrl\":\"https:\\\/\\\/jornalbeirario.com.br\\\/portal\\\/wp-content\\\/uploads\\\/2017\\\/09\\\/BEIRA-RIO_logo600.png\",\"width\":650,\"height\":108,\"caption\":\"JORNAL BEIRA RIO\"},\"image\":{\"@id\":\"https:\\\/\\\/jornalbeirario.com.br\\\/portal\\\/#\\\/schema\\\/logo\\\/image\\\/\"}},{\"@type\":\"Person\",\"@id\":\"https:\\\/\\\/jornalbeirario.com.br\\\/portal\\\/#\\\/schema\\\/person\\\/c6c423e4c2465d2a9233f6539173e7c1\",\"name\":\"Jornal BEIRA-RIO\",\"image\":{\"@type\":\"ImageObject\",\"inLanguage\":\"pt-BR\",\"@id\":\"https:\\\/\\\/jornalbeirario.com.br\\\/portal\\\/wp-content\\\/uploads\\\/2023\\\/10\\\/logojbr1.jpg\",\"url\":\"https:\\\/\\\/jornalbeirario.com.br\\\/portal\\\/wp-content\\\/uploads\\\/2023\\\/10\\\/logojbr1.jpg\",\"contentUrl\":\"https:\\\/\\\/jornalbeirario.com.br\\\/portal\\\/wp-content\\\/uploads\\\/2023\\\/10\\\/logojbr1.jpg\",\"caption\":\"Jornal BEIRA-RIO\"},\"url\":\"https:\\\/\\\/jornalbeirario.com.br\\\/portal\\\/?author=1\"}]}<\/script>\n<!-- \/ Yoast SEO plugin. -->","yoast_head_json":{"title":"No Dia de Hoje - 20 de janeiro - JORNAL BEIRA RIO","robots":{"index":"index","follow":"follow","max-snippet":"max-snippet:-1","max-image-preview":"max-image-preview:large","max-video-preview":"max-video-preview:-1"},"canonical":"https:\/\/jornalbeirario.com.br\/portal\/?p=83373","og_locale":"pt_BR","og_type":"article","og_title":"No Dia de Hoje - 20 de janeiro - JORNAL BEIRA RIO","og_description":"Dia 20 de janeiro \u00e9 celebrado o Dia de S\u00e3o Sebasti\u00e3o. Nascido em Narbonne, na Fran\u00e7a, no ano de 256, e morador de Mil\u00e3o,","og_url":"https:\/\/jornalbeirario.com.br\/portal\/?p=83373","og_site_name":"JORNAL BEIRA RIO","article_published_time":"2022-01-20T11:59:29+00:00","og_image":[{"width":640,"height":480,"url":"https:\/\/jornalbeirario.com.br\/portal\/wp-content\/uploads\/2022\/01\/saosebastiao1.jpg","type":"image\/jpeg"}],"author":"Jornal BEIRA-RIO","twitter_card":"summary_large_image","twitter_misc":{"Escrito por":"Jornal BEIRA-RIO","Est. tempo de leitura":"2 minutos"},"schema":{"@context":"https:\/\/schema.org","@graph":[{"@type":"Article","@id":"https:\/\/jornalbeirario.com.br\/portal\/?p=83373#article","isPartOf":{"@id":"https:\/\/jornalbeirario.com.br\/portal\/?p=83373"},"author":{"name":"Jornal BEIRA-RIO","@id":"https:\/\/jornalbeirario.com.br\/portal\/#\/schema\/person\/c6c423e4c2465d2a9233f6539173e7c1"},"headline":"No Dia de Hoje &#8211; 20 de janeiro","datePublished":"2022-01-20T11:59:29+00:00","mainEntityOfPage":{"@id":"https:\/\/jornalbeirario.com.br\/portal\/?p=83373"},"wordCount":503,"commentCount":0,"publisher":{"@id":"https:\/\/jornalbeirario.com.br\/portal\/#organization"},"image":{"@id":"https:\/\/jornalbeirario.com.br\/portal\/?p=83373#primaryimage"},"thumbnailUrl":"https:\/\/jornalbeirario.com.br\/portal\/wp-content\/uploads\/2022\/01\/saosebastiao1.jpg","articleSection":["Fatos e curiosidades"],"inLanguage":"pt-BR","potentialAction":[{"@type":"CommentAction","name":"Comment","target":["https:\/\/jornalbeirario.com.br\/portal\/?p=83373#respond"]}]},{"@type":"WebPage","@id":"https:\/\/jornalbeirario.com.br\/portal\/?p=83373","url":"https:\/\/jornalbeirario.com.br\/portal\/?p=83373","name":"No Dia de Hoje - 20 de janeiro - JORNAL BEIRA RIO","isPartOf":{"@id":"https:\/\/jornalbeirario.com.br\/portal\/#website"},"primaryImageOfPage":{"@id":"https:\/\/jornalbeirario.com.br\/portal\/?p=83373#primaryimage"},"image":{"@id":"https:\/\/jornalbeirario.com.br\/portal\/?p=83373#primaryimage"},"thumbnailUrl":"https:\/\/jornalbeirario.com.br\/portal\/wp-content\/uploads\/2022\/01\/saosebastiao1.jpg","datePublished":"2022-01-20T11:59:29+00:00","breadcrumb":{"@id":"https:\/\/jornalbeirario.com.br\/portal\/?p=83373#breadcrumb"},"inLanguage":"pt-BR","potentialAction":[{"@type":"ReadAction","target":["https:\/\/jornalbeirario.com.br\/portal\/?p=83373"]}]},{"@type":"ImageObject","inLanguage":"pt-BR","@id":"https:\/\/jornalbeirario.com.br\/portal\/?p=83373#primaryimage","url":"https:\/\/jornalbeirario.com.br\/portal\/wp-content\/uploads\/2022\/01\/saosebastiao1.jpg","contentUrl":"https:\/\/jornalbeirario.com.br\/portal\/wp-content\/uploads\/2022\/01\/saosebastiao1.jpg","width":640,"height":480,"caption":"Imagem de S\u00e3o Sebasti\u00e3o em frente \u00e0 Igreja Matriz, em Barra Mansa (Foto: Reprodu\u00e7\u00e3o\/Redes Sociais)"},{"@type":"BreadcrumbList","@id":"https:\/\/jornalbeirario.com.br\/portal\/?p=83373#breadcrumb","itemListElement":[{"@type":"ListItem","position":1,"name":"Home","item":"https:\/\/jornalbeirario.com.br\/portal"},{"@type":"ListItem","position":2,"name":"No Dia de Hoje &#8211; 20 de janeiro"}]},{"@type":"WebSite","@id":"https:\/\/jornalbeirario.com.br\/portal\/#website","url":"https:\/\/jornalbeirario.com.br\/portal\/","name":"JORNAL BEIRA RIO","description":"","publisher":{"@id":"https:\/\/jornalbeirario.com.br\/portal\/#organization"},"potentialAction":[{"@type":"SearchAction","target":{"@type":"EntryPoint","urlTemplate":"https:\/\/jornalbeirario.com.br\/portal\/?s={search_term_string}"},"query-input":{"@type":"PropertyValueSpecification","valueRequired":true,"valueName":"search_term_string"}}],"inLanguage":"pt-BR"},{"@type":"Organization","@id":"https:\/\/jornalbeirario.com.br\/portal\/#organization","name":"JORNAL BEIRA RIO","url":"https:\/\/jornalbeirario.com.br\/portal\/","logo":{"@type":"ImageObject","inLanguage":"pt-BR","@id":"https:\/\/jornalbeirario.com.br\/portal\/#\/schema\/logo\/image\/","url":"https:\/\/jornalbeirario.com.br\/portal\/wp-content\/uploads\/2017\/09\/BEIRA-RIO_logo600.png","contentUrl":"https:\/\/jornalbeirario.com.br\/portal\/wp-content\/uploads\/2017\/09\/BEIRA-RIO_logo600.png","width":650,"height":108,"caption":"JORNAL BEIRA RIO"},"image":{"@id":"https:\/\/jornalbeirario.com.br\/portal\/#\/schema\/logo\/image\/"}},{"@type":"Person","@id":"https:\/\/jornalbeirario.com.br\/portal\/#\/schema\/person\/c6c423e4c2465d2a9233f6539173e7c1","name":"Jornal BEIRA-RIO","image":{"@type":"ImageObject","inLanguage":"pt-BR","@id":"https:\/\/jornalbeirario.com.br\/portal\/wp-content\/uploads\/2023\/10\/logojbr1.jpg","url":"https:\/\/jornalbeirario.com.br\/portal\/wp-content\/uploads\/2023\/10\/logojbr1.jpg","contentUrl":"https:\/\/jornalbeirario.com.br\/portal\/wp-content\/uploads\/2023\/10\/logojbr1.jpg","caption":"Jornal BEIRA-RIO"},"url":"https:\/\/jornalbeirario.com.br\/portal\/?author=1"}]}},"_links":{"self":[{"href":"https:\/\/jornalbeirario.com.br\/portal\/index.php?rest_route=\/wp\/v2\/posts\/83373","targetHints":{"allow":["GET"]}}],"collection":[{"href":"https:\/\/jornalbeirario.com.br\/portal\/index.php?rest_route=\/wp\/v2\/posts"}],"about":[{"href":"https:\/\/jornalbeirario.com.br\/portal\/index.php?rest_route=\/wp\/v2\/types\/post"}],"author":[{"embeddable":true,"href":"https:\/\/jornalbeirario.com.br\/portal\/index.php?rest_route=\/wp\/v2\/users\/1"}],"replies":[{"embeddable":true,"href":"https:\/\/jornalbeirario.com.br\/portal\/index.php?rest_route=%2Fwp%2Fv2%2Fcomments&post=83373"}],"version-history":[{"count":3,"href":"https:\/\/jornalbeirario.com.br\/portal\/index.php?rest_route=\/wp\/v2\/posts\/83373\/revisions"}],"predecessor-version":[{"id":83377,"href":"https:\/\/jornalbeirario.com.br\/portal\/index.php?rest_route=\/wp\/v2\/posts\/83373\/revisions\/83377"}],"wp:featuredmedia":[{"embeddable":true,"href":"https:\/\/jornalbeirario.com.br\/portal\/index.php?rest_route=\/wp\/v2\/media\/83376"}],"wp:attachment":[{"href":"https:\/\/jornalbeirario.com.br\/portal\/index.php?rest_route=%2Fwp%2Fv2%2Fmedia&parent=83373"}],"wp:term":[{"taxonomy":"category","embeddable":true,"href":"https:\/\/jornalbeirario.com.br\/portal\/index.php?rest_route=%2Fwp%2Fv2%2Fcategories&post=83373"},{"taxonomy":"post_tag","embeddable":true,"href":"https:\/\/jornalbeirario.com.br\/portal\/index.php?rest_route=%2Fwp%2Fv2%2Ftags&post=83373"}],"curies":[{"name":"wp","href":"https:\/\/api.w.org\/{rel}","templated":true}]}}