
{"id":83186,"date":"2022-01-15T09:21:16","date_gmt":"2022-01-15T12:21:16","guid":{"rendered":"http:\/\/jornalbeirario.com.br\/portal\/?p=83186"},"modified":"2022-01-15T09:21:16","modified_gmt":"2022-01-15T12:21:16","slug":"barra-mansa-e-a-primeira-cidade-da-regiao-a-vacinar-criancas-contra-covid-19","status":"publish","type":"post","link":"https:\/\/jornalbeirario.com.br\/portal\/?p=83186","title":{"rendered":"Barra Mansa \u00e9 a primeira cidade da regi\u00e3o a vacinar crian\u00e7as contra Covid-19"},"content":{"rendered":"<figure id=\"attachment_83189\" aria-describedby=\"caption-attachment-83189\" style=\"width: 300px\" class=\"wp-caption alignright\"><img loading=\"lazy\" decoding=\"async\" class=\"size-medium wp-image-83189\" src=\"https:\/\/jornalbeirario.com.br\/portal\/wp-content\/uploads\/2022\/01\/vacinacaobm1-300x225.jpg\" alt=\"\" width=\"300\" height=\"225\" srcset=\"https:\/\/jornalbeirario.com.br\/portal\/wp-content\/uploads\/2022\/01\/vacinacaobm1-300x225.jpg 300w, https:\/\/jornalbeirario.com.br\/portal\/wp-content\/uploads\/2022\/01\/vacinacaobm1.jpg 640w\" sizes=\"auto, (max-width: 300px) 100vw, 300px\" \/><figcaption id=\"caption-attachment-83189\" class=\"wp-caption-text\">An\u00fancio da vacina\u00e7\u00e3o em Barra Mansa (Foto: Reprodu\u00e7\u00e3o\/Redes Sociais)<\/figcaption><\/figure>\n<p style=\"text-align: justify;\">Neste s\u00e1bado, dia 15, Barra Mansa saiu na frente e se tornou a primeira cidade da regi\u00e3o a vacinar contra Covid-19 crian\u00e7as de 5 a 11 anos. A aplica\u00e7\u00e3o ter\u00e1 in\u00edcio com as crian\u00e7as com comorbidades ou defici\u00eancia permanente, de todas as idades contempladas nesta campanha em 15 postos de sa\u00fade. De acordo com a Prefeitura, por precau\u00e7\u00e3o, seguindo orienta\u00e7\u00e3o Estadual e Federal, o Setor de Imuniza\u00e7\u00e3o da Secretaria Municipal de Sa\u00fade (SMS) realizou nesta sexta-feira, dia 14, a capacita\u00e7\u00e3o de enfermeiras (os) e t\u00e9cnicas (os) de enfermagem que v\u00e3o realizar a aplica\u00e7\u00e3o das doses pedi\u00e1tricas do imunizante da Pfizer. O munic\u00edpio foi o primeiro da regi\u00e3o a cumprir as responsabilidades t\u00e9cnicas.<\/p>\n<p style=\"text-align: justify;\">A vacina\u00e7\u00e3o come\u00e7ou \u00e0s 9h deste s\u00e1bado e se estender\u00e1 at\u00e9 \u00e0s 13h. De acordo com o secret\u00e1rio Municipal de Sa\u00fade, S\u00e9rgio Gomes, a capacita\u00e7\u00e3o segue preceitos do Programa Nacional de Imuniza\u00e7\u00e3o (PNI), que visam, entre outras coisas, garantir um processo de boas pr\u00e1ticas de imuniza\u00e7\u00e3o.<\/p>\n<p style=\"text-align: justify;\">&#8211; A rotina de vacina\u00e7\u00e3o das crian\u00e7as possui 18 imunizantes diferentes. Por isso, o Minist\u00e9rio da Sa\u00fade sugeriu que as equipes fossem orientadas antes de mais esta aplica\u00e7\u00e3o contra Covid-19. Para evitar aglomera\u00e7\u00f5es, vamos atend\u00ea-las em unidades diferentes das onde ocorrem a vacina\u00e7\u00e3o nos adultos. Assim, com cautela e seguindo todas as orienta\u00e7\u00f5es, nos preparamos e definimos nosso calend\u00e1rio. Afinal, estamos lidando com vidas &#8211; destacou o secret\u00e1rio.<\/p>\n<p style=\"text-align: justify;\">Segundo a coordenadora do setor de Imuniza\u00e7\u00e3o da Secretaria de Sa\u00fade, Marlene Fialho, Barra Mansa recebeu inicialmente 970 doses da vacina pedi\u00e1trica. &#8220;Vamos iniciar a vacina\u00e7\u00e3o nas crian\u00e7as de 5 a 11 anos de idade, que possuam comorbidades, com laudo m\u00e9dico, ou defici\u00eancias permanentes (na fala, auditiva, vis\u00e3o ou motora). A Secretaria Estadual de Sa\u00fade nos informou que haver\u00e1 muitos repasses de doses ainda em janeiro. Com isso, poderemos acelerar este processo \u00e0s idades menores&#8221;, destacou Marlene. Os locais de vacina\u00e7\u00e3o s\u00e3o os seguintes (com os telefones de contato ao lado):<\/p>\n<p style=\"text-align: justify;\">&#8211; Cl\u00ednica da Fam\u00edlia \u2013 Vista Alegre (3324-3934)<br \/>\n&#8211; Vale do Para\u00edba (3326-3657)<br \/>\n&#8211; Siderl\u00e2ndia (3328-0200)<br \/>\n&#8211; Vila Independ\u00eancia (3324-6643)<br \/>\n&#8211; Para\u00edso de Cima (3343-8743)<br \/>\n&#8211; Vila Maria (3324-4438)<br \/>\n&#8211; Vila Elmira (3349-0992)<br \/>\n&#8211; Rosel\u00e2ndia (3326-2329)<br \/>\n&#8211; Vila Principal (3323-7802)<br \/>\n&#8211; S\u00e3o Luiz (3328-3257)<br \/>\n&#8211; Santa L\u00facia (3328-5986)<br \/>\n&#8211; Amparo (3389-1152)<br \/>\n&#8211; Santa Rita de C\u00e1ssia (3341-7530)<br \/>\n&#8211; Floriano (3328-1783)<br \/>\n&#8211; Rialto (3328-1487)<\/p>\n<p style=\"text-align: justify;\">POSTOS SEGUIR\u00c3O ABERTOS DURANTE A SEMANA<br \/>\nPara ser vacinada, a crian\u00e7a precisa estar acompanhada de pais ou respons\u00e1veis, al\u00e9m de portar a caderneta de vacina. Se, por acaso, um irm\u00e3o ou outro parente for levar a crian\u00e7a ao posto, \u00e9 preciso que ele apresente autoriza\u00e7\u00e3o do respons\u00e1vel legal. O modelo do documento ser\u00e1 disponibilizado na pr\u00f3pria unidade de sa\u00fade.<\/p>\n<p style=\"text-align: justify;\">As unidades de Barra Mansa que v\u00e3o realizar a vacina\u00e7\u00e3o pedi\u00e1trica da Pfizer funcionar\u00e3o das 9 \u00e0s 16h, de segunda a sexta-feira. Os postos dos distritos estar\u00e3o abertos no mesmo hor\u00e1rio, duas vezes por semana.<\/p>\n<p style=\"text-align: justify;\">No Brasil, a orienta\u00e7\u00e3o do Minist\u00e9rio da Sa\u00fade \u00e9 de que, a princ\u00edpio, o intervalo entre a primeira e a segunda dose seja de oito semanas. Caso a crian\u00e7a precise tomar algum imunizante de rotina, contra outras doen\u00e7as, \u00e9 preciso manter um espa\u00e7o de 15 dias entre a aplica\u00e7\u00e3o contra Covid-19.<\/p>\n<p style=\"text-align: justify;\">De acordo com levantamento do IBGE (Instituto Brasileiro de Geografia e Estat\u00edstica) de 2020, a cidade possui 17.048 de crian\u00e7as residentes dentro da faixa et\u00e1ria desta etapa de vacina\u00e7\u00e3o nacional contra a doen\u00e7a.<\/p>\n","protected":false},"excerpt":{"rendered":"<p>Neste s\u00e1bado, dia 15, Barra Mansa saiu na frente e se tornou a primeira cidade da regi\u00e3o a vacinar contra Covid-19 crian\u00e7as de 5<\/p>\n","protected":false},"author":1,"featured_media":83189,"comment_status":"open","ping_status":"open","sticky":false,"template":"","format":"standard","meta":{"pmpro_default_level":"","footnotes":"","_members_access_role":[],"_members_access_error":""},"categories":[233,18],"tags":[],"class_list":["post-83186","post","type-post","status-publish","format-standard","has-post-thumbnail","hentry","category-regiao","category-saude","pmpro-has-access"],"yoast_head":"<!-- This site is optimized with the Yoast SEO plugin v28.4 - https:\/\/yoast.com\/product\/yoast-seo-wordpress\/ -->\n<title>Barra Mansa \u00e9 a primeira cidade da regi\u00e3o a vacinar crian\u00e7as contra Covid-19 - JORNAL BEIRA RIO<\/title>\n<meta name=\"robots\" content=\"index, follow, max-snippet:-1, max-image-preview:large, max-video-preview:-1\" \/>\n<link rel=\"canonical\" href=\"https:\/\/jornalbeirario.com.br\/portal\/?p=83186\" \/>\n<meta property=\"og:locale\" content=\"pt_BR\" \/>\n<meta property=\"og:type\" content=\"article\" \/>\n<meta property=\"og:title\" content=\"Barra Mansa \u00e9 a primeira cidade da regi\u00e3o a vacinar crian\u00e7as contra Covid-19 - JORNAL BEIRA RIO\" \/>\n<meta property=\"og:description\" content=\"Neste s\u00e1bado, dia 15, Barra Mansa saiu na frente e se tornou a primeira cidade da regi\u00e3o a vacinar contra Covid-19 crian\u00e7as de 5\" \/>\n<meta property=\"og:url\" content=\"https:\/\/jornalbeirario.com.br\/portal\/?p=83186\" \/>\n<meta property=\"og:site_name\" content=\"JORNAL BEIRA RIO\" \/>\n<meta property=\"article:published_time\" content=\"2022-01-15T12:21:16+00:00\" \/>\n<meta property=\"og:image\" content=\"https:\/\/jornalbeirario.com.br\/portal\/wp-content\/uploads\/2022\/01\/vacinacaobm1.jpg\" \/>\n\t<meta property=\"og:image:width\" content=\"640\" \/>\n\t<meta property=\"og:image:height\" content=\"480\" \/>\n\t<meta property=\"og:image:type\" content=\"image\/jpeg\" \/>\n<meta name=\"author\" content=\"Jornal BEIRA-RIO\" \/>\n<meta name=\"twitter:card\" content=\"summary_large_image\" \/>\n<meta name=\"twitter:label1\" content=\"Escrito por\" \/>\n\t<meta name=\"twitter:data1\" content=\"Jornal BEIRA-RIO\" \/>\n\t<meta name=\"twitter:label2\" content=\"Est. tempo de leitura\" \/>\n\t<meta name=\"twitter:data2\" content=\"3 minutos\" \/>\n<script type=\"application\/ld+json\" class=\"yoast-schema-graph\">{\"@context\":\"https:\\\/\\\/schema.org\",\"@graph\":[{\"@type\":\"Article\",\"@id\":\"https:\\\/\\\/jornalbeirario.com.br\\\/portal\\\/?p=83186#article\",\"isPartOf\":{\"@id\":\"https:\\\/\\\/jornalbeirario.com.br\\\/portal\\\/?p=83186\"},\"author\":{\"name\":\"Jornal BEIRA-RIO\",\"@id\":\"https:\\\/\\\/jornalbeirario.com.br\\\/portal\\\/#\\\/schema\\\/person\\\/c6c423e4c2465d2a9233f6539173e7c1\"},\"headline\":\"Barra Mansa \u00e9 a primeira cidade da regi\u00e3o a vacinar crian\u00e7as contra Covid-19\",\"datePublished\":\"2022-01-15T12:21:16+00:00\",\"mainEntityOfPage\":{\"@id\":\"https:\\\/\\\/jornalbeirario.com.br\\\/portal\\\/?p=83186\"},\"wordCount\":666,\"commentCount\":0,\"publisher\":{\"@id\":\"https:\\\/\\\/jornalbeirario.com.br\\\/portal\\\/#organization\"},\"image\":{\"@id\":\"https:\\\/\\\/jornalbeirario.com.br\\\/portal\\\/?p=83186#primaryimage\"},\"thumbnailUrl\":\"https:\\\/\\\/jornalbeirario.com.br\\\/portal\\\/wp-content\\\/uploads\\\/2022\\\/01\\\/vacinacaobm1.jpg\",\"articleSection\":[\"Regi\u00e3o\",\"Sa\u00fade\"],\"inLanguage\":\"pt-BR\",\"potentialAction\":[{\"@type\":\"CommentAction\",\"name\":\"Comment\",\"target\":[\"https:\\\/\\\/jornalbeirario.com.br\\\/portal\\\/?p=83186#respond\"]}]},{\"@type\":\"WebPage\",\"@id\":\"https:\\\/\\\/jornalbeirario.com.br\\\/portal\\\/?p=83186\",\"url\":\"https:\\\/\\\/jornalbeirario.com.br\\\/portal\\\/?p=83186\",\"name\":\"Barra Mansa \u00e9 a primeira cidade da regi\u00e3o a vacinar crian\u00e7as contra Covid-19 - JORNAL BEIRA RIO\",\"isPartOf\":{\"@id\":\"https:\\\/\\\/jornalbeirario.com.br\\\/portal\\\/#website\"},\"primaryImageOfPage\":{\"@id\":\"https:\\\/\\\/jornalbeirario.com.br\\\/portal\\\/?p=83186#primaryimage\"},\"image\":{\"@id\":\"https:\\\/\\\/jornalbeirario.com.br\\\/portal\\\/?p=83186#primaryimage\"},\"thumbnailUrl\":\"https:\\\/\\\/jornalbeirario.com.br\\\/portal\\\/wp-content\\\/uploads\\\/2022\\\/01\\\/vacinacaobm1.jpg\",\"datePublished\":\"2022-01-15T12:21:16+00:00\",\"breadcrumb\":{\"@id\":\"https:\\\/\\\/jornalbeirario.com.br\\\/portal\\\/?p=83186#breadcrumb\"},\"inLanguage\":\"pt-BR\",\"potentialAction\":[{\"@type\":\"ReadAction\",\"target\":[\"https:\\\/\\\/jornalbeirario.com.br\\\/portal\\\/?p=83186\"]}]},{\"@type\":\"ImageObject\",\"inLanguage\":\"pt-BR\",\"@id\":\"https:\\\/\\\/jornalbeirario.com.br\\\/portal\\\/?p=83186#primaryimage\",\"url\":\"https:\\\/\\\/jornalbeirario.com.br\\\/portal\\\/wp-content\\\/uploads\\\/2022\\\/01\\\/vacinacaobm1.jpg\",\"contentUrl\":\"https:\\\/\\\/jornalbeirario.com.br\\\/portal\\\/wp-content\\\/uploads\\\/2022\\\/01\\\/vacinacaobm1.jpg\",\"width\":640,\"height\":480,\"caption\":\"An\u00fancio da vacina\u00e7\u00e3o em Barra Mansa (Foto: Reprodu\u00e7\u00e3o\\\/Redes Sociais)\"},{\"@type\":\"BreadcrumbList\",\"@id\":\"https:\\\/\\\/jornalbeirario.com.br\\\/portal\\\/?p=83186#breadcrumb\",\"itemListElement\":[{\"@type\":\"ListItem\",\"position\":1,\"name\":\"Home\",\"item\":\"https:\\\/\\\/jornalbeirario.com.br\\\/portal\"},{\"@type\":\"ListItem\",\"position\":2,\"name\":\"Barra Mansa \u00e9 a primeira cidade da regi\u00e3o a vacinar crian\u00e7as contra Covid-19\"}]},{\"@type\":\"WebSite\",\"@id\":\"https:\\\/\\\/jornalbeirario.com.br\\\/portal\\\/#website\",\"url\":\"https:\\\/\\\/jornalbeirario.com.br\\\/portal\\\/\",\"name\":\"JORNAL BEIRA RIO\",\"description\":\"\",\"publisher\":{\"@id\":\"https:\\\/\\\/jornalbeirario.com.br\\\/portal\\\/#organization\"},\"potentialAction\":[{\"@type\":\"SearchAction\",\"target\":{\"@type\":\"EntryPoint\",\"urlTemplate\":\"https:\\\/\\\/jornalbeirario.com.br\\\/portal\\\/?s={search_term_string}\"},\"query-input\":{\"@type\":\"PropertyValueSpecification\",\"valueRequired\":true,\"valueName\":\"search_term_string\"}}],\"inLanguage\":\"pt-BR\"},{\"@type\":\"Organization\",\"@id\":\"https:\\\/\\\/jornalbeirario.com.br\\\/portal\\\/#organization\",\"name\":\"JORNAL BEIRA RIO\",\"url\":\"https:\\\/\\\/jornalbeirario.com.br\\\/portal\\\/\",\"logo\":{\"@type\":\"ImageObject\",\"inLanguage\":\"pt-BR\",\"@id\":\"https:\\\/\\\/jornalbeirario.com.br\\\/portal\\\/#\\\/schema\\\/logo\\\/image\\\/\",\"url\":\"https:\\\/\\\/jornalbeirario.com.br\\\/portal\\\/wp-content\\\/uploads\\\/2017\\\/09\\\/BEIRA-RIO_logo600.png\",\"contentUrl\":\"https:\\\/\\\/jornalbeirario.com.br\\\/portal\\\/wp-content\\\/uploads\\\/2017\\\/09\\\/BEIRA-RIO_logo600.png\",\"width\":650,\"height\":108,\"caption\":\"JORNAL BEIRA RIO\"},\"image\":{\"@id\":\"https:\\\/\\\/jornalbeirario.com.br\\\/portal\\\/#\\\/schema\\\/logo\\\/image\\\/\"}},{\"@type\":\"Person\",\"@id\":\"https:\\\/\\\/jornalbeirario.com.br\\\/portal\\\/#\\\/schema\\\/person\\\/c6c423e4c2465d2a9233f6539173e7c1\",\"name\":\"Jornal BEIRA-RIO\",\"image\":{\"@type\":\"ImageObject\",\"inLanguage\":\"pt-BR\",\"@id\":\"https:\\\/\\\/jornalbeirario.com.br\\\/portal\\\/wp-content\\\/uploads\\\/2023\\\/10\\\/logojbr1.jpg\",\"url\":\"https:\\\/\\\/jornalbeirario.com.br\\\/portal\\\/wp-content\\\/uploads\\\/2023\\\/10\\\/logojbr1.jpg\",\"contentUrl\":\"https:\\\/\\\/jornalbeirario.com.br\\\/portal\\\/wp-content\\\/uploads\\\/2023\\\/10\\\/logojbr1.jpg\",\"caption\":\"Jornal BEIRA-RIO\"},\"url\":\"https:\\\/\\\/jornalbeirario.com.br\\\/portal\\\/?author=1\"}]}<\/script>\n<!-- \/ Yoast SEO plugin. -->","yoast_head_json":{"title":"Barra Mansa \u00e9 a primeira cidade da regi\u00e3o a vacinar crian\u00e7as contra Covid-19 - JORNAL BEIRA RIO","robots":{"index":"index","follow":"follow","max-snippet":"max-snippet:-1","max-image-preview":"max-image-preview:large","max-video-preview":"max-video-preview:-1"},"canonical":"https:\/\/jornalbeirario.com.br\/portal\/?p=83186","og_locale":"pt_BR","og_type":"article","og_title":"Barra Mansa \u00e9 a primeira cidade da regi\u00e3o a vacinar crian\u00e7as contra Covid-19 - JORNAL BEIRA RIO","og_description":"Neste s\u00e1bado, dia 15, Barra Mansa saiu na frente e se tornou a primeira cidade da regi\u00e3o a vacinar contra Covid-19 crian\u00e7as de 5","og_url":"https:\/\/jornalbeirario.com.br\/portal\/?p=83186","og_site_name":"JORNAL BEIRA RIO","article_published_time":"2022-01-15T12:21:16+00:00","og_image":[{"width":640,"height":480,"url":"https:\/\/jornalbeirario.com.br\/portal\/wp-content\/uploads\/2022\/01\/vacinacaobm1.jpg","type":"image\/jpeg"}],"author":"Jornal BEIRA-RIO","twitter_card":"summary_large_image","twitter_misc":{"Escrito por":"Jornal BEIRA-RIO","Est. tempo de leitura":"3 minutos"},"schema":{"@context":"https:\/\/schema.org","@graph":[{"@type":"Article","@id":"https:\/\/jornalbeirario.com.br\/portal\/?p=83186#article","isPartOf":{"@id":"https:\/\/jornalbeirario.com.br\/portal\/?p=83186"},"author":{"name":"Jornal BEIRA-RIO","@id":"https:\/\/jornalbeirario.com.br\/portal\/#\/schema\/person\/c6c423e4c2465d2a9233f6539173e7c1"},"headline":"Barra Mansa \u00e9 a primeira cidade da regi\u00e3o a vacinar crian\u00e7as contra Covid-19","datePublished":"2022-01-15T12:21:16+00:00","mainEntityOfPage":{"@id":"https:\/\/jornalbeirario.com.br\/portal\/?p=83186"},"wordCount":666,"commentCount":0,"publisher":{"@id":"https:\/\/jornalbeirario.com.br\/portal\/#organization"},"image":{"@id":"https:\/\/jornalbeirario.com.br\/portal\/?p=83186#primaryimage"},"thumbnailUrl":"https:\/\/jornalbeirario.com.br\/portal\/wp-content\/uploads\/2022\/01\/vacinacaobm1.jpg","articleSection":["Regi\u00e3o","Sa\u00fade"],"inLanguage":"pt-BR","potentialAction":[{"@type":"CommentAction","name":"Comment","target":["https:\/\/jornalbeirario.com.br\/portal\/?p=83186#respond"]}]},{"@type":"WebPage","@id":"https:\/\/jornalbeirario.com.br\/portal\/?p=83186","url":"https:\/\/jornalbeirario.com.br\/portal\/?p=83186","name":"Barra Mansa \u00e9 a primeira cidade da regi\u00e3o a vacinar crian\u00e7as contra Covid-19 - JORNAL BEIRA RIO","isPartOf":{"@id":"https:\/\/jornalbeirario.com.br\/portal\/#website"},"primaryImageOfPage":{"@id":"https:\/\/jornalbeirario.com.br\/portal\/?p=83186#primaryimage"},"image":{"@id":"https:\/\/jornalbeirario.com.br\/portal\/?p=83186#primaryimage"},"thumbnailUrl":"https:\/\/jornalbeirario.com.br\/portal\/wp-content\/uploads\/2022\/01\/vacinacaobm1.jpg","datePublished":"2022-01-15T12:21:16+00:00","breadcrumb":{"@id":"https:\/\/jornalbeirario.com.br\/portal\/?p=83186#breadcrumb"},"inLanguage":"pt-BR","potentialAction":[{"@type":"ReadAction","target":["https:\/\/jornalbeirario.com.br\/portal\/?p=83186"]}]},{"@type":"ImageObject","inLanguage":"pt-BR","@id":"https:\/\/jornalbeirario.com.br\/portal\/?p=83186#primaryimage","url":"https:\/\/jornalbeirario.com.br\/portal\/wp-content\/uploads\/2022\/01\/vacinacaobm1.jpg","contentUrl":"https:\/\/jornalbeirario.com.br\/portal\/wp-content\/uploads\/2022\/01\/vacinacaobm1.jpg","width":640,"height":480,"caption":"An\u00fancio da vacina\u00e7\u00e3o em Barra Mansa (Foto: Reprodu\u00e7\u00e3o\/Redes Sociais)"},{"@type":"BreadcrumbList","@id":"https:\/\/jornalbeirario.com.br\/portal\/?p=83186#breadcrumb","itemListElement":[{"@type":"ListItem","position":1,"name":"Home","item":"https:\/\/jornalbeirario.com.br\/portal"},{"@type":"ListItem","position":2,"name":"Barra Mansa \u00e9 a primeira cidade da regi\u00e3o a vacinar crian\u00e7as contra Covid-19"}]},{"@type":"WebSite","@id":"https:\/\/jornalbeirario.com.br\/portal\/#website","url":"https:\/\/jornalbeirario.com.br\/portal\/","name":"JORNAL BEIRA RIO","description":"","publisher":{"@id":"https:\/\/jornalbeirario.com.br\/portal\/#organization"},"potentialAction":[{"@type":"SearchAction","target":{"@type":"EntryPoint","urlTemplate":"https:\/\/jornalbeirario.com.br\/portal\/?s={search_term_string}"},"query-input":{"@type":"PropertyValueSpecification","valueRequired":true,"valueName":"search_term_string"}}],"inLanguage":"pt-BR"},{"@type":"Organization","@id":"https:\/\/jornalbeirario.com.br\/portal\/#organization","name":"JORNAL BEIRA RIO","url":"https:\/\/jornalbeirario.com.br\/portal\/","logo":{"@type":"ImageObject","inLanguage":"pt-BR","@id":"https:\/\/jornalbeirario.com.br\/portal\/#\/schema\/logo\/image\/","url":"https:\/\/jornalbeirario.com.br\/portal\/wp-content\/uploads\/2017\/09\/BEIRA-RIO_logo600.png","contentUrl":"https:\/\/jornalbeirario.com.br\/portal\/wp-content\/uploads\/2017\/09\/BEIRA-RIO_logo600.png","width":650,"height":108,"caption":"JORNAL BEIRA RIO"},"image":{"@id":"https:\/\/jornalbeirario.com.br\/portal\/#\/schema\/logo\/image\/"}},{"@type":"Person","@id":"https:\/\/jornalbeirario.com.br\/portal\/#\/schema\/person\/c6c423e4c2465d2a9233f6539173e7c1","name":"Jornal BEIRA-RIO","image":{"@type":"ImageObject","inLanguage":"pt-BR","@id":"https:\/\/jornalbeirario.com.br\/portal\/wp-content\/uploads\/2023\/10\/logojbr1.jpg","url":"https:\/\/jornalbeirario.com.br\/portal\/wp-content\/uploads\/2023\/10\/logojbr1.jpg","contentUrl":"https:\/\/jornalbeirario.com.br\/portal\/wp-content\/uploads\/2023\/10\/logojbr1.jpg","caption":"Jornal BEIRA-RIO"},"url":"https:\/\/jornalbeirario.com.br\/portal\/?author=1"}]}},"_links":{"self":[{"href":"https:\/\/jornalbeirario.com.br\/portal\/index.php?rest_route=\/wp\/v2\/posts\/83186","targetHints":{"allow":["GET"]}}],"collection":[{"href":"https:\/\/jornalbeirario.com.br\/portal\/index.php?rest_route=\/wp\/v2\/posts"}],"about":[{"href":"https:\/\/jornalbeirario.com.br\/portal\/index.php?rest_route=\/wp\/v2\/types\/post"}],"author":[{"embeddable":true,"href":"https:\/\/jornalbeirario.com.br\/portal\/index.php?rest_route=\/wp\/v2\/users\/1"}],"replies":[{"embeddable":true,"href":"https:\/\/jornalbeirario.com.br\/portal\/index.php?rest_route=%2Fwp%2Fv2%2Fcomments&post=83186"}],"version-history":[{"count":3,"href":"https:\/\/jornalbeirario.com.br\/portal\/index.php?rest_route=\/wp\/v2\/posts\/83186\/revisions"}],"predecessor-version":[{"id":83190,"href":"https:\/\/jornalbeirario.com.br\/portal\/index.php?rest_route=\/wp\/v2\/posts\/83186\/revisions\/83190"}],"wp:featuredmedia":[{"embeddable":true,"href":"https:\/\/jornalbeirario.com.br\/portal\/index.php?rest_route=\/wp\/v2\/media\/83189"}],"wp:attachment":[{"href":"https:\/\/jornalbeirario.com.br\/portal\/index.php?rest_route=%2Fwp%2Fv2%2Fmedia&parent=83186"}],"wp:term":[{"taxonomy":"category","embeddable":true,"href":"https:\/\/jornalbeirario.com.br\/portal\/index.php?rest_route=%2Fwp%2Fv2%2Fcategories&post=83186"},{"taxonomy":"post_tag","embeddable":true,"href":"https:\/\/jornalbeirario.com.br\/portal\/index.php?rest_route=%2Fwp%2Fv2%2Ftags&post=83186"}],"curies":[{"name":"wp","href":"https:\/\/api.w.org\/{rel}","templated":true}]}}