
{"id":82380,"date":"2021-11-25T16:15:58","date_gmt":"2021-11-25T19:15:58","guid":{"rendered":"http:\/\/jornalbeirario.com.br\/portal\/?p=82380"},"modified":"2021-11-25T16:15:58","modified_gmt":"2021-11-25T19:15:58","slug":"lei-estadual-pode-beneficiar-municipios-da-regiao-com-incentivos-fiscais-a-industrias","status":"publish","type":"post","link":"https:\/\/jornalbeirario.com.br\/portal\/?p=82380","title":{"rendered":"Lei estadual pode beneficiar munic\u00edpios da regi\u00e3o com incentivos fiscais a ind\u00fastrias"},"content":{"rendered":"<figure id=\"attachment_25404\" aria-describedby=\"caption-attachment-25404\" style=\"width: 300px\" class=\"wp-caption alignleft\"><img loading=\"lazy\" decoding=\"async\" class=\"size-medium wp-image-25404\" src=\"https:\/\/jornalbeirario.com.br\/portal\/wp-content\/uploads\/2014\/10\/na-imagem-fabrica-de-caminhoes-da-volkswagen-cuja-operacao-foi-assumida-pela-man-latin-america-1325628449259_560x400-300x214.jpg\" alt=\"\" width=\"300\" height=\"214\" srcset=\"https:\/\/jornalbeirario.com.br\/portal\/wp-content\/uploads\/2014\/10\/na-imagem-fabrica-de-caminhoes-da-volkswagen-cuja-operacao-foi-assumida-pela-man-latin-america-1325628449259_560x400-300x215.jpg 300w, https:\/\/jornalbeirario.com.br\/portal\/wp-content\/uploads\/2014\/10\/na-imagem-fabrica-de-caminhoes-da-volkswagen-cuja-operacao-foi-assumida-pela-man-latin-america-1325628449259_560x400.jpg 560w\" sizes=\"auto, (max-width: 300px) 100vw, 300px\" \/><figcaption id=\"caption-attachment-25404\" class=\"wp-caption-text\">Resende, sede da Volkswagen Caminh\u00f5es e \u00d4nibus, ser\u00e1 contemplada com lei estadual de incentivos fiscais pra novas ind\u00fastrias<\/figcaption><\/figure>\n<p style=\"text-align: justify;\">Nesta quarta-feira, dia 24, foi confirmada a inclus\u00e3o de mais 15 munic\u00edpios, entre eles Barra Mansa, Volta Redonda, Resende, Pira\u00ed, Porto Real, Rio Claro e Quatis na Lei 6979\/2015, de concess\u00e3o de incentivos fiscais a estabelecimentos industriais em munic\u00edpios, com o objetivo de diminuir as desigualdades regionais.<\/p>\n<p style=\"text-align: justify;\">Essa inclus\u00e3o s\u00f3 foi poss\u00edvel atrav\u00e9s de emendas apresentadas pelo deputado estadual Anderson Alexandre (SDD) ao projeto de lei 1.320\/2019, que o governador Cl\u00e1udio Castro (PL) vetara, mas a Assembleia Legislativa do Rio (Alerj) derrubou o veto nesta quarta-feira em sess\u00e3o plen\u00e1ria.<\/p>\n<p style=\"text-align: justify;\">O autor da lei justificou que, com o controle da pandemia da Covid-19, \u00e9 necess\u00e1rio acelerar a retomada do crescimento econ\u00f4mico das cidades. Segundo ele, a inclus\u00e3o de mais munic\u00edpios na Lei vai possibilitar aos estabelecimentos industriais ou distritos industriais um cen\u00e1rio de competitividade e crescimento, refletindo positivamente na economia.<\/p>\n<p style=\"text-align: justify;\">O PL 1.320\/2019 ser\u00e1 enviado novamente para san\u00e7\u00e3o do Executivo e, caso n\u00e3o seja publicado em at\u00e9 48 horas, ser\u00e1 promulgado pelo presidente da Alerj, deputado Andr\u00e9 Ceciliano (PT), e publicado no Di\u00e1rio Oficial do Legislativo. O texto complementa a Lei 6.979\/2015, que j\u00e1 concede incentivos fiscais a diversos munic\u00edpios fluminenses.<\/p>\n<p style=\"text-align: justify;\">Al\u00e9m dos munic\u00edpios do Sul do estado, tamb\u00e9m est\u00e3o contemplados Arraial do Cabo, Silva Jardim, Tangu\u00e1, Angra dos Reis, Duque de Caxias, Itagua\u00ed, Paraty e S\u00e3o Gon\u00e7alo.<\/p>\n","protected":false},"excerpt":{"rendered":"<p>Nesta quarta-feira, dia 24, foi confirmada a inclus\u00e3o de mais 15 munic\u00edpios, entre eles Barra Mansa, Volta Redonda, Resende, Pira\u00ed, Porto Real, Rio Claro<\/p>\n","protected":false},"author":1,"featured_media":25404,"comment_status":"open","ping_status":"open","sticky":false,"template":"","format":"standard","meta":{"pmpro_default_level":"","footnotes":""},"categories":[6,233,158],"tags":[],"class_list":["post-82380","post","type-post","status-publish","format-standard","has-post-thumbnail","hentry","category-economia","category-regiao","category-rio-de-janeiro","pmpro-has-access"],"yoast_head":"<!-- This site is optimized with the Yoast SEO plugin v27.4 - https:\/\/yoast.com\/product\/yoast-seo-wordpress\/ -->\n<title>Lei estadual pode beneficiar munic\u00edpios da regi\u00e3o com incentivos fiscais a ind\u00fastrias - JORNAL BEIRA RIO<\/title>\n<meta name=\"robots\" content=\"index, follow, max-snippet:-1, max-image-preview:large, max-video-preview:-1\" \/>\n<link rel=\"canonical\" href=\"https:\/\/jornalbeirario.com.br\/portal\/?p=82380\" \/>\n<meta property=\"og:locale\" content=\"pt_BR\" \/>\n<meta property=\"og:type\" content=\"article\" \/>\n<meta property=\"og:title\" content=\"Lei estadual pode beneficiar munic\u00edpios da regi\u00e3o com incentivos fiscais a ind\u00fastrias - JORNAL BEIRA RIO\" \/>\n<meta property=\"og:description\" content=\"Nesta quarta-feira, dia 24, foi confirmada a inclus\u00e3o de mais 15 munic\u00edpios, entre eles Barra Mansa, Volta Redonda, Resende, Pira\u00ed, Porto Real, Rio Claro\" \/>\n<meta property=\"og:url\" content=\"https:\/\/jornalbeirario.com.br\/portal\/?p=82380\" \/>\n<meta property=\"og:site_name\" content=\"JORNAL BEIRA RIO\" \/>\n<meta property=\"article:published_time\" content=\"2021-11-25T19:15:58+00:00\" \/>\n<meta property=\"og:image\" content=\"https:\/\/jornalbeirario.com.br\/portal\/wp-content\/uploads\/2014\/10\/na-imagem-fabrica-de-caminhoes-da-volkswagen-cuja-operacao-foi-assumida-pela-man-latin-america-1325628449259_560x400.jpg\" \/>\n\t<meta property=\"og:image:width\" content=\"560\" \/>\n\t<meta property=\"og:image:height\" content=\"400\" \/>\n\t<meta property=\"og:image:type\" content=\"image\/jpeg\" \/>\n<meta name=\"author\" content=\"Jornal BEIRA-RIO\" \/>\n<meta name=\"twitter:card\" content=\"summary_large_image\" \/>\n<meta name=\"twitter:label1\" content=\"Escrito por\" \/>\n\t<meta name=\"twitter:data1\" content=\"Jornal BEIRA-RIO\" \/>\n\t<meta name=\"twitter:label2\" content=\"Est. tempo de leitura\" \/>\n\t<meta name=\"twitter:data2\" content=\"1 minuto\" \/>\n<script type=\"application\/ld+json\" class=\"yoast-schema-graph\">{\"@context\":\"https:\\\/\\\/schema.org\",\"@graph\":[{\"@type\":\"Article\",\"@id\":\"https:\\\/\\\/jornalbeirario.com.br\\\/portal\\\/?p=82380#article\",\"isPartOf\":{\"@id\":\"https:\\\/\\\/jornalbeirario.com.br\\\/portal\\\/?p=82380\"},\"author\":{\"name\":\"Jornal BEIRA-RIO\",\"@id\":\"https:\\\/\\\/jornalbeirario.com.br\\\/portal\\\/#\\\/schema\\\/person\\\/c6c423e4c2465d2a9233f6539173e7c1\"},\"headline\":\"Lei estadual pode beneficiar munic\u00edpios da regi\u00e3o com incentivos fiscais a ind\u00fastrias\",\"datePublished\":\"2021-11-25T19:15:58+00:00\",\"mainEntityOfPage\":{\"@id\":\"https:\\\/\\\/jornalbeirario.com.br\\\/portal\\\/?p=82380\"},\"wordCount\":276,\"commentCount\":0,\"publisher\":{\"@id\":\"https:\\\/\\\/jornalbeirario.com.br\\\/portal\\\/#organization\"},\"image\":{\"@id\":\"https:\\\/\\\/jornalbeirario.com.br\\\/portal\\\/?p=82380#primaryimage\"},\"thumbnailUrl\":\"https:\\\/\\\/jornalbeirario.com.br\\\/portal\\\/wp-content\\\/uploads\\\/2014\\\/10\\\/na-imagem-fabrica-de-caminhoes-da-volkswagen-cuja-operacao-foi-assumida-pela-man-latin-america-1325628449259_560x400.jpg\",\"articleSection\":[\"Economia\",\"Regi\u00e3o\",\"Rio de Janeiro\"],\"inLanguage\":\"pt-BR\",\"potentialAction\":[{\"@type\":\"CommentAction\",\"name\":\"Comment\",\"target\":[\"https:\\\/\\\/jornalbeirario.com.br\\\/portal\\\/?p=82380#respond\"]}]},{\"@type\":\"WebPage\",\"@id\":\"https:\\\/\\\/jornalbeirario.com.br\\\/portal\\\/?p=82380\",\"url\":\"https:\\\/\\\/jornalbeirario.com.br\\\/portal\\\/?p=82380\",\"name\":\"Lei estadual pode beneficiar munic\u00edpios da regi\u00e3o com incentivos fiscais a ind\u00fastrias - JORNAL BEIRA RIO\",\"isPartOf\":{\"@id\":\"https:\\\/\\\/jornalbeirario.com.br\\\/portal\\\/#website\"},\"primaryImageOfPage\":{\"@id\":\"https:\\\/\\\/jornalbeirario.com.br\\\/portal\\\/?p=82380#primaryimage\"},\"image\":{\"@id\":\"https:\\\/\\\/jornalbeirario.com.br\\\/portal\\\/?p=82380#primaryimage\"},\"thumbnailUrl\":\"https:\\\/\\\/jornalbeirario.com.br\\\/portal\\\/wp-content\\\/uploads\\\/2014\\\/10\\\/na-imagem-fabrica-de-caminhoes-da-volkswagen-cuja-operacao-foi-assumida-pela-man-latin-america-1325628449259_560x400.jpg\",\"datePublished\":\"2021-11-25T19:15:58+00:00\",\"breadcrumb\":{\"@id\":\"https:\\\/\\\/jornalbeirario.com.br\\\/portal\\\/?p=82380#breadcrumb\"},\"inLanguage\":\"pt-BR\",\"potentialAction\":[{\"@type\":\"ReadAction\",\"target\":[\"https:\\\/\\\/jornalbeirario.com.br\\\/portal\\\/?p=82380\"]}]},{\"@type\":\"ImageObject\",\"inLanguage\":\"pt-BR\",\"@id\":\"https:\\\/\\\/jornalbeirario.com.br\\\/portal\\\/?p=82380#primaryimage\",\"url\":\"https:\\\/\\\/jornalbeirario.com.br\\\/portal\\\/wp-content\\\/uploads\\\/2014\\\/10\\\/na-imagem-fabrica-de-caminhoes-da-volkswagen-cuja-operacao-foi-assumida-pela-man-latin-america-1325628449259_560x400.jpg\",\"contentUrl\":\"https:\\\/\\\/jornalbeirario.com.br\\\/portal\\\/wp-content\\\/uploads\\\/2014\\\/10\\\/na-imagem-fabrica-de-caminhoes-da-volkswagen-cuja-operacao-foi-assumida-pela-man-latin-america-1325628449259_560x400.jpg\",\"width\":\"560\",\"height\":\"400\",\"caption\":\"Resende, onde fica a sede da Volkswagen Caminh\u00f5es e \u00d4nibus, ser\u00e1 contemplada com lei estadual de incentivos fiscais\"},{\"@type\":\"BreadcrumbList\",\"@id\":\"https:\\\/\\\/jornalbeirario.com.br\\\/portal\\\/?p=82380#breadcrumb\",\"itemListElement\":[{\"@type\":\"ListItem\",\"position\":1,\"name\":\"Home\",\"item\":\"https:\\\/\\\/jornalbeirario.com.br\\\/portal\"},{\"@type\":\"ListItem\",\"position\":2,\"name\":\"Lei estadual pode beneficiar munic\u00edpios da regi\u00e3o com incentivos fiscais a ind\u00fastrias\"}]},{\"@type\":\"WebSite\",\"@id\":\"https:\\\/\\\/jornalbeirario.com.br\\\/portal\\\/#website\",\"url\":\"https:\\\/\\\/jornalbeirario.com.br\\\/portal\\\/\",\"name\":\"JORNAL BEIRA RIO\",\"description\":\"\",\"publisher\":{\"@id\":\"https:\\\/\\\/jornalbeirario.com.br\\\/portal\\\/#organization\"},\"potentialAction\":[{\"@type\":\"SearchAction\",\"target\":{\"@type\":\"EntryPoint\",\"urlTemplate\":\"https:\\\/\\\/jornalbeirario.com.br\\\/portal\\\/?s={search_term_string}\"},\"query-input\":{\"@type\":\"PropertyValueSpecification\",\"valueRequired\":true,\"valueName\":\"search_term_string\"}}],\"inLanguage\":\"pt-BR\"},{\"@type\":\"Organization\",\"@id\":\"https:\\\/\\\/jornalbeirario.com.br\\\/portal\\\/#organization\",\"name\":\"JORNAL BEIRA RIO\",\"url\":\"https:\\\/\\\/jornalbeirario.com.br\\\/portal\\\/\",\"logo\":{\"@type\":\"ImageObject\",\"inLanguage\":\"pt-BR\",\"@id\":\"https:\\\/\\\/jornalbeirario.com.br\\\/portal\\\/#\\\/schema\\\/logo\\\/image\\\/\",\"url\":\"https:\\\/\\\/jornalbeirario.com.br\\\/portal\\\/wp-content\\\/uploads\\\/2017\\\/09\\\/BEIRA-RIO_logo600.png\",\"contentUrl\":\"https:\\\/\\\/jornalbeirario.com.br\\\/portal\\\/wp-content\\\/uploads\\\/2017\\\/09\\\/BEIRA-RIO_logo600.png\",\"width\":650,\"height\":108,\"caption\":\"JORNAL BEIRA RIO\"},\"image\":{\"@id\":\"https:\\\/\\\/jornalbeirario.com.br\\\/portal\\\/#\\\/schema\\\/logo\\\/image\\\/\"}},{\"@type\":\"Person\",\"@id\":\"https:\\\/\\\/jornalbeirario.com.br\\\/portal\\\/#\\\/schema\\\/person\\\/c6c423e4c2465d2a9233f6539173e7c1\",\"name\":\"Jornal BEIRA-RIO\",\"image\":{\"@type\":\"ImageObject\",\"inLanguage\":\"pt-BR\",\"@id\":\"https:\\\/\\\/jornalbeirario.com.br\\\/portal\\\/wp-content\\\/uploads\\\/2023\\\/10\\\/logojbr1.jpg\",\"url\":\"https:\\\/\\\/jornalbeirario.com.br\\\/portal\\\/wp-content\\\/uploads\\\/2023\\\/10\\\/logojbr1.jpg\",\"contentUrl\":\"https:\\\/\\\/jornalbeirario.com.br\\\/portal\\\/wp-content\\\/uploads\\\/2023\\\/10\\\/logojbr1.jpg\",\"caption\":\"Jornal BEIRA-RIO\"},\"url\":\"https:\\\/\\\/jornalbeirario.com.br\\\/portal\\\/?author=1\"}]}<\/script>\n<!-- \/ Yoast SEO plugin. -->","yoast_head_json":{"title":"Lei estadual pode beneficiar munic\u00edpios da regi\u00e3o com incentivos fiscais a ind\u00fastrias - JORNAL BEIRA RIO","robots":{"index":"index","follow":"follow","max-snippet":"max-snippet:-1","max-image-preview":"max-image-preview:large","max-video-preview":"max-video-preview:-1"},"canonical":"https:\/\/jornalbeirario.com.br\/portal\/?p=82380","og_locale":"pt_BR","og_type":"article","og_title":"Lei estadual pode beneficiar munic\u00edpios da regi\u00e3o com incentivos fiscais a ind\u00fastrias - JORNAL BEIRA RIO","og_description":"Nesta quarta-feira, dia 24, foi confirmada a inclus\u00e3o de mais 15 munic\u00edpios, entre eles Barra Mansa, Volta Redonda, Resende, Pira\u00ed, Porto Real, Rio Claro","og_url":"https:\/\/jornalbeirario.com.br\/portal\/?p=82380","og_site_name":"JORNAL BEIRA RIO","article_published_time":"2021-11-25T19:15:58+00:00","og_image":[{"width":560,"height":400,"url":"https:\/\/jornalbeirario.com.br\/portal\/wp-content\/uploads\/2014\/10\/na-imagem-fabrica-de-caminhoes-da-volkswagen-cuja-operacao-foi-assumida-pela-man-latin-america-1325628449259_560x400.jpg","type":"image\/jpeg"}],"author":"Jornal BEIRA-RIO","twitter_card":"summary_large_image","twitter_misc":{"Escrito por":"Jornal BEIRA-RIO","Est. tempo de leitura":"1 minuto"},"schema":{"@context":"https:\/\/schema.org","@graph":[{"@type":"Article","@id":"https:\/\/jornalbeirario.com.br\/portal\/?p=82380#article","isPartOf":{"@id":"https:\/\/jornalbeirario.com.br\/portal\/?p=82380"},"author":{"name":"Jornal BEIRA-RIO","@id":"https:\/\/jornalbeirario.com.br\/portal\/#\/schema\/person\/c6c423e4c2465d2a9233f6539173e7c1"},"headline":"Lei estadual pode beneficiar munic\u00edpios da regi\u00e3o com incentivos fiscais a ind\u00fastrias","datePublished":"2021-11-25T19:15:58+00:00","mainEntityOfPage":{"@id":"https:\/\/jornalbeirario.com.br\/portal\/?p=82380"},"wordCount":276,"commentCount":0,"publisher":{"@id":"https:\/\/jornalbeirario.com.br\/portal\/#organization"},"image":{"@id":"https:\/\/jornalbeirario.com.br\/portal\/?p=82380#primaryimage"},"thumbnailUrl":"https:\/\/jornalbeirario.com.br\/portal\/wp-content\/uploads\/2014\/10\/na-imagem-fabrica-de-caminhoes-da-volkswagen-cuja-operacao-foi-assumida-pela-man-latin-america-1325628449259_560x400.jpg","articleSection":["Economia","Regi\u00e3o","Rio de Janeiro"],"inLanguage":"pt-BR","potentialAction":[{"@type":"CommentAction","name":"Comment","target":["https:\/\/jornalbeirario.com.br\/portal\/?p=82380#respond"]}]},{"@type":"WebPage","@id":"https:\/\/jornalbeirario.com.br\/portal\/?p=82380","url":"https:\/\/jornalbeirario.com.br\/portal\/?p=82380","name":"Lei estadual pode beneficiar munic\u00edpios da regi\u00e3o com incentivos fiscais a ind\u00fastrias - JORNAL BEIRA RIO","isPartOf":{"@id":"https:\/\/jornalbeirario.com.br\/portal\/#website"},"primaryImageOfPage":{"@id":"https:\/\/jornalbeirario.com.br\/portal\/?p=82380#primaryimage"},"image":{"@id":"https:\/\/jornalbeirario.com.br\/portal\/?p=82380#primaryimage"},"thumbnailUrl":"https:\/\/jornalbeirario.com.br\/portal\/wp-content\/uploads\/2014\/10\/na-imagem-fabrica-de-caminhoes-da-volkswagen-cuja-operacao-foi-assumida-pela-man-latin-america-1325628449259_560x400.jpg","datePublished":"2021-11-25T19:15:58+00:00","breadcrumb":{"@id":"https:\/\/jornalbeirario.com.br\/portal\/?p=82380#breadcrumb"},"inLanguage":"pt-BR","potentialAction":[{"@type":"ReadAction","target":["https:\/\/jornalbeirario.com.br\/portal\/?p=82380"]}]},{"@type":"ImageObject","inLanguage":"pt-BR","@id":"https:\/\/jornalbeirario.com.br\/portal\/?p=82380#primaryimage","url":"https:\/\/jornalbeirario.com.br\/portal\/wp-content\/uploads\/2014\/10\/na-imagem-fabrica-de-caminhoes-da-volkswagen-cuja-operacao-foi-assumida-pela-man-latin-america-1325628449259_560x400.jpg","contentUrl":"https:\/\/jornalbeirario.com.br\/portal\/wp-content\/uploads\/2014\/10\/na-imagem-fabrica-de-caminhoes-da-volkswagen-cuja-operacao-foi-assumida-pela-man-latin-america-1325628449259_560x400.jpg","width":"560","height":"400","caption":"Resende, onde fica a sede da Volkswagen Caminh\u00f5es e \u00d4nibus, ser\u00e1 contemplada com lei estadual de incentivos fiscais"},{"@type":"BreadcrumbList","@id":"https:\/\/jornalbeirario.com.br\/portal\/?p=82380#breadcrumb","itemListElement":[{"@type":"ListItem","position":1,"name":"Home","item":"https:\/\/jornalbeirario.com.br\/portal"},{"@type":"ListItem","position":2,"name":"Lei estadual pode beneficiar munic\u00edpios da regi\u00e3o com incentivos fiscais a ind\u00fastrias"}]},{"@type":"WebSite","@id":"https:\/\/jornalbeirario.com.br\/portal\/#website","url":"https:\/\/jornalbeirario.com.br\/portal\/","name":"JORNAL BEIRA RIO","description":"","publisher":{"@id":"https:\/\/jornalbeirario.com.br\/portal\/#organization"},"potentialAction":[{"@type":"SearchAction","target":{"@type":"EntryPoint","urlTemplate":"https:\/\/jornalbeirario.com.br\/portal\/?s={search_term_string}"},"query-input":{"@type":"PropertyValueSpecification","valueRequired":true,"valueName":"search_term_string"}}],"inLanguage":"pt-BR"},{"@type":"Organization","@id":"https:\/\/jornalbeirario.com.br\/portal\/#organization","name":"JORNAL BEIRA RIO","url":"https:\/\/jornalbeirario.com.br\/portal\/","logo":{"@type":"ImageObject","inLanguage":"pt-BR","@id":"https:\/\/jornalbeirario.com.br\/portal\/#\/schema\/logo\/image\/","url":"https:\/\/jornalbeirario.com.br\/portal\/wp-content\/uploads\/2017\/09\/BEIRA-RIO_logo600.png","contentUrl":"https:\/\/jornalbeirario.com.br\/portal\/wp-content\/uploads\/2017\/09\/BEIRA-RIO_logo600.png","width":650,"height":108,"caption":"JORNAL BEIRA RIO"},"image":{"@id":"https:\/\/jornalbeirario.com.br\/portal\/#\/schema\/logo\/image\/"}},{"@type":"Person","@id":"https:\/\/jornalbeirario.com.br\/portal\/#\/schema\/person\/c6c423e4c2465d2a9233f6539173e7c1","name":"Jornal BEIRA-RIO","image":{"@type":"ImageObject","inLanguage":"pt-BR","@id":"https:\/\/jornalbeirario.com.br\/portal\/wp-content\/uploads\/2023\/10\/logojbr1.jpg","url":"https:\/\/jornalbeirario.com.br\/portal\/wp-content\/uploads\/2023\/10\/logojbr1.jpg","contentUrl":"https:\/\/jornalbeirario.com.br\/portal\/wp-content\/uploads\/2023\/10\/logojbr1.jpg","caption":"Jornal BEIRA-RIO"},"url":"https:\/\/jornalbeirario.com.br\/portal\/?author=1"}]}},"_links":{"self":[{"href":"https:\/\/jornalbeirario.com.br\/portal\/index.php?rest_route=\/wp\/v2\/posts\/82380","targetHints":{"allow":["GET"]}}],"collection":[{"href":"https:\/\/jornalbeirario.com.br\/portal\/index.php?rest_route=\/wp\/v2\/posts"}],"about":[{"href":"https:\/\/jornalbeirario.com.br\/portal\/index.php?rest_route=\/wp\/v2\/types\/post"}],"author":[{"embeddable":true,"href":"https:\/\/jornalbeirario.com.br\/portal\/index.php?rest_route=\/wp\/v2\/users\/1"}],"replies":[{"embeddable":true,"href":"https:\/\/jornalbeirario.com.br\/portal\/index.php?rest_route=%2Fwp%2Fv2%2Fcomments&post=82380"}],"version-history":[{"count":3,"href":"https:\/\/jornalbeirario.com.br\/portal\/index.php?rest_route=\/wp\/v2\/posts\/82380\/revisions"}],"predecessor-version":[{"id":82383,"href":"https:\/\/jornalbeirario.com.br\/portal\/index.php?rest_route=\/wp\/v2\/posts\/82380\/revisions\/82383"}],"wp:featuredmedia":[{"embeddable":true,"href":"https:\/\/jornalbeirario.com.br\/portal\/index.php?rest_route=\/wp\/v2\/media\/25404"}],"wp:attachment":[{"href":"https:\/\/jornalbeirario.com.br\/portal\/index.php?rest_route=%2Fwp%2Fv2%2Fmedia&parent=82380"}],"wp:term":[{"taxonomy":"category","embeddable":true,"href":"https:\/\/jornalbeirario.com.br\/portal\/index.php?rest_route=%2Fwp%2Fv2%2Fcategories&post=82380"},{"taxonomy":"post_tag","embeddable":true,"href":"https:\/\/jornalbeirario.com.br\/portal\/index.php?rest_route=%2Fwp%2Fv2%2Ftags&post=82380"}],"curies":[{"name":"wp","href":"https:\/\/api.w.org\/{rel}","templated":true}]}}