
{"id":80435,"date":"2021-10-07T11:31:20","date_gmt":"2021-10-07T14:31:20","guid":{"rendered":"http:\/\/jornalbeirario.com.br\/portal\/?p=80435"},"modified":"2021-10-07T11:31:20","modified_gmt":"2021-10-07T14:31:20","slug":"frente-parlamentar-da-alerj-mapeara-demandas-nas-regioes-do-estado","status":"publish","type":"post","link":"https:\/\/jornalbeirario.com.br\/portal\/?p=80435","title":{"rendered":"Frente Parlamentar da Alerj mapear\u00e1 demandas nas regi\u00f5es do Estado"},"content":{"rendered":"<p style=\"text-align: justify;\"><img loading=\"lazy\" decoding=\"async\" class=\"alignleft size-medium wp-image-80438\" src=\"https:\/\/jornalbeirario.com.br\/portal\/wp-content\/uploads\/2021\/10\/frente1-300x225.jpg\" alt=\"\" width=\"300\" height=\"225\" srcset=\"https:\/\/jornalbeirario.com.br\/portal\/wp-content\/uploads\/2021\/10\/frente1-300x225.jpg 300w, https:\/\/jornalbeirario.com.br\/portal\/wp-content\/uploads\/2021\/10\/frente1.jpg 640w\" sizes=\"auto, (max-width: 300px) 100vw, 300px\" \/>Ser\u00e1 votada em car\u00e1ter de urg\u00eancia nesta quinta-feira, dia 7, na Assembleia Legislativa do Estado do Rio de Janeiro (Alerj), o Projeto de Lei 3833\/2021, que autoriza o Governo a participar de cons\u00f3rcios p\u00fablicos intermunicipais de sa\u00fade e o desenvolvimento em regime de gest\u00e3o associada na execu\u00e7\u00e3o de pol\u00edticas p\u00fablicas do setor. A proposta, de autoria do deputado e vice-presidente da Alerj, Jair Bittencourt, e tamb\u00e9m do presidente da Alerj, deputado Andr\u00e9 Ceciliano, \u00e9 uma forma de inserir a participa\u00e7\u00e3o do Estado em cons\u00f3rcios intermunicipais como modelo para o desenvolvimento socioecon\u00f4mico.<\/p>\n<p style=\"text-align: justify;\">Esse \u00e9 mais um passo da Alerj para concentrar as demandas e buscar recursos estaduais e federais que tragam solu\u00e7\u00f5es para atender os diferentes munic\u00edpios do Estado, depois da primeira reuni\u00e3o da Frente Parlamentar de Cons\u00f3rcios P\u00fablicos e Associa\u00e7\u00f5es Intermunicipais do legislativo estadual para discutir sua composi\u00e7\u00e3o e agenda de trabalho. Segundo o presidente da Frente, Jair Bittencourt, o grande diferencial do grupo \u00e9 a cria\u00e7\u00e3o de seis C\u00e2maras T\u00e9cnicas que v\u00e3o mapear demandas em diferentes \u00e1reas.<\/p>\n<p style=\"text-align: justify;\">&#8211; Infelizmente, existem muitas Frentes Parlamentares que nascem, fazem uma primeira reuni\u00e3o, e n\u00e3o prosperam, porque faltam as coordenadorias espec\u00edficas para organizar as demandas de cada \u00e1rea. Com as C\u00e2maras T\u00e9cnicas, os cons\u00f3rcios ter\u00e3o vida ativa no Executivo, atuando na elabora\u00e7\u00e3o de leis e ajudando a tirar do papel projetos que atendam \u00e0s necessidades dos munic\u00edpios que representam &#8211; ressaltou o deputado.<\/p>\n<p style=\"text-align: justify;\">A Frente Parlamentar conta, hoje, com a ades\u00e3o de representantes de cinco cons\u00f3rcios municipais e cinco associa\u00e7\u00f5es do Norte, Noroeste, Baixada e Centro Sul Fluminense, que far\u00e3o parte de C\u00e2maras T\u00e9cnicas nas \u00e1reas de Sa\u00fade, Turismo, Agricultura, Desenvolvimento Econ\u00f4mico e Meio Ambiente, Rela\u00e7\u00f5es Internacionais, Cultura e Esporte.<\/p>\n<p style=\"text-align: justify;\">&#8211; Esperamos que a Frente funcione como um catalisador na busca de recursos, facilitando a atua\u00e7\u00e3o do governo nos pequenos munic\u00edpios e levando solu\u00e7\u00f5es para o Estado como um todo. Queremos reproduzir aqui o exemplo bem sucedido de gest\u00e3o compartilhada j\u00e1 realizado em S\u00e3o Paulo, Esp\u00edrito Santo e Minas Gerais, que vem trazendo resultados promissores &#8211; afirmou Bittencourt, que disse j\u00e1 ter solicitado uma agenda com o governador Claudio Castro para discutir seu apoio e envolvimento nos trabalhos do grupo.<\/p>\n","protected":false},"excerpt":{"rendered":"<p>Ser\u00e1 votada em car\u00e1ter de urg\u00eancia nesta quinta-feira, dia 7, na Assembleia Legislativa do Estado do Rio de Janeiro (Alerj), o Projeto de Lei<\/p>\n","protected":false},"author":1,"featured_media":80438,"comment_status":"open","ping_status":"open","sticky":false,"template":"","format":"standard","meta":{"pmpro_default_level":"","footnotes":""},"categories":[11,158],"tags":[],"class_list":["post-80435","post","type-post","status-publish","format-standard","has-post-thumbnail","hentry","category-politica","category-rio-de-janeiro","pmpro-has-access"],"yoast_head":"<!-- This site is optimized with the Yoast SEO plugin v27.4 - https:\/\/yoast.com\/product\/yoast-seo-wordpress\/ -->\n<title>Frente Parlamentar da Alerj mapear\u00e1 demandas nas regi\u00f5es do Estado - JORNAL BEIRA RIO<\/title>\n<meta name=\"robots\" content=\"index, follow, max-snippet:-1, max-image-preview:large, max-video-preview:-1\" \/>\n<link rel=\"canonical\" href=\"https:\/\/jornalbeirario.com.br\/portal\/?p=80435\" \/>\n<meta property=\"og:locale\" content=\"pt_BR\" \/>\n<meta property=\"og:type\" content=\"article\" \/>\n<meta property=\"og:title\" content=\"Frente Parlamentar da Alerj mapear\u00e1 demandas nas regi\u00f5es do Estado - JORNAL BEIRA RIO\" \/>\n<meta property=\"og:description\" content=\"Ser\u00e1 votada em car\u00e1ter de urg\u00eancia nesta quinta-feira, dia 7, na Assembleia Legislativa do Estado do Rio de Janeiro (Alerj), o Projeto de Lei\" \/>\n<meta property=\"og:url\" content=\"https:\/\/jornalbeirario.com.br\/portal\/?p=80435\" \/>\n<meta property=\"og:site_name\" content=\"JORNAL BEIRA RIO\" \/>\n<meta property=\"article:published_time\" content=\"2021-10-07T14:31:20+00:00\" \/>\n<meta property=\"og:image\" content=\"https:\/\/jornalbeirario.com.br\/portal\/wp-content\/uploads\/2021\/10\/frente1.jpg\" \/>\n\t<meta property=\"og:image:width\" content=\"640\" \/>\n\t<meta property=\"og:image:height\" content=\"480\" \/>\n\t<meta property=\"og:image:type\" content=\"image\/jpeg\" \/>\n<meta name=\"author\" content=\"Jornal BEIRA-RIO\" \/>\n<meta name=\"twitter:card\" content=\"summary_large_image\" \/>\n<meta name=\"twitter:label1\" content=\"Escrito por\" \/>\n\t<meta name=\"twitter:data1\" content=\"Jornal BEIRA-RIO\" \/>\n\t<meta name=\"twitter:label2\" content=\"Est. tempo de leitura\" \/>\n\t<meta name=\"twitter:data2\" content=\"2 minutos\" \/>\n<script type=\"application\/ld+json\" class=\"yoast-schema-graph\">{\"@context\":\"https:\\\/\\\/schema.org\",\"@graph\":[{\"@type\":\"Article\",\"@id\":\"https:\\\/\\\/jornalbeirario.com.br\\\/portal\\\/?p=80435#article\",\"isPartOf\":{\"@id\":\"https:\\\/\\\/jornalbeirario.com.br\\\/portal\\\/?p=80435\"},\"author\":{\"name\":\"Jornal BEIRA-RIO\",\"@id\":\"https:\\\/\\\/jornalbeirario.com.br\\\/portal\\\/#\\\/schema\\\/person\\\/c6c423e4c2465d2a9233f6539173e7c1\"},\"headline\":\"Frente Parlamentar da Alerj mapear\u00e1 demandas nas regi\u00f5es do Estado\",\"datePublished\":\"2021-10-07T14:31:20+00:00\",\"mainEntityOfPage\":{\"@id\":\"https:\\\/\\\/jornalbeirario.com.br\\\/portal\\\/?p=80435\"},\"wordCount\":411,\"commentCount\":0,\"publisher\":{\"@id\":\"https:\\\/\\\/jornalbeirario.com.br\\\/portal\\\/#organization\"},\"image\":{\"@id\":\"https:\\\/\\\/jornalbeirario.com.br\\\/portal\\\/?p=80435#primaryimage\"},\"thumbnailUrl\":\"https:\\\/\\\/jornalbeirario.com.br\\\/portal\\\/wp-content\\\/uploads\\\/2021\\\/10\\\/frente1.jpg\",\"articleSection\":[\"Pol\u00edtica\",\"Rio de Janeiro\"],\"inLanguage\":\"pt-BR\",\"potentialAction\":[{\"@type\":\"CommentAction\",\"name\":\"Comment\",\"target\":[\"https:\\\/\\\/jornalbeirario.com.br\\\/portal\\\/?p=80435#respond\"]}]},{\"@type\":\"WebPage\",\"@id\":\"https:\\\/\\\/jornalbeirario.com.br\\\/portal\\\/?p=80435\",\"url\":\"https:\\\/\\\/jornalbeirario.com.br\\\/portal\\\/?p=80435\",\"name\":\"Frente Parlamentar da Alerj mapear\u00e1 demandas nas regi\u00f5es do Estado - JORNAL BEIRA RIO\",\"isPartOf\":{\"@id\":\"https:\\\/\\\/jornalbeirario.com.br\\\/portal\\\/#website\"},\"primaryImageOfPage\":{\"@id\":\"https:\\\/\\\/jornalbeirario.com.br\\\/portal\\\/?p=80435#primaryimage\"},\"image\":{\"@id\":\"https:\\\/\\\/jornalbeirario.com.br\\\/portal\\\/?p=80435#primaryimage\"},\"thumbnailUrl\":\"https:\\\/\\\/jornalbeirario.com.br\\\/portal\\\/wp-content\\\/uploads\\\/2021\\\/10\\\/frente1.jpg\",\"datePublished\":\"2021-10-07T14:31:20+00:00\",\"breadcrumb\":{\"@id\":\"https:\\\/\\\/jornalbeirario.com.br\\\/portal\\\/?p=80435#breadcrumb\"},\"inLanguage\":\"pt-BR\",\"potentialAction\":[{\"@type\":\"ReadAction\",\"target\":[\"https:\\\/\\\/jornalbeirario.com.br\\\/portal\\\/?p=80435\"]}]},{\"@type\":\"ImageObject\",\"inLanguage\":\"pt-BR\",\"@id\":\"https:\\\/\\\/jornalbeirario.com.br\\\/portal\\\/?p=80435#primaryimage\",\"url\":\"https:\\\/\\\/jornalbeirario.com.br\\\/portal\\\/wp-content\\\/uploads\\\/2021\\\/10\\\/frente1.jpg\",\"contentUrl\":\"https:\\\/\\\/jornalbeirario.com.br\\\/portal\\\/wp-content\\\/uploads\\\/2021\\\/10\\\/frente1.jpg\",\"width\":640,\"height\":480},{\"@type\":\"BreadcrumbList\",\"@id\":\"https:\\\/\\\/jornalbeirario.com.br\\\/portal\\\/?p=80435#breadcrumb\",\"itemListElement\":[{\"@type\":\"ListItem\",\"position\":1,\"name\":\"Home\",\"item\":\"https:\\\/\\\/jornalbeirario.com.br\\\/portal\"},{\"@type\":\"ListItem\",\"position\":2,\"name\":\"Frente Parlamentar da Alerj mapear\u00e1 demandas nas regi\u00f5es do Estado\"}]},{\"@type\":\"WebSite\",\"@id\":\"https:\\\/\\\/jornalbeirario.com.br\\\/portal\\\/#website\",\"url\":\"https:\\\/\\\/jornalbeirario.com.br\\\/portal\\\/\",\"name\":\"JORNAL BEIRA RIO\",\"description\":\"\",\"publisher\":{\"@id\":\"https:\\\/\\\/jornalbeirario.com.br\\\/portal\\\/#organization\"},\"potentialAction\":[{\"@type\":\"SearchAction\",\"target\":{\"@type\":\"EntryPoint\",\"urlTemplate\":\"https:\\\/\\\/jornalbeirario.com.br\\\/portal\\\/?s={search_term_string}\"},\"query-input\":{\"@type\":\"PropertyValueSpecification\",\"valueRequired\":true,\"valueName\":\"search_term_string\"}}],\"inLanguage\":\"pt-BR\"},{\"@type\":\"Organization\",\"@id\":\"https:\\\/\\\/jornalbeirario.com.br\\\/portal\\\/#organization\",\"name\":\"JORNAL BEIRA RIO\",\"url\":\"https:\\\/\\\/jornalbeirario.com.br\\\/portal\\\/\",\"logo\":{\"@type\":\"ImageObject\",\"inLanguage\":\"pt-BR\",\"@id\":\"https:\\\/\\\/jornalbeirario.com.br\\\/portal\\\/#\\\/schema\\\/logo\\\/image\\\/\",\"url\":\"https:\\\/\\\/jornalbeirario.com.br\\\/portal\\\/wp-content\\\/uploads\\\/2017\\\/09\\\/BEIRA-RIO_logo600.png\",\"contentUrl\":\"https:\\\/\\\/jornalbeirario.com.br\\\/portal\\\/wp-content\\\/uploads\\\/2017\\\/09\\\/BEIRA-RIO_logo600.png\",\"width\":650,\"height\":108,\"caption\":\"JORNAL BEIRA RIO\"},\"image\":{\"@id\":\"https:\\\/\\\/jornalbeirario.com.br\\\/portal\\\/#\\\/schema\\\/logo\\\/image\\\/\"}},{\"@type\":\"Person\",\"@id\":\"https:\\\/\\\/jornalbeirario.com.br\\\/portal\\\/#\\\/schema\\\/person\\\/c6c423e4c2465d2a9233f6539173e7c1\",\"name\":\"Jornal BEIRA-RIO\",\"image\":{\"@type\":\"ImageObject\",\"inLanguage\":\"pt-BR\",\"@id\":\"https:\\\/\\\/jornalbeirario.com.br\\\/portal\\\/wp-content\\\/uploads\\\/2023\\\/10\\\/logojbr1.jpg\",\"url\":\"https:\\\/\\\/jornalbeirario.com.br\\\/portal\\\/wp-content\\\/uploads\\\/2023\\\/10\\\/logojbr1.jpg\",\"contentUrl\":\"https:\\\/\\\/jornalbeirario.com.br\\\/portal\\\/wp-content\\\/uploads\\\/2023\\\/10\\\/logojbr1.jpg\",\"caption\":\"Jornal BEIRA-RIO\"},\"url\":\"https:\\\/\\\/jornalbeirario.com.br\\\/portal\\\/?author=1\"}]}<\/script>\n<!-- \/ Yoast SEO plugin. -->","yoast_head_json":{"title":"Frente Parlamentar da Alerj mapear\u00e1 demandas nas regi\u00f5es do Estado - JORNAL BEIRA RIO","robots":{"index":"index","follow":"follow","max-snippet":"max-snippet:-1","max-image-preview":"max-image-preview:large","max-video-preview":"max-video-preview:-1"},"canonical":"https:\/\/jornalbeirario.com.br\/portal\/?p=80435","og_locale":"pt_BR","og_type":"article","og_title":"Frente Parlamentar da Alerj mapear\u00e1 demandas nas regi\u00f5es do Estado - JORNAL BEIRA RIO","og_description":"Ser\u00e1 votada em car\u00e1ter de urg\u00eancia nesta quinta-feira, dia 7, na Assembleia Legislativa do Estado do Rio de Janeiro (Alerj), o Projeto de Lei","og_url":"https:\/\/jornalbeirario.com.br\/portal\/?p=80435","og_site_name":"JORNAL BEIRA RIO","article_published_time":"2021-10-07T14:31:20+00:00","og_image":[{"width":640,"height":480,"url":"https:\/\/jornalbeirario.com.br\/portal\/wp-content\/uploads\/2021\/10\/frente1.jpg","type":"image\/jpeg"}],"author":"Jornal BEIRA-RIO","twitter_card":"summary_large_image","twitter_misc":{"Escrito por":"Jornal BEIRA-RIO","Est. tempo de leitura":"2 minutos"},"schema":{"@context":"https:\/\/schema.org","@graph":[{"@type":"Article","@id":"https:\/\/jornalbeirario.com.br\/portal\/?p=80435#article","isPartOf":{"@id":"https:\/\/jornalbeirario.com.br\/portal\/?p=80435"},"author":{"name":"Jornal BEIRA-RIO","@id":"https:\/\/jornalbeirario.com.br\/portal\/#\/schema\/person\/c6c423e4c2465d2a9233f6539173e7c1"},"headline":"Frente Parlamentar da Alerj mapear\u00e1 demandas nas regi\u00f5es do Estado","datePublished":"2021-10-07T14:31:20+00:00","mainEntityOfPage":{"@id":"https:\/\/jornalbeirario.com.br\/portal\/?p=80435"},"wordCount":411,"commentCount":0,"publisher":{"@id":"https:\/\/jornalbeirario.com.br\/portal\/#organization"},"image":{"@id":"https:\/\/jornalbeirario.com.br\/portal\/?p=80435#primaryimage"},"thumbnailUrl":"https:\/\/jornalbeirario.com.br\/portal\/wp-content\/uploads\/2021\/10\/frente1.jpg","articleSection":["Pol\u00edtica","Rio de Janeiro"],"inLanguage":"pt-BR","potentialAction":[{"@type":"CommentAction","name":"Comment","target":["https:\/\/jornalbeirario.com.br\/portal\/?p=80435#respond"]}]},{"@type":"WebPage","@id":"https:\/\/jornalbeirario.com.br\/portal\/?p=80435","url":"https:\/\/jornalbeirario.com.br\/portal\/?p=80435","name":"Frente Parlamentar da Alerj mapear\u00e1 demandas nas regi\u00f5es do Estado - JORNAL BEIRA RIO","isPartOf":{"@id":"https:\/\/jornalbeirario.com.br\/portal\/#website"},"primaryImageOfPage":{"@id":"https:\/\/jornalbeirario.com.br\/portal\/?p=80435#primaryimage"},"image":{"@id":"https:\/\/jornalbeirario.com.br\/portal\/?p=80435#primaryimage"},"thumbnailUrl":"https:\/\/jornalbeirario.com.br\/portal\/wp-content\/uploads\/2021\/10\/frente1.jpg","datePublished":"2021-10-07T14:31:20+00:00","breadcrumb":{"@id":"https:\/\/jornalbeirario.com.br\/portal\/?p=80435#breadcrumb"},"inLanguage":"pt-BR","potentialAction":[{"@type":"ReadAction","target":["https:\/\/jornalbeirario.com.br\/portal\/?p=80435"]}]},{"@type":"ImageObject","inLanguage":"pt-BR","@id":"https:\/\/jornalbeirario.com.br\/portal\/?p=80435#primaryimage","url":"https:\/\/jornalbeirario.com.br\/portal\/wp-content\/uploads\/2021\/10\/frente1.jpg","contentUrl":"https:\/\/jornalbeirario.com.br\/portal\/wp-content\/uploads\/2021\/10\/frente1.jpg","width":640,"height":480},{"@type":"BreadcrumbList","@id":"https:\/\/jornalbeirario.com.br\/portal\/?p=80435#breadcrumb","itemListElement":[{"@type":"ListItem","position":1,"name":"Home","item":"https:\/\/jornalbeirario.com.br\/portal"},{"@type":"ListItem","position":2,"name":"Frente Parlamentar da Alerj mapear\u00e1 demandas nas regi\u00f5es do Estado"}]},{"@type":"WebSite","@id":"https:\/\/jornalbeirario.com.br\/portal\/#website","url":"https:\/\/jornalbeirario.com.br\/portal\/","name":"JORNAL BEIRA RIO","description":"","publisher":{"@id":"https:\/\/jornalbeirario.com.br\/portal\/#organization"},"potentialAction":[{"@type":"SearchAction","target":{"@type":"EntryPoint","urlTemplate":"https:\/\/jornalbeirario.com.br\/portal\/?s={search_term_string}"},"query-input":{"@type":"PropertyValueSpecification","valueRequired":true,"valueName":"search_term_string"}}],"inLanguage":"pt-BR"},{"@type":"Organization","@id":"https:\/\/jornalbeirario.com.br\/portal\/#organization","name":"JORNAL BEIRA RIO","url":"https:\/\/jornalbeirario.com.br\/portal\/","logo":{"@type":"ImageObject","inLanguage":"pt-BR","@id":"https:\/\/jornalbeirario.com.br\/portal\/#\/schema\/logo\/image\/","url":"https:\/\/jornalbeirario.com.br\/portal\/wp-content\/uploads\/2017\/09\/BEIRA-RIO_logo600.png","contentUrl":"https:\/\/jornalbeirario.com.br\/portal\/wp-content\/uploads\/2017\/09\/BEIRA-RIO_logo600.png","width":650,"height":108,"caption":"JORNAL BEIRA RIO"},"image":{"@id":"https:\/\/jornalbeirario.com.br\/portal\/#\/schema\/logo\/image\/"}},{"@type":"Person","@id":"https:\/\/jornalbeirario.com.br\/portal\/#\/schema\/person\/c6c423e4c2465d2a9233f6539173e7c1","name":"Jornal BEIRA-RIO","image":{"@type":"ImageObject","inLanguage":"pt-BR","@id":"https:\/\/jornalbeirario.com.br\/portal\/wp-content\/uploads\/2023\/10\/logojbr1.jpg","url":"https:\/\/jornalbeirario.com.br\/portal\/wp-content\/uploads\/2023\/10\/logojbr1.jpg","contentUrl":"https:\/\/jornalbeirario.com.br\/portal\/wp-content\/uploads\/2023\/10\/logojbr1.jpg","caption":"Jornal BEIRA-RIO"},"url":"https:\/\/jornalbeirario.com.br\/portal\/?author=1"}]}},"_links":{"self":[{"href":"https:\/\/jornalbeirario.com.br\/portal\/index.php?rest_route=\/wp\/v2\/posts\/80435","targetHints":{"allow":["GET"]}}],"collection":[{"href":"https:\/\/jornalbeirario.com.br\/portal\/index.php?rest_route=\/wp\/v2\/posts"}],"about":[{"href":"https:\/\/jornalbeirario.com.br\/portal\/index.php?rest_route=\/wp\/v2\/types\/post"}],"author":[{"embeddable":true,"href":"https:\/\/jornalbeirario.com.br\/portal\/index.php?rest_route=\/wp\/v2\/users\/1"}],"replies":[{"embeddable":true,"href":"https:\/\/jornalbeirario.com.br\/portal\/index.php?rest_route=%2Fwp%2Fv2%2Fcomments&post=80435"}],"version-history":[{"count":3,"href":"https:\/\/jornalbeirario.com.br\/portal\/index.php?rest_route=\/wp\/v2\/posts\/80435\/revisions"}],"predecessor-version":[{"id":80439,"href":"https:\/\/jornalbeirario.com.br\/portal\/index.php?rest_route=\/wp\/v2\/posts\/80435\/revisions\/80439"}],"wp:featuredmedia":[{"embeddable":true,"href":"https:\/\/jornalbeirario.com.br\/portal\/index.php?rest_route=\/wp\/v2\/media\/80438"}],"wp:attachment":[{"href":"https:\/\/jornalbeirario.com.br\/portal\/index.php?rest_route=%2Fwp%2Fv2%2Fmedia&parent=80435"}],"wp:term":[{"taxonomy":"category","embeddable":true,"href":"https:\/\/jornalbeirario.com.br\/portal\/index.php?rest_route=%2Fwp%2Fv2%2Fcategories&post=80435"},{"taxonomy":"post_tag","embeddable":true,"href":"https:\/\/jornalbeirario.com.br\/portal\/index.php?rest_route=%2Fwp%2Fv2%2Ftags&post=80435"}],"curies":[{"name":"wp","href":"https:\/\/api.w.org\/{rel}","templated":true}]}}