
{"id":80387,"date":"2021-10-06T11:20:18","date_gmt":"2021-10-06T14:20:18","guid":{"rendered":"http:\/\/jornalbeirario.com.br\/portal\/?p=80387"},"modified":"2021-10-06T11:20:18","modified_gmt":"2021-10-06T14:20:18","slug":"com-bandeira-amarela-barra-mansa-tera-100-dos-alunos-de-forma-presencial","status":"publish","type":"post","link":"https:\/\/jornalbeirario.com.br\/portal\/?p=80387","title":{"rendered":"Com bandeira amarela, Barra Mansa ter\u00e1 100% dos alunos de forma presencial"},"content":{"rendered":"<p style=\"text-align: justify;\"><img loading=\"lazy\" decoding=\"async\" class=\"alignleft size-medium wp-image-80391\" src=\"https:\/\/jornalbeirario.com.br\/portal\/wp-content\/uploads\/2021\/10\/barramansa1-1-300x225.jpg\" alt=\"\" width=\"300\" height=\"225\" srcset=\"https:\/\/jornalbeirario.com.br\/portal\/wp-content\/uploads\/2021\/10\/barramansa1-1-300x225.jpg 300w, https:\/\/jornalbeirario.com.br\/portal\/wp-content\/uploads\/2021\/10\/barramansa1-1.jpg 640w\" sizes=\"auto, (max-width: 300px) 100vw, 300px\" \/>Com base no cen\u00e1rio epidemiol\u00f3gico da Covid-19 em Barra Mansa, que est\u00e1 na bandeira amarela, o que representa risco leve em rela\u00e7\u00e3o \u00e0 propaga\u00e7\u00e3o da doen\u00e7a, o munic\u00edpio se prepara para receber 100% dos alunos \u00e0s aulas presenciais. As escolas municipais, estaduais e particulares j\u00e1 contar\u00e3o com os estudantes a partir do pr\u00f3ximo dia 18. A proposta foi apresentada ao governo municipal nesta ter\u00e7a-feira, dia 5, durante reuni\u00e3o do Comit\u00ea de Retorno Seguro \u00e0s Aulas realizada no gabinete do prefeito Rodrigo Drable. O encontro contou com a participa\u00e7\u00e3o da vice-prefeita F\u00e1tima Lima e do secret\u00e1rio de Educa\u00e7\u00e3o, Marcus Barros.<\/p>\n<p style=\"text-align: justify;\">&#8211; Barra Mansa faz parte do percentual de 1% de cidades do pa\u00eds que retomaram as aulas em mar\u00e7o deste ano. Isso foi poss\u00edvel gra\u00e7as ao trabalho cont\u00ednuo das Secretarias Municipais de Educa\u00e7\u00e3o e Sa\u00fade e tamb\u00e9m do Comit\u00ea que pesquisou, analisou e trabalhou arduamente para que pud\u00e9ssemos ter cada vez mais alunos em sala de aula. Protocolos foram atualizados conforme as bandeiras de risco em rela\u00e7\u00e3o \u00e0 Covid-19 iam mudando. Retomamos o ensino no formato h\u00edbrido (presencial e remoto) quando a bandeira era laranja (risco moderado) e agora estamos aptos a dar mais um passo com a bandeira amarela &#8211; destaca Marcus, tamb\u00e9m integrante do Comit\u00ea.<\/p>\n<p style=\"text-align: justify;\">A Presidente do Conselho Municipal de Educa\u00e7\u00e3o, Morgana de F\u00e1tima Campos Vieira, disse que os espa\u00e7os f\u00edsicos das unidades de ensino ser\u00e3o adequados para receber a totalidade dos alunos, que todos os protocolos de seguran\u00e7a sanit\u00e1ria dever\u00e3o ser cumpridos e que, caso os pais n\u00e3o concordem com o retorno dos alunos \u00e0s aulas presenciais, o ensino remoto ser\u00e1 mantido at\u00e9 o fim deste ano.<\/p>\n<p style=\"text-align: justify;\">RETORNO SEGURO<br \/>\nA decis\u00e3o de retorno seguro \u00e0s aulas presenciais est\u00e1 sob orienta\u00e7\u00f5es e dados da Secretaria Municipal, Estadual e do Minist\u00e9rio da Sa\u00fade. &#8220;Barra Mansa realiza uma pesquisa de controle epidemiol\u00f3gico semanal, al\u00e9m da realizada a n\u00edvel estadual. O trabalho desenvolvido nos permitiu alcan\u00e7ar a bandeira amarela. O risco de cont\u00e1gio \u00e9 leve, mas isso n\u00e3o significa que a pandemia acabou. Precisamos manter as medidas de seguran\u00e7a sanit\u00e1ria, como uso de m\u00e1scara e \u00e1lcool em gel. Estamos empenhados para que o risco de cont\u00e1gio em nossa cidade se mantenha baixo at\u00e9 ser nulo, mas se a realidade voltar a ser a bandeira laranja, 75% dos alunos retornar\u00e3o \u00e0s salas de aula. O amarelo j\u00e1 nos permite os 100%&#8221;, destacou o secret\u00e1rio de Sa\u00fade, S\u00e9rgio Gomes.<\/p>\n<p style=\"text-align: justify;\"><em>Foto: Paulo Dimas\/Divulga\u00e7\u00e3o PMBM<\/em><\/p>\n","protected":false},"excerpt":{"rendered":"<p>Com base no cen\u00e1rio epidemiol\u00f3gico da Covid-19 em Barra Mansa, que est\u00e1 na bandeira amarela, o que representa risco leve em rela\u00e7\u00e3o \u00e0 propaga\u00e7\u00e3o<\/p>\n","protected":false},"author":1,"featured_media":80391,"comment_status":"open","ping_status":"open","sticky":false,"template":"","format":"standard","meta":{"pmpro_default_level":"","footnotes":""},"categories":[28,233,18],"tags":[],"class_list":["post-80387","post","type-post","status-publish","format-standard","has-post-thumbnail","hentry","category-educacao","category-regiao","category-saude","pmpro-has-access"],"yoast_head":"<!-- This site is optimized with the Yoast SEO plugin v27.4 - https:\/\/yoast.com\/product\/yoast-seo-wordpress\/ -->\n<title>Com bandeira amarela, Barra Mansa ter\u00e1 100% dos alunos de forma presencial - JORNAL BEIRA RIO<\/title>\n<meta name=\"robots\" content=\"index, follow, max-snippet:-1, max-image-preview:large, max-video-preview:-1\" \/>\n<link rel=\"canonical\" href=\"https:\/\/jornalbeirario.com.br\/portal\/?p=80387\" \/>\n<meta property=\"og:locale\" content=\"pt_BR\" \/>\n<meta property=\"og:type\" content=\"article\" \/>\n<meta property=\"og:title\" content=\"Com bandeira amarela, Barra Mansa ter\u00e1 100% dos alunos de forma presencial - JORNAL BEIRA RIO\" \/>\n<meta property=\"og:description\" content=\"Com base no cen\u00e1rio epidemiol\u00f3gico da Covid-19 em Barra Mansa, que est\u00e1 na bandeira amarela, o que representa risco leve em rela\u00e7\u00e3o \u00e0 propaga\u00e7\u00e3o\" \/>\n<meta property=\"og:url\" content=\"https:\/\/jornalbeirario.com.br\/portal\/?p=80387\" \/>\n<meta property=\"og:site_name\" content=\"JORNAL BEIRA RIO\" \/>\n<meta property=\"article:published_time\" content=\"2021-10-06T14:20:18+00:00\" \/>\n<meta property=\"og:image\" content=\"https:\/\/jornalbeirario.com.br\/portal\/wp-content\/uploads\/2021\/10\/barramansa1-1.jpg\" \/>\n\t<meta property=\"og:image:width\" content=\"640\" \/>\n\t<meta property=\"og:image:height\" content=\"480\" \/>\n\t<meta property=\"og:image:type\" content=\"image\/jpeg\" \/>\n<meta name=\"author\" content=\"Jornal BEIRA-RIO\" \/>\n<meta name=\"twitter:card\" content=\"summary_large_image\" \/>\n<meta name=\"twitter:label1\" content=\"Escrito por\" \/>\n\t<meta name=\"twitter:data1\" content=\"Jornal BEIRA-RIO\" \/>\n\t<meta name=\"twitter:label2\" content=\"Est. tempo de leitura\" \/>\n\t<meta name=\"twitter:data2\" content=\"2 minutos\" \/>\n<script type=\"application\/ld+json\" class=\"yoast-schema-graph\">{\"@context\":\"https:\\\/\\\/schema.org\",\"@graph\":[{\"@type\":\"Article\",\"@id\":\"https:\\\/\\\/jornalbeirario.com.br\\\/portal\\\/?p=80387#article\",\"isPartOf\":{\"@id\":\"https:\\\/\\\/jornalbeirario.com.br\\\/portal\\\/?p=80387\"},\"author\":{\"name\":\"Jornal BEIRA-RIO\",\"@id\":\"https:\\\/\\\/jornalbeirario.com.br\\\/portal\\\/#\\\/schema\\\/person\\\/c6c423e4c2465d2a9233f6539173e7c1\"},\"headline\":\"Com bandeira amarela, Barra Mansa ter\u00e1 100% dos alunos de forma presencial\",\"datePublished\":\"2021-10-06T14:20:18+00:00\",\"mainEntityOfPage\":{\"@id\":\"https:\\\/\\\/jornalbeirario.com.br\\\/portal\\\/?p=80387\"},\"wordCount\":457,\"commentCount\":0,\"publisher\":{\"@id\":\"https:\\\/\\\/jornalbeirario.com.br\\\/portal\\\/#organization\"},\"image\":{\"@id\":\"https:\\\/\\\/jornalbeirario.com.br\\\/portal\\\/?p=80387#primaryimage\"},\"thumbnailUrl\":\"https:\\\/\\\/jornalbeirario.com.br\\\/portal\\\/wp-content\\\/uploads\\\/2021\\\/10\\\/barramansa1-1.jpg\",\"articleSection\":[\"Educa\u00e7\u00e3o\",\"Regi\u00e3o\",\"Sa\u00fade\"],\"inLanguage\":\"pt-BR\",\"potentialAction\":[{\"@type\":\"CommentAction\",\"name\":\"Comment\",\"target\":[\"https:\\\/\\\/jornalbeirario.com.br\\\/portal\\\/?p=80387#respond\"]}]},{\"@type\":\"WebPage\",\"@id\":\"https:\\\/\\\/jornalbeirario.com.br\\\/portal\\\/?p=80387\",\"url\":\"https:\\\/\\\/jornalbeirario.com.br\\\/portal\\\/?p=80387\",\"name\":\"Com bandeira amarela, Barra Mansa ter\u00e1 100% dos alunos de forma presencial - JORNAL BEIRA RIO\",\"isPartOf\":{\"@id\":\"https:\\\/\\\/jornalbeirario.com.br\\\/portal\\\/#website\"},\"primaryImageOfPage\":{\"@id\":\"https:\\\/\\\/jornalbeirario.com.br\\\/portal\\\/?p=80387#primaryimage\"},\"image\":{\"@id\":\"https:\\\/\\\/jornalbeirario.com.br\\\/portal\\\/?p=80387#primaryimage\"},\"thumbnailUrl\":\"https:\\\/\\\/jornalbeirario.com.br\\\/portal\\\/wp-content\\\/uploads\\\/2021\\\/10\\\/barramansa1-1.jpg\",\"datePublished\":\"2021-10-06T14:20:18+00:00\",\"breadcrumb\":{\"@id\":\"https:\\\/\\\/jornalbeirario.com.br\\\/portal\\\/?p=80387#breadcrumb\"},\"inLanguage\":\"pt-BR\",\"potentialAction\":[{\"@type\":\"ReadAction\",\"target\":[\"https:\\\/\\\/jornalbeirario.com.br\\\/portal\\\/?p=80387\"]}]},{\"@type\":\"ImageObject\",\"inLanguage\":\"pt-BR\",\"@id\":\"https:\\\/\\\/jornalbeirario.com.br\\\/portal\\\/?p=80387#primaryimage\",\"url\":\"https:\\\/\\\/jornalbeirario.com.br\\\/portal\\\/wp-content\\\/uploads\\\/2021\\\/10\\\/barramansa1-1.jpg\",\"contentUrl\":\"https:\\\/\\\/jornalbeirario.com.br\\\/portal\\\/wp-content\\\/uploads\\\/2021\\\/10\\\/barramansa1-1.jpg\",\"width\":640,\"height\":480},{\"@type\":\"BreadcrumbList\",\"@id\":\"https:\\\/\\\/jornalbeirario.com.br\\\/portal\\\/?p=80387#breadcrumb\",\"itemListElement\":[{\"@type\":\"ListItem\",\"position\":1,\"name\":\"Home\",\"item\":\"https:\\\/\\\/jornalbeirario.com.br\\\/portal\"},{\"@type\":\"ListItem\",\"position\":2,\"name\":\"Com bandeira amarela, Barra Mansa ter\u00e1 100% dos alunos de forma presencial\"}]},{\"@type\":\"WebSite\",\"@id\":\"https:\\\/\\\/jornalbeirario.com.br\\\/portal\\\/#website\",\"url\":\"https:\\\/\\\/jornalbeirario.com.br\\\/portal\\\/\",\"name\":\"JORNAL BEIRA RIO\",\"description\":\"\",\"publisher\":{\"@id\":\"https:\\\/\\\/jornalbeirario.com.br\\\/portal\\\/#organization\"},\"potentialAction\":[{\"@type\":\"SearchAction\",\"target\":{\"@type\":\"EntryPoint\",\"urlTemplate\":\"https:\\\/\\\/jornalbeirario.com.br\\\/portal\\\/?s={search_term_string}\"},\"query-input\":{\"@type\":\"PropertyValueSpecification\",\"valueRequired\":true,\"valueName\":\"search_term_string\"}}],\"inLanguage\":\"pt-BR\"},{\"@type\":\"Organization\",\"@id\":\"https:\\\/\\\/jornalbeirario.com.br\\\/portal\\\/#organization\",\"name\":\"JORNAL BEIRA RIO\",\"url\":\"https:\\\/\\\/jornalbeirario.com.br\\\/portal\\\/\",\"logo\":{\"@type\":\"ImageObject\",\"inLanguage\":\"pt-BR\",\"@id\":\"https:\\\/\\\/jornalbeirario.com.br\\\/portal\\\/#\\\/schema\\\/logo\\\/image\\\/\",\"url\":\"https:\\\/\\\/jornalbeirario.com.br\\\/portal\\\/wp-content\\\/uploads\\\/2017\\\/09\\\/BEIRA-RIO_logo600.png\",\"contentUrl\":\"https:\\\/\\\/jornalbeirario.com.br\\\/portal\\\/wp-content\\\/uploads\\\/2017\\\/09\\\/BEIRA-RIO_logo600.png\",\"width\":650,\"height\":108,\"caption\":\"JORNAL BEIRA RIO\"},\"image\":{\"@id\":\"https:\\\/\\\/jornalbeirario.com.br\\\/portal\\\/#\\\/schema\\\/logo\\\/image\\\/\"}},{\"@type\":\"Person\",\"@id\":\"https:\\\/\\\/jornalbeirario.com.br\\\/portal\\\/#\\\/schema\\\/person\\\/c6c423e4c2465d2a9233f6539173e7c1\",\"name\":\"Jornal BEIRA-RIO\",\"image\":{\"@type\":\"ImageObject\",\"inLanguage\":\"pt-BR\",\"@id\":\"https:\\\/\\\/jornalbeirario.com.br\\\/portal\\\/wp-content\\\/uploads\\\/2023\\\/10\\\/logojbr1.jpg\",\"url\":\"https:\\\/\\\/jornalbeirario.com.br\\\/portal\\\/wp-content\\\/uploads\\\/2023\\\/10\\\/logojbr1.jpg\",\"contentUrl\":\"https:\\\/\\\/jornalbeirario.com.br\\\/portal\\\/wp-content\\\/uploads\\\/2023\\\/10\\\/logojbr1.jpg\",\"caption\":\"Jornal BEIRA-RIO\"},\"url\":\"https:\\\/\\\/jornalbeirario.com.br\\\/portal\\\/?author=1\"}]}<\/script>\n<!-- \/ Yoast SEO plugin. -->","yoast_head_json":{"title":"Com bandeira amarela, Barra Mansa ter\u00e1 100% dos alunos de forma presencial - JORNAL BEIRA RIO","robots":{"index":"index","follow":"follow","max-snippet":"max-snippet:-1","max-image-preview":"max-image-preview:large","max-video-preview":"max-video-preview:-1"},"canonical":"https:\/\/jornalbeirario.com.br\/portal\/?p=80387","og_locale":"pt_BR","og_type":"article","og_title":"Com bandeira amarela, Barra Mansa ter\u00e1 100% dos alunos de forma presencial - JORNAL BEIRA RIO","og_description":"Com base no cen\u00e1rio epidemiol\u00f3gico da Covid-19 em Barra Mansa, que est\u00e1 na bandeira amarela, o que representa risco leve em rela\u00e7\u00e3o \u00e0 propaga\u00e7\u00e3o","og_url":"https:\/\/jornalbeirario.com.br\/portal\/?p=80387","og_site_name":"JORNAL BEIRA RIO","article_published_time":"2021-10-06T14:20:18+00:00","og_image":[{"width":640,"height":480,"url":"https:\/\/jornalbeirario.com.br\/portal\/wp-content\/uploads\/2021\/10\/barramansa1-1.jpg","type":"image\/jpeg"}],"author":"Jornal BEIRA-RIO","twitter_card":"summary_large_image","twitter_misc":{"Escrito por":"Jornal BEIRA-RIO","Est. tempo de leitura":"2 minutos"},"schema":{"@context":"https:\/\/schema.org","@graph":[{"@type":"Article","@id":"https:\/\/jornalbeirario.com.br\/portal\/?p=80387#article","isPartOf":{"@id":"https:\/\/jornalbeirario.com.br\/portal\/?p=80387"},"author":{"name":"Jornal BEIRA-RIO","@id":"https:\/\/jornalbeirario.com.br\/portal\/#\/schema\/person\/c6c423e4c2465d2a9233f6539173e7c1"},"headline":"Com bandeira amarela, Barra Mansa ter\u00e1 100% dos alunos de forma presencial","datePublished":"2021-10-06T14:20:18+00:00","mainEntityOfPage":{"@id":"https:\/\/jornalbeirario.com.br\/portal\/?p=80387"},"wordCount":457,"commentCount":0,"publisher":{"@id":"https:\/\/jornalbeirario.com.br\/portal\/#organization"},"image":{"@id":"https:\/\/jornalbeirario.com.br\/portal\/?p=80387#primaryimage"},"thumbnailUrl":"https:\/\/jornalbeirario.com.br\/portal\/wp-content\/uploads\/2021\/10\/barramansa1-1.jpg","articleSection":["Educa\u00e7\u00e3o","Regi\u00e3o","Sa\u00fade"],"inLanguage":"pt-BR","potentialAction":[{"@type":"CommentAction","name":"Comment","target":["https:\/\/jornalbeirario.com.br\/portal\/?p=80387#respond"]}]},{"@type":"WebPage","@id":"https:\/\/jornalbeirario.com.br\/portal\/?p=80387","url":"https:\/\/jornalbeirario.com.br\/portal\/?p=80387","name":"Com bandeira amarela, Barra Mansa ter\u00e1 100% dos alunos de forma presencial - JORNAL BEIRA RIO","isPartOf":{"@id":"https:\/\/jornalbeirario.com.br\/portal\/#website"},"primaryImageOfPage":{"@id":"https:\/\/jornalbeirario.com.br\/portal\/?p=80387#primaryimage"},"image":{"@id":"https:\/\/jornalbeirario.com.br\/portal\/?p=80387#primaryimage"},"thumbnailUrl":"https:\/\/jornalbeirario.com.br\/portal\/wp-content\/uploads\/2021\/10\/barramansa1-1.jpg","datePublished":"2021-10-06T14:20:18+00:00","breadcrumb":{"@id":"https:\/\/jornalbeirario.com.br\/portal\/?p=80387#breadcrumb"},"inLanguage":"pt-BR","potentialAction":[{"@type":"ReadAction","target":["https:\/\/jornalbeirario.com.br\/portal\/?p=80387"]}]},{"@type":"ImageObject","inLanguage":"pt-BR","@id":"https:\/\/jornalbeirario.com.br\/portal\/?p=80387#primaryimage","url":"https:\/\/jornalbeirario.com.br\/portal\/wp-content\/uploads\/2021\/10\/barramansa1-1.jpg","contentUrl":"https:\/\/jornalbeirario.com.br\/portal\/wp-content\/uploads\/2021\/10\/barramansa1-1.jpg","width":640,"height":480},{"@type":"BreadcrumbList","@id":"https:\/\/jornalbeirario.com.br\/portal\/?p=80387#breadcrumb","itemListElement":[{"@type":"ListItem","position":1,"name":"Home","item":"https:\/\/jornalbeirario.com.br\/portal"},{"@type":"ListItem","position":2,"name":"Com bandeira amarela, Barra Mansa ter\u00e1 100% dos alunos de forma presencial"}]},{"@type":"WebSite","@id":"https:\/\/jornalbeirario.com.br\/portal\/#website","url":"https:\/\/jornalbeirario.com.br\/portal\/","name":"JORNAL BEIRA RIO","description":"","publisher":{"@id":"https:\/\/jornalbeirario.com.br\/portal\/#organization"},"potentialAction":[{"@type":"SearchAction","target":{"@type":"EntryPoint","urlTemplate":"https:\/\/jornalbeirario.com.br\/portal\/?s={search_term_string}"},"query-input":{"@type":"PropertyValueSpecification","valueRequired":true,"valueName":"search_term_string"}}],"inLanguage":"pt-BR"},{"@type":"Organization","@id":"https:\/\/jornalbeirario.com.br\/portal\/#organization","name":"JORNAL BEIRA RIO","url":"https:\/\/jornalbeirario.com.br\/portal\/","logo":{"@type":"ImageObject","inLanguage":"pt-BR","@id":"https:\/\/jornalbeirario.com.br\/portal\/#\/schema\/logo\/image\/","url":"https:\/\/jornalbeirario.com.br\/portal\/wp-content\/uploads\/2017\/09\/BEIRA-RIO_logo600.png","contentUrl":"https:\/\/jornalbeirario.com.br\/portal\/wp-content\/uploads\/2017\/09\/BEIRA-RIO_logo600.png","width":650,"height":108,"caption":"JORNAL BEIRA RIO"},"image":{"@id":"https:\/\/jornalbeirario.com.br\/portal\/#\/schema\/logo\/image\/"}},{"@type":"Person","@id":"https:\/\/jornalbeirario.com.br\/portal\/#\/schema\/person\/c6c423e4c2465d2a9233f6539173e7c1","name":"Jornal BEIRA-RIO","image":{"@type":"ImageObject","inLanguage":"pt-BR","@id":"https:\/\/jornalbeirario.com.br\/portal\/wp-content\/uploads\/2023\/10\/logojbr1.jpg","url":"https:\/\/jornalbeirario.com.br\/portal\/wp-content\/uploads\/2023\/10\/logojbr1.jpg","contentUrl":"https:\/\/jornalbeirario.com.br\/portal\/wp-content\/uploads\/2023\/10\/logojbr1.jpg","caption":"Jornal BEIRA-RIO"},"url":"https:\/\/jornalbeirario.com.br\/portal\/?author=1"}]}},"_links":{"self":[{"href":"https:\/\/jornalbeirario.com.br\/portal\/index.php?rest_route=\/wp\/v2\/posts\/80387","targetHints":{"allow":["GET"]}}],"collection":[{"href":"https:\/\/jornalbeirario.com.br\/portal\/index.php?rest_route=\/wp\/v2\/posts"}],"about":[{"href":"https:\/\/jornalbeirario.com.br\/portal\/index.php?rest_route=\/wp\/v2\/types\/post"}],"author":[{"embeddable":true,"href":"https:\/\/jornalbeirario.com.br\/portal\/index.php?rest_route=\/wp\/v2\/users\/1"}],"replies":[{"embeddable":true,"href":"https:\/\/jornalbeirario.com.br\/portal\/index.php?rest_route=%2Fwp%2Fv2%2Fcomments&post=80387"}],"version-history":[{"count":4,"href":"https:\/\/jornalbeirario.com.br\/portal\/index.php?rest_route=\/wp\/v2\/posts\/80387\/revisions"}],"predecessor-version":[{"id":80392,"href":"https:\/\/jornalbeirario.com.br\/portal\/index.php?rest_route=\/wp\/v2\/posts\/80387\/revisions\/80392"}],"wp:featuredmedia":[{"embeddable":true,"href":"https:\/\/jornalbeirario.com.br\/portal\/index.php?rest_route=\/wp\/v2\/media\/80391"}],"wp:attachment":[{"href":"https:\/\/jornalbeirario.com.br\/portal\/index.php?rest_route=%2Fwp%2Fv2%2Fmedia&parent=80387"}],"wp:term":[{"taxonomy":"category","embeddable":true,"href":"https:\/\/jornalbeirario.com.br\/portal\/index.php?rest_route=%2Fwp%2Fv2%2Fcategories&post=80387"},{"taxonomy":"post_tag","embeddable":true,"href":"https:\/\/jornalbeirario.com.br\/portal\/index.php?rest_route=%2Fwp%2Fv2%2Ftags&post=80387"}],"curies":[{"name":"wp","href":"https:\/\/api.w.org\/{rel}","templated":true}]}}