
{"id":80323,"date":"2021-10-05T19:59:46","date_gmt":"2021-10-05T22:59:46","guid":{"rendered":"http:\/\/jornalbeirario.com.br\/portal\/?p=80323"},"modified":"2021-10-05T20:32:16","modified_gmt":"2021-10-05T23:32:16","slug":"apos-ter-celular-furtado-fotos-de-mulher-vao-parar-em-perfil-nas-redes-sociais","status":"publish","type":"post","link":"https:\/\/jornalbeirario.com.br\/portal\/?p=80323","title":{"rendered":"Ap\u00f3s ter celular furtado, fotos de mulher v\u00e3o parar em perfil nas redes sociais"},"content":{"rendered":"<figure id=\"attachment_80353\" aria-describedby=\"caption-attachment-80353\" style=\"width: 164px\" class=\"wp-caption alignleft\"><img loading=\"lazy\" decoding=\"async\" class=\"size-medium wp-image-80353\" src=\"https:\/\/jornalbeirario.com.br\/portal\/wp-content\/uploads\/2021\/10\/perfilfake1-164x300.jpg\" alt=\"\" width=\"164\" height=\"300\" srcset=\"https:\/\/jornalbeirario.com.br\/portal\/wp-content\/uploads\/2021\/10\/perfilfake1-164x300.jpg 164w, https:\/\/jornalbeirario.com.br\/portal\/wp-content\/uploads\/2021\/10\/perfilfake1.jpg 480w\" sizes=\"auto, (max-width: 164px) 100vw, 164px\" \/><figcaption id=\"caption-attachment-80353\" class=\"wp-caption-text\">Neta de v\u00edtima de furto de celular prestar\u00e1 queixa contra perfil falso (Foto: Reprodu\u00e7\u00e3o\/Redes Sociais)<\/figcaption><\/figure>\n<p style=\"text-align: justify;\">Nesta ter\u00e7a-feira, dia 5, ao acessar as redes sociais, a assistente administrativa Luana Fr\u00f3es Celestino, descobriu que sua av\u00f3, Ana Maria Oliveira, que teve o celular furtado no m\u00eas passado, teve fotos de seu aparelho utilizadas por terceiros em um perfil fake. &#8220;Hoje (ter\u00e7a-feira, dia 5) eu acabei de ver que fizeram um perfil fake com a foto dela e com a foto do meu filho. E fora informa\u00e7\u00f5es pessoais que tinha no aparelho. E tem uma foto de uma pessoa que eu n\u00e3o conhe\u00e7o&#8221;.<\/p>\n<p style=\"text-align: justify;\">Segundo o Registro de Ocorr\u00eancia (R.O.) registrado pela v\u00edtima no dia 24 de setembro, a aposentada de 63 anos esteve na Cl\u00ednica da Fam\u00edlia, no bairro Morada da Montanha, para uma consulta m\u00e9dica na manh\u00e3 do dia 22 de setembro. Ela acabou esquecendo o celular no banco, na \u00e1rea de fora da cl\u00ednica. Quando dei falta, voltei e me informaram que um senhor havia deixado na recep\u00e7\u00e3o da cl\u00ednica. E fui at\u00e9 esse senhor, ele confirmou e foi junto comigo at\u00e9 a recep\u00e7\u00e3o da cl\u00ednica da fam\u00edlia para confirmar com as meninas que ele havia, sim deixado o telefone com elas (atendentes), na recep\u00e7\u00e3o&#8221;.<\/p>\n<p style=\"text-align: justify;\">Ainda segundo o R.O., os funcion\u00e1rios, no entanto, disseram que n\u00e3o tinha nenhum celular l\u00e1. &#8220;E n\u00e3o me deram muita aten\u00e7\u00e3o, disseram que estavam ocupados pra resolver isso naquela hora&#8221;, citou a v\u00edtima, acrescentando que mesmo n\u00e3o recordando o nome do senhor que achou o celular e fez a devolu\u00e7\u00e3o na recep\u00e7\u00e3o, diz ter testemunhas de pessoas que a procuraram e disseram que o viram entregar o celular na recep\u00e7\u00e3o.<\/p>\n<p style=\"text-align: justify;\">No perfil citado e printado pela neta de Ana Maria, o perfil criado com as duas fotos citadas por Luana tem o nome de Ana Juvelina de Oliveira, com uma foto de perfil da v\u00edtima, mas que anteriormente havia a foto de outra pessoa desconhecida, publicada em dezembro de 2018. A assistente administrativa informou que retornar\u00e1 nesta quarta-feira, dia 6, \u00e0 89\u00aa DP para registrar a queixa contra o perfil.<\/p>\n<p style=\"text-align: justify;\">COMO DENUNCIAR NAS REDES SOCIAIS<br \/>\nAs redes sociais oferecem op\u00e7\u00f5es para que os usu\u00e1rios possam denunciar fotos ou v\u00eddeos que violam a privacidade. \u00c9 o caso do Facebook, onde foram encontradas de forma indevida as fotos de Ana Maria. A forma mais r\u00e1pida de denunciar abuso, segundo a rede social, \u00e9 usando os links &#8220;Encontrar ajuda&#8221; ou &#8220;Denunciar&#8221; localizados perto da foto ou do v\u00eddeo que a pessoa deseja denunciar. Outras op\u00e7\u00f5es s\u00e3o os links de formul\u00e1rios mais detalhados que podem ser usados para denunciar uma viola\u00e7\u00e3o \u00e0 privacidade.<\/p>\n<p style=\"text-align: justify;\">Tamb\u00e9m na mesma rede, \u00e9 possivel denunciar perfis fakes (falsos) seguindo as orienta\u00e7\u00f5es. Essas op\u00e7\u00f5es <a href=\"https:\/\/www.facebook.com\/help\/428478523862899\">podem ser encontradas clicando aqui<\/a>.<\/p>\n<p>Em outras redes sociais, contas falsas, com fotos e v\u00eddeos que violem a privacidade ou material ofensivo podem ser denunciados tamb\u00e9m:<\/p>\n<ul>\n<li><a href=\"https:\/\/www.instagram.com\/accounts\/data_controls_support\/\">Instagram<\/a><\/li>\n<li><a href=\"https:\/\/help.twitter.com\/pt\/rules-and-policies\/twitter-report-violation\">Twitter<\/a><\/li>\n<\/ul>\n","protected":false},"excerpt":{"rendered":"<p>Nesta ter\u00e7a-feira, dia 5, ao acessar as redes sociais, a assistente administrativa Luana Fr\u00f3es Celestino, descobriu que sua av\u00f3, Ana Maria Oliveira, que teve<\/p>\n","protected":false},"author":1,"featured_media":80356,"comment_status":"open","ping_status":"open","sticky":false,"template":"","format":"standard","meta":{"pmpro_default_level":"","footnotes":""},"categories":[10],"tags":[],"class_list":["post-80323","post","type-post","status-publish","format-standard","has-post-thumbnail","hentry","category-policia","pmpro-has-access"],"yoast_head":"<!-- This site is optimized with the Yoast SEO plugin v27.4 - https:\/\/yoast.com\/product\/yoast-seo-wordpress\/ -->\n<title>Ap\u00f3s ter celular furtado, fotos de mulher v\u00e3o parar em perfil nas redes sociais - JORNAL BEIRA RIO<\/title>\n<meta name=\"robots\" content=\"index, follow, max-snippet:-1, max-image-preview:large, max-video-preview:-1\" \/>\n<link rel=\"canonical\" href=\"https:\/\/jornalbeirario.com.br\/portal\/?p=80323\" \/>\n<meta property=\"og:locale\" content=\"pt_BR\" \/>\n<meta property=\"og:type\" content=\"article\" \/>\n<meta property=\"og:title\" content=\"Ap\u00f3s ter celular furtado, fotos de mulher v\u00e3o parar em perfil nas redes sociais - JORNAL BEIRA RIO\" \/>\n<meta property=\"og:description\" content=\"Nesta ter\u00e7a-feira, dia 5, ao acessar as redes sociais, a assistente administrativa Luana Fr\u00f3es Celestino, descobriu que sua av\u00f3, Ana Maria Oliveira, que teve\" \/>\n<meta property=\"og:url\" content=\"https:\/\/jornalbeirario.com.br\/portal\/?p=80323\" \/>\n<meta property=\"og:site_name\" content=\"JORNAL BEIRA RIO\" \/>\n<meta property=\"article:published_time\" content=\"2021-10-05T22:59:46+00:00\" \/>\n<meta property=\"article:modified_time\" content=\"2021-10-05T23:32:16+00:00\" \/>\n<meta property=\"og:image\" content=\"https:\/\/jornalbeirario.com.br\/portal\/wp-content\/uploads\/2021\/10\/perfilfake2.jpg\" \/>\n\t<meta property=\"og:image:width\" content=\"640\" \/>\n\t<meta property=\"og:image:height\" content=\"480\" \/>\n\t<meta property=\"og:image:type\" content=\"image\/jpeg\" \/>\n<meta name=\"author\" content=\"Jornal BEIRA-RIO\" \/>\n<meta name=\"twitter:card\" content=\"summary_large_image\" \/>\n<meta name=\"twitter:label1\" content=\"Escrito por\" \/>\n\t<meta name=\"twitter:data1\" content=\"Jornal BEIRA-RIO\" \/>\n\t<meta name=\"twitter:label2\" content=\"Est. tempo de leitura\" \/>\n\t<meta name=\"twitter:data2\" content=\"3 minutos\" \/>\n<script type=\"application\/ld+json\" class=\"yoast-schema-graph\">{\"@context\":\"https:\\\/\\\/schema.org\",\"@graph\":[{\"@type\":\"Article\",\"@id\":\"https:\\\/\\\/jornalbeirario.com.br\\\/portal\\\/?p=80323#article\",\"isPartOf\":{\"@id\":\"https:\\\/\\\/jornalbeirario.com.br\\\/portal\\\/?p=80323\"},\"author\":{\"name\":\"Jornal BEIRA-RIO\",\"@id\":\"https:\\\/\\\/jornalbeirario.com.br\\\/portal\\\/#\\\/schema\\\/person\\\/c6c423e4c2465d2a9233f6539173e7c1\"},\"headline\":\"Ap\u00f3s ter celular furtado, fotos de mulher v\u00e3o parar em perfil nas redes sociais\",\"datePublished\":\"2021-10-05T22:59:46+00:00\",\"dateModified\":\"2021-10-05T23:32:16+00:00\",\"mainEntityOfPage\":{\"@id\":\"https:\\\/\\\/jornalbeirario.com.br\\\/portal\\\/?p=80323\"},\"wordCount\":534,\"commentCount\":0,\"publisher\":{\"@id\":\"https:\\\/\\\/jornalbeirario.com.br\\\/portal\\\/#organization\"},\"image\":{\"@id\":\"https:\\\/\\\/jornalbeirario.com.br\\\/portal\\\/?p=80323#primaryimage\"},\"thumbnailUrl\":\"https:\\\/\\\/jornalbeirario.com.br\\\/portal\\\/wp-content\\\/uploads\\\/2021\\\/10\\\/perfilfake2.jpg\",\"articleSection\":[\"Pol\u00edcia\"],\"inLanguage\":\"pt-BR\",\"potentialAction\":[{\"@type\":\"CommentAction\",\"name\":\"Comment\",\"target\":[\"https:\\\/\\\/jornalbeirario.com.br\\\/portal\\\/?p=80323#respond\"]}]},{\"@type\":\"WebPage\",\"@id\":\"https:\\\/\\\/jornalbeirario.com.br\\\/portal\\\/?p=80323\",\"url\":\"https:\\\/\\\/jornalbeirario.com.br\\\/portal\\\/?p=80323\",\"name\":\"Ap\u00f3s ter celular furtado, fotos de mulher v\u00e3o parar em perfil nas redes sociais - JORNAL BEIRA RIO\",\"isPartOf\":{\"@id\":\"https:\\\/\\\/jornalbeirario.com.br\\\/portal\\\/#website\"},\"primaryImageOfPage\":{\"@id\":\"https:\\\/\\\/jornalbeirario.com.br\\\/portal\\\/?p=80323#primaryimage\"},\"image\":{\"@id\":\"https:\\\/\\\/jornalbeirario.com.br\\\/portal\\\/?p=80323#primaryimage\"},\"thumbnailUrl\":\"https:\\\/\\\/jornalbeirario.com.br\\\/portal\\\/wp-content\\\/uploads\\\/2021\\\/10\\\/perfilfake2.jpg\",\"datePublished\":\"2021-10-05T22:59:46+00:00\",\"dateModified\":\"2021-10-05T23:32:16+00:00\",\"breadcrumb\":{\"@id\":\"https:\\\/\\\/jornalbeirario.com.br\\\/portal\\\/?p=80323#breadcrumb\"},\"inLanguage\":\"pt-BR\",\"potentialAction\":[{\"@type\":\"ReadAction\",\"target\":[\"https:\\\/\\\/jornalbeirario.com.br\\\/portal\\\/?p=80323\"]}]},{\"@type\":\"ImageObject\",\"inLanguage\":\"pt-BR\",\"@id\":\"https:\\\/\\\/jornalbeirario.com.br\\\/portal\\\/?p=80323#primaryimage\",\"url\":\"https:\\\/\\\/jornalbeirario.com.br\\\/portal\\\/wp-content\\\/uploads\\\/2021\\\/10\\\/perfilfake2.jpg\",\"contentUrl\":\"https:\\\/\\\/jornalbeirario.com.br\\\/portal\\\/wp-content\\\/uploads\\\/2021\\\/10\\\/perfilfake2.jpg\",\"width\":640,\"height\":480},{\"@type\":\"BreadcrumbList\",\"@id\":\"https:\\\/\\\/jornalbeirario.com.br\\\/portal\\\/?p=80323#breadcrumb\",\"itemListElement\":[{\"@type\":\"ListItem\",\"position\":1,\"name\":\"Home\",\"item\":\"https:\\\/\\\/jornalbeirario.com.br\\\/portal\"},{\"@type\":\"ListItem\",\"position\":2,\"name\":\"Ap\u00f3s ter celular furtado, fotos de mulher v\u00e3o parar em perfil nas redes sociais\"}]},{\"@type\":\"WebSite\",\"@id\":\"https:\\\/\\\/jornalbeirario.com.br\\\/portal\\\/#website\",\"url\":\"https:\\\/\\\/jornalbeirario.com.br\\\/portal\\\/\",\"name\":\"JORNAL BEIRA RIO\",\"description\":\"\",\"publisher\":{\"@id\":\"https:\\\/\\\/jornalbeirario.com.br\\\/portal\\\/#organization\"},\"potentialAction\":[{\"@type\":\"SearchAction\",\"target\":{\"@type\":\"EntryPoint\",\"urlTemplate\":\"https:\\\/\\\/jornalbeirario.com.br\\\/portal\\\/?s={search_term_string}\"},\"query-input\":{\"@type\":\"PropertyValueSpecification\",\"valueRequired\":true,\"valueName\":\"search_term_string\"}}],\"inLanguage\":\"pt-BR\"},{\"@type\":\"Organization\",\"@id\":\"https:\\\/\\\/jornalbeirario.com.br\\\/portal\\\/#organization\",\"name\":\"JORNAL BEIRA RIO\",\"url\":\"https:\\\/\\\/jornalbeirario.com.br\\\/portal\\\/\",\"logo\":{\"@type\":\"ImageObject\",\"inLanguage\":\"pt-BR\",\"@id\":\"https:\\\/\\\/jornalbeirario.com.br\\\/portal\\\/#\\\/schema\\\/logo\\\/image\\\/\",\"url\":\"https:\\\/\\\/jornalbeirario.com.br\\\/portal\\\/wp-content\\\/uploads\\\/2017\\\/09\\\/BEIRA-RIO_logo600.png\",\"contentUrl\":\"https:\\\/\\\/jornalbeirario.com.br\\\/portal\\\/wp-content\\\/uploads\\\/2017\\\/09\\\/BEIRA-RIO_logo600.png\",\"width\":650,\"height\":108,\"caption\":\"JORNAL BEIRA RIO\"},\"image\":{\"@id\":\"https:\\\/\\\/jornalbeirario.com.br\\\/portal\\\/#\\\/schema\\\/logo\\\/image\\\/\"}},{\"@type\":\"Person\",\"@id\":\"https:\\\/\\\/jornalbeirario.com.br\\\/portal\\\/#\\\/schema\\\/person\\\/c6c423e4c2465d2a9233f6539173e7c1\",\"name\":\"Jornal BEIRA-RIO\",\"image\":{\"@type\":\"ImageObject\",\"inLanguage\":\"pt-BR\",\"@id\":\"https:\\\/\\\/jornalbeirario.com.br\\\/portal\\\/wp-content\\\/uploads\\\/2023\\\/10\\\/logojbr1.jpg\",\"url\":\"https:\\\/\\\/jornalbeirario.com.br\\\/portal\\\/wp-content\\\/uploads\\\/2023\\\/10\\\/logojbr1.jpg\",\"contentUrl\":\"https:\\\/\\\/jornalbeirario.com.br\\\/portal\\\/wp-content\\\/uploads\\\/2023\\\/10\\\/logojbr1.jpg\",\"caption\":\"Jornal BEIRA-RIO\"},\"url\":\"https:\\\/\\\/jornalbeirario.com.br\\\/portal\\\/?author=1\"}]}<\/script>\n<!-- \/ Yoast SEO plugin. -->","yoast_head_json":{"title":"Ap\u00f3s ter celular furtado, fotos de mulher v\u00e3o parar em perfil nas redes sociais - JORNAL BEIRA RIO","robots":{"index":"index","follow":"follow","max-snippet":"max-snippet:-1","max-image-preview":"max-image-preview:large","max-video-preview":"max-video-preview:-1"},"canonical":"https:\/\/jornalbeirario.com.br\/portal\/?p=80323","og_locale":"pt_BR","og_type":"article","og_title":"Ap\u00f3s ter celular furtado, fotos de mulher v\u00e3o parar em perfil nas redes sociais - JORNAL BEIRA RIO","og_description":"Nesta ter\u00e7a-feira, dia 5, ao acessar as redes sociais, a assistente administrativa Luana Fr\u00f3es Celestino, descobriu que sua av\u00f3, Ana Maria Oliveira, que teve","og_url":"https:\/\/jornalbeirario.com.br\/portal\/?p=80323","og_site_name":"JORNAL BEIRA RIO","article_published_time":"2021-10-05T22:59:46+00:00","article_modified_time":"2021-10-05T23:32:16+00:00","og_image":[{"width":640,"height":480,"url":"https:\/\/jornalbeirario.com.br\/portal\/wp-content\/uploads\/2021\/10\/perfilfake2.jpg","type":"image\/jpeg"}],"author":"Jornal BEIRA-RIO","twitter_card":"summary_large_image","twitter_misc":{"Escrito por":"Jornal BEIRA-RIO","Est. tempo de leitura":"3 minutos"},"schema":{"@context":"https:\/\/schema.org","@graph":[{"@type":"Article","@id":"https:\/\/jornalbeirario.com.br\/portal\/?p=80323#article","isPartOf":{"@id":"https:\/\/jornalbeirario.com.br\/portal\/?p=80323"},"author":{"name":"Jornal BEIRA-RIO","@id":"https:\/\/jornalbeirario.com.br\/portal\/#\/schema\/person\/c6c423e4c2465d2a9233f6539173e7c1"},"headline":"Ap\u00f3s ter celular furtado, fotos de mulher v\u00e3o parar em perfil nas redes sociais","datePublished":"2021-10-05T22:59:46+00:00","dateModified":"2021-10-05T23:32:16+00:00","mainEntityOfPage":{"@id":"https:\/\/jornalbeirario.com.br\/portal\/?p=80323"},"wordCount":534,"commentCount":0,"publisher":{"@id":"https:\/\/jornalbeirario.com.br\/portal\/#organization"},"image":{"@id":"https:\/\/jornalbeirario.com.br\/portal\/?p=80323#primaryimage"},"thumbnailUrl":"https:\/\/jornalbeirario.com.br\/portal\/wp-content\/uploads\/2021\/10\/perfilfake2.jpg","articleSection":["Pol\u00edcia"],"inLanguage":"pt-BR","potentialAction":[{"@type":"CommentAction","name":"Comment","target":["https:\/\/jornalbeirario.com.br\/portal\/?p=80323#respond"]}]},{"@type":"WebPage","@id":"https:\/\/jornalbeirario.com.br\/portal\/?p=80323","url":"https:\/\/jornalbeirario.com.br\/portal\/?p=80323","name":"Ap\u00f3s ter celular furtado, fotos de mulher v\u00e3o parar em perfil nas redes sociais - JORNAL BEIRA RIO","isPartOf":{"@id":"https:\/\/jornalbeirario.com.br\/portal\/#website"},"primaryImageOfPage":{"@id":"https:\/\/jornalbeirario.com.br\/portal\/?p=80323#primaryimage"},"image":{"@id":"https:\/\/jornalbeirario.com.br\/portal\/?p=80323#primaryimage"},"thumbnailUrl":"https:\/\/jornalbeirario.com.br\/portal\/wp-content\/uploads\/2021\/10\/perfilfake2.jpg","datePublished":"2021-10-05T22:59:46+00:00","dateModified":"2021-10-05T23:32:16+00:00","breadcrumb":{"@id":"https:\/\/jornalbeirario.com.br\/portal\/?p=80323#breadcrumb"},"inLanguage":"pt-BR","potentialAction":[{"@type":"ReadAction","target":["https:\/\/jornalbeirario.com.br\/portal\/?p=80323"]}]},{"@type":"ImageObject","inLanguage":"pt-BR","@id":"https:\/\/jornalbeirario.com.br\/portal\/?p=80323#primaryimage","url":"https:\/\/jornalbeirario.com.br\/portal\/wp-content\/uploads\/2021\/10\/perfilfake2.jpg","contentUrl":"https:\/\/jornalbeirario.com.br\/portal\/wp-content\/uploads\/2021\/10\/perfilfake2.jpg","width":640,"height":480},{"@type":"BreadcrumbList","@id":"https:\/\/jornalbeirario.com.br\/portal\/?p=80323#breadcrumb","itemListElement":[{"@type":"ListItem","position":1,"name":"Home","item":"https:\/\/jornalbeirario.com.br\/portal"},{"@type":"ListItem","position":2,"name":"Ap\u00f3s ter celular furtado, fotos de mulher v\u00e3o parar em perfil nas redes sociais"}]},{"@type":"WebSite","@id":"https:\/\/jornalbeirario.com.br\/portal\/#website","url":"https:\/\/jornalbeirario.com.br\/portal\/","name":"JORNAL BEIRA RIO","description":"","publisher":{"@id":"https:\/\/jornalbeirario.com.br\/portal\/#organization"},"potentialAction":[{"@type":"SearchAction","target":{"@type":"EntryPoint","urlTemplate":"https:\/\/jornalbeirario.com.br\/portal\/?s={search_term_string}"},"query-input":{"@type":"PropertyValueSpecification","valueRequired":true,"valueName":"search_term_string"}}],"inLanguage":"pt-BR"},{"@type":"Organization","@id":"https:\/\/jornalbeirario.com.br\/portal\/#organization","name":"JORNAL BEIRA RIO","url":"https:\/\/jornalbeirario.com.br\/portal\/","logo":{"@type":"ImageObject","inLanguage":"pt-BR","@id":"https:\/\/jornalbeirario.com.br\/portal\/#\/schema\/logo\/image\/","url":"https:\/\/jornalbeirario.com.br\/portal\/wp-content\/uploads\/2017\/09\/BEIRA-RIO_logo600.png","contentUrl":"https:\/\/jornalbeirario.com.br\/portal\/wp-content\/uploads\/2017\/09\/BEIRA-RIO_logo600.png","width":650,"height":108,"caption":"JORNAL BEIRA RIO"},"image":{"@id":"https:\/\/jornalbeirario.com.br\/portal\/#\/schema\/logo\/image\/"}},{"@type":"Person","@id":"https:\/\/jornalbeirario.com.br\/portal\/#\/schema\/person\/c6c423e4c2465d2a9233f6539173e7c1","name":"Jornal BEIRA-RIO","image":{"@type":"ImageObject","inLanguage":"pt-BR","@id":"https:\/\/jornalbeirario.com.br\/portal\/wp-content\/uploads\/2023\/10\/logojbr1.jpg","url":"https:\/\/jornalbeirario.com.br\/portal\/wp-content\/uploads\/2023\/10\/logojbr1.jpg","contentUrl":"https:\/\/jornalbeirario.com.br\/portal\/wp-content\/uploads\/2023\/10\/logojbr1.jpg","caption":"Jornal BEIRA-RIO"},"url":"https:\/\/jornalbeirario.com.br\/portal\/?author=1"}]}},"_links":{"self":[{"href":"https:\/\/jornalbeirario.com.br\/portal\/index.php?rest_route=\/wp\/v2\/posts\/80323","targetHints":{"allow":["GET"]}}],"collection":[{"href":"https:\/\/jornalbeirario.com.br\/portal\/index.php?rest_route=\/wp\/v2\/posts"}],"about":[{"href":"https:\/\/jornalbeirario.com.br\/portal\/index.php?rest_route=\/wp\/v2\/types\/post"}],"author":[{"embeddable":true,"href":"https:\/\/jornalbeirario.com.br\/portal\/index.php?rest_route=\/wp\/v2\/users\/1"}],"replies":[{"embeddable":true,"href":"https:\/\/jornalbeirario.com.br\/portal\/index.php?rest_route=%2Fwp%2Fv2%2Fcomments&post=80323"}],"version-history":[{"count":22,"href":"https:\/\/jornalbeirario.com.br\/portal\/index.php?rest_route=\/wp\/v2\/posts\/80323\/revisions"}],"predecessor-version":[{"id":80363,"href":"https:\/\/jornalbeirario.com.br\/portal\/index.php?rest_route=\/wp\/v2\/posts\/80323\/revisions\/80363"}],"wp:featuredmedia":[{"embeddable":true,"href":"https:\/\/jornalbeirario.com.br\/portal\/index.php?rest_route=\/wp\/v2\/media\/80356"}],"wp:attachment":[{"href":"https:\/\/jornalbeirario.com.br\/portal\/index.php?rest_route=%2Fwp%2Fv2%2Fmedia&parent=80323"}],"wp:term":[{"taxonomy":"category","embeddable":true,"href":"https:\/\/jornalbeirario.com.br\/portal\/index.php?rest_route=%2Fwp%2Fv2%2Fcategories&post=80323"},{"taxonomy":"post_tag","embeddable":true,"href":"https:\/\/jornalbeirario.com.br\/portal\/index.php?rest_route=%2Fwp%2Fv2%2Ftags&post=80323"}],"curies":[{"name":"wp","href":"https:\/\/api.w.org\/{rel}","templated":true}]}}