
{"id":79777,"date":"2021-09-27T08:00:29","date_gmt":"2021-09-27T11:00:29","guid":{"rendered":"http:\/\/jornalbeirario.com.br\/portal\/?p=79777"},"modified":"2021-09-26T20:43:19","modified_gmt":"2021-09-26T23:43:19","slug":"no-dia-de-hoje-27-de-setembro","status":"publish","type":"post","link":"https:\/\/jornalbeirario.com.br\/portal\/?p=79777","title":{"rendered":"No Dia de Hoje &#8211; 27 de setembro"},"content":{"rendered":"<figure id=\"attachment_79781\" aria-describedby=\"caption-attachment-79781\" style=\"width: 225px\" class=\"wp-caption alignright\"><img loading=\"lazy\" decoding=\"async\" class=\"wp-image-79781 size-medium\" src=\"https:\/\/jornalbeirario.com.br\/portal\/wp-content\/uploads\/2021\/09\/record1-225x300.jpg\" alt=\"\" width=\"225\" height=\"300\" srcset=\"https:\/\/jornalbeirario.com.br\/portal\/wp-content\/uploads\/2021\/09\/record1-225x300.jpg 225w, https:\/\/jornalbeirario.com.br\/portal\/wp-content\/uploads\/2021\/09\/record1.jpg 480w\" sizes=\"auto, (max-width: 225px) 100vw, 225px\" \/><figcaption id=\"caption-attachment-79781\" class=\"wp-caption-text\">Atual sede da RecordTV (Foto: S\u00e9rgio Savarese)<\/figcaption><\/figure>\n<p style=\"text-align: justify;\">No dia 27 de setembro de 1953, foi inaugurada a quarta emissora de TV a entrar em opera\u00e7\u00e3o no pa\u00eds, a Record TV. Sua concess\u00e3o foi obtida apenas dois meses depois da chegada da televis\u00e3o no Brasil, pelo empres\u00e1rio e comunicador Paulo Machado de Carvalho, na cidade de S\u00e3o Paulo. Na \u00e9poca, Paulo e sua fam\u00edlia j\u00e1 eram donos de um grande conglomerado de esta\u00e7\u00f5es de r\u00e1dio e aproveitou o nome de sua ent\u00e3o R\u00e1dio Sociedade Record para batizar seu primeiro canal de televis\u00e3o; ficou decidido que a nova emissora se chamaria TV Record.<\/p>\n<p style=\"text-align: justify;\">O canal entrou no ar na noite do dia de sua funda\u00e7\u00e3o. Na primeira imagem a ser exibida pela emissora, o casal de artistas Blota J\u00fanior e S\u00f4nia Ribeiro desceram uma escadaria e anunciaram o lan\u00e7amento da Record. Ap\u00f3s Blota realizar um discurso, iniciou-se um espet\u00e1culo com Dorival Caymmi, Inezita Barroso, Adoniran Barbosa, Isaura Garcia, Pagano Sobrinho, Randal Juliano, a orquestra de Enrico Simonetti e v\u00e1rios dan\u00e7arinos. Esta atra\u00e7\u00e3o musical foi apresentada por Sandra Amaral e H\u00e9lio Ansaldo.<\/p>\n<p style=\"text-align: justify;\">Em seu in\u00edcio de opera\u00e7\u00f5es, a emissora exibia programas musicais (dentre os quais, com celebridades como Nat King Cole, Charles Aznavour, Ella Fitzgerald e Marlene Dietrich), esportivos, teatrais, humor\u00edsticos e informativos. Em 1954, entrou no ar o primeiro seriado produzido no Brasil, Capit\u00e3o 7, estrelado por Ayres Campos e Idalina de Oliveira, permanecendo at\u00e9 1966. Em 1954, foi criado o programa Mesa Redonda, apresentado por Geraldo Jos\u00e9 de Almeida e Raul Tabajara. Em 1955, entrou no ar Grande Gincana Kibon, sendo apresentado por dezesseis anos.<\/p>\n<p style=\"text-align: justify;\">A emissora tornou-se popular na d\u00e9cada de 1960, chegando a liderar em audi\u00eancia, com a exibi\u00e7\u00e3o de festivais musicais como os de MPB e Jovem Guarda Neste per\u00edodo, a Record encabe\u00e7ava a Rede de Emissoras Independentes (REI), cadeia que integrava esta\u00e7\u00f5es de diversas localidades do Brasil. Na d\u00e9cada de 1970, o empres\u00e1rio e apresentador de TV Silvio Santos adquire metade das a\u00e7\u00f5es do canal atrav\u00e9s de sociedade com os Machado de Carvalho. Em 1989, a Record, ap\u00f3s estar sob situa\u00e7\u00e3o financeira desfavor\u00e1vel na segunda metade daquela d\u00e9cada, foi vendida ao bispo Edir Macedo, fundador e l\u00edder da Igreja Universal do Reino de Deus.<\/p>\n<figure id=\"attachment_79780\" aria-describedby=\"caption-attachment-79780\" style=\"width: 300px\" class=\"wp-caption alignleft\"><img loading=\"lazy\" decoding=\"async\" class=\"size-medium wp-image-79780\" src=\"https:\/\/jornalbeirario.com.br\/portal\/wp-content\/uploads\/2021\/09\/caetano1-300x183.jpg\" alt=\"\" width=\"300\" height=\"183\" srcset=\"https:\/\/jornalbeirario.com.br\/portal\/wp-content\/uploads\/2021\/09\/caetano1-300x183.jpg 300w, https:\/\/jornalbeirario.com.br\/portal\/wp-content\/uploads\/2021\/09\/caetano1-768x468.jpg 768w, https:\/\/jornalbeirario.com.br\/portal\/wp-content\/uploads\/2021\/09\/caetano1.jpg 788w\" sizes=\"auto, (max-width: 300px) 100vw, 300px\" \/><figcaption id=\"caption-attachment-79780\" class=\"wp-caption-text\">Caetano Veloso durante Festival da Can\u00e7\u00e3o (Foto: Reprodu\u00e7\u00e3o\/RecordTV)<\/figcaption><\/figure>\n<p style=\"text-align: justify;\">A nova aquisi\u00e7\u00e3o impulsionou grandes investimentos na estrutura da emissora, que na d\u00e9cada de 1990 formou sua rede nacional com compras de canais e afilia\u00e7\u00f5es, resultando em seu posicionamento, de 2007 a 2015, como a segunda maior rede do pa\u00eds em audi\u00eancia e faturamento at\u00e9 ser ultrapassada pelo SBT. A partir de 2012, ambas as emissoras passaram a disputar intensamente d\u00e9cimos pontuais e a revezar-se no ranking do Ibope.<\/p>\n<p style=\"text-align: justify;\">Na noite de 24 de novembro de 2016, durante a exibi\u00e7\u00e3o do Jornal da Record, apresentou ao p\u00fablico sua nova identidade visual. O telejornal exibiu uma reportagem sobre a mudan\u00e7a da marca e do slogan da emissora, que passa a ser &#8220;Reinventar \u00e9 a nossa marca&#8221;. O nome da emissora tamb\u00e9m foi alterado para Record TV. A mudan\u00e7a ocorre para consolidar a imagem da Record TV como uma emissora de vanguarda e multiplataforma, atrelada \u00e0 televis\u00e3o do futuro e reafirmar que sua atua\u00e7\u00e3o est\u00e1 al\u00e9m das fronteiras do Brasil e chega com seu sinal a mais de 150 pa\u00edses. Al\u00e9m disso, produtos como novelas e miniss\u00e9ries s\u00e3o exportados para pa\u00edses de todos os continentes.<\/p>\n<p><em>Fonte: Wikip\u00e9dia<\/em><\/p>\n","protected":false},"excerpt":{"rendered":"<p>No dia 27 de setembro de 1953, foi inaugurada a quarta emissora de TV a entrar em opera\u00e7\u00e3o no pa\u00eds, a Record TV. Sua<\/p>\n","protected":false},"author":1,"featured_media":79780,"comment_status":"open","ping_status":"open","sticky":false,"template":"","format":"standard","meta":{"pmpro_default_level":"","footnotes":"","_members_access_role":[],"_members_access_error":""},"categories":[248],"tags":[],"class_list":["post-79777","post","type-post","status-publish","format-standard","has-post-thumbnail","hentry","category-fatos-e-curiosidades","pmpro-has-access"],"yoast_head":"<!-- This site is optimized with the Yoast SEO plugin v28.4 - https:\/\/yoast.com\/product\/yoast-seo-wordpress\/ -->\n<title>No Dia de Hoje - 27 de setembro - JORNAL BEIRA RIO<\/title>\n<meta name=\"robots\" content=\"index, follow, max-snippet:-1, max-image-preview:large, max-video-preview:-1\" \/>\n<link rel=\"canonical\" href=\"https:\/\/jornalbeirario.com.br\/portal\/?p=79777\" \/>\n<meta property=\"og:locale\" content=\"pt_BR\" \/>\n<meta property=\"og:type\" content=\"article\" \/>\n<meta property=\"og:title\" content=\"No Dia de Hoje - 27 de setembro - JORNAL BEIRA RIO\" \/>\n<meta property=\"og:description\" content=\"No dia 27 de setembro de 1953, foi inaugurada a quarta emissora de TV a entrar em opera\u00e7\u00e3o no pa\u00eds, a Record TV. Sua\" \/>\n<meta property=\"og:url\" content=\"https:\/\/jornalbeirario.com.br\/portal\/?p=79777\" \/>\n<meta property=\"og:site_name\" content=\"JORNAL BEIRA RIO\" \/>\n<meta property=\"article:published_time\" content=\"2021-09-27T11:00:29+00:00\" \/>\n<meta property=\"og:image\" content=\"https:\/\/jornalbeirario.com.br\/portal\/wp-content\/uploads\/2021\/09\/caetano1.jpg\" \/>\n\t<meta property=\"og:image:width\" content=\"788\" \/>\n\t<meta property=\"og:image:height\" content=\"480\" \/>\n\t<meta property=\"og:image:type\" content=\"image\/jpeg\" \/>\n<meta name=\"author\" content=\"Jornal BEIRA-RIO\" \/>\n<meta name=\"twitter:card\" content=\"summary_large_image\" \/>\n<meta name=\"twitter:label1\" content=\"Escrito por\" \/>\n\t<meta name=\"twitter:data1\" content=\"Jornal BEIRA-RIO\" \/>\n\t<meta name=\"twitter:label2\" content=\"Est. tempo de leitura\" \/>\n\t<meta name=\"twitter:data2\" content=\"3 minutos\" \/>\n<script type=\"application\/ld+json\" class=\"yoast-schema-graph\">{\"@context\":\"https:\\\/\\\/schema.org\",\"@graph\":[{\"@type\":\"Article\",\"@id\":\"https:\\\/\\\/jornalbeirario.com.br\\\/portal\\\/?p=79777#article\",\"isPartOf\":{\"@id\":\"https:\\\/\\\/jornalbeirario.com.br\\\/portal\\\/?p=79777\"},\"author\":{\"name\":\"Jornal BEIRA-RIO\",\"@id\":\"https:\\\/\\\/jornalbeirario.com.br\\\/portal\\\/#\\\/schema\\\/person\\\/c6c423e4c2465d2a9233f6539173e7c1\"},\"headline\":\"No Dia de Hoje &#8211; 27 de setembro\",\"datePublished\":\"2021-09-27T11:00:29+00:00\",\"mainEntityOfPage\":{\"@id\":\"https:\\\/\\\/jornalbeirario.com.br\\\/portal\\\/?p=79777\"},\"wordCount\":627,\"commentCount\":0,\"publisher\":{\"@id\":\"https:\\\/\\\/jornalbeirario.com.br\\\/portal\\\/#organization\"},\"image\":{\"@id\":\"https:\\\/\\\/jornalbeirario.com.br\\\/portal\\\/?p=79777#primaryimage\"},\"thumbnailUrl\":\"https:\\\/\\\/jornalbeirario.com.br\\\/portal\\\/wp-content\\\/uploads\\\/2021\\\/09\\\/caetano1.jpg\",\"articleSection\":[\"Fatos e curiosidades\"],\"inLanguage\":\"pt-BR\",\"potentialAction\":[{\"@type\":\"CommentAction\",\"name\":\"Comment\",\"target\":[\"https:\\\/\\\/jornalbeirario.com.br\\\/portal\\\/?p=79777#respond\"]}]},{\"@type\":\"WebPage\",\"@id\":\"https:\\\/\\\/jornalbeirario.com.br\\\/portal\\\/?p=79777\",\"url\":\"https:\\\/\\\/jornalbeirario.com.br\\\/portal\\\/?p=79777\",\"name\":\"No Dia de Hoje - 27 de setembro - JORNAL BEIRA RIO\",\"isPartOf\":{\"@id\":\"https:\\\/\\\/jornalbeirario.com.br\\\/portal\\\/#website\"},\"primaryImageOfPage\":{\"@id\":\"https:\\\/\\\/jornalbeirario.com.br\\\/portal\\\/?p=79777#primaryimage\"},\"image\":{\"@id\":\"https:\\\/\\\/jornalbeirario.com.br\\\/portal\\\/?p=79777#primaryimage\"},\"thumbnailUrl\":\"https:\\\/\\\/jornalbeirario.com.br\\\/portal\\\/wp-content\\\/uploads\\\/2021\\\/09\\\/caetano1.jpg\",\"datePublished\":\"2021-09-27T11:00:29+00:00\",\"breadcrumb\":{\"@id\":\"https:\\\/\\\/jornalbeirario.com.br\\\/portal\\\/?p=79777#breadcrumb\"},\"inLanguage\":\"pt-BR\",\"potentialAction\":[{\"@type\":\"ReadAction\",\"target\":[\"https:\\\/\\\/jornalbeirario.com.br\\\/portal\\\/?p=79777\"]}]},{\"@type\":\"ImageObject\",\"inLanguage\":\"pt-BR\",\"@id\":\"https:\\\/\\\/jornalbeirario.com.br\\\/portal\\\/?p=79777#primaryimage\",\"url\":\"https:\\\/\\\/jornalbeirario.com.br\\\/portal\\\/wp-content\\\/uploads\\\/2021\\\/09\\\/caetano1.jpg\",\"contentUrl\":\"https:\\\/\\\/jornalbeirario.com.br\\\/portal\\\/wp-content\\\/uploads\\\/2021\\\/09\\\/caetano1.jpg\",\"width\":788,\"height\":480,\"caption\":\"Caetano Veloso durante Festival da Can\u00e7\u00e3o (Foto:\"},{\"@type\":\"BreadcrumbList\",\"@id\":\"https:\\\/\\\/jornalbeirario.com.br\\\/portal\\\/?p=79777#breadcrumb\",\"itemListElement\":[{\"@type\":\"ListItem\",\"position\":1,\"name\":\"Home\",\"item\":\"https:\\\/\\\/jornalbeirario.com.br\\\/portal\"},{\"@type\":\"ListItem\",\"position\":2,\"name\":\"No Dia de Hoje &#8211; 27 de setembro\"}]},{\"@type\":\"WebSite\",\"@id\":\"https:\\\/\\\/jornalbeirario.com.br\\\/portal\\\/#website\",\"url\":\"https:\\\/\\\/jornalbeirario.com.br\\\/portal\\\/\",\"name\":\"JORNAL BEIRA RIO\",\"description\":\"\",\"publisher\":{\"@id\":\"https:\\\/\\\/jornalbeirario.com.br\\\/portal\\\/#organization\"},\"potentialAction\":[{\"@type\":\"SearchAction\",\"target\":{\"@type\":\"EntryPoint\",\"urlTemplate\":\"https:\\\/\\\/jornalbeirario.com.br\\\/portal\\\/?s={search_term_string}\"},\"query-input\":{\"@type\":\"PropertyValueSpecification\",\"valueRequired\":true,\"valueName\":\"search_term_string\"}}],\"inLanguage\":\"pt-BR\"},{\"@type\":\"Organization\",\"@id\":\"https:\\\/\\\/jornalbeirario.com.br\\\/portal\\\/#organization\",\"name\":\"JORNAL BEIRA RIO\",\"url\":\"https:\\\/\\\/jornalbeirario.com.br\\\/portal\\\/\",\"logo\":{\"@type\":\"ImageObject\",\"inLanguage\":\"pt-BR\",\"@id\":\"https:\\\/\\\/jornalbeirario.com.br\\\/portal\\\/#\\\/schema\\\/logo\\\/image\\\/\",\"url\":\"https:\\\/\\\/jornalbeirario.com.br\\\/portal\\\/wp-content\\\/uploads\\\/2017\\\/09\\\/BEIRA-RIO_logo600.png\",\"contentUrl\":\"https:\\\/\\\/jornalbeirario.com.br\\\/portal\\\/wp-content\\\/uploads\\\/2017\\\/09\\\/BEIRA-RIO_logo600.png\",\"width\":650,\"height\":108,\"caption\":\"JORNAL BEIRA RIO\"},\"image\":{\"@id\":\"https:\\\/\\\/jornalbeirario.com.br\\\/portal\\\/#\\\/schema\\\/logo\\\/image\\\/\"}},{\"@type\":\"Person\",\"@id\":\"https:\\\/\\\/jornalbeirario.com.br\\\/portal\\\/#\\\/schema\\\/person\\\/c6c423e4c2465d2a9233f6539173e7c1\",\"name\":\"Jornal BEIRA-RIO\",\"image\":{\"@type\":\"ImageObject\",\"inLanguage\":\"pt-BR\",\"@id\":\"https:\\\/\\\/jornalbeirario.com.br\\\/portal\\\/wp-content\\\/uploads\\\/2023\\\/10\\\/logojbr1.jpg\",\"url\":\"https:\\\/\\\/jornalbeirario.com.br\\\/portal\\\/wp-content\\\/uploads\\\/2023\\\/10\\\/logojbr1.jpg\",\"contentUrl\":\"https:\\\/\\\/jornalbeirario.com.br\\\/portal\\\/wp-content\\\/uploads\\\/2023\\\/10\\\/logojbr1.jpg\",\"caption\":\"Jornal BEIRA-RIO\"},\"url\":\"https:\\\/\\\/jornalbeirario.com.br\\\/portal\\\/?author=1\"}]}<\/script>\n<!-- \/ Yoast SEO plugin. -->","yoast_head_json":{"title":"No Dia de Hoje - 27 de setembro - JORNAL BEIRA RIO","robots":{"index":"index","follow":"follow","max-snippet":"max-snippet:-1","max-image-preview":"max-image-preview:large","max-video-preview":"max-video-preview:-1"},"canonical":"https:\/\/jornalbeirario.com.br\/portal\/?p=79777","og_locale":"pt_BR","og_type":"article","og_title":"No Dia de Hoje - 27 de setembro - JORNAL BEIRA RIO","og_description":"No dia 27 de setembro de 1953, foi inaugurada a quarta emissora de TV a entrar em opera\u00e7\u00e3o no pa\u00eds, a Record TV. Sua","og_url":"https:\/\/jornalbeirario.com.br\/portal\/?p=79777","og_site_name":"JORNAL BEIRA RIO","article_published_time":"2021-09-27T11:00:29+00:00","og_image":[{"width":788,"height":480,"url":"https:\/\/jornalbeirario.com.br\/portal\/wp-content\/uploads\/2021\/09\/caetano1.jpg","type":"image\/jpeg"}],"author":"Jornal BEIRA-RIO","twitter_card":"summary_large_image","twitter_misc":{"Escrito por":"Jornal BEIRA-RIO","Est. tempo de leitura":"3 minutos"},"schema":{"@context":"https:\/\/schema.org","@graph":[{"@type":"Article","@id":"https:\/\/jornalbeirario.com.br\/portal\/?p=79777#article","isPartOf":{"@id":"https:\/\/jornalbeirario.com.br\/portal\/?p=79777"},"author":{"name":"Jornal BEIRA-RIO","@id":"https:\/\/jornalbeirario.com.br\/portal\/#\/schema\/person\/c6c423e4c2465d2a9233f6539173e7c1"},"headline":"No Dia de Hoje &#8211; 27 de setembro","datePublished":"2021-09-27T11:00:29+00:00","mainEntityOfPage":{"@id":"https:\/\/jornalbeirario.com.br\/portal\/?p=79777"},"wordCount":627,"commentCount":0,"publisher":{"@id":"https:\/\/jornalbeirario.com.br\/portal\/#organization"},"image":{"@id":"https:\/\/jornalbeirario.com.br\/portal\/?p=79777#primaryimage"},"thumbnailUrl":"https:\/\/jornalbeirario.com.br\/portal\/wp-content\/uploads\/2021\/09\/caetano1.jpg","articleSection":["Fatos e curiosidades"],"inLanguage":"pt-BR","potentialAction":[{"@type":"CommentAction","name":"Comment","target":["https:\/\/jornalbeirario.com.br\/portal\/?p=79777#respond"]}]},{"@type":"WebPage","@id":"https:\/\/jornalbeirario.com.br\/portal\/?p=79777","url":"https:\/\/jornalbeirario.com.br\/portal\/?p=79777","name":"No Dia de Hoje - 27 de setembro - JORNAL BEIRA RIO","isPartOf":{"@id":"https:\/\/jornalbeirario.com.br\/portal\/#website"},"primaryImageOfPage":{"@id":"https:\/\/jornalbeirario.com.br\/portal\/?p=79777#primaryimage"},"image":{"@id":"https:\/\/jornalbeirario.com.br\/portal\/?p=79777#primaryimage"},"thumbnailUrl":"https:\/\/jornalbeirario.com.br\/portal\/wp-content\/uploads\/2021\/09\/caetano1.jpg","datePublished":"2021-09-27T11:00:29+00:00","breadcrumb":{"@id":"https:\/\/jornalbeirario.com.br\/portal\/?p=79777#breadcrumb"},"inLanguage":"pt-BR","potentialAction":[{"@type":"ReadAction","target":["https:\/\/jornalbeirario.com.br\/portal\/?p=79777"]}]},{"@type":"ImageObject","inLanguage":"pt-BR","@id":"https:\/\/jornalbeirario.com.br\/portal\/?p=79777#primaryimage","url":"https:\/\/jornalbeirario.com.br\/portal\/wp-content\/uploads\/2021\/09\/caetano1.jpg","contentUrl":"https:\/\/jornalbeirario.com.br\/portal\/wp-content\/uploads\/2021\/09\/caetano1.jpg","width":788,"height":480,"caption":"Caetano Veloso durante Festival da Can\u00e7\u00e3o (Foto:"},{"@type":"BreadcrumbList","@id":"https:\/\/jornalbeirario.com.br\/portal\/?p=79777#breadcrumb","itemListElement":[{"@type":"ListItem","position":1,"name":"Home","item":"https:\/\/jornalbeirario.com.br\/portal"},{"@type":"ListItem","position":2,"name":"No Dia de Hoje &#8211; 27 de setembro"}]},{"@type":"WebSite","@id":"https:\/\/jornalbeirario.com.br\/portal\/#website","url":"https:\/\/jornalbeirario.com.br\/portal\/","name":"JORNAL BEIRA RIO","description":"","publisher":{"@id":"https:\/\/jornalbeirario.com.br\/portal\/#organization"},"potentialAction":[{"@type":"SearchAction","target":{"@type":"EntryPoint","urlTemplate":"https:\/\/jornalbeirario.com.br\/portal\/?s={search_term_string}"},"query-input":{"@type":"PropertyValueSpecification","valueRequired":true,"valueName":"search_term_string"}}],"inLanguage":"pt-BR"},{"@type":"Organization","@id":"https:\/\/jornalbeirario.com.br\/portal\/#organization","name":"JORNAL BEIRA RIO","url":"https:\/\/jornalbeirario.com.br\/portal\/","logo":{"@type":"ImageObject","inLanguage":"pt-BR","@id":"https:\/\/jornalbeirario.com.br\/portal\/#\/schema\/logo\/image\/","url":"https:\/\/jornalbeirario.com.br\/portal\/wp-content\/uploads\/2017\/09\/BEIRA-RIO_logo600.png","contentUrl":"https:\/\/jornalbeirario.com.br\/portal\/wp-content\/uploads\/2017\/09\/BEIRA-RIO_logo600.png","width":650,"height":108,"caption":"JORNAL BEIRA RIO"},"image":{"@id":"https:\/\/jornalbeirario.com.br\/portal\/#\/schema\/logo\/image\/"}},{"@type":"Person","@id":"https:\/\/jornalbeirario.com.br\/portal\/#\/schema\/person\/c6c423e4c2465d2a9233f6539173e7c1","name":"Jornal BEIRA-RIO","image":{"@type":"ImageObject","inLanguage":"pt-BR","@id":"https:\/\/jornalbeirario.com.br\/portal\/wp-content\/uploads\/2023\/10\/logojbr1.jpg","url":"https:\/\/jornalbeirario.com.br\/portal\/wp-content\/uploads\/2023\/10\/logojbr1.jpg","contentUrl":"https:\/\/jornalbeirario.com.br\/portal\/wp-content\/uploads\/2023\/10\/logojbr1.jpg","caption":"Jornal BEIRA-RIO"},"url":"https:\/\/jornalbeirario.com.br\/portal\/?author=1"}]}},"_links":{"self":[{"href":"https:\/\/jornalbeirario.com.br\/portal\/index.php?rest_route=\/wp\/v2\/posts\/79777","targetHints":{"allow":["GET"]}}],"collection":[{"href":"https:\/\/jornalbeirario.com.br\/portal\/index.php?rest_route=\/wp\/v2\/posts"}],"about":[{"href":"https:\/\/jornalbeirario.com.br\/portal\/index.php?rest_route=\/wp\/v2\/types\/post"}],"author":[{"embeddable":true,"href":"https:\/\/jornalbeirario.com.br\/portal\/index.php?rest_route=\/wp\/v2\/users\/1"}],"replies":[{"embeddable":true,"href":"https:\/\/jornalbeirario.com.br\/portal\/index.php?rest_route=%2Fwp%2Fv2%2Fcomments&post=79777"}],"version-history":[{"count":4,"href":"https:\/\/jornalbeirario.com.br\/portal\/index.php?rest_route=\/wp\/v2\/posts\/79777\/revisions"}],"predecessor-version":[{"id":79783,"href":"https:\/\/jornalbeirario.com.br\/portal\/index.php?rest_route=\/wp\/v2\/posts\/79777\/revisions\/79783"}],"wp:featuredmedia":[{"embeddable":true,"href":"https:\/\/jornalbeirario.com.br\/portal\/index.php?rest_route=\/wp\/v2\/media\/79780"}],"wp:attachment":[{"href":"https:\/\/jornalbeirario.com.br\/portal\/index.php?rest_route=%2Fwp%2Fv2%2Fmedia&parent=79777"}],"wp:term":[{"taxonomy":"category","embeddable":true,"href":"https:\/\/jornalbeirario.com.br\/portal\/index.php?rest_route=%2Fwp%2Fv2%2Fcategories&post=79777"},{"taxonomy":"post_tag","embeddable":true,"href":"https:\/\/jornalbeirario.com.br\/portal\/index.php?rest_route=%2Fwp%2Fv2%2Ftags&post=79777"}],"curies":[{"name":"wp","href":"https:\/\/api.w.org\/{rel}","templated":true}]}}