
{"id":79664,"date":"2021-09-23T11:39:21","date_gmt":"2021-09-23T14:39:21","guid":{"rendered":"http:\/\/jornalbeirario.com.br\/portal\/?p=79664"},"modified":"2021-09-23T11:39:21","modified_gmt":"2021-09-23T14:39:21","slug":"deputado-expoe-problemas-no-transporte-publico-da-regiao-ao-detro","status":"publish","type":"post","link":"https:\/\/jornalbeirario.com.br\/portal\/?p=79664","title":{"rendered":"Deputado exp\u00f5e problemas no transporte p\u00fablico da regi\u00e3o ao Detro"},"content":{"rendered":"<div>\n<div style=\"text-align: justify;\">\n<figure id=\"attachment_79685\" aria-describedby=\"caption-attachment-79685\" style=\"width: 300px\" class=\"wp-caption alignleft\"><img loading=\"lazy\" decoding=\"async\" class=\"wp-image-79685 size-medium\" src=\"https:\/\/jornalbeirario.com.br\/portal\/wp-content\/uploads\/2021\/09\/noeldetro1-300x225.jpg\" alt=\"\" width=\"300\" height=\"225\" srcset=\"https:\/\/jornalbeirario.com.br\/portal\/wp-content\/uploads\/2021\/09\/noeldetro1-300x225.jpg 300w, https:\/\/jornalbeirario.com.br\/portal\/wp-content\/uploads\/2021\/09\/noeldetro1.jpg 640w\" sizes=\"auto, (max-width: 300px) 100vw, 300px\" \/><figcaption id=\"caption-attachment-79685\" class=\"wp-caption-text\">Noel levou para encontro preocupa\u00e7\u00e3o de usu\u00e1rios das linhas de \u00f4nibus em Resende e Itatiaia<\/figcaption><\/figure>\n<p>Falta de condu\u00e7\u00e3o de uma cidade para outra, hor\u00e1rios que n\u00e3o atendem \u00e0 popula\u00e7\u00e3o e valores das passagens s\u00e3o algumas das reclama\u00e7\u00f5es dos usu\u00e1rios que t\u00eam sido relatadas ao parlamentar. Estes foram os problemas encontrados nos \u00f4nibus de Resende e Itatiaia, especialmente de Engenheiro Passos, Maromba e Maring\u00e1, e que foram levados pelo deputado Noel de Carvalho (PSDB) ao presidente do Departamento de Transportes Rodovi\u00e1rios do Rio de Janeiro (Detro\/RJ), Delmir Gouvea, nesta ter\u00e7a-feira, dia 21.<\/p><\/div>\n<\/div>\n<div style=\"text-align: justify;\"><\/div>\n<div style=\"text-align: justify;\">&#8211; Essas irregularidades no transporte p\u00fablico prejudica muito os moradores dessa regi\u00e3o, principalmente os trabalhadores. H\u00e1 diversos relatos de pessoas que n\u00e3o est\u00e3o conseguindo chegar na hora no emprego colocando em risco o seu ganha-p\u00e3o num per\u00edodo que j\u00e1 \u00e9 dif\u00edcil para todos &#8211; revelou.<\/div>\n<div style=\"text-align: justify;\"><\/div>\n<div style=\"text-align: justify;\">Uma das queixas apresentadas pelo deputado ao presidente do Detro foi sobre a redu\u00e7\u00e3o de hor\u00e1rios da Via\u00e7\u00e3o Penedo, que \u00e9 uma linha intermunicipal. Hor\u00e1rios irregulares dos \u00f4nibus tamb\u00e9m t\u00eam atingido os moradores de Maromba e Maring\u00e1. Noel tamb\u00e9m comentou sobre a linha municipal Resende\/Engenheiro Passos, da Via\u00e7\u00e3o S\u00e3o Miguel. Segundo os usu\u00e1rios, a empresa n\u00e3o pega passageiros em Itatiaia. &#8220;Essa linha circula pela Via Dutra, que \u00e9 \u00e1rea federal. Essa decis\u00e3o de n\u00e3o pegar os passageiros me parece excessiva&#8221;, disse o deputado.<\/div>\n<div style=\"text-align: justify;\"><\/div>\n<div style=\"text-align: justify;\">Sobre os hor\u00e1rios irregulares dos \u00f4nibus, Noel lembrou que o problema afeta o dia a dia das pessoas. &#8220;Esses intervalos grandes de hor\u00e1rio obriga moradores a pegar t\u00e1xi ou carro de aplicativo para cumprirem seus compromissos, como ir ao m\u00e9dico. Isso n\u00e3o pode continuar. Nem todos podem pagar por esses servi\u00e7os. O transporte p\u00fablico precisa funcionar bem&#8221;, afirmou Noel.<\/div>\n<div style=\"text-align: justify;\"><\/div>\n<div style=\"text-align: justify;\">O presidente do Detro ouviu as demandas apresentadas pelo deputado e colocou os t\u00e9cnicos do departamento \u00e0 disposi\u00e7\u00e3o para uma visita \u00e0 regi\u00e3o, a fim de conhecer de perto o que est\u00e1 acontecendo. O presidente do Detro prometeu tomar provid\u00eancias para evitar as queixas da popula\u00e7\u00e3o.<\/div>\n<div style=\"text-align: justify;\"><\/div>\n<div style=\"text-align: justify;\">&#8211; Vamos analisar essas demandas, que afetam a popula\u00e7\u00e3o de Resende e Itatiaia, com muito cuidado. Vamos levar tudo isso para nossa equipe t\u00e9cnica, vamos fazer um estudo para ver a viabilidade de atender todas essas demandas que, certamente, ir\u00e3o facilitar a vida dos trabalhadores e da popula\u00e7\u00e3o dessas duas cidades &#8211; prometeu Delmir.<\/div>\n<div><\/div>\n<div><em>Foto: Divulga\u00e7\u00e3o<\/em><\/div>\n","protected":false},"excerpt":{"rendered":"<p>Falta de condu\u00e7\u00e3o de uma cidade para outra, hor\u00e1rios que n\u00e3o atendem \u00e0 popula\u00e7\u00e3o e valores das passagens s\u00e3o algumas das reclama\u00e7\u00f5es dos usu\u00e1rios<\/p>\n","protected":false},"author":1,"featured_media":79685,"comment_status":"open","ping_status":"open","sticky":false,"template":"","format":"standard","meta":{"pmpro_default_level":"","footnotes":""},"categories":[11,158],"tags":[],"class_list":["post-79664","post","type-post","status-publish","format-standard","has-post-thumbnail","hentry","category-politica","category-rio-de-janeiro","pmpro-has-access"],"yoast_head":"<!-- This site is optimized with the Yoast SEO plugin v27.4 - https:\/\/yoast.com\/product\/yoast-seo-wordpress\/ -->\n<title>Deputado exp\u00f5e problemas no transporte p\u00fablico da regi\u00e3o ao Detro - JORNAL BEIRA RIO<\/title>\n<meta name=\"robots\" content=\"index, follow, max-snippet:-1, max-image-preview:large, max-video-preview:-1\" \/>\n<link rel=\"canonical\" href=\"https:\/\/jornalbeirario.com.br\/portal\/?p=79664\" \/>\n<meta property=\"og:locale\" content=\"pt_BR\" \/>\n<meta property=\"og:type\" content=\"article\" \/>\n<meta property=\"og:title\" content=\"Deputado exp\u00f5e problemas no transporte p\u00fablico da regi\u00e3o ao Detro - JORNAL BEIRA RIO\" \/>\n<meta property=\"og:description\" content=\"Falta de condu\u00e7\u00e3o de uma cidade para outra, hor\u00e1rios que n\u00e3o atendem \u00e0 popula\u00e7\u00e3o e valores das passagens s\u00e3o algumas das reclama\u00e7\u00f5es dos usu\u00e1rios\" \/>\n<meta property=\"og:url\" content=\"https:\/\/jornalbeirario.com.br\/portal\/?p=79664\" \/>\n<meta property=\"og:site_name\" content=\"JORNAL BEIRA RIO\" \/>\n<meta property=\"article:published_time\" content=\"2021-09-23T14:39:21+00:00\" \/>\n<meta property=\"og:image\" content=\"https:\/\/jornalbeirario.com.br\/portal\/wp-content\/uploads\/2021\/09\/noeldetro1.jpg\" \/>\n\t<meta property=\"og:image:width\" content=\"640\" \/>\n\t<meta property=\"og:image:height\" content=\"480\" \/>\n\t<meta property=\"og:image:type\" content=\"image\/jpeg\" \/>\n<meta name=\"author\" content=\"Jornal BEIRA-RIO\" \/>\n<meta name=\"twitter:card\" content=\"summary_large_image\" \/>\n<meta name=\"twitter:label1\" content=\"Escrito por\" \/>\n\t<meta name=\"twitter:data1\" content=\"Jornal BEIRA-RIO\" \/>\n\t<meta name=\"twitter:label2\" content=\"Est. tempo de leitura\" \/>\n\t<meta name=\"twitter:data2\" content=\"2 minutos\" \/>\n<script type=\"application\/ld+json\" class=\"yoast-schema-graph\">{\"@context\":\"https:\\\/\\\/schema.org\",\"@graph\":[{\"@type\":\"Article\",\"@id\":\"https:\\\/\\\/jornalbeirario.com.br\\\/portal\\\/?p=79664#article\",\"isPartOf\":{\"@id\":\"https:\\\/\\\/jornalbeirario.com.br\\\/portal\\\/?p=79664\"},\"author\":{\"name\":\"Jornal BEIRA-RIO\",\"@id\":\"https:\\\/\\\/jornalbeirario.com.br\\\/portal\\\/#\\\/schema\\\/person\\\/c6c423e4c2465d2a9233f6539173e7c1\"},\"headline\":\"Deputado exp\u00f5e problemas no transporte p\u00fablico da regi\u00e3o ao Detro\",\"datePublished\":\"2021-09-23T14:39:21+00:00\",\"mainEntityOfPage\":{\"@id\":\"https:\\\/\\\/jornalbeirario.com.br\\\/portal\\\/?p=79664\"},\"wordCount\":444,\"commentCount\":0,\"publisher\":{\"@id\":\"https:\\\/\\\/jornalbeirario.com.br\\\/portal\\\/#organization\"},\"image\":{\"@id\":\"https:\\\/\\\/jornalbeirario.com.br\\\/portal\\\/?p=79664#primaryimage\"},\"thumbnailUrl\":\"https:\\\/\\\/jornalbeirario.com.br\\\/portal\\\/wp-content\\\/uploads\\\/2021\\\/09\\\/noeldetro1.jpg\",\"articleSection\":[\"Pol\u00edtica\",\"Rio de Janeiro\"],\"inLanguage\":\"pt-BR\",\"potentialAction\":[{\"@type\":\"CommentAction\",\"name\":\"Comment\",\"target\":[\"https:\\\/\\\/jornalbeirario.com.br\\\/portal\\\/?p=79664#respond\"]}]},{\"@type\":\"WebPage\",\"@id\":\"https:\\\/\\\/jornalbeirario.com.br\\\/portal\\\/?p=79664\",\"url\":\"https:\\\/\\\/jornalbeirario.com.br\\\/portal\\\/?p=79664\",\"name\":\"Deputado exp\u00f5e problemas no transporte p\u00fablico da regi\u00e3o ao Detro - JORNAL BEIRA RIO\",\"isPartOf\":{\"@id\":\"https:\\\/\\\/jornalbeirario.com.br\\\/portal\\\/#website\"},\"primaryImageOfPage\":{\"@id\":\"https:\\\/\\\/jornalbeirario.com.br\\\/portal\\\/?p=79664#primaryimage\"},\"image\":{\"@id\":\"https:\\\/\\\/jornalbeirario.com.br\\\/portal\\\/?p=79664#primaryimage\"},\"thumbnailUrl\":\"https:\\\/\\\/jornalbeirario.com.br\\\/portal\\\/wp-content\\\/uploads\\\/2021\\\/09\\\/noeldetro1.jpg\",\"datePublished\":\"2021-09-23T14:39:21+00:00\",\"breadcrumb\":{\"@id\":\"https:\\\/\\\/jornalbeirario.com.br\\\/portal\\\/?p=79664#breadcrumb\"},\"inLanguage\":\"pt-BR\",\"potentialAction\":[{\"@type\":\"ReadAction\",\"target\":[\"https:\\\/\\\/jornalbeirario.com.br\\\/portal\\\/?p=79664\"]}]},{\"@type\":\"ImageObject\",\"inLanguage\":\"pt-BR\",\"@id\":\"https:\\\/\\\/jornalbeirario.com.br\\\/portal\\\/?p=79664#primaryimage\",\"url\":\"https:\\\/\\\/jornalbeirario.com.br\\\/portal\\\/wp-content\\\/uploads\\\/2021\\\/09\\\/noeldetro1.jpg\",\"contentUrl\":\"https:\\\/\\\/jornalbeirario.com.br\\\/portal\\\/wp-content\\\/uploads\\\/2021\\\/09\\\/noeldetro1.jpg\",\"width\":640,\"height\":480},{\"@type\":\"BreadcrumbList\",\"@id\":\"https:\\\/\\\/jornalbeirario.com.br\\\/portal\\\/?p=79664#breadcrumb\",\"itemListElement\":[{\"@type\":\"ListItem\",\"position\":1,\"name\":\"Home\",\"item\":\"https:\\\/\\\/jornalbeirario.com.br\\\/portal\"},{\"@type\":\"ListItem\",\"position\":2,\"name\":\"Deputado exp\u00f5e problemas no transporte p\u00fablico da regi\u00e3o ao Detro\"}]},{\"@type\":\"WebSite\",\"@id\":\"https:\\\/\\\/jornalbeirario.com.br\\\/portal\\\/#website\",\"url\":\"https:\\\/\\\/jornalbeirario.com.br\\\/portal\\\/\",\"name\":\"JORNAL BEIRA RIO\",\"description\":\"\",\"publisher\":{\"@id\":\"https:\\\/\\\/jornalbeirario.com.br\\\/portal\\\/#organization\"},\"potentialAction\":[{\"@type\":\"SearchAction\",\"target\":{\"@type\":\"EntryPoint\",\"urlTemplate\":\"https:\\\/\\\/jornalbeirario.com.br\\\/portal\\\/?s={search_term_string}\"},\"query-input\":{\"@type\":\"PropertyValueSpecification\",\"valueRequired\":true,\"valueName\":\"search_term_string\"}}],\"inLanguage\":\"pt-BR\"},{\"@type\":\"Organization\",\"@id\":\"https:\\\/\\\/jornalbeirario.com.br\\\/portal\\\/#organization\",\"name\":\"JORNAL BEIRA RIO\",\"url\":\"https:\\\/\\\/jornalbeirario.com.br\\\/portal\\\/\",\"logo\":{\"@type\":\"ImageObject\",\"inLanguage\":\"pt-BR\",\"@id\":\"https:\\\/\\\/jornalbeirario.com.br\\\/portal\\\/#\\\/schema\\\/logo\\\/image\\\/\",\"url\":\"https:\\\/\\\/jornalbeirario.com.br\\\/portal\\\/wp-content\\\/uploads\\\/2017\\\/09\\\/BEIRA-RIO_logo600.png\",\"contentUrl\":\"https:\\\/\\\/jornalbeirario.com.br\\\/portal\\\/wp-content\\\/uploads\\\/2017\\\/09\\\/BEIRA-RIO_logo600.png\",\"width\":650,\"height\":108,\"caption\":\"JORNAL BEIRA RIO\"},\"image\":{\"@id\":\"https:\\\/\\\/jornalbeirario.com.br\\\/portal\\\/#\\\/schema\\\/logo\\\/image\\\/\"}},{\"@type\":\"Person\",\"@id\":\"https:\\\/\\\/jornalbeirario.com.br\\\/portal\\\/#\\\/schema\\\/person\\\/c6c423e4c2465d2a9233f6539173e7c1\",\"name\":\"Jornal BEIRA-RIO\",\"image\":{\"@type\":\"ImageObject\",\"inLanguage\":\"pt-BR\",\"@id\":\"https:\\\/\\\/jornalbeirario.com.br\\\/portal\\\/wp-content\\\/uploads\\\/2023\\\/10\\\/logojbr1.jpg\",\"url\":\"https:\\\/\\\/jornalbeirario.com.br\\\/portal\\\/wp-content\\\/uploads\\\/2023\\\/10\\\/logojbr1.jpg\",\"contentUrl\":\"https:\\\/\\\/jornalbeirario.com.br\\\/portal\\\/wp-content\\\/uploads\\\/2023\\\/10\\\/logojbr1.jpg\",\"caption\":\"Jornal BEIRA-RIO\"},\"url\":\"https:\\\/\\\/jornalbeirario.com.br\\\/portal\\\/?author=1\"}]}<\/script>\n<!-- \/ Yoast SEO plugin. -->","yoast_head_json":{"title":"Deputado exp\u00f5e problemas no transporte p\u00fablico da regi\u00e3o ao Detro - JORNAL BEIRA RIO","robots":{"index":"index","follow":"follow","max-snippet":"max-snippet:-1","max-image-preview":"max-image-preview:large","max-video-preview":"max-video-preview:-1"},"canonical":"https:\/\/jornalbeirario.com.br\/portal\/?p=79664","og_locale":"pt_BR","og_type":"article","og_title":"Deputado exp\u00f5e problemas no transporte p\u00fablico da regi\u00e3o ao Detro - JORNAL BEIRA RIO","og_description":"Falta de condu\u00e7\u00e3o de uma cidade para outra, hor\u00e1rios que n\u00e3o atendem \u00e0 popula\u00e7\u00e3o e valores das passagens s\u00e3o algumas das reclama\u00e7\u00f5es dos usu\u00e1rios","og_url":"https:\/\/jornalbeirario.com.br\/portal\/?p=79664","og_site_name":"JORNAL BEIRA RIO","article_published_time":"2021-09-23T14:39:21+00:00","og_image":[{"width":640,"height":480,"url":"https:\/\/jornalbeirario.com.br\/portal\/wp-content\/uploads\/2021\/09\/noeldetro1.jpg","type":"image\/jpeg"}],"author":"Jornal BEIRA-RIO","twitter_card":"summary_large_image","twitter_misc":{"Escrito por":"Jornal BEIRA-RIO","Est. tempo de leitura":"2 minutos"},"schema":{"@context":"https:\/\/schema.org","@graph":[{"@type":"Article","@id":"https:\/\/jornalbeirario.com.br\/portal\/?p=79664#article","isPartOf":{"@id":"https:\/\/jornalbeirario.com.br\/portal\/?p=79664"},"author":{"name":"Jornal BEIRA-RIO","@id":"https:\/\/jornalbeirario.com.br\/portal\/#\/schema\/person\/c6c423e4c2465d2a9233f6539173e7c1"},"headline":"Deputado exp\u00f5e problemas no transporte p\u00fablico da regi\u00e3o ao Detro","datePublished":"2021-09-23T14:39:21+00:00","mainEntityOfPage":{"@id":"https:\/\/jornalbeirario.com.br\/portal\/?p=79664"},"wordCount":444,"commentCount":0,"publisher":{"@id":"https:\/\/jornalbeirario.com.br\/portal\/#organization"},"image":{"@id":"https:\/\/jornalbeirario.com.br\/portal\/?p=79664#primaryimage"},"thumbnailUrl":"https:\/\/jornalbeirario.com.br\/portal\/wp-content\/uploads\/2021\/09\/noeldetro1.jpg","articleSection":["Pol\u00edtica","Rio de Janeiro"],"inLanguage":"pt-BR","potentialAction":[{"@type":"CommentAction","name":"Comment","target":["https:\/\/jornalbeirario.com.br\/portal\/?p=79664#respond"]}]},{"@type":"WebPage","@id":"https:\/\/jornalbeirario.com.br\/portal\/?p=79664","url":"https:\/\/jornalbeirario.com.br\/portal\/?p=79664","name":"Deputado exp\u00f5e problemas no transporte p\u00fablico da regi\u00e3o ao Detro - JORNAL BEIRA RIO","isPartOf":{"@id":"https:\/\/jornalbeirario.com.br\/portal\/#website"},"primaryImageOfPage":{"@id":"https:\/\/jornalbeirario.com.br\/portal\/?p=79664#primaryimage"},"image":{"@id":"https:\/\/jornalbeirario.com.br\/portal\/?p=79664#primaryimage"},"thumbnailUrl":"https:\/\/jornalbeirario.com.br\/portal\/wp-content\/uploads\/2021\/09\/noeldetro1.jpg","datePublished":"2021-09-23T14:39:21+00:00","breadcrumb":{"@id":"https:\/\/jornalbeirario.com.br\/portal\/?p=79664#breadcrumb"},"inLanguage":"pt-BR","potentialAction":[{"@type":"ReadAction","target":["https:\/\/jornalbeirario.com.br\/portal\/?p=79664"]}]},{"@type":"ImageObject","inLanguage":"pt-BR","@id":"https:\/\/jornalbeirario.com.br\/portal\/?p=79664#primaryimage","url":"https:\/\/jornalbeirario.com.br\/portal\/wp-content\/uploads\/2021\/09\/noeldetro1.jpg","contentUrl":"https:\/\/jornalbeirario.com.br\/portal\/wp-content\/uploads\/2021\/09\/noeldetro1.jpg","width":640,"height":480},{"@type":"BreadcrumbList","@id":"https:\/\/jornalbeirario.com.br\/portal\/?p=79664#breadcrumb","itemListElement":[{"@type":"ListItem","position":1,"name":"Home","item":"https:\/\/jornalbeirario.com.br\/portal"},{"@type":"ListItem","position":2,"name":"Deputado exp\u00f5e problemas no transporte p\u00fablico da regi\u00e3o ao Detro"}]},{"@type":"WebSite","@id":"https:\/\/jornalbeirario.com.br\/portal\/#website","url":"https:\/\/jornalbeirario.com.br\/portal\/","name":"JORNAL BEIRA RIO","description":"","publisher":{"@id":"https:\/\/jornalbeirario.com.br\/portal\/#organization"},"potentialAction":[{"@type":"SearchAction","target":{"@type":"EntryPoint","urlTemplate":"https:\/\/jornalbeirario.com.br\/portal\/?s={search_term_string}"},"query-input":{"@type":"PropertyValueSpecification","valueRequired":true,"valueName":"search_term_string"}}],"inLanguage":"pt-BR"},{"@type":"Organization","@id":"https:\/\/jornalbeirario.com.br\/portal\/#organization","name":"JORNAL BEIRA RIO","url":"https:\/\/jornalbeirario.com.br\/portal\/","logo":{"@type":"ImageObject","inLanguage":"pt-BR","@id":"https:\/\/jornalbeirario.com.br\/portal\/#\/schema\/logo\/image\/","url":"https:\/\/jornalbeirario.com.br\/portal\/wp-content\/uploads\/2017\/09\/BEIRA-RIO_logo600.png","contentUrl":"https:\/\/jornalbeirario.com.br\/portal\/wp-content\/uploads\/2017\/09\/BEIRA-RIO_logo600.png","width":650,"height":108,"caption":"JORNAL BEIRA RIO"},"image":{"@id":"https:\/\/jornalbeirario.com.br\/portal\/#\/schema\/logo\/image\/"}},{"@type":"Person","@id":"https:\/\/jornalbeirario.com.br\/portal\/#\/schema\/person\/c6c423e4c2465d2a9233f6539173e7c1","name":"Jornal BEIRA-RIO","image":{"@type":"ImageObject","inLanguage":"pt-BR","@id":"https:\/\/jornalbeirario.com.br\/portal\/wp-content\/uploads\/2023\/10\/logojbr1.jpg","url":"https:\/\/jornalbeirario.com.br\/portal\/wp-content\/uploads\/2023\/10\/logojbr1.jpg","contentUrl":"https:\/\/jornalbeirario.com.br\/portal\/wp-content\/uploads\/2023\/10\/logojbr1.jpg","caption":"Jornal BEIRA-RIO"},"url":"https:\/\/jornalbeirario.com.br\/portal\/?author=1"}]}},"_links":{"self":[{"href":"https:\/\/jornalbeirario.com.br\/portal\/index.php?rest_route=\/wp\/v2\/posts\/79664","targetHints":{"allow":["GET"]}}],"collection":[{"href":"https:\/\/jornalbeirario.com.br\/portal\/index.php?rest_route=\/wp\/v2\/posts"}],"about":[{"href":"https:\/\/jornalbeirario.com.br\/portal\/index.php?rest_route=\/wp\/v2\/types\/post"}],"author":[{"embeddable":true,"href":"https:\/\/jornalbeirario.com.br\/portal\/index.php?rest_route=\/wp\/v2\/users\/1"}],"replies":[{"embeddable":true,"href":"https:\/\/jornalbeirario.com.br\/portal\/index.php?rest_route=%2Fwp%2Fv2%2Fcomments&post=79664"}],"version-history":[{"count":6,"href":"https:\/\/jornalbeirario.com.br\/portal\/index.php?rest_route=\/wp\/v2\/posts\/79664\/revisions"}],"predecessor-version":[{"id":79686,"href":"https:\/\/jornalbeirario.com.br\/portal\/index.php?rest_route=\/wp\/v2\/posts\/79664\/revisions\/79686"}],"wp:featuredmedia":[{"embeddable":true,"href":"https:\/\/jornalbeirario.com.br\/portal\/index.php?rest_route=\/wp\/v2\/media\/79685"}],"wp:attachment":[{"href":"https:\/\/jornalbeirario.com.br\/portal\/index.php?rest_route=%2Fwp%2Fv2%2Fmedia&parent=79664"}],"wp:term":[{"taxonomy":"category","embeddable":true,"href":"https:\/\/jornalbeirario.com.br\/portal\/index.php?rest_route=%2Fwp%2Fv2%2Fcategories&post=79664"},{"taxonomy":"post_tag","embeddable":true,"href":"https:\/\/jornalbeirario.com.br\/portal\/index.php?rest_route=%2Fwp%2Fv2%2Ftags&post=79664"}],"curies":[{"name":"wp","href":"https:\/\/api.w.org\/{rel}","templated":true}]}}