
{"id":78688,"date":"2021-08-26T12:11:06","date_gmt":"2021-08-26T15:11:06","guid":{"rendered":"http:\/\/jornalbeirario.com.br\/portal\/?p=78688"},"modified":"2021-08-26T12:11:06","modified_gmt":"2021-08-26T15:11:06","slug":"sabado-tem-campanha-de-vacinacao-para-caes-e-gatos-em-resende","status":"publish","type":"post","link":"https:\/\/jornalbeirario.com.br\/portal\/?p=78688","title":{"rendered":"S\u00e1bado tem campanha de vacina\u00e7\u00e3o para c\u00e3es e gatos em Resende"},"content":{"rendered":"<p style=\"text-align: justify;\"><img loading=\"lazy\" decoding=\"async\" class=\"alignright size-medium wp-image-78693\" src=\"https:\/\/jornalbeirario.com.br\/portal\/wp-content\/uploads\/2021\/08\/antirrabica2-300x225.jpg\" alt=\"\" width=\"300\" height=\"225\" srcset=\"https:\/\/jornalbeirario.com.br\/portal\/wp-content\/uploads\/2021\/08\/antirrabica2-300x225.jpg 300w, https:\/\/jornalbeirario.com.br\/portal\/wp-content\/uploads\/2021\/08\/antirrabica2.jpg 640w\" sizes=\"auto, (max-width: 300px) 100vw, 300px\" \/>No pr\u00f3ximo s\u00e1bado, dia 28, vacinar\u00e1 contra a raiva c\u00e3es e gatos no distrito da Serrinha do Alambari e na Capelinha, em Resende. entre 9 e 15h. A a\u00e7\u00e3o, promovida pela Prefeitura de Resende e pelo Centro de Controle de Zoonoses (CCZ), acontecer\u00e1 na Unidade de Sa\u00fade da Fam\u00edlia (USF) da Serrinha do Alambari e tamb\u00e9m por busca ativa, ou seja, a aplica\u00e7\u00e3o da vacina ser\u00e1 itinerante para as popula\u00e7\u00f5es canina e felina. J\u00e1 na Capelinha, haver\u00e1 somente busca ativa\/posto volante.<\/p>\n<p style=\"text-align: justify;\">A campanha \u00e9 direcionada para c\u00e3es e gatos com mais de tr\u00eas meses de idade, que estejam gozando de plena sa\u00fade. O diretor do CCZ, o m\u00e9dico veterin\u00e1rio Bruno Marins Souza, deu recomenda\u00e7\u00f5es quanto \u00e0 imuniza\u00e7\u00e3o antirr\u00e1bica, lembrando que a prote\u00e7\u00e3o dos caninos e felinos deve ocorrer anualmente.<\/p>\n<p style=\"text-align: justify;\">\u2014 Todos os c\u00e3es e gatos, que estejam dentro da faixa et\u00e1ria recomendada e saud\u00e1veis, devem ser vacinados contra a raiva, obedecendo sempre o prazo de validade da vacina, que \u00e9 de um ano. O condutor do animal deve ser maior de 18 anos de idade e estar munido com o documento de identidade com foto. \u00c9 fundamental frisar que n\u00e3o est\u00e3o aptos para a imuniza\u00e7\u00e3o: as f\u00eameas prenhas ou que estejam amamentando; e os animais que apresentem alguma enfermidade ou em tratamento com medicamentos anti-inflamat\u00f3rios ou antibi\u00f3ticos \u2013 explica o diretor Bruno Marins.<\/p>\n<p style=\"text-align: justify;\">A raiva \u00e9 uma doen\u00e7a infecciosa viral aguda, que afeta mam\u00edferos, inclusive o homem, e caracteriza-se como uma encefalite com letalidade de aproximadamente 100%. &#8220;Esta campanha \u00e9 uma quest\u00e3o de Sa\u00fade P\u00fablica, com o objetivo de proteger os pets da nossa cidade. No in\u00edcio de maio deste ano, foi diagnosticado um caso de raiva no Estado do Rio de Janeiro, ap\u00f3s mais de 20 anos. O cachorro era de Duque de Caxias. Este caso foi um alerta para os donos de c\u00e3es e gatos, que passaram a se preocupar mais e procurar pela vacina contra a doen\u00e7a&#8221;, acrescenta Marins.<\/p>\n<p style=\"text-align: justify;\">Para evitar transtornos nas imedia\u00e7\u00f5es dos postos, conforme orienta\u00e7\u00f5es do CCZ, os bichos de estima\u00e7\u00e3o devem ser devidamente conduzidos com guias e coleiras correspondentes aos seus portes. Os animais mais ferozes devem ser levados com focinheiras. J\u00e1 os gatos devem ser transportados em caixas ou gaiolas, visando coibir fugas e ataques de outros animais. Todos os protocolos de seguran\u00e7a sanit\u00e1ria em raz\u00e3o da pandemia do novo coronav\u00edrus (Covid-19) tamb\u00e9m devem ser respeitados, como o uso obrigat\u00f3rio de m\u00e1scaras e o distanciamento social. Preferencialmente, o animal deve ser levado por apenas uma pessoa, para que n\u00e3o haja aglomera\u00e7\u00f5es.<\/p>\n<p style=\"text-align: justify;\">Durante toda a campanha, ser\u00e3o 36 postos de vacina\u00e7\u00e3o, entre volantes e fixos, esquematizados at\u00e9 outubro deste ano. De acordo com o \u00faltimo levantamento feito no dia 24 de julho pelo CCZ, o munic\u00edpio j\u00e1 atingiu a marca de 13.037 animais imunizados contra a raiva. Atualmente, a popula\u00e7\u00e3o canina do munic\u00edpio \u00e9 estimada em 14 mil c\u00e3es, enquanto a felina \u00e9 2,5 mil.<\/p>\n<p style=\"text-align: justify;\">No decorrer desta campanha, iniciada no dia 7 de abril, o CCZ ser\u00e1 posto fixo para a imuniza\u00e7\u00e3o antirr\u00e1bica, bastando comparecer \u00e0 sede da unidade, na Rua Eur\u00eddice Paulina de Almeida, 415, no bairro Vicentina II. O CCZ funciona de segunda a sexta-feira, das 8 \u00e0s 17h. Para outras informa\u00e7\u00f5es, os telefones da unidade s\u00e3o: (24) 3360-9690 ou (24) 3381-9802.<\/p>\n<p><em>Fotos: Raimundo Brasil\/Divulga\u00e7\u00e3o PMR<\/em><\/p>\n","protected":false},"excerpt":{"rendered":"<p>No pr\u00f3ximo s\u00e1bado, dia 28, vacinar\u00e1 contra a raiva c\u00e3es e gatos no distrito da Serrinha do Alambari e na Capelinha, em Resende. entre<\/p>\n","protected":false},"author":1,"featured_media":78692,"comment_status":"open","ping_status":"open","sticky":false,"template":"","format":"standard","meta":{"pmpro_default_level":"","footnotes":"","_members_access_role":[],"_members_access_error":""},"categories":[1,188,18],"tags":[],"class_list":["post-78688","post","type-post","status-publish","format-standard","has-post-thumbnail","hentry","category-cidade","category-mundo-pet","category-saude","pmpro-has-access"],"yoast_head":"<!-- This site is optimized with the Yoast SEO plugin v28.4 - https:\/\/yoast.com\/product\/yoast-seo-wordpress\/ -->\n<title>S\u00e1bado tem campanha de vacina\u00e7\u00e3o para c\u00e3es e gatos em Resende - JORNAL BEIRA RIO<\/title>\n<meta name=\"robots\" content=\"index, follow, max-snippet:-1, max-image-preview:large, max-video-preview:-1\" \/>\n<link rel=\"canonical\" href=\"https:\/\/jornalbeirario.com.br\/portal\/?p=78688\" \/>\n<meta property=\"og:locale\" content=\"pt_BR\" \/>\n<meta property=\"og:type\" content=\"article\" \/>\n<meta property=\"og:title\" content=\"S\u00e1bado tem campanha de vacina\u00e7\u00e3o para c\u00e3es e gatos em Resende - JORNAL BEIRA RIO\" \/>\n<meta property=\"og:description\" content=\"No pr\u00f3ximo s\u00e1bado, dia 28, vacinar\u00e1 contra a raiva c\u00e3es e gatos no distrito da Serrinha do Alambari e na Capelinha, em Resende. entre\" \/>\n<meta property=\"og:url\" content=\"https:\/\/jornalbeirario.com.br\/portal\/?p=78688\" \/>\n<meta property=\"og:site_name\" content=\"JORNAL BEIRA RIO\" \/>\n<meta property=\"article:published_time\" content=\"2021-08-26T15:11:06+00:00\" \/>\n<meta property=\"og:image\" content=\"https:\/\/jornalbeirario.com.br\/portal\/wp-content\/uploads\/2021\/08\/antirrabica1.jpg\" \/>\n\t<meta property=\"og:image:width\" content=\"640\" \/>\n\t<meta property=\"og:image:height\" content=\"480\" \/>\n\t<meta property=\"og:image:type\" content=\"image\/jpeg\" \/>\n<meta name=\"author\" content=\"Jornal BEIRA-RIO\" \/>\n<meta name=\"twitter:card\" content=\"summary_large_image\" \/>\n<meta name=\"twitter:label1\" content=\"Escrito por\" \/>\n\t<meta name=\"twitter:data1\" content=\"Jornal BEIRA-RIO\" \/>\n\t<meta name=\"twitter:label2\" content=\"Est. tempo de leitura\" \/>\n\t<meta name=\"twitter:data2\" content=\"3 minutos\" \/>\n<script type=\"application\/ld+json\" class=\"yoast-schema-graph\">{\"@context\":\"https:\\\/\\\/schema.org\",\"@graph\":[{\"@type\":\"Article\",\"@id\":\"https:\\\/\\\/jornalbeirario.com.br\\\/portal\\\/?p=78688#article\",\"isPartOf\":{\"@id\":\"https:\\\/\\\/jornalbeirario.com.br\\\/portal\\\/?p=78688\"},\"author\":{\"name\":\"Jornal BEIRA-RIO\",\"@id\":\"https:\\\/\\\/jornalbeirario.com.br\\\/portal\\\/#\\\/schema\\\/person\\\/c6c423e4c2465d2a9233f6539173e7c1\"},\"headline\":\"S\u00e1bado tem campanha de vacina\u00e7\u00e3o para c\u00e3es e gatos em Resende\",\"datePublished\":\"2021-08-26T15:11:06+00:00\",\"mainEntityOfPage\":{\"@id\":\"https:\\\/\\\/jornalbeirario.com.br\\\/portal\\\/?p=78688\"},\"wordCount\":596,\"commentCount\":0,\"publisher\":{\"@id\":\"https:\\\/\\\/jornalbeirario.com.br\\\/portal\\\/#organization\"},\"image\":{\"@id\":\"https:\\\/\\\/jornalbeirario.com.br\\\/portal\\\/?p=78688#primaryimage\"},\"thumbnailUrl\":\"https:\\\/\\\/jornalbeirario.com.br\\\/portal\\\/wp-content\\\/uploads\\\/2021\\\/08\\\/antirrabica1.jpg\",\"articleSection\":[\"Cidade\",\"Mundo Pet\",\"Sa\u00fade\"],\"inLanguage\":\"pt-BR\",\"potentialAction\":[{\"@type\":\"CommentAction\",\"name\":\"Comment\",\"target\":[\"https:\\\/\\\/jornalbeirario.com.br\\\/portal\\\/?p=78688#respond\"]}]},{\"@type\":\"WebPage\",\"@id\":\"https:\\\/\\\/jornalbeirario.com.br\\\/portal\\\/?p=78688\",\"url\":\"https:\\\/\\\/jornalbeirario.com.br\\\/portal\\\/?p=78688\",\"name\":\"S\u00e1bado tem campanha de vacina\u00e7\u00e3o para c\u00e3es e gatos em Resende - JORNAL BEIRA RIO\",\"isPartOf\":{\"@id\":\"https:\\\/\\\/jornalbeirario.com.br\\\/portal\\\/#website\"},\"primaryImageOfPage\":{\"@id\":\"https:\\\/\\\/jornalbeirario.com.br\\\/portal\\\/?p=78688#primaryimage\"},\"image\":{\"@id\":\"https:\\\/\\\/jornalbeirario.com.br\\\/portal\\\/?p=78688#primaryimage\"},\"thumbnailUrl\":\"https:\\\/\\\/jornalbeirario.com.br\\\/portal\\\/wp-content\\\/uploads\\\/2021\\\/08\\\/antirrabica1.jpg\",\"datePublished\":\"2021-08-26T15:11:06+00:00\",\"breadcrumb\":{\"@id\":\"https:\\\/\\\/jornalbeirario.com.br\\\/portal\\\/?p=78688#breadcrumb\"},\"inLanguage\":\"pt-BR\",\"potentialAction\":[{\"@type\":\"ReadAction\",\"target\":[\"https:\\\/\\\/jornalbeirario.com.br\\\/portal\\\/?p=78688\"]}]},{\"@type\":\"ImageObject\",\"inLanguage\":\"pt-BR\",\"@id\":\"https:\\\/\\\/jornalbeirario.com.br\\\/portal\\\/?p=78688#primaryimage\",\"url\":\"https:\\\/\\\/jornalbeirario.com.br\\\/portal\\\/wp-content\\\/uploads\\\/2021\\\/08\\\/antirrabica1.jpg\",\"contentUrl\":\"https:\\\/\\\/jornalbeirario.com.br\\\/portal\\\/wp-content\\\/uploads\\\/2021\\\/08\\\/antirrabica1.jpg\",\"width\":640,\"height\":480},{\"@type\":\"BreadcrumbList\",\"@id\":\"https:\\\/\\\/jornalbeirario.com.br\\\/portal\\\/?p=78688#breadcrumb\",\"itemListElement\":[{\"@type\":\"ListItem\",\"position\":1,\"name\":\"Home\",\"item\":\"https:\\\/\\\/jornalbeirario.com.br\\\/portal\"},{\"@type\":\"ListItem\",\"position\":2,\"name\":\"S\u00e1bado tem campanha de vacina\u00e7\u00e3o para c\u00e3es e gatos em Resende\"}]},{\"@type\":\"WebSite\",\"@id\":\"https:\\\/\\\/jornalbeirario.com.br\\\/portal\\\/#website\",\"url\":\"https:\\\/\\\/jornalbeirario.com.br\\\/portal\\\/\",\"name\":\"JORNAL BEIRA RIO\",\"description\":\"\",\"publisher\":{\"@id\":\"https:\\\/\\\/jornalbeirario.com.br\\\/portal\\\/#organization\"},\"potentialAction\":[{\"@type\":\"SearchAction\",\"target\":{\"@type\":\"EntryPoint\",\"urlTemplate\":\"https:\\\/\\\/jornalbeirario.com.br\\\/portal\\\/?s={search_term_string}\"},\"query-input\":{\"@type\":\"PropertyValueSpecification\",\"valueRequired\":true,\"valueName\":\"search_term_string\"}}],\"inLanguage\":\"pt-BR\"},{\"@type\":\"Organization\",\"@id\":\"https:\\\/\\\/jornalbeirario.com.br\\\/portal\\\/#organization\",\"name\":\"JORNAL BEIRA RIO\",\"url\":\"https:\\\/\\\/jornalbeirario.com.br\\\/portal\\\/\",\"logo\":{\"@type\":\"ImageObject\",\"inLanguage\":\"pt-BR\",\"@id\":\"https:\\\/\\\/jornalbeirario.com.br\\\/portal\\\/#\\\/schema\\\/logo\\\/image\\\/\",\"url\":\"https:\\\/\\\/jornalbeirario.com.br\\\/portal\\\/wp-content\\\/uploads\\\/2017\\\/09\\\/BEIRA-RIO_logo600.png\",\"contentUrl\":\"https:\\\/\\\/jornalbeirario.com.br\\\/portal\\\/wp-content\\\/uploads\\\/2017\\\/09\\\/BEIRA-RIO_logo600.png\",\"width\":650,\"height\":108,\"caption\":\"JORNAL BEIRA RIO\"},\"image\":{\"@id\":\"https:\\\/\\\/jornalbeirario.com.br\\\/portal\\\/#\\\/schema\\\/logo\\\/image\\\/\"}},{\"@type\":\"Person\",\"@id\":\"https:\\\/\\\/jornalbeirario.com.br\\\/portal\\\/#\\\/schema\\\/person\\\/c6c423e4c2465d2a9233f6539173e7c1\",\"name\":\"Jornal BEIRA-RIO\",\"image\":{\"@type\":\"ImageObject\",\"inLanguage\":\"pt-BR\",\"@id\":\"https:\\\/\\\/jornalbeirario.com.br\\\/portal\\\/wp-content\\\/uploads\\\/2023\\\/10\\\/logojbr1.jpg\",\"url\":\"https:\\\/\\\/jornalbeirario.com.br\\\/portal\\\/wp-content\\\/uploads\\\/2023\\\/10\\\/logojbr1.jpg\",\"contentUrl\":\"https:\\\/\\\/jornalbeirario.com.br\\\/portal\\\/wp-content\\\/uploads\\\/2023\\\/10\\\/logojbr1.jpg\",\"caption\":\"Jornal BEIRA-RIO\"},\"url\":\"https:\\\/\\\/jornalbeirario.com.br\\\/portal\\\/?author=1\"}]}<\/script>\n<!-- \/ Yoast SEO plugin. -->","yoast_head_json":{"title":"S\u00e1bado tem campanha de vacina\u00e7\u00e3o para c\u00e3es e gatos em Resende - JORNAL BEIRA RIO","robots":{"index":"index","follow":"follow","max-snippet":"max-snippet:-1","max-image-preview":"max-image-preview:large","max-video-preview":"max-video-preview:-1"},"canonical":"https:\/\/jornalbeirario.com.br\/portal\/?p=78688","og_locale":"pt_BR","og_type":"article","og_title":"S\u00e1bado tem campanha de vacina\u00e7\u00e3o para c\u00e3es e gatos em Resende - JORNAL BEIRA RIO","og_description":"No pr\u00f3ximo s\u00e1bado, dia 28, vacinar\u00e1 contra a raiva c\u00e3es e gatos no distrito da Serrinha do Alambari e na Capelinha, em Resende. entre","og_url":"https:\/\/jornalbeirario.com.br\/portal\/?p=78688","og_site_name":"JORNAL BEIRA RIO","article_published_time":"2021-08-26T15:11:06+00:00","og_image":[{"width":640,"height":480,"url":"https:\/\/jornalbeirario.com.br\/portal\/wp-content\/uploads\/2021\/08\/antirrabica1.jpg","type":"image\/jpeg"}],"author":"Jornal BEIRA-RIO","twitter_card":"summary_large_image","twitter_misc":{"Escrito por":"Jornal BEIRA-RIO","Est. tempo de leitura":"3 minutos"},"schema":{"@context":"https:\/\/schema.org","@graph":[{"@type":"Article","@id":"https:\/\/jornalbeirario.com.br\/portal\/?p=78688#article","isPartOf":{"@id":"https:\/\/jornalbeirario.com.br\/portal\/?p=78688"},"author":{"name":"Jornal BEIRA-RIO","@id":"https:\/\/jornalbeirario.com.br\/portal\/#\/schema\/person\/c6c423e4c2465d2a9233f6539173e7c1"},"headline":"S\u00e1bado tem campanha de vacina\u00e7\u00e3o para c\u00e3es e gatos em Resende","datePublished":"2021-08-26T15:11:06+00:00","mainEntityOfPage":{"@id":"https:\/\/jornalbeirario.com.br\/portal\/?p=78688"},"wordCount":596,"commentCount":0,"publisher":{"@id":"https:\/\/jornalbeirario.com.br\/portal\/#organization"},"image":{"@id":"https:\/\/jornalbeirario.com.br\/portal\/?p=78688#primaryimage"},"thumbnailUrl":"https:\/\/jornalbeirario.com.br\/portal\/wp-content\/uploads\/2021\/08\/antirrabica1.jpg","articleSection":["Cidade","Mundo Pet","Sa\u00fade"],"inLanguage":"pt-BR","potentialAction":[{"@type":"CommentAction","name":"Comment","target":["https:\/\/jornalbeirario.com.br\/portal\/?p=78688#respond"]}]},{"@type":"WebPage","@id":"https:\/\/jornalbeirario.com.br\/portal\/?p=78688","url":"https:\/\/jornalbeirario.com.br\/portal\/?p=78688","name":"S\u00e1bado tem campanha de vacina\u00e7\u00e3o para c\u00e3es e gatos em Resende - JORNAL BEIRA RIO","isPartOf":{"@id":"https:\/\/jornalbeirario.com.br\/portal\/#website"},"primaryImageOfPage":{"@id":"https:\/\/jornalbeirario.com.br\/portal\/?p=78688#primaryimage"},"image":{"@id":"https:\/\/jornalbeirario.com.br\/portal\/?p=78688#primaryimage"},"thumbnailUrl":"https:\/\/jornalbeirario.com.br\/portal\/wp-content\/uploads\/2021\/08\/antirrabica1.jpg","datePublished":"2021-08-26T15:11:06+00:00","breadcrumb":{"@id":"https:\/\/jornalbeirario.com.br\/portal\/?p=78688#breadcrumb"},"inLanguage":"pt-BR","potentialAction":[{"@type":"ReadAction","target":["https:\/\/jornalbeirario.com.br\/portal\/?p=78688"]}]},{"@type":"ImageObject","inLanguage":"pt-BR","@id":"https:\/\/jornalbeirario.com.br\/portal\/?p=78688#primaryimage","url":"https:\/\/jornalbeirario.com.br\/portal\/wp-content\/uploads\/2021\/08\/antirrabica1.jpg","contentUrl":"https:\/\/jornalbeirario.com.br\/portal\/wp-content\/uploads\/2021\/08\/antirrabica1.jpg","width":640,"height":480},{"@type":"BreadcrumbList","@id":"https:\/\/jornalbeirario.com.br\/portal\/?p=78688#breadcrumb","itemListElement":[{"@type":"ListItem","position":1,"name":"Home","item":"https:\/\/jornalbeirario.com.br\/portal"},{"@type":"ListItem","position":2,"name":"S\u00e1bado tem campanha de vacina\u00e7\u00e3o para c\u00e3es e gatos em Resende"}]},{"@type":"WebSite","@id":"https:\/\/jornalbeirario.com.br\/portal\/#website","url":"https:\/\/jornalbeirario.com.br\/portal\/","name":"JORNAL BEIRA RIO","description":"","publisher":{"@id":"https:\/\/jornalbeirario.com.br\/portal\/#organization"},"potentialAction":[{"@type":"SearchAction","target":{"@type":"EntryPoint","urlTemplate":"https:\/\/jornalbeirario.com.br\/portal\/?s={search_term_string}"},"query-input":{"@type":"PropertyValueSpecification","valueRequired":true,"valueName":"search_term_string"}}],"inLanguage":"pt-BR"},{"@type":"Organization","@id":"https:\/\/jornalbeirario.com.br\/portal\/#organization","name":"JORNAL BEIRA RIO","url":"https:\/\/jornalbeirario.com.br\/portal\/","logo":{"@type":"ImageObject","inLanguage":"pt-BR","@id":"https:\/\/jornalbeirario.com.br\/portal\/#\/schema\/logo\/image\/","url":"https:\/\/jornalbeirario.com.br\/portal\/wp-content\/uploads\/2017\/09\/BEIRA-RIO_logo600.png","contentUrl":"https:\/\/jornalbeirario.com.br\/portal\/wp-content\/uploads\/2017\/09\/BEIRA-RIO_logo600.png","width":650,"height":108,"caption":"JORNAL BEIRA RIO"},"image":{"@id":"https:\/\/jornalbeirario.com.br\/portal\/#\/schema\/logo\/image\/"}},{"@type":"Person","@id":"https:\/\/jornalbeirario.com.br\/portal\/#\/schema\/person\/c6c423e4c2465d2a9233f6539173e7c1","name":"Jornal BEIRA-RIO","image":{"@type":"ImageObject","inLanguage":"pt-BR","@id":"https:\/\/jornalbeirario.com.br\/portal\/wp-content\/uploads\/2023\/10\/logojbr1.jpg","url":"https:\/\/jornalbeirario.com.br\/portal\/wp-content\/uploads\/2023\/10\/logojbr1.jpg","contentUrl":"https:\/\/jornalbeirario.com.br\/portal\/wp-content\/uploads\/2023\/10\/logojbr1.jpg","caption":"Jornal BEIRA-RIO"},"url":"https:\/\/jornalbeirario.com.br\/portal\/?author=1"}]}},"_links":{"self":[{"href":"https:\/\/jornalbeirario.com.br\/portal\/index.php?rest_route=\/wp\/v2\/posts\/78688","targetHints":{"allow":["GET"]}}],"collection":[{"href":"https:\/\/jornalbeirario.com.br\/portal\/index.php?rest_route=\/wp\/v2\/posts"}],"about":[{"href":"https:\/\/jornalbeirario.com.br\/portal\/index.php?rest_route=\/wp\/v2\/types\/post"}],"author":[{"embeddable":true,"href":"https:\/\/jornalbeirario.com.br\/portal\/index.php?rest_route=\/wp\/v2\/users\/1"}],"replies":[{"embeddable":true,"href":"https:\/\/jornalbeirario.com.br\/portal\/index.php?rest_route=%2Fwp%2Fv2%2Fcomments&post=78688"}],"version-history":[{"count":4,"href":"https:\/\/jornalbeirario.com.br\/portal\/index.php?rest_route=\/wp\/v2\/posts\/78688\/revisions"}],"predecessor-version":[{"id":78694,"href":"https:\/\/jornalbeirario.com.br\/portal\/index.php?rest_route=\/wp\/v2\/posts\/78688\/revisions\/78694"}],"wp:featuredmedia":[{"embeddable":true,"href":"https:\/\/jornalbeirario.com.br\/portal\/index.php?rest_route=\/wp\/v2\/media\/78692"}],"wp:attachment":[{"href":"https:\/\/jornalbeirario.com.br\/portal\/index.php?rest_route=%2Fwp%2Fv2%2Fmedia&parent=78688"}],"wp:term":[{"taxonomy":"category","embeddable":true,"href":"https:\/\/jornalbeirario.com.br\/portal\/index.php?rest_route=%2Fwp%2Fv2%2Fcategories&post=78688"},{"taxonomy":"post_tag","embeddable":true,"href":"https:\/\/jornalbeirario.com.br\/portal\/index.php?rest_route=%2Fwp%2Fv2%2Ftags&post=78688"}],"curies":[{"name":"wp","href":"https:\/\/api.w.org\/{rel}","templated":true}]}}