
{"id":78193,"date":"2021-08-16T12:14:55","date_gmt":"2021-08-16T15:14:55","guid":{"rendered":"http:\/\/jornalbeirario.com.br\/portal\/?p=78193"},"modified":"2021-08-17T11:18:07","modified_gmt":"2021-08-17T14:18:07","slug":"seeduc-autoriza-aulas-presenciais-em-toda-a-rede-estadual-de-ensino","status":"publish","type":"post","link":"https:\/\/jornalbeirario.com.br\/portal\/?p=78193","title":{"rendered":"Seeduc autoriza aulas presenciais em toda a rede estadual de ensino"},"content":{"rendered":"<p style=\"text-align: justify;\"><img loading=\"lazy\" decoding=\"async\" class=\"alignright size-medium wp-image-78198\" src=\"https:\/\/jornalbeirario.com.br\/portal\/wp-content\/uploads\/2021\/08\/seeduc1-1-300x225.jpg\" alt=\"\" width=\"300\" height=\"225\" srcset=\"https:\/\/jornalbeirario.com.br\/portal\/wp-content\/uploads\/2021\/08\/seeduc1-1-300x225.jpg 300w, https:\/\/jornalbeirario.com.br\/portal\/wp-content\/uploads\/2021\/08\/seeduc1-1.jpg 640w\" sizes=\"auto, (max-width: 300px) 100vw, 300px\" \/>A Secretaria de Estado de Educa\u00e7\u00e3o e a Secretaria de Estado de Sa\u00fade (Seeduc) informou que a partir desta\u00a0segunda-feira, dia 16, as aulas presenciais est\u00e3o autorizadas a retornar em todo o territ\u00f3rio fluminense.<\/p>\n<p style=\"text-align: justify;\">Dessa forma, todos os protocolos sanit\u00e1rios necess\u00e1rios ser\u00e3o devidamente cumpridos e as orienta\u00e7\u00f5es de higiene e o bandeiramento de risco estadual de Covid-19 ser\u00e3o observados, a fim de que as atividades escolares presenciais ocorram de forma segura para estudantes e servidores.<\/p>\n<p style=\"text-align: justify;\">Com base na <a href=\"http:\/\/www.mprj.mp.br\/documents\/20184\/540394\/resolucao_conjunta_seeduc_e_ses.pdf\">resolu\u00e7\u00e3o conjunta n\u00famero 1569<\/a>, que tamb\u00e9m contou com a participa\u00e7\u00e3o do Minist\u00e9rio P\u00fablico do Estado do Rio de Janeiro (MPRJ), a Seeduc e a Secretaria de Estado de Sa\u00fade (SES) institu\u00edram protocolos e orienta\u00e7\u00f5es complementares para a garantia do atendimento escolar nas unidades de ensino da rede estadual e nas escolas da rede privada vinculadas ao Sistema Estadual de Ensino do Rio de Janeiro. O prop\u00f3sito do documento \u00e9 autorizar o funcionamento, acompanhamento e avalia\u00e7\u00e3o das unidades.<\/p>\n<p style=\"text-align: justify;\">A nova legisla\u00e7\u00e3o ainda leva em considera\u00e7\u00e3o o regramento municipal, ou seja, caso determinado munic\u00edpio se manifeste contra a flexibiliza\u00e7\u00e3o do isolamento social de forma oficial, o ensino ficar\u00e1 exclusivamente remoto nessa regi\u00e3o. No entanto, h\u00e1 mudan\u00e7as no bandeiramento, sendo que agora as escolas poder\u00e3o oferecer aulas presenciais na bandeira vermelha.<\/p>\n<p style=\"text-align: justify;\">Deve ser observado o seguinte percentual m\u00e1ximo di\u00e1rio de funcionamento, de acordo com a capacidade f\u00edsica de atendimento da unidade:<\/p>\n<p style=\"text-align: justify;\">1. De at\u00e9 40% (quarenta por cento) da capacidade de atendimento da unidade escolar, no caso de bandeira vermelha;<br \/>\n2. De at\u00e9 70% (setenta por cento) da capacidade de atendimento da unidade escolar, no caso de bandeira laranja;<br \/>\n3. De at\u00e9 100 % (cem por cento) da capacidade de atendimento da unidade escolar, no caso de bandeira amarela e verde;<\/p>\n<p style=\"text-align: justify;\">\u00c9 importante frisar que todas as unidades escolares da rede estadual de ensino, independente da normativa em vigor, estar\u00e3o abertas para atender \u00e0 comunidade para retirada de material pedag\u00f3gico, entrega de documentos, matr\u00edcula de alunos, retirada de kit alimenta\u00e7\u00e3o, entre outras quest\u00f5es relativas \u00e0 rotina administrativa.<\/p>\n<p style=\"text-align: justify;\">QUASE METADE TOMOU AS DUAS VACINAS<br \/>\nAinda segundo a Seeduc, 95% dos profissionais da Educa\u00e7\u00e3o tomaram a primeira dose da vacina contra a Covid-19 e 45% est\u00e3o com o ciclo vacinal completo. Por\u00e9m, os\u00a0servidores ficar\u00e3o temporariamente afastados das atividades presenciais caso testem positivo ou tenham sintomas de Covid-19, como febre, calafrios, dor de garganta, dor de cabe\u00e7a, tosse, coriza, dist\u00farbios olfativos ou dist\u00farbios gustativos.<\/p>\n<p><em>Foto: Divulga\u00e7\u00e3o\/Seeduc<\/em><\/p>\n","protected":false},"excerpt":{"rendered":"<p>A Secretaria de Estado de Educa\u00e7\u00e3o e a Secretaria de Estado de Sa\u00fade (Seeduc) informou que a partir desta\u00a0segunda-feira, dia 16, as aulas presenciais<\/p>\n","protected":false},"author":1,"featured_media":78198,"comment_status":"open","ping_status":"open","sticky":false,"template":"","format":"standard","meta":{"pmpro_default_level":"","footnotes":""},"categories":[28,158,18],"tags":[],"class_list":["post-78193","post","type-post","status-publish","format-standard","has-post-thumbnail","hentry","category-educacao","category-rio-de-janeiro","category-saude","pmpro-has-access"],"yoast_head":"<!-- This site is optimized with the Yoast SEO plugin v27.4 - https:\/\/yoast.com\/product\/yoast-seo-wordpress\/ -->\n<title>Seeduc autoriza aulas presenciais em toda a rede estadual de ensino - JORNAL BEIRA RIO<\/title>\n<meta name=\"robots\" content=\"index, follow, max-snippet:-1, max-image-preview:large, max-video-preview:-1\" \/>\n<link rel=\"canonical\" href=\"https:\/\/jornalbeirario.com.br\/portal\/?p=78193\" \/>\n<meta property=\"og:locale\" content=\"pt_BR\" \/>\n<meta property=\"og:type\" content=\"article\" \/>\n<meta property=\"og:title\" content=\"Seeduc autoriza aulas presenciais em toda a rede estadual de ensino - JORNAL BEIRA RIO\" \/>\n<meta property=\"og:description\" content=\"A Secretaria de Estado de Educa\u00e7\u00e3o e a Secretaria de Estado de Sa\u00fade (Seeduc) informou que a partir desta\u00a0segunda-feira, dia 16, as aulas presenciais\" \/>\n<meta property=\"og:url\" content=\"https:\/\/jornalbeirario.com.br\/portal\/?p=78193\" \/>\n<meta property=\"og:site_name\" content=\"JORNAL BEIRA RIO\" \/>\n<meta property=\"article:published_time\" content=\"2021-08-16T15:14:55+00:00\" \/>\n<meta property=\"article:modified_time\" content=\"2021-08-17T14:18:07+00:00\" \/>\n<meta property=\"og:image\" content=\"https:\/\/jornalbeirario.com.br\/portal\/wp-content\/uploads\/2021\/08\/seeduc1-1.jpg\" \/>\n\t<meta property=\"og:image:width\" content=\"640\" \/>\n\t<meta property=\"og:image:height\" content=\"480\" \/>\n\t<meta property=\"og:image:type\" content=\"image\/jpeg\" \/>\n<meta name=\"author\" content=\"Jornal BEIRA-RIO\" \/>\n<meta name=\"twitter:card\" content=\"summary_large_image\" \/>\n<meta name=\"twitter:label1\" content=\"Escrito por\" \/>\n\t<meta name=\"twitter:data1\" content=\"Jornal BEIRA-RIO\" \/>\n\t<meta name=\"twitter:label2\" content=\"Est. tempo de leitura\" \/>\n\t<meta name=\"twitter:data2\" content=\"2 minutos\" \/>\n<script type=\"application\/ld+json\" class=\"yoast-schema-graph\">{\"@context\":\"https:\\\/\\\/schema.org\",\"@graph\":[{\"@type\":\"Article\",\"@id\":\"https:\\\/\\\/jornalbeirario.com.br\\\/portal\\\/?p=78193#article\",\"isPartOf\":{\"@id\":\"https:\\\/\\\/jornalbeirario.com.br\\\/portal\\\/?p=78193\"},\"author\":{\"name\":\"Jornal BEIRA-RIO\",\"@id\":\"https:\\\/\\\/jornalbeirario.com.br\\\/portal\\\/#\\\/schema\\\/person\\\/c6c423e4c2465d2a9233f6539173e7c1\"},\"headline\":\"Seeduc autoriza aulas presenciais em toda a rede estadual de ensino\",\"datePublished\":\"2021-08-16T15:14:55+00:00\",\"dateModified\":\"2021-08-17T14:18:07+00:00\",\"mainEntityOfPage\":{\"@id\":\"https:\\\/\\\/jornalbeirario.com.br\\\/portal\\\/?p=78193\"},\"wordCount\":439,\"commentCount\":0,\"publisher\":{\"@id\":\"https:\\\/\\\/jornalbeirario.com.br\\\/portal\\\/#organization\"},\"image\":{\"@id\":\"https:\\\/\\\/jornalbeirario.com.br\\\/portal\\\/?p=78193#primaryimage\"},\"thumbnailUrl\":\"https:\\\/\\\/jornalbeirario.com.br\\\/portal\\\/wp-content\\\/uploads\\\/2021\\\/08\\\/seeduc1-1.jpg\",\"articleSection\":[\"Educa\u00e7\u00e3o\",\"Rio de Janeiro\",\"Sa\u00fade\"],\"inLanguage\":\"pt-BR\",\"potentialAction\":[{\"@type\":\"CommentAction\",\"name\":\"Comment\",\"target\":[\"https:\\\/\\\/jornalbeirario.com.br\\\/portal\\\/?p=78193#respond\"]}]},{\"@type\":\"WebPage\",\"@id\":\"https:\\\/\\\/jornalbeirario.com.br\\\/portal\\\/?p=78193\",\"url\":\"https:\\\/\\\/jornalbeirario.com.br\\\/portal\\\/?p=78193\",\"name\":\"Seeduc autoriza aulas presenciais em toda a rede estadual de ensino - JORNAL BEIRA RIO\",\"isPartOf\":{\"@id\":\"https:\\\/\\\/jornalbeirario.com.br\\\/portal\\\/#website\"},\"primaryImageOfPage\":{\"@id\":\"https:\\\/\\\/jornalbeirario.com.br\\\/portal\\\/?p=78193#primaryimage\"},\"image\":{\"@id\":\"https:\\\/\\\/jornalbeirario.com.br\\\/portal\\\/?p=78193#primaryimage\"},\"thumbnailUrl\":\"https:\\\/\\\/jornalbeirario.com.br\\\/portal\\\/wp-content\\\/uploads\\\/2021\\\/08\\\/seeduc1-1.jpg\",\"datePublished\":\"2021-08-16T15:14:55+00:00\",\"dateModified\":\"2021-08-17T14:18:07+00:00\",\"breadcrumb\":{\"@id\":\"https:\\\/\\\/jornalbeirario.com.br\\\/portal\\\/?p=78193#breadcrumb\"},\"inLanguage\":\"pt-BR\",\"potentialAction\":[{\"@type\":\"ReadAction\",\"target\":[\"https:\\\/\\\/jornalbeirario.com.br\\\/portal\\\/?p=78193\"]}]},{\"@type\":\"ImageObject\",\"inLanguage\":\"pt-BR\",\"@id\":\"https:\\\/\\\/jornalbeirario.com.br\\\/portal\\\/?p=78193#primaryimage\",\"url\":\"https:\\\/\\\/jornalbeirario.com.br\\\/portal\\\/wp-content\\\/uploads\\\/2021\\\/08\\\/seeduc1-1.jpg\",\"contentUrl\":\"https:\\\/\\\/jornalbeirario.com.br\\\/portal\\\/wp-content\\\/uploads\\\/2021\\\/08\\\/seeduc1-1.jpg\",\"width\":640,\"height\":480},{\"@type\":\"BreadcrumbList\",\"@id\":\"https:\\\/\\\/jornalbeirario.com.br\\\/portal\\\/?p=78193#breadcrumb\",\"itemListElement\":[{\"@type\":\"ListItem\",\"position\":1,\"name\":\"Home\",\"item\":\"https:\\\/\\\/jornalbeirario.com.br\\\/portal\"},{\"@type\":\"ListItem\",\"position\":2,\"name\":\"Seeduc autoriza aulas presenciais em toda a rede estadual de ensino\"}]},{\"@type\":\"WebSite\",\"@id\":\"https:\\\/\\\/jornalbeirario.com.br\\\/portal\\\/#website\",\"url\":\"https:\\\/\\\/jornalbeirario.com.br\\\/portal\\\/\",\"name\":\"JORNAL BEIRA RIO\",\"description\":\"\",\"publisher\":{\"@id\":\"https:\\\/\\\/jornalbeirario.com.br\\\/portal\\\/#organization\"},\"potentialAction\":[{\"@type\":\"SearchAction\",\"target\":{\"@type\":\"EntryPoint\",\"urlTemplate\":\"https:\\\/\\\/jornalbeirario.com.br\\\/portal\\\/?s={search_term_string}\"},\"query-input\":{\"@type\":\"PropertyValueSpecification\",\"valueRequired\":true,\"valueName\":\"search_term_string\"}}],\"inLanguage\":\"pt-BR\"},{\"@type\":\"Organization\",\"@id\":\"https:\\\/\\\/jornalbeirario.com.br\\\/portal\\\/#organization\",\"name\":\"JORNAL BEIRA RIO\",\"url\":\"https:\\\/\\\/jornalbeirario.com.br\\\/portal\\\/\",\"logo\":{\"@type\":\"ImageObject\",\"inLanguage\":\"pt-BR\",\"@id\":\"https:\\\/\\\/jornalbeirario.com.br\\\/portal\\\/#\\\/schema\\\/logo\\\/image\\\/\",\"url\":\"https:\\\/\\\/jornalbeirario.com.br\\\/portal\\\/wp-content\\\/uploads\\\/2017\\\/09\\\/BEIRA-RIO_logo600.png\",\"contentUrl\":\"https:\\\/\\\/jornalbeirario.com.br\\\/portal\\\/wp-content\\\/uploads\\\/2017\\\/09\\\/BEIRA-RIO_logo600.png\",\"width\":650,\"height\":108,\"caption\":\"JORNAL BEIRA RIO\"},\"image\":{\"@id\":\"https:\\\/\\\/jornalbeirario.com.br\\\/portal\\\/#\\\/schema\\\/logo\\\/image\\\/\"}},{\"@type\":\"Person\",\"@id\":\"https:\\\/\\\/jornalbeirario.com.br\\\/portal\\\/#\\\/schema\\\/person\\\/c6c423e4c2465d2a9233f6539173e7c1\",\"name\":\"Jornal BEIRA-RIO\",\"image\":{\"@type\":\"ImageObject\",\"inLanguage\":\"pt-BR\",\"@id\":\"https:\\\/\\\/jornalbeirario.com.br\\\/portal\\\/wp-content\\\/uploads\\\/2023\\\/10\\\/logojbr1.jpg\",\"url\":\"https:\\\/\\\/jornalbeirario.com.br\\\/portal\\\/wp-content\\\/uploads\\\/2023\\\/10\\\/logojbr1.jpg\",\"contentUrl\":\"https:\\\/\\\/jornalbeirario.com.br\\\/portal\\\/wp-content\\\/uploads\\\/2023\\\/10\\\/logojbr1.jpg\",\"caption\":\"Jornal BEIRA-RIO\"},\"url\":\"https:\\\/\\\/jornalbeirario.com.br\\\/portal\\\/?author=1\"}]}<\/script>\n<!-- \/ Yoast SEO plugin. -->","yoast_head_json":{"title":"Seeduc autoriza aulas presenciais em toda a rede estadual de ensino - JORNAL BEIRA RIO","robots":{"index":"index","follow":"follow","max-snippet":"max-snippet:-1","max-image-preview":"max-image-preview:large","max-video-preview":"max-video-preview:-1"},"canonical":"https:\/\/jornalbeirario.com.br\/portal\/?p=78193","og_locale":"pt_BR","og_type":"article","og_title":"Seeduc autoriza aulas presenciais em toda a rede estadual de ensino - JORNAL BEIRA RIO","og_description":"A Secretaria de Estado de Educa\u00e7\u00e3o e a Secretaria de Estado de Sa\u00fade (Seeduc) informou que a partir desta\u00a0segunda-feira, dia 16, as aulas presenciais","og_url":"https:\/\/jornalbeirario.com.br\/portal\/?p=78193","og_site_name":"JORNAL BEIRA RIO","article_published_time":"2021-08-16T15:14:55+00:00","article_modified_time":"2021-08-17T14:18:07+00:00","og_image":[{"width":640,"height":480,"url":"https:\/\/jornalbeirario.com.br\/portal\/wp-content\/uploads\/2021\/08\/seeduc1-1.jpg","type":"image\/jpeg"}],"author":"Jornal BEIRA-RIO","twitter_card":"summary_large_image","twitter_misc":{"Escrito por":"Jornal BEIRA-RIO","Est. tempo de leitura":"2 minutos"},"schema":{"@context":"https:\/\/schema.org","@graph":[{"@type":"Article","@id":"https:\/\/jornalbeirario.com.br\/portal\/?p=78193#article","isPartOf":{"@id":"https:\/\/jornalbeirario.com.br\/portal\/?p=78193"},"author":{"name":"Jornal BEIRA-RIO","@id":"https:\/\/jornalbeirario.com.br\/portal\/#\/schema\/person\/c6c423e4c2465d2a9233f6539173e7c1"},"headline":"Seeduc autoriza aulas presenciais em toda a rede estadual de ensino","datePublished":"2021-08-16T15:14:55+00:00","dateModified":"2021-08-17T14:18:07+00:00","mainEntityOfPage":{"@id":"https:\/\/jornalbeirario.com.br\/portal\/?p=78193"},"wordCount":439,"commentCount":0,"publisher":{"@id":"https:\/\/jornalbeirario.com.br\/portal\/#organization"},"image":{"@id":"https:\/\/jornalbeirario.com.br\/portal\/?p=78193#primaryimage"},"thumbnailUrl":"https:\/\/jornalbeirario.com.br\/portal\/wp-content\/uploads\/2021\/08\/seeduc1-1.jpg","articleSection":["Educa\u00e7\u00e3o","Rio de Janeiro","Sa\u00fade"],"inLanguage":"pt-BR","potentialAction":[{"@type":"CommentAction","name":"Comment","target":["https:\/\/jornalbeirario.com.br\/portal\/?p=78193#respond"]}]},{"@type":"WebPage","@id":"https:\/\/jornalbeirario.com.br\/portal\/?p=78193","url":"https:\/\/jornalbeirario.com.br\/portal\/?p=78193","name":"Seeduc autoriza aulas presenciais em toda a rede estadual de ensino - JORNAL BEIRA RIO","isPartOf":{"@id":"https:\/\/jornalbeirario.com.br\/portal\/#website"},"primaryImageOfPage":{"@id":"https:\/\/jornalbeirario.com.br\/portal\/?p=78193#primaryimage"},"image":{"@id":"https:\/\/jornalbeirario.com.br\/portal\/?p=78193#primaryimage"},"thumbnailUrl":"https:\/\/jornalbeirario.com.br\/portal\/wp-content\/uploads\/2021\/08\/seeduc1-1.jpg","datePublished":"2021-08-16T15:14:55+00:00","dateModified":"2021-08-17T14:18:07+00:00","breadcrumb":{"@id":"https:\/\/jornalbeirario.com.br\/portal\/?p=78193#breadcrumb"},"inLanguage":"pt-BR","potentialAction":[{"@type":"ReadAction","target":["https:\/\/jornalbeirario.com.br\/portal\/?p=78193"]}]},{"@type":"ImageObject","inLanguage":"pt-BR","@id":"https:\/\/jornalbeirario.com.br\/portal\/?p=78193#primaryimage","url":"https:\/\/jornalbeirario.com.br\/portal\/wp-content\/uploads\/2021\/08\/seeduc1-1.jpg","contentUrl":"https:\/\/jornalbeirario.com.br\/portal\/wp-content\/uploads\/2021\/08\/seeduc1-1.jpg","width":640,"height":480},{"@type":"BreadcrumbList","@id":"https:\/\/jornalbeirario.com.br\/portal\/?p=78193#breadcrumb","itemListElement":[{"@type":"ListItem","position":1,"name":"Home","item":"https:\/\/jornalbeirario.com.br\/portal"},{"@type":"ListItem","position":2,"name":"Seeduc autoriza aulas presenciais em toda a rede estadual de ensino"}]},{"@type":"WebSite","@id":"https:\/\/jornalbeirario.com.br\/portal\/#website","url":"https:\/\/jornalbeirario.com.br\/portal\/","name":"JORNAL BEIRA RIO","description":"","publisher":{"@id":"https:\/\/jornalbeirario.com.br\/portal\/#organization"},"potentialAction":[{"@type":"SearchAction","target":{"@type":"EntryPoint","urlTemplate":"https:\/\/jornalbeirario.com.br\/portal\/?s={search_term_string}"},"query-input":{"@type":"PropertyValueSpecification","valueRequired":true,"valueName":"search_term_string"}}],"inLanguage":"pt-BR"},{"@type":"Organization","@id":"https:\/\/jornalbeirario.com.br\/portal\/#organization","name":"JORNAL BEIRA RIO","url":"https:\/\/jornalbeirario.com.br\/portal\/","logo":{"@type":"ImageObject","inLanguage":"pt-BR","@id":"https:\/\/jornalbeirario.com.br\/portal\/#\/schema\/logo\/image\/","url":"https:\/\/jornalbeirario.com.br\/portal\/wp-content\/uploads\/2017\/09\/BEIRA-RIO_logo600.png","contentUrl":"https:\/\/jornalbeirario.com.br\/portal\/wp-content\/uploads\/2017\/09\/BEIRA-RIO_logo600.png","width":650,"height":108,"caption":"JORNAL BEIRA RIO"},"image":{"@id":"https:\/\/jornalbeirario.com.br\/portal\/#\/schema\/logo\/image\/"}},{"@type":"Person","@id":"https:\/\/jornalbeirario.com.br\/portal\/#\/schema\/person\/c6c423e4c2465d2a9233f6539173e7c1","name":"Jornal BEIRA-RIO","image":{"@type":"ImageObject","inLanguage":"pt-BR","@id":"https:\/\/jornalbeirario.com.br\/portal\/wp-content\/uploads\/2023\/10\/logojbr1.jpg","url":"https:\/\/jornalbeirario.com.br\/portal\/wp-content\/uploads\/2023\/10\/logojbr1.jpg","contentUrl":"https:\/\/jornalbeirario.com.br\/portal\/wp-content\/uploads\/2023\/10\/logojbr1.jpg","caption":"Jornal BEIRA-RIO"},"url":"https:\/\/jornalbeirario.com.br\/portal\/?author=1"}]}},"_links":{"self":[{"href":"https:\/\/jornalbeirario.com.br\/portal\/index.php?rest_route=\/wp\/v2\/posts\/78193","targetHints":{"allow":["GET"]}}],"collection":[{"href":"https:\/\/jornalbeirario.com.br\/portal\/index.php?rest_route=\/wp\/v2\/posts"}],"about":[{"href":"https:\/\/jornalbeirario.com.br\/portal\/index.php?rest_route=\/wp\/v2\/types\/post"}],"author":[{"embeddable":true,"href":"https:\/\/jornalbeirario.com.br\/portal\/index.php?rest_route=\/wp\/v2\/users\/1"}],"replies":[{"embeddable":true,"href":"https:\/\/jornalbeirario.com.br\/portal\/index.php?rest_route=%2Fwp%2Fv2%2Fcomments&post=78193"}],"version-history":[{"count":7,"href":"https:\/\/jornalbeirario.com.br\/portal\/index.php?rest_route=\/wp\/v2\/posts\/78193\/revisions"}],"predecessor-version":[{"id":78255,"href":"https:\/\/jornalbeirario.com.br\/portal\/index.php?rest_route=\/wp\/v2\/posts\/78193\/revisions\/78255"}],"wp:featuredmedia":[{"embeddable":true,"href":"https:\/\/jornalbeirario.com.br\/portal\/index.php?rest_route=\/wp\/v2\/media\/78198"}],"wp:attachment":[{"href":"https:\/\/jornalbeirario.com.br\/portal\/index.php?rest_route=%2Fwp%2Fv2%2Fmedia&parent=78193"}],"wp:term":[{"taxonomy":"category","embeddable":true,"href":"https:\/\/jornalbeirario.com.br\/portal\/index.php?rest_route=%2Fwp%2Fv2%2Fcategories&post=78193"},{"taxonomy":"post_tag","embeddable":true,"href":"https:\/\/jornalbeirario.com.br\/portal\/index.php?rest_route=%2Fwp%2Fv2%2Ftags&post=78193"}],"curies":[{"name":"wp","href":"https:\/\/api.w.org\/{rel}","templated":true}]}}