
{"id":7816,"date":"2013-04-12T11:56:10","date_gmt":"2013-04-12T11:56:10","guid":{"rendered":"http:\/\/jornalbeirario.com.br\/portal\/portal\/?p=7816"},"modified":"2013-04-12T11:56:10","modified_gmt":"2013-04-12T11:56:10","slug":"social-lais-amaral-7","status":"publish","type":"post","link":"https:\/\/jornalbeirario.com.br\/portal\/?p=7816","title":{"rendered":"SOCIAL LA\u00cdS AMARAL"},"content":{"rendered":"<p style=\"text-align: justify;\">Itatiaia tem condi\u00e7\u00f5es de ser muito melhor<br \/>\nAgulhas Negras, Parque Nacional, Mantiqueira, Maring\u00e1, Penedo. S\u00e3o marcas que fazem (ou faziam) o imagin\u00e1rio viajar e supor a exist\u00eancia de um ref\u00fagio de Natureza, meio m\u00e1gico, localizado no sul do estado. Uma rom\u00e2ntica defini\u00e7\u00e3o do munic\u00edpio de Itatiaia, principalmente para quem mora distante da regi\u00e3o. Amigos meus, do Rio, j\u00e1 conviveram com essa impress\u00e3o. Alguns deles perderam o encanto depois de passar um feriado prolongado por aqui. Acesso prec\u00e1rio ao Parque e ocupa\u00e7\u00f5es de terra no entorno de Penedo, foram fatores da decep\u00e7\u00e3o. Tirando o romantismo rastaq\u00fcera do in\u00edcio do coment\u00e1rio, pois afinal Itatiaia tem tamb\u00e9m seu vi\u00e9s industrial, \u00e9 fato que o munic\u00edpio vizinho precisa de uma repensada. Eu moro em Resende h\u00e1 21 anos e a impress\u00e3o que tenho \u00e9 que Itatiaia ainda n\u00e3o tem sua \u2018cara pr\u00f3pria\u2019. E aqui n\u00e3o vai nenhuma cr\u00edtica em especial ao Poder P\u00fablico, pois o atual prefeito, Luiz Carlos Ip\u00ea me parece uma pessoa de bem e conta com alguns bons assessores. A indefini\u00e7\u00e3o n\u00e3o vem de agora. Penso que a sociedade itatiaiense deveria se movimentar no sentido de definir o que quer como munic\u00edpio. Resende ainda d\u00e1 suas escorregadelas nessa de identidade, mas vai se firmando e a atual administra\u00e7\u00e3o, se n\u00e3o tivesse acertado nada (como acertou muito e a reelei\u00e7\u00e3o folgada foi prova disso), teria acertado na cria\u00e7\u00e3o do Instituto Marechal Jos\u00e9 Pessoa. Um conselho de cidad\u00e3os, formado por representantes de diversificados segmentos da sociedade, e que, tem a tarefa de pensar o futuro da cidade. Um tipo de iniciativa que vai respaldar a\u00e7\u00f5es do prefeito atual e de administra\u00e7\u00f5es futuras. Se algo parecido est\u00e1 a caminho por a\u00ed, pe\u00e7o desculpas pelo pitaco inoportuno. Caso contr\u00e1rio, seria saud\u00e1vel pensar nessa uni\u00e3o em torno do munic\u00edpio.<\/p>\n<p>Resende tem o melhor sorriso do Brasil<br \/>\nNo pr\u00f3ximo dia 24 Resende ser\u00e1 homenageado em Bras\u00edlia por ter sido considerado o melhor do pa\u00eds no \u2018Pr\u00eamio Brasil Sorridente\u2019, promovido pelo Conselho Federal de Odontologia, para munic\u00edpios de 50 a 300 mil habitantes. O Programa de Sa\u00fade Bucal da Prefeitura de Resende foi considerado o melhor do pa\u00eds este ano, mas vinha batendo na trave nos tr\u00eas \u00faltimos anos ficando em terceiro e segundo lugares. No Estado do Rio de Janeiro, Resende \u00e9 considerada a melhor sa\u00fade bucal nos \u00faltimos quatro anos. O an\u00fancio foi feito nessa segunda-feira e a Presidente Dilma Roussef dever\u00e1 participar da solenidade. Entre os quesitos avaliados estava o n\u00famero de profissionais concursados na equipe t\u00e9cnica e Resende passou de 78% em 2011 para 85% no ano passado. O projeto que garante implantes, tamb\u00e9m pesou na premia\u00e7\u00e3o, acredita a Paola Galito, supervisora do servi\u00e7o. Al\u00e9m do destaque da premia\u00e7\u00e3o, o munic\u00edpio dever\u00e1 ganhar este ano um consult\u00f3rio odontol\u00f3gico. Quem j\u00e1 \u00e9 sempre sorriso e est\u00e1 rindo \u00e0 toa desde segunda-feira, \u00e9 o Jo\u00e3o Borges Mattos, pai da crian\u00e7a. Parab\u00e9ns ao graaaande Jo\u00e3o, por mais essa.<\/p>\n<p>TRIPA<br \/>\n* Acontece hoje (12) e amanh\u00e3 em Teres\u00f3polis, o Primeiro Simp\u00f3sio Estadual de Hotelaria e Controle de Infec\u00e7\u00e3o Hospitalar do Rio de Janeiro.\u00a0 * Ser\u00e1 neste s\u00e1bado e domingo, 13 e 14, a encena\u00e7\u00e3o da nova pe\u00e7a de Arthur Vinciprova, \u201cBlefe \u2013 O Musical\u201d, no teatro do Col\u00e9gio Salesiano, \u00e0s 20h30min. Al\u00e9m de Arthur, estar\u00e3o em cena: Diogo Guimar\u00e3es (Alerta), Itiana Rochelle e M\u00f4nica Izidoro. A pe\u00e7a \u00e9 uma com\u00e9dia com suspense * A Turma da Pelada, um grupo muito simp\u00e1tico de boleiros veteranos que participa do futebol so\u00e7aite da AABB e outras competi\u00e7\u00f5es por a\u00ed, est\u00e1 completando 19 anos e comemora amanh\u00e3 (s\u00e1bado, dia 13) no clube. Um abra\u00e7o ao Jadir, ao Gerald\u00e3o, ao Ben\u00e9, ao Laercinho e a todo o pessoal (acabaria esquecendo algum nome) * Na ter\u00e7a-feira, dia 16, comemoram-se os 108 anos da Ponte Velha (ponte Nilo Pe\u00e7anha). Na ocasi\u00e3o ser\u00e1 realizada uma \u201cApropria\u00e7\u00e3o\u201d, que vai contar a partir das 7 da amanh\u00e3, o n\u00famero de passantes nos dois sentidos. O resultado serve como informa\u00e7\u00e3o e estudos da cidade * Tamb\u00e9m neste s\u00e1bado, a churrasqueira do lago do Clube da Casa da Lua recebe o tradicional encontro dos ex-funcion\u00e1rios da Xerox do Brasil, que em 1971 fundaram a f\u00e1brica em Itatiaia. Parab\u00e9ns ao Lourosa e sua turma * Ainda neste final de semana (13 e 14) acontece no Espa\u00e7o \u2018Z\u2019 uma Feira de Artesanato com a produ\u00e7\u00e3o de aproximadamente vinte e cinco artes\u00e3os da cidade. Quem promove \u00e9 a Secretaria Municipal de Com\u00e9rcio. A feira abre no s\u00e1bado das 9h \u00e0s 17h e no domingo das 9h \u00e0s 15h * A Casa da Cultura Macedo Miranda, abriu inscri\u00e7\u00f5es para a mostra competitiva \u201cGraffiti: Mem\u00f3ria e Arte\u201d, que tem como tema a arquitetura hist\u00f3rica da cidade. As inscri\u00e7\u00f5es podem ser feitas at\u00e9 o dia 8 de maio, no MIS (Museu da Imagem e do Som), que fica na Rua Luiz da Rocha Miranda, 117, Centro Hist\u00f3rico, ou pelo\u00a0 mis_mostragraffiti@hotmail.com. Mais informa\u00e7\u00f5es: 3360-6282<\/p>\n<p>ANIVERS\u00c1RIOS<br \/>\nA semana come\u00e7ou com a Alice Brand\u00e3o e a Dayse Santana inaugurando idade nova, na Segunda, dia 8. Na ter\u00e7a, um trio de amigos mudou de idade: Fernando Fleury, Adriano G\u00f3es e Solange Daniel. Na quarta, dia 10, mais tr\u00eas amigos receberam os \u2018parab\u00e9ns\u2019: a feliz botafoguense Patr\u00edcia Costa, o chateado rubro-negro Eduardo Jairo e a Renata Aparecida. Ontem, dia 11, ficaram mais experientes os amigos Hedinho Silva e Vander Nascimento. Hoje, dia 12, o Gl\u00e1ucio Ramos muda de idade. Amanh\u00e3, 13, o Tigu Guimar\u00e3es, um velho amigo que mora em Madri e o feliz futuro papai, Fernando Bento contam mais um ano de vida. No domingo, dia 14, o Diniz (Discos) e a Olivia Schneider, esposa do Maur\u00edcio tamb\u00e9m aniversariam. Parab\u00e9ns e todas as felicidades do mundo a essa turma boa.<\/p>\n","protected":false},"excerpt":{"rendered":"<p>Itatiaia tem condi\u00e7\u00f5es de ser muito melhor Agulhas Negras, Parque Nacional, Mantiqueira, Maring\u00e1, Penedo. S\u00e3o marcas que fazem (ou faziam) o imagin\u00e1rio viajar e<\/p>\n","protected":false},"author":1,"featured_media":0,"comment_status":"open","ping_status":"open","sticky":false,"template":"","format":"standard","meta":{"pmpro_default_level":"","footnotes":""},"categories":[13],"tags":[],"class_list":["post-7816","post","type-post","status-publish","format-standard","hentry","category-social","pmpro-has-access"],"yoast_head":"<!-- This site is optimized with the Yoast SEO plugin v27.4 - https:\/\/yoast.com\/product\/yoast-seo-wordpress\/ -->\n<title>SOCIAL LA\u00cdS AMARAL - JORNAL BEIRA RIO<\/title>\n<meta name=\"robots\" content=\"index, follow, max-snippet:-1, max-image-preview:large, max-video-preview:-1\" \/>\n<link rel=\"canonical\" href=\"https:\/\/jornalbeirario.com.br\/portal\/?p=7816\" \/>\n<meta property=\"og:locale\" content=\"pt_BR\" \/>\n<meta property=\"og:type\" content=\"article\" \/>\n<meta property=\"og:title\" content=\"SOCIAL LA\u00cdS AMARAL - JORNAL BEIRA RIO\" \/>\n<meta property=\"og:description\" content=\"Itatiaia tem condi\u00e7\u00f5es de ser muito melhor Agulhas Negras, Parque Nacional, Mantiqueira, Maring\u00e1, Penedo. S\u00e3o marcas que fazem (ou faziam) o imagin\u00e1rio viajar e\" \/>\n<meta property=\"og:url\" content=\"https:\/\/jornalbeirario.com.br\/portal\/?p=7816\" \/>\n<meta property=\"og:site_name\" content=\"JORNAL BEIRA RIO\" \/>\n<meta property=\"article:published_time\" content=\"2013-04-12T11:56:10+00:00\" \/>\n<meta name=\"author\" content=\"Jornal BEIRA-RIO\" \/>\n<meta name=\"twitter:card\" content=\"summary_large_image\" \/>\n<meta name=\"twitter:label1\" content=\"Escrito por\" \/>\n\t<meta name=\"twitter:data1\" content=\"Jornal BEIRA-RIO\" \/>\n\t<meta name=\"twitter:label2\" content=\"Est. tempo de leitura\" \/>\n\t<meta name=\"twitter:data2\" content=\"5 minutos\" \/>\n<script type=\"application\/ld+json\" class=\"yoast-schema-graph\">{\"@context\":\"https:\\\/\\\/schema.org\",\"@graph\":[{\"@type\":\"Article\",\"@id\":\"https:\\\/\\\/jornalbeirario.com.br\\\/portal\\\/?p=7816#article\",\"isPartOf\":{\"@id\":\"https:\\\/\\\/jornalbeirario.com.br\\\/portal\\\/?p=7816\"},\"author\":{\"name\":\"Jornal BEIRA-RIO\",\"@id\":\"https:\\\/\\\/jornalbeirario.com.br\\\/portal\\\/#\\\/schema\\\/person\\\/c6c423e4c2465d2a9233f6539173e7c1\"},\"headline\":\"SOCIAL LA\u00cdS AMARAL\",\"datePublished\":\"2013-04-12T11:56:10+00:00\",\"mainEntityOfPage\":{\"@id\":\"https:\\\/\\\/jornalbeirario.com.br\\\/portal\\\/?p=7816\"},\"wordCount\":1025,\"commentCount\":0,\"publisher\":{\"@id\":\"https:\\\/\\\/jornalbeirario.com.br\\\/portal\\\/#organization\"},\"articleSection\":[\"Social\"],\"inLanguage\":\"pt-BR\",\"potentialAction\":[{\"@type\":\"CommentAction\",\"name\":\"Comment\",\"target\":[\"https:\\\/\\\/jornalbeirario.com.br\\\/portal\\\/?p=7816#respond\"]}]},{\"@type\":\"WebPage\",\"@id\":\"https:\\\/\\\/jornalbeirario.com.br\\\/portal\\\/?p=7816\",\"url\":\"https:\\\/\\\/jornalbeirario.com.br\\\/portal\\\/?p=7816\",\"name\":\"SOCIAL LA\u00cdS AMARAL - JORNAL BEIRA RIO\",\"isPartOf\":{\"@id\":\"https:\\\/\\\/jornalbeirario.com.br\\\/portal\\\/#website\"},\"datePublished\":\"2013-04-12T11:56:10+00:00\",\"breadcrumb\":{\"@id\":\"https:\\\/\\\/jornalbeirario.com.br\\\/portal\\\/?p=7816#breadcrumb\"},\"inLanguage\":\"pt-BR\",\"potentialAction\":[{\"@type\":\"ReadAction\",\"target\":[\"https:\\\/\\\/jornalbeirario.com.br\\\/portal\\\/?p=7816\"]}]},{\"@type\":\"BreadcrumbList\",\"@id\":\"https:\\\/\\\/jornalbeirario.com.br\\\/portal\\\/?p=7816#breadcrumb\",\"itemListElement\":[{\"@type\":\"ListItem\",\"position\":1,\"name\":\"Home\",\"item\":\"https:\\\/\\\/jornalbeirario.com.br\\\/portal\"},{\"@type\":\"ListItem\",\"position\":2,\"name\":\"SOCIAL LA\u00cdS AMARAL\"}]},{\"@type\":\"WebSite\",\"@id\":\"https:\\\/\\\/jornalbeirario.com.br\\\/portal\\\/#website\",\"url\":\"https:\\\/\\\/jornalbeirario.com.br\\\/portal\\\/\",\"name\":\"JORNAL BEIRA RIO\",\"description\":\"\",\"publisher\":{\"@id\":\"https:\\\/\\\/jornalbeirario.com.br\\\/portal\\\/#organization\"},\"potentialAction\":[{\"@type\":\"SearchAction\",\"target\":{\"@type\":\"EntryPoint\",\"urlTemplate\":\"https:\\\/\\\/jornalbeirario.com.br\\\/portal\\\/?s={search_term_string}\"},\"query-input\":{\"@type\":\"PropertyValueSpecification\",\"valueRequired\":true,\"valueName\":\"search_term_string\"}}],\"inLanguage\":\"pt-BR\"},{\"@type\":\"Organization\",\"@id\":\"https:\\\/\\\/jornalbeirario.com.br\\\/portal\\\/#organization\",\"name\":\"JORNAL BEIRA RIO\",\"url\":\"https:\\\/\\\/jornalbeirario.com.br\\\/portal\\\/\",\"logo\":{\"@type\":\"ImageObject\",\"inLanguage\":\"pt-BR\",\"@id\":\"https:\\\/\\\/jornalbeirario.com.br\\\/portal\\\/#\\\/schema\\\/logo\\\/image\\\/\",\"url\":\"https:\\\/\\\/jornalbeirario.com.br\\\/portal\\\/wp-content\\\/uploads\\\/2017\\\/09\\\/BEIRA-RIO_logo600.png\",\"contentUrl\":\"https:\\\/\\\/jornalbeirario.com.br\\\/portal\\\/wp-content\\\/uploads\\\/2017\\\/09\\\/BEIRA-RIO_logo600.png\",\"width\":650,\"height\":108,\"caption\":\"JORNAL BEIRA RIO\"},\"image\":{\"@id\":\"https:\\\/\\\/jornalbeirario.com.br\\\/portal\\\/#\\\/schema\\\/logo\\\/image\\\/\"}},{\"@type\":\"Person\",\"@id\":\"https:\\\/\\\/jornalbeirario.com.br\\\/portal\\\/#\\\/schema\\\/person\\\/c6c423e4c2465d2a9233f6539173e7c1\",\"name\":\"Jornal BEIRA-RIO\",\"image\":{\"@type\":\"ImageObject\",\"inLanguage\":\"pt-BR\",\"@id\":\"https:\\\/\\\/jornalbeirario.com.br\\\/portal\\\/wp-content\\\/uploads\\\/2023\\\/10\\\/logojbr1.jpg\",\"url\":\"https:\\\/\\\/jornalbeirario.com.br\\\/portal\\\/wp-content\\\/uploads\\\/2023\\\/10\\\/logojbr1.jpg\",\"contentUrl\":\"https:\\\/\\\/jornalbeirario.com.br\\\/portal\\\/wp-content\\\/uploads\\\/2023\\\/10\\\/logojbr1.jpg\",\"caption\":\"Jornal BEIRA-RIO\"},\"url\":\"https:\\\/\\\/jornalbeirario.com.br\\\/portal\\\/?author=1\"}]}<\/script>\n<!-- \/ Yoast SEO plugin. -->","yoast_head_json":{"title":"SOCIAL LA\u00cdS AMARAL - JORNAL BEIRA RIO","robots":{"index":"index","follow":"follow","max-snippet":"max-snippet:-1","max-image-preview":"max-image-preview:large","max-video-preview":"max-video-preview:-1"},"canonical":"https:\/\/jornalbeirario.com.br\/portal\/?p=7816","og_locale":"pt_BR","og_type":"article","og_title":"SOCIAL LA\u00cdS AMARAL - JORNAL BEIRA RIO","og_description":"Itatiaia tem condi\u00e7\u00f5es de ser muito melhor Agulhas Negras, Parque Nacional, Mantiqueira, Maring\u00e1, Penedo. S\u00e3o marcas que fazem (ou faziam) o imagin\u00e1rio viajar e","og_url":"https:\/\/jornalbeirario.com.br\/portal\/?p=7816","og_site_name":"JORNAL BEIRA RIO","article_published_time":"2013-04-12T11:56:10+00:00","author":"Jornal BEIRA-RIO","twitter_card":"summary_large_image","twitter_misc":{"Escrito por":"Jornal BEIRA-RIO","Est. tempo de leitura":"5 minutos"},"schema":{"@context":"https:\/\/schema.org","@graph":[{"@type":"Article","@id":"https:\/\/jornalbeirario.com.br\/portal\/?p=7816#article","isPartOf":{"@id":"https:\/\/jornalbeirario.com.br\/portal\/?p=7816"},"author":{"name":"Jornal BEIRA-RIO","@id":"https:\/\/jornalbeirario.com.br\/portal\/#\/schema\/person\/c6c423e4c2465d2a9233f6539173e7c1"},"headline":"SOCIAL LA\u00cdS AMARAL","datePublished":"2013-04-12T11:56:10+00:00","mainEntityOfPage":{"@id":"https:\/\/jornalbeirario.com.br\/portal\/?p=7816"},"wordCount":1025,"commentCount":0,"publisher":{"@id":"https:\/\/jornalbeirario.com.br\/portal\/#organization"},"articleSection":["Social"],"inLanguage":"pt-BR","potentialAction":[{"@type":"CommentAction","name":"Comment","target":["https:\/\/jornalbeirario.com.br\/portal\/?p=7816#respond"]}]},{"@type":"WebPage","@id":"https:\/\/jornalbeirario.com.br\/portal\/?p=7816","url":"https:\/\/jornalbeirario.com.br\/portal\/?p=7816","name":"SOCIAL LA\u00cdS AMARAL - JORNAL BEIRA RIO","isPartOf":{"@id":"https:\/\/jornalbeirario.com.br\/portal\/#website"},"datePublished":"2013-04-12T11:56:10+00:00","breadcrumb":{"@id":"https:\/\/jornalbeirario.com.br\/portal\/?p=7816#breadcrumb"},"inLanguage":"pt-BR","potentialAction":[{"@type":"ReadAction","target":["https:\/\/jornalbeirario.com.br\/portal\/?p=7816"]}]},{"@type":"BreadcrumbList","@id":"https:\/\/jornalbeirario.com.br\/portal\/?p=7816#breadcrumb","itemListElement":[{"@type":"ListItem","position":1,"name":"Home","item":"https:\/\/jornalbeirario.com.br\/portal"},{"@type":"ListItem","position":2,"name":"SOCIAL LA\u00cdS AMARAL"}]},{"@type":"WebSite","@id":"https:\/\/jornalbeirario.com.br\/portal\/#website","url":"https:\/\/jornalbeirario.com.br\/portal\/","name":"JORNAL BEIRA RIO","description":"","publisher":{"@id":"https:\/\/jornalbeirario.com.br\/portal\/#organization"},"potentialAction":[{"@type":"SearchAction","target":{"@type":"EntryPoint","urlTemplate":"https:\/\/jornalbeirario.com.br\/portal\/?s={search_term_string}"},"query-input":{"@type":"PropertyValueSpecification","valueRequired":true,"valueName":"search_term_string"}}],"inLanguage":"pt-BR"},{"@type":"Organization","@id":"https:\/\/jornalbeirario.com.br\/portal\/#organization","name":"JORNAL BEIRA RIO","url":"https:\/\/jornalbeirario.com.br\/portal\/","logo":{"@type":"ImageObject","inLanguage":"pt-BR","@id":"https:\/\/jornalbeirario.com.br\/portal\/#\/schema\/logo\/image\/","url":"https:\/\/jornalbeirario.com.br\/portal\/wp-content\/uploads\/2017\/09\/BEIRA-RIO_logo600.png","contentUrl":"https:\/\/jornalbeirario.com.br\/portal\/wp-content\/uploads\/2017\/09\/BEIRA-RIO_logo600.png","width":650,"height":108,"caption":"JORNAL BEIRA RIO"},"image":{"@id":"https:\/\/jornalbeirario.com.br\/portal\/#\/schema\/logo\/image\/"}},{"@type":"Person","@id":"https:\/\/jornalbeirario.com.br\/portal\/#\/schema\/person\/c6c423e4c2465d2a9233f6539173e7c1","name":"Jornal BEIRA-RIO","image":{"@type":"ImageObject","inLanguage":"pt-BR","@id":"https:\/\/jornalbeirario.com.br\/portal\/wp-content\/uploads\/2023\/10\/logojbr1.jpg","url":"https:\/\/jornalbeirario.com.br\/portal\/wp-content\/uploads\/2023\/10\/logojbr1.jpg","contentUrl":"https:\/\/jornalbeirario.com.br\/portal\/wp-content\/uploads\/2023\/10\/logojbr1.jpg","caption":"Jornal BEIRA-RIO"},"url":"https:\/\/jornalbeirario.com.br\/portal\/?author=1"}]}},"_links":{"self":[{"href":"https:\/\/jornalbeirario.com.br\/portal\/index.php?rest_route=\/wp\/v2\/posts\/7816","targetHints":{"allow":["GET"]}}],"collection":[{"href":"https:\/\/jornalbeirario.com.br\/portal\/index.php?rest_route=\/wp\/v2\/posts"}],"about":[{"href":"https:\/\/jornalbeirario.com.br\/portal\/index.php?rest_route=\/wp\/v2\/types\/post"}],"author":[{"embeddable":true,"href":"https:\/\/jornalbeirario.com.br\/portal\/index.php?rest_route=\/wp\/v2\/users\/1"}],"replies":[{"embeddable":true,"href":"https:\/\/jornalbeirario.com.br\/portal\/index.php?rest_route=%2Fwp%2Fv2%2Fcomments&post=7816"}],"version-history":[{"count":1,"href":"https:\/\/jornalbeirario.com.br\/portal\/index.php?rest_route=\/wp\/v2\/posts\/7816\/revisions"}],"predecessor-version":[{"id":7817,"href":"https:\/\/jornalbeirario.com.br\/portal\/index.php?rest_route=\/wp\/v2\/posts\/7816\/revisions\/7817"}],"wp:attachment":[{"href":"https:\/\/jornalbeirario.com.br\/portal\/index.php?rest_route=%2Fwp%2Fv2%2Fmedia&parent=7816"}],"wp:term":[{"taxonomy":"category","embeddable":true,"href":"https:\/\/jornalbeirario.com.br\/portal\/index.php?rest_route=%2Fwp%2Fv2%2Fcategories&post=7816"},{"taxonomy":"post_tag","embeddable":true,"href":"https:\/\/jornalbeirario.com.br\/portal\/index.php?rest_route=%2Fwp%2Fv2%2Ftags&post=7816"}],"curies":[{"name":"wp","href":"https:\/\/api.w.org\/{rel}","templated":true}]}}