
{"id":77961,"date":"2021-08-10T14:48:09","date_gmt":"2021-08-10T17:48:09","guid":{"rendered":"http:\/\/jornalbeirario.com.br\/portal\/?p=77961"},"modified":"2021-08-10T14:48:09","modified_gmt":"2021-08-10T17:48:09","slug":"vacinacao-contra-a-covid-19-tarefa-dificil-para-quilombolas","status":"publish","type":"post","link":"https:\/\/jornalbeirario.com.br\/portal\/?p=77961","title":{"rendered":"Vacina\u00e7\u00e3o contra a Covid-19, tarefa dif\u00edcil para quilombolas"},"content":{"rendered":"<figure id=\"attachment_77966\" aria-describedby=\"caption-attachment-77966\" style=\"width: 300px\" class=\"wp-caption alignleft\"><img loading=\"lazy\" decoding=\"async\" class=\"size-medium wp-image-77966\" src=\"https:\/\/jornalbeirario.com.br\/portal\/wp-content\/uploads\/2021\/08\/quilombolas1-300x225.jpg\" alt=\"\" width=\"300\" height=\"225\" srcset=\"https:\/\/jornalbeirario.com.br\/portal\/wp-content\/uploads\/2021\/08\/quilombolas1-300x225.jpg 300w, https:\/\/jornalbeirario.com.br\/portal\/wp-content\/uploads\/2021\/08\/quilombolas1.jpg 640w\" sizes=\"auto, (max-width: 300px) 100vw, 300px\" \/><figcaption id=\"caption-attachment-77966\" class=\"wp-caption-text\">Morador da Comunidade Quilombola de Santana, em Quatis, durante aplica\u00e7\u00e3o da segunda dose (Foto: Divulga\u00e7\u00e3o\/PMQ)<\/figcaption><\/figure>\n<p style=\"text-align: justify;\">Um levantamento in\u00e9dito, divulgado no \u00faltimo dia 6, mostra que a vida do povo quilombola em tempos de vacina\u00e7\u00e3o contra a Covid-19 n\u00e3o \u00e9 tarefa das mais f\u00e1ceis. O documento, com o nome de <a href=\"https:\/\/jornalbeirario.com.br\/portal\/wp-content\/uploads\/2021\/08\/VACINOMETRO-QUILOMBOLA-06-08.pdf\">&#8220;Vacin\u00f4metro Quilombola \u2013 Retratos da situa\u00e7\u00e3o da vacina\u00e7\u00e3o da Covid-19 nos quilombos&#8221;<\/a>, que fez uma pesquisa com 445 quilombos em todo o pa\u00eds mostra que 43% dos territ\u00f3rios mapeados apresentam algum problema na vacina\u00e7\u00e3o. S\u00e3o 193 quilombos que relataram dificuldades, que resulta em uma m\u00e9dia de 15.407 quilombolas sem conseguirem se vacinar. O estudo \u00e9 realizado pela Coordena\u00e7\u00e3o Nacional de Articula\u00e7\u00e3o de Quilombos (Conaq), com apoio da Terra de Direitos e da Ecam Projetos Sociais.<\/p>\n<p style=\"text-align: justify;\">Segundo o levantamento, entre os principais problemas mapeados, est\u00e3o a dificuldade de vacina\u00e7\u00e3o de quilombolas n\u00e3o residentes no territ\u00f3rio por motivo de trabalho ou atua\u00e7\u00e3o pol\u00edtica em outras localidades, impedimento de vacina\u00e7\u00e3o de maridos, esposas e enteados n\u00e3o quilombolas residentes no territ\u00f3rio, e dificuldade no planejamento e execu\u00e7\u00e3o da vacina\u00e7\u00e3o. Den\u00fancias relativas ao direcionamento de doses a pessoas n\u00e3o quilombolas e de tentativas de pessoas n\u00e3o quilombolas se vacinarem nos quilombos tamb\u00e9m constam no levantamento.<\/p>\n<p style=\"text-align: justify;\">&#8211; Esse levantamento d\u00e1 um panorama de como as pol\u00edticas p\u00fablicas n\u00e3o chegam \u00e0s comunidades quilombolas. Mesmo com uma decis\u00e3o judicial, muitos quilombos ainda enfrentam dificuldades de vacina\u00e7\u00e3o, seja pela n\u00e3o titula\u00e7\u00e3o de territ\u00f3rios ou pela falta de planejamento e execu\u00e7\u00e3o das campanhas de vacina\u00e7\u00e3o. Tamb\u00e9m existem conflitos nos munic\u00edpios e o n\u00e3o aceite de um grupo da sociedade de quilombolas como grupo priorit\u00e1rio &#8211; analisa K\u00e1tia Penha, da Conaq.<\/p>\n<p style=\"text-align: justify;\">Dos 445 quilombos consultados, 346 ainda n\u00e3o s\u00e3o titulados e 33 n\u00e3o foram certificados pela Funda\u00e7\u00e3o Cultural Palmares (vale ressaltar que a demarca\u00e7\u00e3o de territ\u00f3rios quilombolas no Governo Bolsonaro atingiu o menor patamar da hist\u00f3ria).<\/p>\n<p style=\"text-align: justify;\">Em decis\u00e3o proferida em junho deste ano, o Ministro do STF, Edson Fachin, determinou que a Uni\u00e3o considere quilombolas n\u00e3o residentes no territ\u00f3rio no plano de vacina\u00e7\u00e3o. Entretanto, a decis\u00e3o contempla apenas quilombolas que n\u00e3o residam no territ\u00f3rio por motivos acad\u00eamicos ou de sa\u00fade. A delimita\u00e7\u00e3o de n\u00e3o residentes apenas nessas categorias \u00e9 a raz\u00e3o, segundo an\u00e1lise dos dados, de problemas identificados em 54 quilombos, conforme destaca a assessora jur\u00eddica da Terra de Direitos e da Conaq, Vercilene Dias.<\/p>\n<p style=\"text-align: justify;\">&#8211; Existe um rol maior de quilombolas que n\u00e3o residem em seus territ\u00f3rios. S\u00e3o comunidades expulsas de seus territ\u00f3rios, quilombolas que buscam oportunidades de trabalho e outros que est\u00e3o em mobiliza\u00e7\u00e3o pol\u00edtica. O territ\u00f3rio \u00e9 aparato central da luta quilombola, mas n\u00e3o pode ser utilizado para negar direitos. Excluir todo um grupo de quilombolas \u00e9 contradit\u00f3rio \u00e0 pr\u00f3pria decis\u00e3o do Ministro e enfraquece a identidade quilombola &#8211; defende a assessora jur\u00eddica.<\/p>\n<p style=\"text-align: justify;\">Na regi\u00e3o do M\u00e9dio Para\u00edba, dois munic\u00edpios abrigam terras de comunidades quilombolas. Em Quatis, onde fica a comunidade de Santana, foram vacinadas 277 pessoas, sendo 143 com a primeira dose e mais 134 j\u00e1 com as duas doses. A imuniza\u00e7\u00e3o ocorreu entre mar\u00e7o e maio. J\u00e1 na comunidade de S\u00e3o Jos\u00e9 da Serra, em Valen\u00e7a, foram vacinadas 49 pessoas, sendo que apenas duas receberam as duas doses.<\/p>\n<p style=\"text-align: justify;\">Confira abaixo alguns dados do levantamento<\/p>\n<p style=\"text-align: justify;\">Amostra de quilombos consultados:<br \/>\n&#8211; 445 quilombos mapeados<br \/>\n&#8211; 23 estados<br \/>\n&#8211; 246 munic\u00edpios<br \/>\n&#8211; 138.230 quilombolas identificados<br \/>\n&#8211; 90.075 quilombolas vacinados s\u00f3 com a primeira dose<br \/>\n&#8211; 32.748 quilombolas vacinados com a segunda dose<br \/>\n&#8211; 15.407 quilombolas n\u00e3o foram vacinados<\/p>\n<p style=\"text-align: justify;\">Situa\u00e7\u00e3o dos quilombos consultados:<br \/>\n&#8211; 193 quilombos apresentaram algum tipo de problema na vacina\u00e7\u00e3o (43% dos casos monitorados)<br \/>\n&#8211; Em 54 quilombos foi relatado que quilombolas n\u00e3o residentes no territ\u00f3rio enfrentaram dificuldade no acesso \u00e0 vacina\u00e7\u00e3o como grupo priorit\u00e1rio<br \/>\n&#8211; Em 6 quilombos foi relatada a dificuldade de vacina\u00e7\u00e3o de maridos, esposas e enteados n\u00e3o quilombolas residentes no territ\u00f3rio.<br \/>\n&#8211; 346 dos quilombos consultados ainda n\u00e3o s\u00e3o titulados<br \/>\n&#8211; 33 dos quilombos consultados n\u00e3o foram certificados pela Funda\u00e7\u00e3o Cultural Palmares<\/p>\n<p style=\"text-align: justify;\">Problemas identificados:<br \/>\n&#8211; 193 quilombos apresentaram problemas na vacina\u00e7\u00e3o<br \/>\n&#8211; Principais problemas s\u00e3o:<br \/>\n* Quilombo n\u00e3o recebeu vacina por n\u00e3o ser certificado pela Funda\u00e7\u00e3o Cultural Palmares &#8211; 9 casos<br \/>\n* C\u00f4njuges e enteados n\u00e3o quilombolas residentes no territ\u00f3rio n\u00e3o foram vacinados &#8211; 6 casos<br \/>\n* Dificuldade no planejamento e execu\u00e7\u00e3o da vacina\u00e7\u00e3o &#8211; 69 casos<br \/>\n* Doses insuficientes &#8211; 24 casos<br \/>\n* Conflitos no munic\u00edpio ou com outras comunidades n\u00e3o quilombolas pela n\u00e3o aceita\u00e7\u00e3o de quilombolas como grupo priorit\u00e1rio para a vacina\u00e7\u00e3o &#8211; 17 casos, em 11 casos foi relatado a tentativa de vacinar n\u00e3o quilombolas ou destinar a vacina reservadas para quilombolas para outros fins<br \/>\n* Dificuldades no acesso \u00e0 vacina\u00e7\u00e3o como grupo priorit\u00e1rio de quilombolas residentes fora do territ\u00f3rio &#8211; 54 casos<br \/>\n* Recusa individual \u00e0 vacina\u00e7\u00e3o &#8211; 54 casos<\/p>\n","protected":false},"excerpt":{"rendered":"<p>Um levantamento in\u00e9dito, divulgado no \u00faltimo dia 6, mostra que a vida do povo quilombola em tempos de vacina\u00e7\u00e3o contra a Covid-19 n\u00e3o \u00e9<\/p>\n","protected":false},"author":1,"featured_media":77966,"comment_status":"open","ping_status":"open","sticky":false,"template":"","format":"standard","meta":{"pmpro_default_level":"","footnotes":""},"categories":[233,18],"tags":[],"class_list":["post-77961","post","type-post","status-publish","format-standard","has-post-thumbnail","hentry","category-regiao","category-saude","pmpro-has-access"],"yoast_head":"<!-- This site is optimized with the Yoast SEO plugin v27.4 - https:\/\/yoast.com\/product\/yoast-seo-wordpress\/ -->\n<title>Vacina\u00e7\u00e3o contra a Covid-19, tarefa dif\u00edcil para quilombolas - JORNAL BEIRA RIO<\/title>\n<meta name=\"robots\" content=\"index, follow, max-snippet:-1, max-image-preview:large, max-video-preview:-1\" \/>\n<link rel=\"canonical\" href=\"https:\/\/jornalbeirario.com.br\/portal\/?p=77961\" \/>\n<meta property=\"og:locale\" content=\"pt_BR\" \/>\n<meta property=\"og:type\" content=\"article\" \/>\n<meta property=\"og:title\" content=\"Vacina\u00e7\u00e3o contra a Covid-19, tarefa dif\u00edcil para quilombolas - JORNAL BEIRA RIO\" \/>\n<meta property=\"og:description\" content=\"Um levantamento in\u00e9dito, divulgado no \u00faltimo dia 6, mostra que a vida do povo quilombola em tempos de vacina\u00e7\u00e3o contra a Covid-19 n\u00e3o \u00e9\" \/>\n<meta property=\"og:url\" content=\"https:\/\/jornalbeirario.com.br\/portal\/?p=77961\" \/>\n<meta property=\"og:site_name\" content=\"JORNAL BEIRA RIO\" \/>\n<meta property=\"article:published_time\" content=\"2021-08-10T17:48:09+00:00\" \/>\n<meta property=\"og:image\" content=\"https:\/\/jornalbeirario.com.br\/portal\/wp-content\/uploads\/2021\/08\/quilombolas1.jpg\" \/>\n\t<meta property=\"og:image:width\" content=\"640\" \/>\n\t<meta property=\"og:image:height\" content=\"480\" \/>\n\t<meta property=\"og:image:type\" content=\"image\/jpeg\" \/>\n<meta name=\"author\" content=\"Jornal BEIRA-RIO\" \/>\n<meta name=\"twitter:card\" content=\"summary_large_image\" \/>\n<meta name=\"twitter:label1\" content=\"Escrito por\" \/>\n\t<meta name=\"twitter:data1\" content=\"Jornal BEIRA-RIO\" \/>\n\t<meta name=\"twitter:label2\" content=\"Est. tempo de leitura\" \/>\n\t<meta name=\"twitter:data2\" content=\"4 minutos\" \/>\n<script type=\"application\/ld+json\" class=\"yoast-schema-graph\">{\"@context\":\"https:\\\/\\\/schema.org\",\"@graph\":[{\"@type\":\"Article\",\"@id\":\"https:\\\/\\\/jornalbeirario.com.br\\\/portal\\\/?p=77961#article\",\"isPartOf\":{\"@id\":\"https:\\\/\\\/jornalbeirario.com.br\\\/portal\\\/?p=77961\"},\"author\":{\"name\":\"Jornal BEIRA-RIO\",\"@id\":\"https:\\\/\\\/jornalbeirario.com.br\\\/portal\\\/#\\\/schema\\\/person\\\/c6c423e4c2465d2a9233f6539173e7c1\"},\"headline\":\"Vacina\u00e7\u00e3o contra a Covid-19, tarefa dif\u00edcil para quilombolas\",\"datePublished\":\"2021-08-10T17:48:09+00:00\",\"mainEntityOfPage\":{\"@id\":\"https:\\\/\\\/jornalbeirario.com.br\\\/portal\\\/?p=77961\"},\"wordCount\":872,\"commentCount\":0,\"publisher\":{\"@id\":\"https:\\\/\\\/jornalbeirario.com.br\\\/portal\\\/#organization\"},\"image\":{\"@id\":\"https:\\\/\\\/jornalbeirario.com.br\\\/portal\\\/?p=77961#primaryimage\"},\"thumbnailUrl\":\"https:\\\/\\\/jornalbeirario.com.br\\\/portal\\\/wp-content\\\/uploads\\\/2021\\\/08\\\/quilombolas1.jpg\",\"articleSection\":[\"Regi\u00e3o\",\"Sa\u00fade\"],\"inLanguage\":\"pt-BR\",\"potentialAction\":[{\"@type\":\"CommentAction\",\"name\":\"Comment\",\"target\":[\"https:\\\/\\\/jornalbeirario.com.br\\\/portal\\\/?p=77961#respond\"]}]},{\"@type\":\"WebPage\",\"@id\":\"https:\\\/\\\/jornalbeirario.com.br\\\/portal\\\/?p=77961\",\"url\":\"https:\\\/\\\/jornalbeirario.com.br\\\/portal\\\/?p=77961\",\"name\":\"Vacina\u00e7\u00e3o contra a Covid-19, tarefa dif\u00edcil para quilombolas - JORNAL BEIRA RIO\",\"isPartOf\":{\"@id\":\"https:\\\/\\\/jornalbeirario.com.br\\\/portal\\\/#website\"},\"primaryImageOfPage\":{\"@id\":\"https:\\\/\\\/jornalbeirario.com.br\\\/portal\\\/?p=77961#primaryimage\"},\"image\":{\"@id\":\"https:\\\/\\\/jornalbeirario.com.br\\\/portal\\\/?p=77961#primaryimage\"},\"thumbnailUrl\":\"https:\\\/\\\/jornalbeirario.com.br\\\/portal\\\/wp-content\\\/uploads\\\/2021\\\/08\\\/quilombolas1.jpg\",\"datePublished\":\"2021-08-10T17:48:09+00:00\",\"breadcrumb\":{\"@id\":\"https:\\\/\\\/jornalbeirario.com.br\\\/portal\\\/?p=77961#breadcrumb\"},\"inLanguage\":\"pt-BR\",\"potentialAction\":[{\"@type\":\"ReadAction\",\"target\":[\"https:\\\/\\\/jornalbeirario.com.br\\\/portal\\\/?p=77961\"]}]},{\"@type\":\"ImageObject\",\"inLanguage\":\"pt-BR\",\"@id\":\"https:\\\/\\\/jornalbeirario.com.br\\\/portal\\\/?p=77961#primaryimage\",\"url\":\"https:\\\/\\\/jornalbeirario.com.br\\\/portal\\\/wp-content\\\/uploads\\\/2021\\\/08\\\/quilombolas1.jpg\",\"contentUrl\":\"https:\\\/\\\/jornalbeirario.com.br\\\/portal\\\/wp-content\\\/uploads\\\/2021\\\/08\\\/quilombolas1.jpg\",\"width\":640,\"height\":480,\"caption\":\"Morador da Comunidade Quilombola de Santana, em Quatis, durante aplica\u00e7\u00e3o da segunda dose (Foto: Divulga\u00e7\u00e3o\\\/PMQ)\"},{\"@type\":\"BreadcrumbList\",\"@id\":\"https:\\\/\\\/jornalbeirario.com.br\\\/portal\\\/?p=77961#breadcrumb\",\"itemListElement\":[{\"@type\":\"ListItem\",\"position\":1,\"name\":\"Home\",\"item\":\"https:\\\/\\\/jornalbeirario.com.br\\\/portal\"},{\"@type\":\"ListItem\",\"position\":2,\"name\":\"Vacina\u00e7\u00e3o contra a Covid-19, tarefa dif\u00edcil para quilombolas\"}]},{\"@type\":\"WebSite\",\"@id\":\"https:\\\/\\\/jornalbeirario.com.br\\\/portal\\\/#website\",\"url\":\"https:\\\/\\\/jornalbeirario.com.br\\\/portal\\\/\",\"name\":\"JORNAL BEIRA RIO\",\"description\":\"\",\"publisher\":{\"@id\":\"https:\\\/\\\/jornalbeirario.com.br\\\/portal\\\/#organization\"},\"potentialAction\":[{\"@type\":\"SearchAction\",\"target\":{\"@type\":\"EntryPoint\",\"urlTemplate\":\"https:\\\/\\\/jornalbeirario.com.br\\\/portal\\\/?s={search_term_string}\"},\"query-input\":{\"@type\":\"PropertyValueSpecification\",\"valueRequired\":true,\"valueName\":\"search_term_string\"}}],\"inLanguage\":\"pt-BR\"},{\"@type\":\"Organization\",\"@id\":\"https:\\\/\\\/jornalbeirario.com.br\\\/portal\\\/#organization\",\"name\":\"JORNAL BEIRA RIO\",\"url\":\"https:\\\/\\\/jornalbeirario.com.br\\\/portal\\\/\",\"logo\":{\"@type\":\"ImageObject\",\"inLanguage\":\"pt-BR\",\"@id\":\"https:\\\/\\\/jornalbeirario.com.br\\\/portal\\\/#\\\/schema\\\/logo\\\/image\\\/\",\"url\":\"https:\\\/\\\/jornalbeirario.com.br\\\/portal\\\/wp-content\\\/uploads\\\/2017\\\/09\\\/BEIRA-RIO_logo600.png\",\"contentUrl\":\"https:\\\/\\\/jornalbeirario.com.br\\\/portal\\\/wp-content\\\/uploads\\\/2017\\\/09\\\/BEIRA-RIO_logo600.png\",\"width\":650,\"height\":108,\"caption\":\"JORNAL BEIRA RIO\"},\"image\":{\"@id\":\"https:\\\/\\\/jornalbeirario.com.br\\\/portal\\\/#\\\/schema\\\/logo\\\/image\\\/\"}},{\"@type\":\"Person\",\"@id\":\"https:\\\/\\\/jornalbeirario.com.br\\\/portal\\\/#\\\/schema\\\/person\\\/c6c423e4c2465d2a9233f6539173e7c1\",\"name\":\"Jornal BEIRA-RIO\",\"image\":{\"@type\":\"ImageObject\",\"inLanguage\":\"pt-BR\",\"@id\":\"https:\\\/\\\/jornalbeirario.com.br\\\/portal\\\/wp-content\\\/uploads\\\/2023\\\/10\\\/logojbr1.jpg\",\"url\":\"https:\\\/\\\/jornalbeirario.com.br\\\/portal\\\/wp-content\\\/uploads\\\/2023\\\/10\\\/logojbr1.jpg\",\"contentUrl\":\"https:\\\/\\\/jornalbeirario.com.br\\\/portal\\\/wp-content\\\/uploads\\\/2023\\\/10\\\/logojbr1.jpg\",\"caption\":\"Jornal BEIRA-RIO\"},\"url\":\"https:\\\/\\\/jornalbeirario.com.br\\\/portal\\\/?author=1\"}]}<\/script>\n<!-- \/ Yoast SEO plugin. -->","yoast_head_json":{"title":"Vacina\u00e7\u00e3o contra a Covid-19, tarefa dif\u00edcil para quilombolas - JORNAL BEIRA RIO","robots":{"index":"index","follow":"follow","max-snippet":"max-snippet:-1","max-image-preview":"max-image-preview:large","max-video-preview":"max-video-preview:-1"},"canonical":"https:\/\/jornalbeirario.com.br\/portal\/?p=77961","og_locale":"pt_BR","og_type":"article","og_title":"Vacina\u00e7\u00e3o contra a Covid-19, tarefa dif\u00edcil para quilombolas - JORNAL BEIRA RIO","og_description":"Um levantamento in\u00e9dito, divulgado no \u00faltimo dia 6, mostra que a vida do povo quilombola em tempos de vacina\u00e7\u00e3o contra a Covid-19 n\u00e3o \u00e9","og_url":"https:\/\/jornalbeirario.com.br\/portal\/?p=77961","og_site_name":"JORNAL BEIRA RIO","article_published_time":"2021-08-10T17:48:09+00:00","og_image":[{"width":640,"height":480,"url":"https:\/\/jornalbeirario.com.br\/portal\/wp-content\/uploads\/2021\/08\/quilombolas1.jpg","type":"image\/jpeg"}],"author":"Jornal BEIRA-RIO","twitter_card":"summary_large_image","twitter_misc":{"Escrito por":"Jornal BEIRA-RIO","Est. tempo de leitura":"4 minutos"},"schema":{"@context":"https:\/\/schema.org","@graph":[{"@type":"Article","@id":"https:\/\/jornalbeirario.com.br\/portal\/?p=77961#article","isPartOf":{"@id":"https:\/\/jornalbeirario.com.br\/portal\/?p=77961"},"author":{"name":"Jornal BEIRA-RIO","@id":"https:\/\/jornalbeirario.com.br\/portal\/#\/schema\/person\/c6c423e4c2465d2a9233f6539173e7c1"},"headline":"Vacina\u00e7\u00e3o contra a Covid-19, tarefa dif\u00edcil para quilombolas","datePublished":"2021-08-10T17:48:09+00:00","mainEntityOfPage":{"@id":"https:\/\/jornalbeirario.com.br\/portal\/?p=77961"},"wordCount":872,"commentCount":0,"publisher":{"@id":"https:\/\/jornalbeirario.com.br\/portal\/#organization"},"image":{"@id":"https:\/\/jornalbeirario.com.br\/portal\/?p=77961#primaryimage"},"thumbnailUrl":"https:\/\/jornalbeirario.com.br\/portal\/wp-content\/uploads\/2021\/08\/quilombolas1.jpg","articleSection":["Regi\u00e3o","Sa\u00fade"],"inLanguage":"pt-BR","potentialAction":[{"@type":"CommentAction","name":"Comment","target":["https:\/\/jornalbeirario.com.br\/portal\/?p=77961#respond"]}]},{"@type":"WebPage","@id":"https:\/\/jornalbeirario.com.br\/portal\/?p=77961","url":"https:\/\/jornalbeirario.com.br\/portal\/?p=77961","name":"Vacina\u00e7\u00e3o contra a Covid-19, tarefa dif\u00edcil para quilombolas - JORNAL BEIRA RIO","isPartOf":{"@id":"https:\/\/jornalbeirario.com.br\/portal\/#website"},"primaryImageOfPage":{"@id":"https:\/\/jornalbeirario.com.br\/portal\/?p=77961#primaryimage"},"image":{"@id":"https:\/\/jornalbeirario.com.br\/portal\/?p=77961#primaryimage"},"thumbnailUrl":"https:\/\/jornalbeirario.com.br\/portal\/wp-content\/uploads\/2021\/08\/quilombolas1.jpg","datePublished":"2021-08-10T17:48:09+00:00","breadcrumb":{"@id":"https:\/\/jornalbeirario.com.br\/portal\/?p=77961#breadcrumb"},"inLanguage":"pt-BR","potentialAction":[{"@type":"ReadAction","target":["https:\/\/jornalbeirario.com.br\/portal\/?p=77961"]}]},{"@type":"ImageObject","inLanguage":"pt-BR","@id":"https:\/\/jornalbeirario.com.br\/portal\/?p=77961#primaryimage","url":"https:\/\/jornalbeirario.com.br\/portal\/wp-content\/uploads\/2021\/08\/quilombolas1.jpg","contentUrl":"https:\/\/jornalbeirario.com.br\/portal\/wp-content\/uploads\/2021\/08\/quilombolas1.jpg","width":640,"height":480,"caption":"Morador da Comunidade Quilombola de Santana, em Quatis, durante aplica\u00e7\u00e3o da segunda dose (Foto: Divulga\u00e7\u00e3o\/PMQ)"},{"@type":"BreadcrumbList","@id":"https:\/\/jornalbeirario.com.br\/portal\/?p=77961#breadcrumb","itemListElement":[{"@type":"ListItem","position":1,"name":"Home","item":"https:\/\/jornalbeirario.com.br\/portal"},{"@type":"ListItem","position":2,"name":"Vacina\u00e7\u00e3o contra a Covid-19, tarefa dif\u00edcil para quilombolas"}]},{"@type":"WebSite","@id":"https:\/\/jornalbeirario.com.br\/portal\/#website","url":"https:\/\/jornalbeirario.com.br\/portal\/","name":"JORNAL BEIRA RIO","description":"","publisher":{"@id":"https:\/\/jornalbeirario.com.br\/portal\/#organization"},"potentialAction":[{"@type":"SearchAction","target":{"@type":"EntryPoint","urlTemplate":"https:\/\/jornalbeirario.com.br\/portal\/?s={search_term_string}"},"query-input":{"@type":"PropertyValueSpecification","valueRequired":true,"valueName":"search_term_string"}}],"inLanguage":"pt-BR"},{"@type":"Organization","@id":"https:\/\/jornalbeirario.com.br\/portal\/#organization","name":"JORNAL BEIRA RIO","url":"https:\/\/jornalbeirario.com.br\/portal\/","logo":{"@type":"ImageObject","inLanguage":"pt-BR","@id":"https:\/\/jornalbeirario.com.br\/portal\/#\/schema\/logo\/image\/","url":"https:\/\/jornalbeirario.com.br\/portal\/wp-content\/uploads\/2017\/09\/BEIRA-RIO_logo600.png","contentUrl":"https:\/\/jornalbeirario.com.br\/portal\/wp-content\/uploads\/2017\/09\/BEIRA-RIO_logo600.png","width":650,"height":108,"caption":"JORNAL BEIRA RIO"},"image":{"@id":"https:\/\/jornalbeirario.com.br\/portal\/#\/schema\/logo\/image\/"}},{"@type":"Person","@id":"https:\/\/jornalbeirario.com.br\/portal\/#\/schema\/person\/c6c423e4c2465d2a9233f6539173e7c1","name":"Jornal BEIRA-RIO","image":{"@type":"ImageObject","inLanguage":"pt-BR","@id":"https:\/\/jornalbeirario.com.br\/portal\/wp-content\/uploads\/2023\/10\/logojbr1.jpg","url":"https:\/\/jornalbeirario.com.br\/portal\/wp-content\/uploads\/2023\/10\/logojbr1.jpg","contentUrl":"https:\/\/jornalbeirario.com.br\/portal\/wp-content\/uploads\/2023\/10\/logojbr1.jpg","caption":"Jornal BEIRA-RIO"},"url":"https:\/\/jornalbeirario.com.br\/portal\/?author=1"}]}},"_links":{"self":[{"href":"https:\/\/jornalbeirario.com.br\/portal\/index.php?rest_route=\/wp\/v2\/posts\/77961","targetHints":{"allow":["GET"]}}],"collection":[{"href":"https:\/\/jornalbeirario.com.br\/portal\/index.php?rest_route=\/wp\/v2\/posts"}],"about":[{"href":"https:\/\/jornalbeirario.com.br\/portal\/index.php?rest_route=\/wp\/v2\/types\/post"}],"author":[{"embeddable":true,"href":"https:\/\/jornalbeirario.com.br\/portal\/index.php?rest_route=\/wp\/v2\/users\/1"}],"replies":[{"embeddable":true,"href":"https:\/\/jornalbeirario.com.br\/portal\/index.php?rest_route=%2Fwp%2Fv2%2Fcomments&post=77961"}],"version-history":[{"count":7,"href":"https:\/\/jornalbeirario.com.br\/portal\/index.php?rest_route=\/wp\/v2\/posts\/77961\/revisions"}],"predecessor-version":[{"id":77971,"href":"https:\/\/jornalbeirario.com.br\/portal\/index.php?rest_route=\/wp\/v2\/posts\/77961\/revisions\/77971"}],"wp:featuredmedia":[{"embeddable":true,"href":"https:\/\/jornalbeirario.com.br\/portal\/index.php?rest_route=\/wp\/v2\/media\/77966"}],"wp:attachment":[{"href":"https:\/\/jornalbeirario.com.br\/portal\/index.php?rest_route=%2Fwp%2Fv2%2Fmedia&parent=77961"}],"wp:term":[{"taxonomy":"category","embeddable":true,"href":"https:\/\/jornalbeirario.com.br\/portal\/index.php?rest_route=%2Fwp%2Fv2%2Fcategories&post=77961"},{"taxonomy":"post_tag","embeddable":true,"href":"https:\/\/jornalbeirario.com.br\/portal\/index.php?rest_route=%2Fwp%2Fv2%2Ftags&post=77961"}],"curies":[{"name":"wp","href":"https:\/\/api.w.org\/{rel}","templated":true}]}}