
{"id":77906,"date":"2021-08-09T09:44:56","date_gmt":"2021-08-09T12:44:56","guid":{"rendered":"http:\/\/jornalbeirario.com.br\/portal\/?p=77906"},"modified":"2021-08-09T09:44:56","modified_gmt":"2021-08-09T12:44:56","slug":"confira-a-vacinacao-contra-a-covid-19-na-regiao","status":"publish","type":"post","link":"https:\/\/jornalbeirario.com.br\/portal\/?p=77906","title":{"rendered":"Confira a vacina\u00e7\u00e3o contra a Covid-19 na regi\u00e3o"},"content":{"rendered":"<p style=\"text-align: justify;\"><img loading=\"lazy\" decoding=\"async\" class=\"alignleft size-medium wp-image-77913\" src=\"https:\/\/jornalbeirario.com.br\/portal\/wp-content\/uploads\/2021\/08\/vacinas1-300x225.jpg\" alt=\"\" width=\"300\" height=\"225\" srcset=\"https:\/\/jornalbeirario.com.br\/portal\/wp-content\/uploads\/2021\/08\/vacinas1-300x225.jpg 300w, https:\/\/jornalbeirario.com.br\/portal\/wp-content\/uploads\/2021\/08\/vacinas1.jpg 640w\" sizes=\"auto, (max-width: 300px) 100vw, 300px\" \/>Nesta segunda-feira, dia 9, os munic\u00edpios da regi\u00e3o seguem realizando a vacina\u00e7\u00e3o contra a Covid-19. Em\u00a0Quatis, a prefeitura e Secretaria de Sa\u00fade locais realizam um Drive Thru de Vacina\u00e7\u00e3o para aplica\u00e7\u00e3o da primeira dose para pessoas com 30 anos e a aplica\u00e7\u00e3o da segunda dose da Coronavac para pessoas agendadas neste dia. A vacina\u00e7\u00e3o acontece at\u00e9 \u00e0s 14h na Pra\u00e7a da Matriz (Pra\u00e7a Get\u00falio Vargas).<\/p>\n<p style=\"text-align: justify;\">Para a imuniza\u00e7\u00e3o com a primeira dose, al\u00e9m de apresentar comprovante de resid\u00eancia, cart\u00e3o do SUS, RG e CPF, os grupos precisam se enquadrar nas faixas et\u00e1rias correspondentes. E de segunda dose, dever\u00e1 ser apresentado o comprovante que recebeu quando foi vacinado com a primeira dose.<\/p>\n<p style=\"text-align: justify;\">Al\u00e9m disso, o munic\u00edpio informou que recebeu 512 novas doses no \u00faltimo s\u00e1bado, dia 7, ao todo foram 320 da AstraZeneca, e 192 da Pfizer, destinadas para aplica\u00e7\u00f5es de primeira e segunda doses, dando continuidade \u00e0 vacina\u00e7\u00e3o no munic\u00edpio, seguindo o Plano Nacional de Imuniza\u00e7\u00e3o do Minist\u00e9rio da Sa\u00fade.<\/p>\n<p style=\"text-align: justify;\">Em Resende (foto acima), chegaram\u00a0mais 5.072 doses de vacinas no mesmo dia, com 3.110 doses da AstraZeneca e 1.962 da Pfizer. De acordo com a Prefeitura, as vacinas ser\u00e3o aplicadas de acordo com o Plano Municipal de Vacina\u00e7\u00e3o contra a Covid-19, respeitando os crit\u00e9rios definidos pelo governo federal.<\/p>\n<p style=\"text-align: justify;\">O munic\u00edpio ainda n\u00e3o definiu a programa\u00e7\u00e3o para imuniza\u00e7\u00e3o nesta semana, mas segue cadastrando pessoas acima dos 25 anos que residem fora da \u00e1rea de cobertura dos postos da Estrat\u00e9gia de Sa\u00fade da Fam\u00edlia (ESF). Para isso, basta <a href=\"http:\/\/www.resende.rj.gov.br\">acessar o site da prefeitura<\/a> e\u00a0preencher o formul\u00e1rio disponibilizado na p\u00e1gina inicial (banner &#8216;Cadastre-se aqui para vacinar contra a Covid-19&#8217;). J\u00e1 as pessoas que moram em \u00e1reas de cobertura da ESF devem aguardar a divulga\u00e7\u00e3o das faixas et\u00e1rias com vacina\u00e7\u00e3o em vigor, bem como seus respectivos calend\u00e1rios.<\/p>\n<p><em>Fotos: Raimundo Brasil\/Divulga\u00e7\u00e3o PMR<\/em><\/p>\n","protected":false},"excerpt":{"rendered":"<p>Nesta segunda-feira, dia 9, os munic\u00edpios da regi\u00e3o seguem realizando a vacina\u00e7\u00e3o contra a Covid-19. Em\u00a0Quatis, a prefeitura e Secretaria de Sa\u00fade locais realizam<\/p>\n","protected":false},"author":1,"featured_media":77912,"comment_status":"open","ping_status":"open","sticky":false,"template":"","format":"standard","meta":{"pmpro_default_level":"","footnotes":"","_members_access_role":[],"_members_access_error":""},"categories":[1,18],"tags":[],"class_list":["post-77906","post","type-post","status-publish","format-standard","has-post-thumbnail","hentry","category-cidade","category-saude","pmpro-has-access"],"yoast_head":"<!-- This site is optimized with the Yoast SEO plugin v28.4 - https:\/\/yoast.com\/product\/yoast-seo-wordpress\/ -->\n<title>Confira a vacina\u00e7\u00e3o contra a Covid-19 na regi\u00e3o - JORNAL BEIRA RIO<\/title>\n<meta name=\"robots\" content=\"index, follow, max-snippet:-1, max-image-preview:large, max-video-preview:-1\" \/>\n<link rel=\"canonical\" href=\"https:\/\/jornalbeirario.com.br\/portal\/?p=77906\" \/>\n<meta property=\"og:locale\" content=\"pt_BR\" \/>\n<meta property=\"og:type\" content=\"article\" \/>\n<meta property=\"og:title\" content=\"Confira a vacina\u00e7\u00e3o contra a Covid-19 na regi\u00e3o - JORNAL BEIRA RIO\" \/>\n<meta property=\"og:description\" content=\"Nesta segunda-feira, dia 9, os munic\u00edpios da regi\u00e3o seguem realizando a vacina\u00e7\u00e3o contra a Covid-19. Em\u00a0Quatis, a prefeitura e Secretaria de Sa\u00fade locais realizam\" \/>\n<meta property=\"og:url\" content=\"https:\/\/jornalbeirario.com.br\/portal\/?p=77906\" \/>\n<meta property=\"og:site_name\" content=\"JORNAL BEIRA RIO\" \/>\n<meta property=\"article:published_time\" content=\"2021-08-09T12:44:56+00:00\" \/>\n<meta property=\"og:image\" content=\"https:\/\/jornalbeirario.com.br\/portal\/wp-content\/uploads\/2021\/08\/vacinas2.jpg\" \/>\n\t<meta property=\"og:image:width\" content=\"640\" \/>\n\t<meta property=\"og:image:height\" content=\"480\" \/>\n\t<meta property=\"og:image:type\" content=\"image\/jpeg\" \/>\n<meta name=\"author\" content=\"Jornal BEIRA-RIO\" \/>\n<meta name=\"twitter:card\" content=\"summary_large_image\" \/>\n<meta name=\"twitter:label1\" content=\"Escrito por\" \/>\n\t<meta name=\"twitter:data1\" content=\"Jornal BEIRA-RIO\" \/>\n\t<meta name=\"twitter:label2\" content=\"Est. tempo de leitura\" \/>\n\t<meta name=\"twitter:data2\" content=\"2 minutos\" \/>\n<script type=\"application\/ld+json\" class=\"yoast-schema-graph\">{\"@context\":\"https:\\\/\\\/schema.org\",\"@graph\":[{\"@type\":\"Article\",\"@id\":\"https:\\\/\\\/jornalbeirario.com.br\\\/portal\\\/?p=77906#article\",\"isPartOf\":{\"@id\":\"https:\\\/\\\/jornalbeirario.com.br\\\/portal\\\/?p=77906\"},\"author\":{\"name\":\"Jornal BEIRA-RIO\",\"@id\":\"https:\\\/\\\/jornalbeirario.com.br\\\/portal\\\/#\\\/schema\\\/person\\\/c6c423e4c2465d2a9233f6539173e7c1\"},\"headline\":\"Confira a vacina\u00e7\u00e3o contra a Covid-19 na regi\u00e3o\",\"datePublished\":\"2021-08-09T12:44:56+00:00\",\"mainEntityOfPage\":{\"@id\":\"https:\\\/\\\/jornalbeirario.com.br\\\/portal\\\/?p=77906\"},\"wordCount\":343,\"commentCount\":0,\"publisher\":{\"@id\":\"https:\\\/\\\/jornalbeirario.com.br\\\/portal\\\/#organization\"},\"image\":{\"@id\":\"https:\\\/\\\/jornalbeirario.com.br\\\/portal\\\/?p=77906#primaryimage\"},\"thumbnailUrl\":\"https:\\\/\\\/jornalbeirario.com.br\\\/portal\\\/wp-content\\\/uploads\\\/2021\\\/08\\\/vacinas2.jpg\",\"articleSection\":[\"Cidade\",\"Sa\u00fade\"],\"inLanguage\":\"pt-BR\",\"potentialAction\":[{\"@type\":\"CommentAction\",\"name\":\"Comment\",\"target\":[\"https:\\\/\\\/jornalbeirario.com.br\\\/portal\\\/?p=77906#respond\"]}]},{\"@type\":\"WebPage\",\"@id\":\"https:\\\/\\\/jornalbeirario.com.br\\\/portal\\\/?p=77906\",\"url\":\"https:\\\/\\\/jornalbeirario.com.br\\\/portal\\\/?p=77906\",\"name\":\"Confira a vacina\u00e7\u00e3o contra a Covid-19 na regi\u00e3o - JORNAL BEIRA RIO\",\"isPartOf\":{\"@id\":\"https:\\\/\\\/jornalbeirario.com.br\\\/portal\\\/#website\"},\"primaryImageOfPage\":{\"@id\":\"https:\\\/\\\/jornalbeirario.com.br\\\/portal\\\/?p=77906#primaryimage\"},\"image\":{\"@id\":\"https:\\\/\\\/jornalbeirario.com.br\\\/portal\\\/?p=77906#primaryimage\"},\"thumbnailUrl\":\"https:\\\/\\\/jornalbeirario.com.br\\\/portal\\\/wp-content\\\/uploads\\\/2021\\\/08\\\/vacinas2.jpg\",\"datePublished\":\"2021-08-09T12:44:56+00:00\",\"breadcrumb\":{\"@id\":\"https:\\\/\\\/jornalbeirario.com.br\\\/portal\\\/?p=77906#breadcrumb\"},\"inLanguage\":\"pt-BR\",\"potentialAction\":[{\"@type\":\"ReadAction\",\"target\":[\"https:\\\/\\\/jornalbeirario.com.br\\\/portal\\\/?p=77906\"]}]},{\"@type\":\"ImageObject\",\"inLanguage\":\"pt-BR\",\"@id\":\"https:\\\/\\\/jornalbeirario.com.br\\\/portal\\\/?p=77906#primaryimage\",\"url\":\"https:\\\/\\\/jornalbeirario.com.br\\\/portal\\\/wp-content\\\/uploads\\\/2021\\\/08\\\/vacinas2.jpg\",\"contentUrl\":\"https:\\\/\\\/jornalbeirario.com.br\\\/portal\\\/wp-content\\\/uploads\\\/2021\\\/08\\\/vacinas2.jpg\",\"width\":640,\"height\":480},{\"@type\":\"BreadcrumbList\",\"@id\":\"https:\\\/\\\/jornalbeirario.com.br\\\/portal\\\/?p=77906#breadcrumb\",\"itemListElement\":[{\"@type\":\"ListItem\",\"position\":1,\"name\":\"Home\",\"item\":\"https:\\\/\\\/jornalbeirario.com.br\\\/portal\"},{\"@type\":\"ListItem\",\"position\":2,\"name\":\"Confira a vacina\u00e7\u00e3o contra a Covid-19 na regi\u00e3o\"}]},{\"@type\":\"WebSite\",\"@id\":\"https:\\\/\\\/jornalbeirario.com.br\\\/portal\\\/#website\",\"url\":\"https:\\\/\\\/jornalbeirario.com.br\\\/portal\\\/\",\"name\":\"JORNAL BEIRA RIO\",\"description\":\"\",\"publisher\":{\"@id\":\"https:\\\/\\\/jornalbeirario.com.br\\\/portal\\\/#organization\"},\"potentialAction\":[{\"@type\":\"SearchAction\",\"target\":{\"@type\":\"EntryPoint\",\"urlTemplate\":\"https:\\\/\\\/jornalbeirario.com.br\\\/portal\\\/?s={search_term_string}\"},\"query-input\":{\"@type\":\"PropertyValueSpecification\",\"valueRequired\":true,\"valueName\":\"search_term_string\"}}],\"inLanguage\":\"pt-BR\"},{\"@type\":\"Organization\",\"@id\":\"https:\\\/\\\/jornalbeirario.com.br\\\/portal\\\/#organization\",\"name\":\"JORNAL BEIRA RIO\",\"url\":\"https:\\\/\\\/jornalbeirario.com.br\\\/portal\\\/\",\"logo\":{\"@type\":\"ImageObject\",\"inLanguage\":\"pt-BR\",\"@id\":\"https:\\\/\\\/jornalbeirario.com.br\\\/portal\\\/#\\\/schema\\\/logo\\\/image\\\/\",\"url\":\"https:\\\/\\\/jornalbeirario.com.br\\\/portal\\\/wp-content\\\/uploads\\\/2017\\\/09\\\/BEIRA-RIO_logo600.png\",\"contentUrl\":\"https:\\\/\\\/jornalbeirario.com.br\\\/portal\\\/wp-content\\\/uploads\\\/2017\\\/09\\\/BEIRA-RIO_logo600.png\",\"width\":650,\"height\":108,\"caption\":\"JORNAL BEIRA RIO\"},\"image\":{\"@id\":\"https:\\\/\\\/jornalbeirario.com.br\\\/portal\\\/#\\\/schema\\\/logo\\\/image\\\/\"}},{\"@type\":\"Person\",\"@id\":\"https:\\\/\\\/jornalbeirario.com.br\\\/portal\\\/#\\\/schema\\\/person\\\/c6c423e4c2465d2a9233f6539173e7c1\",\"name\":\"Jornal BEIRA-RIO\",\"image\":{\"@type\":\"ImageObject\",\"inLanguage\":\"pt-BR\",\"@id\":\"https:\\\/\\\/jornalbeirario.com.br\\\/portal\\\/wp-content\\\/uploads\\\/2023\\\/10\\\/logojbr1.jpg\",\"url\":\"https:\\\/\\\/jornalbeirario.com.br\\\/portal\\\/wp-content\\\/uploads\\\/2023\\\/10\\\/logojbr1.jpg\",\"contentUrl\":\"https:\\\/\\\/jornalbeirario.com.br\\\/portal\\\/wp-content\\\/uploads\\\/2023\\\/10\\\/logojbr1.jpg\",\"caption\":\"Jornal BEIRA-RIO\"},\"url\":\"https:\\\/\\\/jornalbeirario.com.br\\\/portal\\\/?author=1\"}]}<\/script>\n<!-- \/ Yoast SEO plugin. -->","yoast_head_json":{"title":"Confira a vacina\u00e7\u00e3o contra a Covid-19 na regi\u00e3o - JORNAL BEIRA RIO","robots":{"index":"index","follow":"follow","max-snippet":"max-snippet:-1","max-image-preview":"max-image-preview:large","max-video-preview":"max-video-preview:-1"},"canonical":"https:\/\/jornalbeirario.com.br\/portal\/?p=77906","og_locale":"pt_BR","og_type":"article","og_title":"Confira a vacina\u00e7\u00e3o contra a Covid-19 na regi\u00e3o - JORNAL BEIRA RIO","og_description":"Nesta segunda-feira, dia 9, os munic\u00edpios da regi\u00e3o seguem realizando a vacina\u00e7\u00e3o contra a Covid-19. Em\u00a0Quatis, a prefeitura e Secretaria de Sa\u00fade locais realizam","og_url":"https:\/\/jornalbeirario.com.br\/portal\/?p=77906","og_site_name":"JORNAL BEIRA RIO","article_published_time":"2021-08-09T12:44:56+00:00","og_image":[{"width":640,"height":480,"url":"https:\/\/jornalbeirario.com.br\/portal\/wp-content\/uploads\/2021\/08\/vacinas2.jpg","type":"image\/jpeg"}],"author":"Jornal BEIRA-RIO","twitter_card":"summary_large_image","twitter_misc":{"Escrito por":"Jornal BEIRA-RIO","Est. tempo de leitura":"2 minutos"},"schema":{"@context":"https:\/\/schema.org","@graph":[{"@type":"Article","@id":"https:\/\/jornalbeirario.com.br\/portal\/?p=77906#article","isPartOf":{"@id":"https:\/\/jornalbeirario.com.br\/portal\/?p=77906"},"author":{"name":"Jornal BEIRA-RIO","@id":"https:\/\/jornalbeirario.com.br\/portal\/#\/schema\/person\/c6c423e4c2465d2a9233f6539173e7c1"},"headline":"Confira a vacina\u00e7\u00e3o contra a Covid-19 na regi\u00e3o","datePublished":"2021-08-09T12:44:56+00:00","mainEntityOfPage":{"@id":"https:\/\/jornalbeirario.com.br\/portal\/?p=77906"},"wordCount":343,"commentCount":0,"publisher":{"@id":"https:\/\/jornalbeirario.com.br\/portal\/#organization"},"image":{"@id":"https:\/\/jornalbeirario.com.br\/portal\/?p=77906#primaryimage"},"thumbnailUrl":"https:\/\/jornalbeirario.com.br\/portal\/wp-content\/uploads\/2021\/08\/vacinas2.jpg","articleSection":["Cidade","Sa\u00fade"],"inLanguage":"pt-BR","potentialAction":[{"@type":"CommentAction","name":"Comment","target":["https:\/\/jornalbeirario.com.br\/portal\/?p=77906#respond"]}]},{"@type":"WebPage","@id":"https:\/\/jornalbeirario.com.br\/portal\/?p=77906","url":"https:\/\/jornalbeirario.com.br\/portal\/?p=77906","name":"Confira a vacina\u00e7\u00e3o contra a Covid-19 na regi\u00e3o - JORNAL BEIRA RIO","isPartOf":{"@id":"https:\/\/jornalbeirario.com.br\/portal\/#website"},"primaryImageOfPage":{"@id":"https:\/\/jornalbeirario.com.br\/portal\/?p=77906#primaryimage"},"image":{"@id":"https:\/\/jornalbeirario.com.br\/portal\/?p=77906#primaryimage"},"thumbnailUrl":"https:\/\/jornalbeirario.com.br\/portal\/wp-content\/uploads\/2021\/08\/vacinas2.jpg","datePublished":"2021-08-09T12:44:56+00:00","breadcrumb":{"@id":"https:\/\/jornalbeirario.com.br\/portal\/?p=77906#breadcrumb"},"inLanguage":"pt-BR","potentialAction":[{"@type":"ReadAction","target":["https:\/\/jornalbeirario.com.br\/portal\/?p=77906"]}]},{"@type":"ImageObject","inLanguage":"pt-BR","@id":"https:\/\/jornalbeirario.com.br\/portal\/?p=77906#primaryimage","url":"https:\/\/jornalbeirario.com.br\/portal\/wp-content\/uploads\/2021\/08\/vacinas2.jpg","contentUrl":"https:\/\/jornalbeirario.com.br\/portal\/wp-content\/uploads\/2021\/08\/vacinas2.jpg","width":640,"height":480},{"@type":"BreadcrumbList","@id":"https:\/\/jornalbeirario.com.br\/portal\/?p=77906#breadcrumb","itemListElement":[{"@type":"ListItem","position":1,"name":"Home","item":"https:\/\/jornalbeirario.com.br\/portal"},{"@type":"ListItem","position":2,"name":"Confira a vacina\u00e7\u00e3o contra a Covid-19 na regi\u00e3o"}]},{"@type":"WebSite","@id":"https:\/\/jornalbeirario.com.br\/portal\/#website","url":"https:\/\/jornalbeirario.com.br\/portal\/","name":"JORNAL BEIRA RIO","description":"","publisher":{"@id":"https:\/\/jornalbeirario.com.br\/portal\/#organization"},"potentialAction":[{"@type":"SearchAction","target":{"@type":"EntryPoint","urlTemplate":"https:\/\/jornalbeirario.com.br\/portal\/?s={search_term_string}"},"query-input":{"@type":"PropertyValueSpecification","valueRequired":true,"valueName":"search_term_string"}}],"inLanguage":"pt-BR"},{"@type":"Organization","@id":"https:\/\/jornalbeirario.com.br\/portal\/#organization","name":"JORNAL BEIRA RIO","url":"https:\/\/jornalbeirario.com.br\/portal\/","logo":{"@type":"ImageObject","inLanguage":"pt-BR","@id":"https:\/\/jornalbeirario.com.br\/portal\/#\/schema\/logo\/image\/","url":"https:\/\/jornalbeirario.com.br\/portal\/wp-content\/uploads\/2017\/09\/BEIRA-RIO_logo600.png","contentUrl":"https:\/\/jornalbeirario.com.br\/portal\/wp-content\/uploads\/2017\/09\/BEIRA-RIO_logo600.png","width":650,"height":108,"caption":"JORNAL BEIRA RIO"},"image":{"@id":"https:\/\/jornalbeirario.com.br\/portal\/#\/schema\/logo\/image\/"}},{"@type":"Person","@id":"https:\/\/jornalbeirario.com.br\/portal\/#\/schema\/person\/c6c423e4c2465d2a9233f6539173e7c1","name":"Jornal BEIRA-RIO","image":{"@type":"ImageObject","inLanguage":"pt-BR","@id":"https:\/\/jornalbeirario.com.br\/portal\/wp-content\/uploads\/2023\/10\/logojbr1.jpg","url":"https:\/\/jornalbeirario.com.br\/portal\/wp-content\/uploads\/2023\/10\/logojbr1.jpg","contentUrl":"https:\/\/jornalbeirario.com.br\/portal\/wp-content\/uploads\/2023\/10\/logojbr1.jpg","caption":"Jornal BEIRA-RIO"},"url":"https:\/\/jornalbeirario.com.br\/portal\/?author=1"}]}},"_links":{"self":[{"href":"https:\/\/jornalbeirario.com.br\/portal\/index.php?rest_route=\/wp\/v2\/posts\/77906","targetHints":{"allow":["GET"]}}],"collection":[{"href":"https:\/\/jornalbeirario.com.br\/portal\/index.php?rest_route=\/wp\/v2\/posts"}],"about":[{"href":"https:\/\/jornalbeirario.com.br\/portal\/index.php?rest_route=\/wp\/v2\/types\/post"}],"author":[{"embeddable":true,"href":"https:\/\/jornalbeirario.com.br\/portal\/index.php?rest_route=\/wp\/v2\/users\/1"}],"replies":[{"embeddable":true,"href":"https:\/\/jornalbeirario.com.br\/portal\/index.php?rest_route=%2Fwp%2Fv2%2Fcomments&post=77906"}],"version-history":[{"count":6,"href":"https:\/\/jornalbeirario.com.br\/portal\/index.php?rest_route=\/wp\/v2\/posts\/77906\/revisions"}],"predecessor-version":[{"id":77914,"href":"https:\/\/jornalbeirario.com.br\/portal\/index.php?rest_route=\/wp\/v2\/posts\/77906\/revisions\/77914"}],"wp:featuredmedia":[{"embeddable":true,"href":"https:\/\/jornalbeirario.com.br\/portal\/index.php?rest_route=\/wp\/v2\/media\/77912"}],"wp:attachment":[{"href":"https:\/\/jornalbeirario.com.br\/portal\/index.php?rest_route=%2Fwp%2Fv2%2Fmedia&parent=77906"}],"wp:term":[{"taxonomy":"category","embeddable":true,"href":"https:\/\/jornalbeirario.com.br\/portal\/index.php?rest_route=%2Fwp%2Fv2%2Fcategories&post=77906"},{"taxonomy":"post_tag","embeddable":true,"href":"https:\/\/jornalbeirario.com.br\/portal\/index.php?rest_route=%2Fwp%2Fv2%2Ftags&post=77906"}],"curies":[{"name":"wp","href":"https:\/\/api.w.org\/{rel}","templated":true}]}}