
{"id":77823,"date":"2021-08-05T11:23:26","date_gmt":"2021-08-05T14:23:26","guid":{"rendered":"http:\/\/jornalbeirario.com.br\/portal\/?p=77823"},"modified":"2021-08-05T11:24:44","modified_gmt":"2021-08-05T14:24:44","slug":"programa-bairro-seguro-chegara-em-breve-a-regiao-do-medio-paraiba","status":"publish","type":"post","link":"https:\/\/jornalbeirario.com.br\/portal\/?p=77823","title":{"rendered":"Programa &#8220;Bairro Seguro&#8221; chegar\u00e1 em breve \u00e0 regi\u00e3o do M\u00e9dio Para\u00edba"},"content":{"rendered":"<figure id=\"attachment_77827\" aria-describedby=\"caption-attachment-77827\" style=\"width: 300px\" class=\"wp-caption alignleft\"><img loading=\"lazy\" decoding=\"async\" class=\"wp-image-77827 size-medium\" src=\"https:\/\/jornalbeirario.com.br\/portal\/wp-content\/uploads\/2021\/08\/reuniaocompm1-300x225.jpg\" alt=\"\" width=\"300\" height=\"225\" srcset=\"https:\/\/jornalbeirario.com.br\/portal\/wp-content\/uploads\/2021\/08\/reuniaocompm1-300x225.jpg 300w, https:\/\/jornalbeirario.com.br\/portal\/wp-content\/uploads\/2021\/08\/reuniaocompm1.jpg 640w\" sizes=\"auto, (max-width: 300px) 100vw, 300px\" \/><figcaption id=\"caption-attachment-77827\" class=\"wp-caption-text\">Noel (\u00e0 esquerda) e vereador Ron\u00e1rio (de vermelho) tiveram a oportunidade de conhecer novo programa estadual de seguran\u00e7a<\/figcaption><\/figure>\n<p style=\"text-align: justify;\">O programa Bairro Seguro, criado pelo Governo do Estado do Rio de Janeiro, chegar\u00e1 \u00e0 regi\u00e3o em breve. Em reuni\u00e3o\u00a0na tarde de ter\u00e7a-feira, dia 3, com o secret\u00e1rio de Pol\u00edcia Militar, coronel Rog\u00e9rio Figueredo de Lacerda, o deputado Noel de Carvalho (PSDB) e o vereador de Porto Real Ron\u00e1rio de Souza (PSDB), foi debatida a inclus\u00e3o do bairro Cidade Alegria, em Resende, e dos munic\u00edpios de Itatiaia, Porto Real, Barra Mansa e Volta Redonda no programa, que ser\u00e1 estendido para o interior do estado.<\/p>\n<p style=\"text-align: justify;\">Al\u00e9m disso, Noel j\u00e1 apresentou na Assembleia Legislativa (Alerj) as indica\u00e7\u00f5es ao governador Cl\u00e1udio Castro para incluir as localidades da regi\u00e3o no programa. \u201cVamos trazer o \u2018Bairro Seguro\u2019 para o Sul Fluminense para melhorar a seguran\u00e7a da nossa popula\u00e7\u00e3o\u201d, afirmou Noel.<\/p>\n<p style=\"text-align: justify;\">Na reuni\u00e3o com o secret\u00e1rio de Pol\u00edcia Militar, tamb\u00e9m foram apresentadas para Noel e o vereador Ron\u00e1rio as a\u00e7\u00f5es que est\u00e3o sendo realizadas para combater o crime, como o projeto \u2018Cintur\u00e3o de Divisas\u2019\u2019 de bloqueio em rodovias estaduais de acesso ao Rio de Janeiro. \u201cO coronel Rog\u00e9rio Figueredo est\u00e1 fazendo um excelente trabalho. Ele conhece a nossa regi\u00e3o, j\u00e1 que comandou o 37\u00ba BPM, de Resende. Nosso di\u00e1logo foi muito produtivo\u201d, disse Noel.<\/p>\n<p style=\"text-align: justify;\">Lan\u00e7ado pelo estado no m\u00eas de junho, o programa Bairro Seguro \u00e9 realidade em 28 bairros da Capital e de Maric\u00e1, que ganharam complementa\u00e7\u00e3o no policiamento. O objetivo do programa \u00e9 reduzir roubos e furtos, atrav\u00e9s de um policiamento de proximidade. Cada equipe de policiais tem um telefone celular funcional para agilizar o acesso e a proximidade com os moradores de forma institucionalizada.<\/p>\n<p><em>Foto: Divulga\u00e7\u00e3o<\/em><\/p>\n","protected":false},"excerpt":{"rendered":"<p>O programa Bairro Seguro, criado pelo Governo do Estado do Rio de Janeiro, chegar\u00e1 \u00e0 regi\u00e3o em breve. Em reuni\u00e3o\u00a0na tarde de ter\u00e7a-feira, dia<\/p>\n","protected":false},"author":1,"featured_media":77827,"comment_status":"open","ping_status":"open","sticky":false,"template":"","format":"standard","meta":{"pmpro_default_level":"","footnotes":"","_members_access_role":[],"_members_access_error":""},"categories":[10,233,158],"tags":[],"class_list":["post-77823","post","type-post","status-publish","format-standard","has-post-thumbnail","hentry","category-policia","category-regiao","category-rio-de-janeiro","pmpro-has-access"],"yoast_head":"<!-- This site is optimized with the Yoast SEO plugin v28.4 - https:\/\/yoast.com\/product\/yoast-seo-wordpress\/ -->\n<title>Programa &quot;Bairro Seguro&quot; chegar\u00e1 em breve \u00e0 regi\u00e3o do M\u00e9dio Para\u00edba - JORNAL BEIRA RIO<\/title>\n<meta name=\"robots\" content=\"index, follow, max-snippet:-1, max-image-preview:large, max-video-preview:-1\" \/>\n<link rel=\"canonical\" href=\"https:\/\/jornalbeirario.com.br\/portal\/?p=77823\" \/>\n<meta property=\"og:locale\" content=\"pt_BR\" \/>\n<meta property=\"og:type\" content=\"article\" \/>\n<meta property=\"og:title\" content=\"Programa &quot;Bairro Seguro&quot; chegar\u00e1 em breve \u00e0 regi\u00e3o do M\u00e9dio Para\u00edba - JORNAL BEIRA RIO\" \/>\n<meta property=\"og:description\" content=\"O programa Bairro Seguro, criado pelo Governo do Estado do Rio de Janeiro, chegar\u00e1 \u00e0 regi\u00e3o em breve. Em reuni\u00e3o\u00a0na tarde de ter\u00e7a-feira, dia\" \/>\n<meta property=\"og:url\" content=\"https:\/\/jornalbeirario.com.br\/portal\/?p=77823\" \/>\n<meta property=\"og:site_name\" content=\"JORNAL BEIRA RIO\" \/>\n<meta property=\"article:published_time\" content=\"2021-08-05T14:23:26+00:00\" \/>\n<meta property=\"article:modified_time\" content=\"2021-08-05T14:24:44+00:00\" \/>\n<meta property=\"og:image\" content=\"https:\/\/jornalbeirario.com.br\/portal\/wp-content\/uploads\/2021\/08\/reuniaocompm1.jpg\" \/>\n\t<meta property=\"og:image:width\" content=\"640\" \/>\n\t<meta property=\"og:image:height\" content=\"480\" \/>\n\t<meta property=\"og:image:type\" content=\"image\/jpeg\" \/>\n<meta name=\"author\" content=\"Jornal BEIRA-RIO\" \/>\n<meta name=\"twitter:card\" content=\"summary_large_image\" \/>\n<meta name=\"twitter:label1\" content=\"Escrito por\" \/>\n\t<meta name=\"twitter:data1\" content=\"Jornal BEIRA-RIO\" \/>\n\t<meta name=\"twitter:label2\" content=\"Est. tempo de leitura\" \/>\n\t<meta name=\"twitter:data2\" content=\"2 minutos\" \/>\n<script type=\"application\/ld+json\" class=\"yoast-schema-graph\">{\"@context\":\"https:\\\/\\\/schema.org\",\"@graph\":[{\"@type\":\"Article\",\"@id\":\"https:\\\/\\\/jornalbeirario.com.br\\\/portal\\\/?p=77823#article\",\"isPartOf\":{\"@id\":\"https:\\\/\\\/jornalbeirario.com.br\\\/portal\\\/?p=77823\"},\"author\":{\"name\":\"Jornal BEIRA-RIO\",\"@id\":\"https:\\\/\\\/jornalbeirario.com.br\\\/portal\\\/#\\\/schema\\\/person\\\/c6c423e4c2465d2a9233f6539173e7c1\"},\"headline\":\"Programa &#8220;Bairro Seguro&#8221; chegar\u00e1 em breve \u00e0 regi\u00e3o do M\u00e9dio Para\u00edba\",\"datePublished\":\"2021-08-05T14:23:26+00:00\",\"dateModified\":\"2021-08-05T14:24:44+00:00\",\"mainEntityOfPage\":{\"@id\":\"https:\\\/\\\/jornalbeirario.com.br\\\/portal\\\/?p=77823\"},\"wordCount\":328,\"commentCount\":0,\"publisher\":{\"@id\":\"https:\\\/\\\/jornalbeirario.com.br\\\/portal\\\/#organization\"},\"image\":{\"@id\":\"https:\\\/\\\/jornalbeirario.com.br\\\/portal\\\/?p=77823#primaryimage\"},\"thumbnailUrl\":\"https:\\\/\\\/jornalbeirario.com.br\\\/portal\\\/wp-content\\\/uploads\\\/2021\\\/08\\\/reuniaocompm1.jpg\",\"articleSection\":[\"Pol\u00edcia\",\"Regi\u00e3o\",\"Rio de Janeiro\"],\"inLanguage\":\"pt-BR\",\"potentialAction\":[{\"@type\":\"CommentAction\",\"name\":\"Comment\",\"target\":[\"https:\\\/\\\/jornalbeirario.com.br\\\/portal\\\/?p=77823#respond\"]}]},{\"@type\":\"WebPage\",\"@id\":\"https:\\\/\\\/jornalbeirario.com.br\\\/portal\\\/?p=77823\",\"url\":\"https:\\\/\\\/jornalbeirario.com.br\\\/portal\\\/?p=77823\",\"name\":\"Programa \\\"Bairro Seguro\\\" chegar\u00e1 em breve \u00e0 regi\u00e3o do M\u00e9dio Para\u00edba - JORNAL BEIRA RIO\",\"isPartOf\":{\"@id\":\"https:\\\/\\\/jornalbeirario.com.br\\\/portal\\\/#website\"},\"primaryImageOfPage\":{\"@id\":\"https:\\\/\\\/jornalbeirario.com.br\\\/portal\\\/?p=77823#primaryimage\"},\"image\":{\"@id\":\"https:\\\/\\\/jornalbeirario.com.br\\\/portal\\\/?p=77823#primaryimage\"},\"thumbnailUrl\":\"https:\\\/\\\/jornalbeirario.com.br\\\/portal\\\/wp-content\\\/uploads\\\/2021\\\/08\\\/reuniaocompm1.jpg\",\"datePublished\":\"2021-08-05T14:23:26+00:00\",\"dateModified\":\"2021-08-05T14:24:44+00:00\",\"breadcrumb\":{\"@id\":\"https:\\\/\\\/jornalbeirario.com.br\\\/portal\\\/?p=77823#breadcrumb\"},\"inLanguage\":\"pt-BR\",\"potentialAction\":[{\"@type\":\"ReadAction\",\"target\":[\"https:\\\/\\\/jornalbeirario.com.br\\\/portal\\\/?p=77823\"]}]},{\"@type\":\"ImageObject\",\"inLanguage\":\"pt-BR\",\"@id\":\"https:\\\/\\\/jornalbeirario.com.br\\\/portal\\\/?p=77823#primaryimage\",\"url\":\"https:\\\/\\\/jornalbeirario.com.br\\\/portal\\\/wp-content\\\/uploads\\\/2021\\\/08\\\/reuniaocompm1.jpg\",\"contentUrl\":\"https:\\\/\\\/jornalbeirario.com.br\\\/portal\\\/wp-content\\\/uploads\\\/2021\\\/08\\\/reuniaocompm1.jpg\",\"width\":640,\"height\":480},{\"@type\":\"BreadcrumbList\",\"@id\":\"https:\\\/\\\/jornalbeirario.com.br\\\/portal\\\/?p=77823#breadcrumb\",\"itemListElement\":[{\"@type\":\"ListItem\",\"position\":1,\"name\":\"Home\",\"item\":\"https:\\\/\\\/jornalbeirario.com.br\\\/portal\"},{\"@type\":\"ListItem\",\"position\":2,\"name\":\"Programa &#8220;Bairro Seguro&#8221; chegar\u00e1 em breve \u00e0 regi\u00e3o do M\u00e9dio Para\u00edba\"}]},{\"@type\":\"WebSite\",\"@id\":\"https:\\\/\\\/jornalbeirario.com.br\\\/portal\\\/#website\",\"url\":\"https:\\\/\\\/jornalbeirario.com.br\\\/portal\\\/\",\"name\":\"JORNAL BEIRA RIO\",\"description\":\"\",\"publisher\":{\"@id\":\"https:\\\/\\\/jornalbeirario.com.br\\\/portal\\\/#organization\"},\"potentialAction\":[{\"@type\":\"SearchAction\",\"target\":{\"@type\":\"EntryPoint\",\"urlTemplate\":\"https:\\\/\\\/jornalbeirario.com.br\\\/portal\\\/?s={search_term_string}\"},\"query-input\":{\"@type\":\"PropertyValueSpecification\",\"valueRequired\":true,\"valueName\":\"search_term_string\"}}],\"inLanguage\":\"pt-BR\"},{\"@type\":\"Organization\",\"@id\":\"https:\\\/\\\/jornalbeirario.com.br\\\/portal\\\/#organization\",\"name\":\"JORNAL BEIRA RIO\",\"url\":\"https:\\\/\\\/jornalbeirario.com.br\\\/portal\\\/\",\"logo\":{\"@type\":\"ImageObject\",\"inLanguage\":\"pt-BR\",\"@id\":\"https:\\\/\\\/jornalbeirario.com.br\\\/portal\\\/#\\\/schema\\\/logo\\\/image\\\/\",\"url\":\"https:\\\/\\\/jornalbeirario.com.br\\\/portal\\\/wp-content\\\/uploads\\\/2017\\\/09\\\/BEIRA-RIO_logo600.png\",\"contentUrl\":\"https:\\\/\\\/jornalbeirario.com.br\\\/portal\\\/wp-content\\\/uploads\\\/2017\\\/09\\\/BEIRA-RIO_logo600.png\",\"width\":650,\"height\":108,\"caption\":\"JORNAL BEIRA RIO\"},\"image\":{\"@id\":\"https:\\\/\\\/jornalbeirario.com.br\\\/portal\\\/#\\\/schema\\\/logo\\\/image\\\/\"}},{\"@type\":\"Person\",\"@id\":\"https:\\\/\\\/jornalbeirario.com.br\\\/portal\\\/#\\\/schema\\\/person\\\/c6c423e4c2465d2a9233f6539173e7c1\",\"name\":\"Jornal BEIRA-RIO\",\"image\":{\"@type\":\"ImageObject\",\"inLanguage\":\"pt-BR\",\"@id\":\"https:\\\/\\\/jornalbeirario.com.br\\\/portal\\\/wp-content\\\/uploads\\\/2023\\\/10\\\/logojbr1.jpg\",\"url\":\"https:\\\/\\\/jornalbeirario.com.br\\\/portal\\\/wp-content\\\/uploads\\\/2023\\\/10\\\/logojbr1.jpg\",\"contentUrl\":\"https:\\\/\\\/jornalbeirario.com.br\\\/portal\\\/wp-content\\\/uploads\\\/2023\\\/10\\\/logojbr1.jpg\",\"caption\":\"Jornal BEIRA-RIO\"},\"url\":\"https:\\\/\\\/jornalbeirario.com.br\\\/portal\\\/?author=1\"}]}<\/script>\n<!-- \/ Yoast SEO plugin. -->","yoast_head_json":{"title":"Programa \"Bairro Seguro\" chegar\u00e1 em breve \u00e0 regi\u00e3o do M\u00e9dio Para\u00edba - JORNAL BEIRA RIO","robots":{"index":"index","follow":"follow","max-snippet":"max-snippet:-1","max-image-preview":"max-image-preview:large","max-video-preview":"max-video-preview:-1"},"canonical":"https:\/\/jornalbeirario.com.br\/portal\/?p=77823","og_locale":"pt_BR","og_type":"article","og_title":"Programa \"Bairro Seguro\" chegar\u00e1 em breve \u00e0 regi\u00e3o do M\u00e9dio Para\u00edba - JORNAL BEIRA RIO","og_description":"O programa Bairro Seguro, criado pelo Governo do Estado do Rio de Janeiro, chegar\u00e1 \u00e0 regi\u00e3o em breve. Em reuni\u00e3o\u00a0na tarde de ter\u00e7a-feira, dia","og_url":"https:\/\/jornalbeirario.com.br\/portal\/?p=77823","og_site_name":"JORNAL BEIRA RIO","article_published_time":"2021-08-05T14:23:26+00:00","article_modified_time":"2021-08-05T14:24:44+00:00","og_image":[{"width":640,"height":480,"url":"https:\/\/jornalbeirario.com.br\/portal\/wp-content\/uploads\/2021\/08\/reuniaocompm1.jpg","type":"image\/jpeg"}],"author":"Jornal BEIRA-RIO","twitter_card":"summary_large_image","twitter_misc":{"Escrito por":"Jornal BEIRA-RIO","Est. tempo de leitura":"2 minutos"},"schema":{"@context":"https:\/\/schema.org","@graph":[{"@type":"Article","@id":"https:\/\/jornalbeirario.com.br\/portal\/?p=77823#article","isPartOf":{"@id":"https:\/\/jornalbeirario.com.br\/portal\/?p=77823"},"author":{"name":"Jornal BEIRA-RIO","@id":"https:\/\/jornalbeirario.com.br\/portal\/#\/schema\/person\/c6c423e4c2465d2a9233f6539173e7c1"},"headline":"Programa &#8220;Bairro Seguro&#8221; chegar\u00e1 em breve \u00e0 regi\u00e3o do M\u00e9dio Para\u00edba","datePublished":"2021-08-05T14:23:26+00:00","dateModified":"2021-08-05T14:24:44+00:00","mainEntityOfPage":{"@id":"https:\/\/jornalbeirario.com.br\/portal\/?p=77823"},"wordCount":328,"commentCount":0,"publisher":{"@id":"https:\/\/jornalbeirario.com.br\/portal\/#organization"},"image":{"@id":"https:\/\/jornalbeirario.com.br\/portal\/?p=77823#primaryimage"},"thumbnailUrl":"https:\/\/jornalbeirario.com.br\/portal\/wp-content\/uploads\/2021\/08\/reuniaocompm1.jpg","articleSection":["Pol\u00edcia","Regi\u00e3o","Rio de Janeiro"],"inLanguage":"pt-BR","potentialAction":[{"@type":"CommentAction","name":"Comment","target":["https:\/\/jornalbeirario.com.br\/portal\/?p=77823#respond"]}]},{"@type":"WebPage","@id":"https:\/\/jornalbeirario.com.br\/portal\/?p=77823","url":"https:\/\/jornalbeirario.com.br\/portal\/?p=77823","name":"Programa \"Bairro Seguro\" chegar\u00e1 em breve \u00e0 regi\u00e3o do M\u00e9dio Para\u00edba - JORNAL BEIRA RIO","isPartOf":{"@id":"https:\/\/jornalbeirario.com.br\/portal\/#website"},"primaryImageOfPage":{"@id":"https:\/\/jornalbeirario.com.br\/portal\/?p=77823#primaryimage"},"image":{"@id":"https:\/\/jornalbeirario.com.br\/portal\/?p=77823#primaryimage"},"thumbnailUrl":"https:\/\/jornalbeirario.com.br\/portal\/wp-content\/uploads\/2021\/08\/reuniaocompm1.jpg","datePublished":"2021-08-05T14:23:26+00:00","dateModified":"2021-08-05T14:24:44+00:00","breadcrumb":{"@id":"https:\/\/jornalbeirario.com.br\/portal\/?p=77823#breadcrumb"},"inLanguage":"pt-BR","potentialAction":[{"@type":"ReadAction","target":["https:\/\/jornalbeirario.com.br\/portal\/?p=77823"]}]},{"@type":"ImageObject","inLanguage":"pt-BR","@id":"https:\/\/jornalbeirario.com.br\/portal\/?p=77823#primaryimage","url":"https:\/\/jornalbeirario.com.br\/portal\/wp-content\/uploads\/2021\/08\/reuniaocompm1.jpg","contentUrl":"https:\/\/jornalbeirario.com.br\/portal\/wp-content\/uploads\/2021\/08\/reuniaocompm1.jpg","width":640,"height":480},{"@type":"BreadcrumbList","@id":"https:\/\/jornalbeirario.com.br\/portal\/?p=77823#breadcrumb","itemListElement":[{"@type":"ListItem","position":1,"name":"Home","item":"https:\/\/jornalbeirario.com.br\/portal"},{"@type":"ListItem","position":2,"name":"Programa &#8220;Bairro Seguro&#8221; chegar\u00e1 em breve \u00e0 regi\u00e3o do M\u00e9dio Para\u00edba"}]},{"@type":"WebSite","@id":"https:\/\/jornalbeirario.com.br\/portal\/#website","url":"https:\/\/jornalbeirario.com.br\/portal\/","name":"JORNAL BEIRA RIO","description":"","publisher":{"@id":"https:\/\/jornalbeirario.com.br\/portal\/#organization"},"potentialAction":[{"@type":"SearchAction","target":{"@type":"EntryPoint","urlTemplate":"https:\/\/jornalbeirario.com.br\/portal\/?s={search_term_string}"},"query-input":{"@type":"PropertyValueSpecification","valueRequired":true,"valueName":"search_term_string"}}],"inLanguage":"pt-BR"},{"@type":"Organization","@id":"https:\/\/jornalbeirario.com.br\/portal\/#organization","name":"JORNAL BEIRA RIO","url":"https:\/\/jornalbeirario.com.br\/portal\/","logo":{"@type":"ImageObject","inLanguage":"pt-BR","@id":"https:\/\/jornalbeirario.com.br\/portal\/#\/schema\/logo\/image\/","url":"https:\/\/jornalbeirario.com.br\/portal\/wp-content\/uploads\/2017\/09\/BEIRA-RIO_logo600.png","contentUrl":"https:\/\/jornalbeirario.com.br\/portal\/wp-content\/uploads\/2017\/09\/BEIRA-RIO_logo600.png","width":650,"height":108,"caption":"JORNAL BEIRA RIO"},"image":{"@id":"https:\/\/jornalbeirario.com.br\/portal\/#\/schema\/logo\/image\/"}},{"@type":"Person","@id":"https:\/\/jornalbeirario.com.br\/portal\/#\/schema\/person\/c6c423e4c2465d2a9233f6539173e7c1","name":"Jornal BEIRA-RIO","image":{"@type":"ImageObject","inLanguage":"pt-BR","@id":"https:\/\/jornalbeirario.com.br\/portal\/wp-content\/uploads\/2023\/10\/logojbr1.jpg","url":"https:\/\/jornalbeirario.com.br\/portal\/wp-content\/uploads\/2023\/10\/logojbr1.jpg","contentUrl":"https:\/\/jornalbeirario.com.br\/portal\/wp-content\/uploads\/2023\/10\/logojbr1.jpg","caption":"Jornal BEIRA-RIO"},"url":"https:\/\/jornalbeirario.com.br\/portal\/?author=1"}]}},"_links":{"self":[{"href":"https:\/\/jornalbeirario.com.br\/portal\/index.php?rest_route=\/wp\/v2\/posts\/77823","targetHints":{"allow":["GET"]}}],"collection":[{"href":"https:\/\/jornalbeirario.com.br\/portal\/index.php?rest_route=\/wp\/v2\/posts"}],"about":[{"href":"https:\/\/jornalbeirario.com.br\/portal\/index.php?rest_route=\/wp\/v2\/types\/post"}],"author":[{"embeddable":true,"href":"https:\/\/jornalbeirario.com.br\/portal\/index.php?rest_route=\/wp\/v2\/users\/1"}],"replies":[{"embeddable":true,"href":"https:\/\/jornalbeirario.com.br\/portal\/index.php?rest_route=%2Fwp%2Fv2%2Fcomments&post=77823"}],"version-history":[{"count":12,"href":"https:\/\/jornalbeirario.com.br\/portal\/index.php?rest_route=\/wp\/v2\/posts\/77823\/revisions"}],"predecessor-version":[{"id":77836,"href":"https:\/\/jornalbeirario.com.br\/portal\/index.php?rest_route=\/wp\/v2\/posts\/77823\/revisions\/77836"}],"wp:featuredmedia":[{"embeddable":true,"href":"https:\/\/jornalbeirario.com.br\/portal\/index.php?rest_route=\/wp\/v2\/media\/77827"}],"wp:attachment":[{"href":"https:\/\/jornalbeirario.com.br\/portal\/index.php?rest_route=%2Fwp%2Fv2%2Fmedia&parent=77823"}],"wp:term":[{"taxonomy":"category","embeddable":true,"href":"https:\/\/jornalbeirario.com.br\/portal\/index.php?rest_route=%2Fwp%2Fv2%2Fcategories&post=77823"},{"taxonomy":"post_tag","embeddable":true,"href":"https:\/\/jornalbeirario.com.br\/portal\/index.php?rest_route=%2Fwp%2Fv2%2Ftags&post=77823"}],"curies":[{"name":"wp","href":"https:\/\/api.w.org\/{rel}","templated":true}]}}