
{"id":7712,"date":"2013-04-09T16:05:05","date_gmt":"2013-04-09T16:05:05","guid":{"rendered":"http:\/\/jornalbeirario.com.br\/portal\/portal\/?p=7712"},"modified":"2013-04-09T16:05:05","modified_gmt":"2013-04-09T16:05:05","slug":"segundo-encontro-de-capacitacao-do-pnaic","status":"publish","type":"post","link":"https:\/\/jornalbeirario.com.br\/portal\/?p=7712","title":{"rendered":"Segundo encontro de capacita\u00e7\u00e3o do PNAIC"},"content":{"rendered":"<p style=\"text-align: justify;\">Acontece nesta quarta, quinta e sexta-feira (dias 10, 11 e 12), o segundo encontro de professores e orientadores pedag\u00f3gicos, dando continuidade ao Curso de Forma\u00e7\u00e3o do Pacto Nacional de Alfabetiza\u00e7\u00e3o na Idade Certa (PNAIC). A capacita\u00e7\u00e3o ser\u00e1 realizada no audit\u00f3rio da Associa\u00e7\u00e3o Educacional Dom Bosco, das 7h15 \u00e0s 17h15. <a href=\"https:\/\/jornalbeirario.com.br\/portal\/?p=6886\" target=\"_blank\">A primeira etapa do curso aconteceu no dia 19 de mar\u00e7o, na Escola Municipal Noel de Carvalho.<\/a><\/p>\n<figure id=\"attachment_7713\" aria-describedby=\"caption-attachment-7713\" style=\"width: 300px\" class=\"wp-caption alignleft\"><a href=\"https:\/\/jornalbeirario.com.br\/portal\/wp-content\/uploads\/2013\/04\/Cpnaic.jpg\"><img loading=\"lazy\" decoding=\"async\" class=\"size-medium wp-image-7713\" title=\"Cpnaic\" src=\"https:\/\/jornalbeirario.com.br\/portal\/wp-content\/uploads\/2013\/04\/Cpnaic-300x199.jpg\" alt=\"\" width=\"300\" height=\"199\" srcset=\"https:\/\/jornalbeirario.com.br\/portal\/wp-content\/uploads\/2013\/04\/Cpnaic-300x199.jpg 300w, https:\/\/jornalbeirario.com.br\/portal\/wp-content\/uploads\/2013\/04\/Cpnaic.jpg 640w\" sizes=\"auto, (max-width: 300px) 100vw, 300px\" \/><\/a><figcaption id=\"caption-attachment-7713\" class=\"wp-caption-text\">Foto: M\u00e1rcio Fabian<\/figcaption><\/figure>\n<p style=\"text-align: justify;\">Participar\u00e3o desta capacita\u00e7\u00e3o 180 profissionais de 24 munic\u00edpios do Sul do Estado que aderiram ao Pacto junto ao Minist\u00e9rio da Educa\u00e7\u00e3o (MEC). S\u00e3o professores e orientadores pedag\u00f3gicos alfabetizadores de turmas de 1\u00ba, 2\u00ba e 3\u00ba anos do ensino fundamental e de classes multisseriadas.<\/p>\n<p style=\"text-align: justify;\">O curso \u00e9 oferecido pelo MEC e ministrado por profissionais da Universidade Federal do Rio de Janeiro (UFRJ). No polo de Resende, um dos seis munic\u00edpios escolhidos para sediar os cursos do programa no Estado do Rio de Janeiro, participam as cidades de Volta Redonda, Barra Mansa, Porto Real, Quatis, Itatiaia, Angra dos Reis, Itagua\u00ed, Paraty, Mangaratiba, Serop\u00e9dica, Barra do Pira\u00ed, Comendador Levy Gasparian, Engenheiro Paulo de Frontin, Mendes, Miguel Pereira, Paty do Alferes, Para\u00edba do Sul, Pira\u00ed, Rio Claro, Rio das Flores, Tr\u00eas Rios, Valen\u00e7a e Vassouras.<\/p>\n<p style=\"text-align: justify;\">No segundo encontro, os orientadores participar\u00e3o de oito horas de forma\u00e7\u00e3o por dia. Entre as atividades propostas est\u00e3o reflex\u00f5es e discuss\u00f5es sobre o objetivo do curso, leituras de livros, leituras compartilhadas, elabora\u00e7\u00e3o de materiais sobre o conceito de alfabetiza\u00e7\u00e3o, entre outros assuntos.<\/p>\n<p style=\"text-align: justify;\">Fonte: Assessoria de comunica\u00e7\u00e3o (PMR)<\/p>\n","protected":false},"excerpt":{"rendered":"<p>Acontece nesta quarta, quinta e sexta-feira (dias 10, 11 e 12), o segundo encontro de professores e orientadores pedag\u00f3gicos, dando continuidade ao Curso de<\/p>\n","protected":false},"author":1,"featured_media":7713,"comment_status":"open","ping_status":"open","sticky":false,"template":"","format":"standard","meta":{"pmpro_default_level":"","footnotes":"","_members_access_role":[],"_members_access_error":""},"categories":[28],"tags":[155],"class_list":["post-7712","post","type-post","status-publish","format-standard","has-post-thumbnail","hentry","category-educacao","tag-dehoraemhora","pmpro-has-access"],"yoast_head":"<!-- This site is optimized with the Yoast SEO plugin v28.4 - https:\/\/yoast.com\/product\/yoast-seo-wordpress\/ -->\n<title>Segundo encontro de capacita\u00e7\u00e3o do PNAIC - JORNAL BEIRA RIO<\/title>\n<meta name=\"robots\" content=\"index, follow, max-snippet:-1, max-image-preview:large, max-video-preview:-1\" \/>\n<link rel=\"canonical\" href=\"https:\/\/jornalbeirario.com.br\/portal\/?p=7712\" \/>\n<meta property=\"og:locale\" content=\"pt_BR\" \/>\n<meta property=\"og:type\" content=\"article\" \/>\n<meta property=\"og:title\" content=\"Segundo encontro de capacita\u00e7\u00e3o do PNAIC - JORNAL BEIRA RIO\" \/>\n<meta property=\"og:description\" content=\"Acontece nesta quarta, quinta e sexta-feira (dias 10, 11 e 12), o segundo encontro de professores e orientadores pedag\u00f3gicos, dando continuidade ao Curso de\" \/>\n<meta property=\"og:url\" content=\"https:\/\/jornalbeirario.com.br\/portal\/?p=7712\" \/>\n<meta property=\"og:site_name\" content=\"JORNAL BEIRA RIO\" \/>\n<meta property=\"article:published_time\" content=\"2013-04-09T16:05:05+00:00\" \/>\n<meta property=\"og:image\" content=\"https:\/\/jornalbeirario.com.br\/portal\/wp-content\/uploads\/2013\/04\/Cpnaic.jpg\" \/>\n\t<meta property=\"og:image:width\" content=\"640\" \/>\n\t<meta property=\"og:image:height\" content=\"425\" \/>\n\t<meta property=\"og:image:type\" content=\"image\/jpeg\" \/>\n<meta name=\"author\" content=\"Jornal BEIRA-RIO\" \/>\n<meta name=\"twitter:card\" content=\"summary_large_image\" \/>\n<meta name=\"twitter:label1\" content=\"Escrito por\" \/>\n\t<meta name=\"twitter:data1\" content=\"Jornal BEIRA-RIO\" \/>\n\t<meta name=\"twitter:label2\" content=\"Est. tempo de leitura\" \/>\n\t<meta name=\"twitter:data2\" content=\"1 minuto\" \/>\n<script type=\"application\/ld+json\" class=\"yoast-schema-graph\">{\"@context\":\"https:\\\/\\\/schema.org\",\"@graph\":[{\"@type\":\"Article\",\"@id\":\"https:\\\/\\\/jornalbeirario.com.br\\\/portal\\\/?p=7712#article\",\"isPartOf\":{\"@id\":\"https:\\\/\\\/jornalbeirario.com.br\\\/portal\\\/?p=7712\"},\"author\":{\"name\":\"Jornal BEIRA-RIO\",\"@id\":\"https:\\\/\\\/jornalbeirario.com.br\\\/portal\\\/#\\\/schema\\\/person\\\/c6c423e4c2465d2a9233f6539173e7c1\"},\"headline\":\"Segundo encontro de capacita\u00e7\u00e3o do PNAIC\",\"datePublished\":\"2013-04-09T16:05:05+00:00\",\"mainEntityOfPage\":{\"@id\":\"https:\\\/\\\/jornalbeirario.com.br\\\/portal\\\/?p=7712\"},\"wordCount\":280,\"commentCount\":0,\"publisher\":{\"@id\":\"https:\\\/\\\/jornalbeirario.com.br\\\/portal\\\/#organization\"},\"image\":{\"@id\":\"https:\\\/\\\/jornalbeirario.com.br\\\/portal\\\/?p=7712#primaryimage\"},\"thumbnailUrl\":\"https:\\\/\\\/jornalbeirario.com.br\\\/portal\\\/wp-content\\\/uploads\\\/2013\\\/04\\\/Cpnaic.jpg\",\"keywords\":[\"dehoraemhora\"],\"articleSection\":[\"Educa\u00e7\u00e3o\"],\"inLanguage\":\"pt-BR\",\"potentialAction\":[{\"@type\":\"CommentAction\",\"name\":\"Comment\",\"target\":[\"https:\\\/\\\/jornalbeirario.com.br\\\/portal\\\/?p=7712#respond\"]}]},{\"@type\":\"WebPage\",\"@id\":\"https:\\\/\\\/jornalbeirario.com.br\\\/portal\\\/?p=7712\",\"url\":\"https:\\\/\\\/jornalbeirario.com.br\\\/portal\\\/?p=7712\",\"name\":\"Segundo encontro de capacita\u00e7\u00e3o do PNAIC - JORNAL BEIRA RIO\",\"isPartOf\":{\"@id\":\"https:\\\/\\\/jornalbeirario.com.br\\\/portal\\\/#website\"},\"primaryImageOfPage\":{\"@id\":\"https:\\\/\\\/jornalbeirario.com.br\\\/portal\\\/?p=7712#primaryimage\"},\"image\":{\"@id\":\"https:\\\/\\\/jornalbeirario.com.br\\\/portal\\\/?p=7712#primaryimage\"},\"thumbnailUrl\":\"https:\\\/\\\/jornalbeirario.com.br\\\/portal\\\/wp-content\\\/uploads\\\/2013\\\/04\\\/Cpnaic.jpg\",\"datePublished\":\"2013-04-09T16:05:05+00:00\",\"breadcrumb\":{\"@id\":\"https:\\\/\\\/jornalbeirario.com.br\\\/portal\\\/?p=7712#breadcrumb\"},\"inLanguage\":\"pt-BR\",\"potentialAction\":[{\"@type\":\"ReadAction\",\"target\":[\"https:\\\/\\\/jornalbeirario.com.br\\\/portal\\\/?p=7712\"]}]},{\"@type\":\"ImageObject\",\"inLanguage\":\"pt-BR\",\"@id\":\"https:\\\/\\\/jornalbeirario.com.br\\\/portal\\\/?p=7712#primaryimage\",\"url\":\"https:\\\/\\\/jornalbeirario.com.br\\\/portal\\\/wp-content\\\/uploads\\\/2013\\\/04\\\/Cpnaic.jpg\",\"contentUrl\":\"https:\\\/\\\/jornalbeirario.com.br\\\/portal\\\/wp-content\\\/uploads\\\/2013\\\/04\\\/Cpnaic.jpg\",\"width\":\"640\",\"height\":\"425\",\"caption\":\"Foto: M\u00e1rcio Fabian\"},{\"@type\":\"BreadcrumbList\",\"@id\":\"https:\\\/\\\/jornalbeirario.com.br\\\/portal\\\/?p=7712#breadcrumb\",\"itemListElement\":[{\"@type\":\"ListItem\",\"position\":1,\"name\":\"Home\",\"item\":\"https:\\\/\\\/jornalbeirario.com.br\\\/portal\"},{\"@type\":\"ListItem\",\"position\":2,\"name\":\"Segundo encontro de capacita\u00e7\u00e3o do PNAIC\"}]},{\"@type\":\"WebSite\",\"@id\":\"https:\\\/\\\/jornalbeirario.com.br\\\/portal\\\/#website\",\"url\":\"https:\\\/\\\/jornalbeirario.com.br\\\/portal\\\/\",\"name\":\"JORNAL BEIRA RIO\",\"description\":\"\",\"publisher\":{\"@id\":\"https:\\\/\\\/jornalbeirario.com.br\\\/portal\\\/#organization\"},\"potentialAction\":[{\"@type\":\"SearchAction\",\"target\":{\"@type\":\"EntryPoint\",\"urlTemplate\":\"https:\\\/\\\/jornalbeirario.com.br\\\/portal\\\/?s={search_term_string}\"},\"query-input\":{\"@type\":\"PropertyValueSpecification\",\"valueRequired\":true,\"valueName\":\"search_term_string\"}}],\"inLanguage\":\"pt-BR\"},{\"@type\":\"Organization\",\"@id\":\"https:\\\/\\\/jornalbeirario.com.br\\\/portal\\\/#organization\",\"name\":\"JORNAL BEIRA RIO\",\"url\":\"https:\\\/\\\/jornalbeirario.com.br\\\/portal\\\/\",\"logo\":{\"@type\":\"ImageObject\",\"inLanguage\":\"pt-BR\",\"@id\":\"https:\\\/\\\/jornalbeirario.com.br\\\/portal\\\/#\\\/schema\\\/logo\\\/image\\\/\",\"url\":\"https:\\\/\\\/jornalbeirario.com.br\\\/portal\\\/wp-content\\\/uploads\\\/2017\\\/09\\\/BEIRA-RIO_logo600.png\",\"contentUrl\":\"https:\\\/\\\/jornalbeirario.com.br\\\/portal\\\/wp-content\\\/uploads\\\/2017\\\/09\\\/BEIRA-RIO_logo600.png\",\"width\":650,\"height\":108,\"caption\":\"JORNAL BEIRA RIO\"},\"image\":{\"@id\":\"https:\\\/\\\/jornalbeirario.com.br\\\/portal\\\/#\\\/schema\\\/logo\\\/image\\\/\"}},{\"@type\":\"Person\",\"@id\":\"https:\\\/\\\/jornalbeirario.com.br\\\/portal\\\/#\\\/schema\\\/person\\\/c6c423e4c2465d2a9233f6539173e7c1\",\"name\":\"Jornal BEIRA-RIO\",\"image\":{\"@type\":\"ImageObject\",\"inLanguage\":\"pt-BR\",\"@id\":\"https:\\\/\\\/jornalbeirario.com.br\\\/portal\\\/wp-content\\\/uploads\\\/2023\\\/10\\\/logojbr1.jpg\",\"url\":\"https:\\\/\\\/jornalbeirario.com.br\\\/portal\\\/wp-content\\\/uploads\\\/2023\\\/10\\\/logojbr1.jpg\",\"contentUrl\":\"https:\\\/\\\/jornalbeirario.com.br\\\/portal\\\/wp-content\\\/uploads\\\/2023\\\/10\\\/logojbr1.jpg\",\"caption\":\"Jornal BEIRA-RIO\"},\"url\":\"https:\\\/\\\/jornalbeirario.com.br\\\/portal\\\/?author=1\"}]}<\/script>\n<!-- \/ Yoast SEO plugin. -->","yoast_head_json":{"title":"Segundo encontro de capacita\u00e7\u00e3o do PNAIC - JORNAL BEIRA RIO","robots":{"index":"index","follow":"follow","max-snippet":"max-snippet:-1","max-image-preview":"max-image-preview:large","max-video-preview":"max-video-preview:-1"},"canonical":"https:\/\/jornalbeirario.com.br\/portal\/?p=7712","og_locale":"pt_BR","og_type":"article","og_title":"Segundo encontro de capacita\u00e7\u00e3o do PNAIC - JORNAL BEIRA RIO","og_description":"Acontece nesta quarta, quinta e sexta-feira (dias 10, 11 e 12), o segundo encontro de professores e orientadores pedag\u00f3gicos, dando continuidade ao Curso de","og_url":"https:\/\/jornalbeirario.com.br\/portal\/?p=7712","og_site_name":"JORNAL BEIRA RIO","article_published_time":"2013-04-09T16:05:05+00:00","og_image":[{"width":640,"height":425,"url":"https:\/\/jornalbeirario.com.br\/portal\/wp-content\/uploads\/2013\/04\/Cpnaic.jpg","type":"image\/jpeg"}],"author":"Jornal BEIRA-RIO","twitter_card":"summary_large_image","twitter_misc":{"Escrito por":"Jornal BEIRA-RIO","Est. tempo de leitura":"1 minuto"},"schema":{"@context":"https:\/\/schema.org","@graph":[{"@type":"Article","@id":"https:\/\/jornalbeirario.com.br\/portal\/?p=7712#article","isPartOf":{"@id":"https:\/\/jornalbeirario.com.br\/portal\/?p=7712"},"author":{"name":"Jornal BEIRA-RIO","@id":"https:\/\/jornalbeirario.com.br\/portal\/#\/schema\/person\/c6c423e4c2465d2a9233f6539173e7c1"},"headline":"Segundo encontro de capacita\u00e7\u00e3o do PNAIC","datePublished":"2013-04-09T16:05:05+00:00","mainEntityOfPage":{"@id":"https:\/\/jornalbeirario.com.br\/portal\/?p=7712"},"wordCount":280,"commentCount":0,"publisher":{"@id":"https:\/\/jornalbeirario.com.br\/portal\/#organization"},"image":{"@id":"https:\/\/jornalbeirario.com.br\/portal\/?p=7712#primaryimage"},"thumbnailUrl":"https:\/\/jornalbeirario.com.br\/portal\/wp-content\/uploads\/2013\/04\/Cpnaic.jpg","keywords":["dehoraemhora"],"articleSection":["Educa\u00e7\u00e3o"],"inLanguage":"pt-BR","potentialAction":[{"@type":"CommentAction","name":"Comment","target":["https:\/\/jornalbeirario.com.br\/portal\/?p=7712#respond"]}]},{"@type":"WebPage","@id":"https:\/\/jornalbeirario.com.br\/portal\/?p=7712","url":"https:\/\/jornalbeirario.com.br\/portal\/?p=7712","name":"Segundo encontro de capacita\u00e7\u00e3o do PNAIC - JORNAL BEIRA RIO","isPartOf":{"@id":"https:\/\/jornalbeirario.com.br\/portal\/#website"},"primaryImageOfPage":{"@id":"https:\/\/jornalbeirario.com.br\/portal\/?p=7712#primaryimage"},"image":{"@id":"https:\/\/jornalbeirario.com.br\/portal\/?p=7712#primaryimage"},"thumbnailUrl":"https:\/\/jornalbeirario.com.br\/portal\/wp-content\/uploads\/2013\/04\/Cpnaic.jpg","datePublished":"2013-04-09T16:05:05+00:00","breadcrumb":{"@id":"https:\/\/jornalbeirario.com.br\/portal\/?p=7712#breadcrumb"},"inLanguage":"pt-BR","potentialAction":[{"@type":"ReadAction","target":["https:\/\/jornalbeirario.com.br\/portal\/?p=7712"]}]},{"@type":"ImageObject","inLanguage":"pt-BR","@id":"https:\/\/jornalbeirario.com.br\/portal\/?p=7712#primaryimage","url":"https:\/\/jornalbeirario.com.br\/portal\/wp-content\/uploads\/2013\/04\/Cpnaic.jpg","contentUrl":"https:\/\/jornalbeirario.com.br\/portal\/wp-content\/uploads\/2013\/04\/Cpnaic.jpg","width":"640","height":"425","caption":"Foto: M\u00e1rcio Fabian"},{"@type":"BreadcrumbList","@id":"https:\/\/jornalbeirario.com.br\/portal\/?p=7712#breadcrumb","itemListElement":[{"@type":"ListItem","position":1,"name":"Home","item":"https:\/\/jornalbeirario.com.br\/portal"},{"@type":"ListItem","position":2,"name":"Segundo encontro de capacita\u00e7\u00e3o do PNAIC"}]},{"@type":"WebSite","@id":"https:\/\/jornalbeirario.com.br\/portal\/#website","url":"https:\/\/jornalbeirario.com.br\/portal\/","name":"JORNAL BEIRA RIO","description":"","publisher":{"@id":"https:\/\/jornalbeirario.com.br\/portal\/#organization"},"potentialAction":[{"@type":"SearchAction","target":{"@type":"EntryPoint","urlTemplate":"https:\/\/jornalbeirario.com.br\/portal\/?s={search_term_string}"},"query-input":{"@type":"PropertyValueSpecification","valueRequired":true,"valueName":"search_term_string"}}],"inLanguage":"pt-BR"},{"@type":"Organization","@id":"https:\/\/jornalbeirario.com.br\/portal\/#organization","name":"JORNAL BEIRA RIO","url":"https:\/\/jornalbeirario.com.br\/portal\/","logo":{"@type":"ImageObject","inLanguage":"pt-BR","@id":"https:\/\/jornalbeirario.com.br\/portal\/#\/schema\/logo\/image\/","url":"https:\/\/jornalbeirario.com.br\/portal\/wp-content\/uploads\/2017\/09\/BEIRA-RIO_logo600.png","contentUrl":"https:\/\/jornalbeirario.com.br\/portal\/wp-content\/uploads\/2017\/09\/BEIRA-RIO_logo600.png","width":650,"height":108,"caption":"JORNAL BEIRA RIO"},"image":{"@id":"https:\/\/jornalbeirario.com.br\/portal\/#\/schema\/logo\/image\/"}},{"@type":"Person","@id":"https:\/\/jornalbeirario.com.br\/portal\/#\/schema\/person\/c6c423e4c2465d2a9233f6539173e7c1","name":"Jornal BEIRA-RIO","image":{"@type":"ImageObject","inLanguage":"pt-BR","@id":"https:\/\/jornalbeirario.com.br\/portal\/wp-content\/uploads\/2023\/10\/logojbr1.jpg","url":"https:\/\/jornalbeirario.com.br\/portal\/wp-content\/uploads\/2023\/10\/logojbr1.jpg","contentUrl":"https:\/\/jornalbeirario.com.br\/portal\/wp-content\/uploads\/2023\/10\/logojbr1.jpg","caption":"Jornal BEIRA-RIO"},"url":"https:\/\/jornalbeirario.com.br\/portal\/?author=1"}]}},"_links":{"self":[{"href":"https:\/\/jornalbeirario.com.br\/portal\/index.php?rest_route=\/wp\/v2\/posts\/7712","targetHints":{"allow":["GET"]}}],"collection":[{"href":"https:\/\/jornalbeirario.com.br\/portal\/index.php?rest_route=\/wp\/v2\/posts"}],"about":[{"href":"https:\/\/jornalbeirario.com.br\/portal\/index.php?rest_route=\/wp\/v2\/types\/post"}],"author":[{"embeddable":true,"href":"https:\/\/jornalbeirario.com.br\/portal\/index.php?rest_route=\/wp\/v2\/users\/1"}],"replies":[{"embeddable":true,"href":"https:\/\/jornalbeirario.com.br\/portal\/index.php?rest_route=%2Fwp%2Fv2%2Fcomments&post=7712"}],"version-history":[{"count":2,"href":"https:\/\/jornalbeirario.com.br\/portal\/index.php?rest_route=\/wp\/v2\/posts\/7712\/revisions"}],"predecessor-version":[{"id":7715,"href":"https:\/\/jornalbeirario.com.br\/portal\/index.php?rest_route=\/wp\/v2\/posts\/7712\/revisions\/7715"}],"wp:featuredmedia":[{"embeddable":true,"href":"https:\/\/jornalbeirario.com.br\/portal\/index.php?rest_route=\/wp\/v2\/media\/7713"}],"wp:attachment":[{"href":"https:\/\/jornalbeirario.com.br\/portal\/index.php?rest_route=%2Fwp%2Fv2%2Fmedia&parent=7712"}],"wp:term":[{"taxonomy":"category","embeddable":true,"href":"https:\/\/jornalbeirario.com.br\/portal\/index.php?rest_route=%2Fwp%2Fv2%2Fcategories&post=7712"},{"taxonomy":"post_tag","embeddable":true,"href":"https:\/\/jornalbeirario.com.br\/portal\/index.php?rest_route=%2Fwp%2Fv2%2Ftags&post=7712"}],"curies":[{"name":"wp","href":"https:\/\/api.w.org\/{rel}","templated":true}]}}